{"id":12896,"date":"2024-08-31T20:48:02","date_gmt":"2024-08-31T18:48:02","guid":{"rendered":"https:\/\/footdavant.fr\/actualites\/tj-mcconnell-signe-une-prolongation-de-contrat-de-quatre-ans-et-45-millions-de-dollars-avec-les-pacers\/"},"modified":"2024-08-31T20:48:03","modified_gmt":"2024-08-31T18:48:03","slug":"tj-mcconnell-signe-une-prolongation-de-contrat-de-quatre-ans-et-45-millions-de-dollars-avec-les-pacers","status":"publish","type":"post","link":"https:\/\/footdavant.fr\/actualites\/tj-mcconnell-signe-une-prolongation-de-contrat-de-quatre-ans-et-45-millions-de-dollars-avec-les-pacers\/","title":{"rendered":"TJ McConnell signe une prolongation de contrat de quatre ans et 45 millions de dollars avec les Pacers"},"content":{"rendered":"<div>\n<p>Malgr\u00e9 la d\u00e9faite en finale, les Pacers ont connu une saison impressionnante. La saison 2023-24 a \u00e9t\u00e9 un record personnel pour le meneur v\u00e9t\u00e9ran TJ McConnell. Sa campagne 2024-25 sera sa 10e saison professionnelle et sa sixi\u00e8me avec Indiana. Aujourd&#39;hui, Adrian Wojnarowski d&#39;ESPN a rapport\u00e9 que les Pacers ont sign\u00e9 une prolongation de contrat de quatre ans d&#39;une valeur de 45 millions de dollars avec McConnell. Un contrat bien m\u00e9rit\u00e9 pour le joueur de 32 ans.<\/p>\n<h2>TJ McConnell signe une prolongation \u00e0 long terme avec les Pacers<\/h2>\n<blockquote class=\"twitter-tweet\">\n<p dir=\"ltr\" lang=\"en\">Le gardien des Indiana Pacers TJ McConnell a accept\u00e9 une prolongation de quatre ans et 45 millions de dollars, Mark Bartelstein et Andy Shiffman de <a rel=\"nofollow\" href=\"https:\/\/twitter.com\/PrioritySports?ref_src=twsrc%5Etfw\">@PrioritySports<\/a> Dites-le \u00e0 ESPN. Cet accord porte la valeur totale du contrat de McConnell \u00e0 54 millions de dollars sur cinq ans. <a rel=\"nofollow\" href=\"https:\/\/t.co\/knBuakvOzt\">pic.twitter.com\/knBuakvOzt<\/a><\/p>\n<p>\u2014 Adrian Wojnarowski (@wojespn) <a rel=\"nofollow\" href=\"https:\/\/twitter.com\/wojespn\/status\/1829565813692502139?ref_src=twsrc%5Etfw\">30 ao\u00fbt 2024<\/a><\/p>\n<\/blockquote>\n<p>Lors de la draft NBA 2015, TJ McConnell, de l&#39;Arizona, n&#39;a pas \u00e9t\u00e9 s\u00e9lectionn\u00e9 mais a finalement sign\u00e9 avec les Philadelphia 76ers. McConnell a jou\u00e9 les quatre premi\u00e8res saisons de sa carri\u00e8re avec Philly. Il a disput\u00e9 314 matchs pour les Sixers et a \u00e9t\u00e9 titulaire \u00e0 72 reprises. Avec Philadelphie, McConnell a obtenu en moyenne (6,4) points, (2,9) rebonds, (4,7) passes d\u00e9cisives et (1,3) interceptions par match. Apr\u00e8s quatre ans avec les Sixers, McConnell a sign\u00e9 avec les Pacers. C&#39;est l\u00e0 qu&#39;il a jou\u00e9 ses cinq derni\u00e8res saisons. Le meneur de jeu avis\u00e9 a r\u00e9alis\u00e9 la meilleure saison offensive de sa carri\u00e8re pour Indiana en 2023-24.<\/p>\n<p>Ses 10,2 points par match ont \u00e9t\u00e9 les meilleurs de sa carri\u00e8re. De plus, ses 11,8 points par match lors des playoffs 2024 ont \u00e9t\u00e9 un sommet en carri\u00e8re pour McConnell. Il a \u00e9t\u00e9 une \u00e9tincelle offensive en tant que rempla\u00e7ant pour les Pacers toute la saison. Outre la saison 2016-17, McConnell a \u00e9t\u00e9 meneur rempla\u00e7ant pendant la majeure partie de son temps en NBA. Il est satisfait de ce r\u00f4le et il y excelle. Tyrese Haliburton est un meneur All-Star et TJ McConnell est un joueur compl\u00e9mentaire qui sort du banc. Apr\u00e8s sa solide campagne 2023-24, les Pacers accordent \u00e0 McConnell une prolongation de contrat de quatre ans et 45 millions de dollars.<\/p>\n<\/p><\/div>\n<p><script async src=\"https:\/\/platform.twitter.com\/widgets.js\" charset=\"utf-8\"><\/script><\/p>\n","protected":false},"excerpt":{"rendered":"<p>Malgr\u00e9 la d\u00e9faite en finale, les Pacers ont connu une saison impressionnante. La saison 2023-24 a \u00e9t\u00e9 un record personnel pour le meneur v\u00e9t\u00e9ran TJ<\/p>\n","protected":false},"author":1,"featured_media":12897,"comment_status":"closed","ping_status":"","sticky":false,"template":"","format":"standard","meta":{"footnotes":""},"categories":[3],"tags":[209,91,1218,2675,93,6263,114,3597,1613,373,515,92],"yoast_head":"<!-- This site is optimized with the Yoast SEO plugin v21.0 - https:\/\/yoast.com\/wordpress\/plugins\/seo\/ -->\n<title>TJ McConnell signe une prolongation de contrat de quatre ans et 45 millions de dollars avec les Pacers<\/title>\n<meta name=\"robots\" content=\"index, follow, max-snippet:-1, max-image-preview:large, max-video-preview:-1\" \/>\n<link rel=\"canonical\" href=\"https:\/\/footdavant.fr\/actualites\/tj-mcconnell-signe-une-prolongation-de-contrat-de-quatre-ans-et-45-millions-de-dollars-avec-les-pacers\/\" \/>\n<meta property=\"og:locale\" content=\"fr_FR\" \/>\n<meta property=\"og:type\" content=\"article\" \/>\n<meta property=\"og:title\" content=\"TJ McConnell signe une prolongation de contrat de quatre ans et 45 millions de dollars avec les Pacers\" \/>\n<meta property=\"og:description\" content=\"Malgr\u00e9 la d\u00e9faite en finale, les Pacers ont connu une saison impressionnante. La saison 2023-24 a \u00e9t\u00e9 un record personnel pour le meneur v\u00e9t\u00e9ran TJ\" \/>\n<meta property=\"og:url\" content=\"https:\/\/footdavant.fr\/actualites\/tj-mcconnell-signe-une-prolongation-de-contrat-de-quatre-ans-et-45-millions-de-dollars-avec-les-pacers\/\" \/>\n<meta property=\"og:site_name\" content=\"Foot d&#039;avant\" \/>\n<meta property=\"article:publisher\" content=\"https:\/\/www.facebook.com\/Footdavant\/\" \/>\n<meta property=\"article:published_time\" content=\"2024-08-31T18:48:02+00:00\" \/>\n<meta property=\"article:modified_time\" content=\"2024-08-31T18:48:03+00:00\" \/>\n<meta property=\"og:image\" content=\"https:\/\/footdavant.fr\/actualites\/wp-content\/uploads\/2024\/08\/TJ-McConnell-signe-une-prolongation-de-contrat-de-quatre-ans.jpg\" \/>\n\t<meta property=\"og:image:width\" content=\"696\" \/>\n\t<meta property=\"og:image:height\" content=\"464\" \/>\n\t<meta property=\"og:image:type\" content=\"image\/jpeg\" \/>\n<meta name=\"author\" content=\"Cl\u00e9ment\" \/>\n<meta name=\"twitter:card\" content=\"summary_large_image\" \/>\n<meta name=\"twitter:creator\" content=\"@FootdavantFr\" \/>\n<meta name=\"twitter:site\" content=\"@FootdavantFr\" \/>\n<meta name=\"twitter:label1\" content=\"\u00c9crit par\" \/>\n\t<meta name=\"twitter:data1\" content=\"Cl\u00e9ment\" \/>\n\t<meta name=\"twitter:label2\" content=\"Dur\u00e9e de lecture estim\u00e9e\" \/>\n\t<meta name=\"twitter:data2\" content=\"2 minutes\" \/>\n<script type=\"application\/ld+json\" class=\"yoast-schema-graph\">{\"@context\":\"https:\/\/schema.org\",\"@graph\":[{\"@type\":\"Article\",\"@id\":\"https:\/\/footdavant.fr\/actualites\/tj-mcconnell-signe-une-prolongation-de-contrat-de-quatre-ans-et-45-millions-de-dollars-avec-les-pacers\/#article\",\"isPartOf\":{\"@id\":\"https:\/\/footdavant.fr\/actualites\/tj-mcconnell-signe-une-prolongation-de-contrat-de-quatre-ans-et-45-millions-de-dollars-avec-les-pacers\/\"},\"author\":{\"name\":\"Cl\u00e9ment\",\"@id\":\"https:\/\/footdavant.fr\/actualites\/#\/schema\/person\/bc222566d95871b37e597b3ed3ba5e1d\"},\"headline\":\"TJ McConnell signe une prolongation de contrat de quatre ans et 45 millions de dollars avec les Pacers\",\"datePublished\":\"2024-08-31T18:48:02+00:00\",\"dateModified\":\"2024-08-31T18:48:03+00:00\",\"mainEntityOfPage\":{\"@id\":\"https:\/\/footdavant.fr\/actualites\/tj-mcconnell-signe-une-prolongation-de-contrat-de-quatre-ans-et-45-millions-de-dollars-avec-les-pacers\/\"},\"wordCount\":388,\"publisher\":{\"@id\":\"https:\/\/footdavant.fr\/actualites\/#organization\"},\"keywords\":[\"ans\",\"avec\",\"contrat\",\"dollars\",\"les\",\"McConnell\",\"millions\",\"Pacers\",\"prolongation\",\"quatre\",\"signe\",\"une\"],\"articleSection\":[\"Football\"],\"inLanguage\":\"fr-FR\"},{\"@type\":\"WebPage\",\"@id\":\"https:\/\/footdavant.fr\/actualites\/tj-mcconnell-signe-une-prolongation-de-contrat-de-quatre-ans-et-45-millions-de-dollars-avec-les-pacers\/\",\"url\":\"https:\/\/footdavant.fr\/actualites\/tj-mcconnell-signe-une-prolongation-de-contrat-de-quatre-ans-et-45-millions-de-dollars-avec-les-pacers\/\",\"name\":\"TJ McConnell signe une prolongation de contrat de quatre ans et 45 millions de dollars avec les Pacers\",\"isPartOf\":{\"@id\":\"https:\/\/footdavant.fr\/actualites\/#website\"},\"datePublished\":\"2024-08-31T18:48:02+00:00\",\"dateModified\":\"2024-08-31T18:48:03+00:00\",\"breadcrumb\":{\"@id\":\"https:\/\/footdavant.fr\/actualites\/tj-mcconnell-signe-une-prolongation-de-contrat-de-quatre-ans-et-45-millions-de-dollars-avec-les-pacers\/#breadcrumb\"},\"inLanguage\":\"fr-FR\",\"potentialAction\":[{\"@type\":\"ReadAction\",\"target\":[\"https:\/\/footdavant.fr\/actualites\/tj-mcconnell-signe-une-prolongation-de-contrat-de-quatre-ans-et-45-millions-de-dollars-avec-les-pacers\/\"]}]},{\"@type\":\"BreadcrumbList\",\"@id\":\"https:\/\/footdavant.fr\/actualites\/tj-mcconnell-signe-une-prolongation-de-contrat-de-quatre-ans-et-45-millions-de-dollars-avec-les-pacers\/#breadcrumb\",\"itemListElement\":[{\"@type\":\"ListItem\",\"position\":1,\"name\":\"Accueil\",\"item\":\"https:\/\/footdavant.fr\/actualites\/\"},{\"@type\":\"ListItem\",\"position\":2,\"name\":\"TJ McConnell signe une prolongation de contrat de quatre ans et 45 millions de dollars avec les Pacers\"}]},{\"@type\":\"WebSite\",\"@id\":\"https:\/\/footdavant.fr\/actualites\/#website\",\"url\":\"https:\/\/footdavant.fr\/actualites\/\",\"name\":\"Foot d'avant\",\"description\":\"\",\"publisher\":{\"@id\":\"https:\/\/footdavant.fr\/actualites\/#organization\"},\"potentialAction\":[{\"@type\":\"SearchAction\",\"target\":{\"@type\":\"EntryPoint\",\"urlTemplate\":\"https:\/\/footdavant.fr\/actualites\/?s={search_term_string}\"},\"query-input\":\"required name=search_term_string\"}],\"inLanguage\":\"fr-FR\"},{\"@type\":\"Organization\",\"@id\":\"https:\/\/footdavant.fr\/actualites\/#organization\",\"name\":\"Foot d'avant\",\"url\":\"https:\/\/footdavant.fr\/actualites\/\",\"logo\":{\"@type\":\"ImageObject\",\"inLanguage\":\"fr-FR\",\"@id\":\"https:\/\/footdavant.fr\/actualites\/#\/schema\/logo\/image\/\",\"url\":\"https:\/\/footdavant.fr\/actualites\/wp-content\/uploads\/2023\/09\/Copy-of-FootDavant-Logo.png\",\"contentUrl\":\"https:\/\/footdavant.fr\/actualites\/wp-content\/uploads\/2023\/09\/Copy-of-FootDavant-Logo.png\",\"width\":936,\"height\":549,\"caption\":\"Foot d'avant\"},\"image\":{\"@id\":\"https:\/\/footdavant.fr\/actualites\/#\/schema\/logo\/image\/\"},\"sameAs\":[\"https:\/\/www.facebook.com\/Footdavant\/\",\"https:\/\/twitter.com\/FootdavantFr\",\"https:\/\/www.instagram.com\/footdavant.fr\/\"]},{\"@type\":\"Person\",\"@id\":\"https:\/\/footdavant.fr\/actualites\/#\/schema\/person\/bc222566d95871b37e597b3ed3ba5e1d\",\"name\":\"Cl\u00e9ment\",\"image\":{\"@type\":\"ImageObject\",\"inLanguage\":\"fr-FR\",\"@id\":\"https:\/\/footdavant.fr\/actualites\/#\/schema\/person\/image\/\",\"url\":\"https:\/\/secure.gravatar.com\/avatar\/7728b29aac2719421e1a9159b2254c44?s=96&d=mm&r=g\",\"contentUrl\":\"https:\/\/secure.gravatar.com\/avatar\/7728b29aac2719421e1a9159b2254c44?s=96&d=mm&r=g\",\"caption\":\"Cl\u00e9ment\"},\"sameAs\":[\"https:\/\/footdavant.fr\/\"]}]}<\/script>\n<!-- \/ Yoast SEO plugin. -->","yoast_head_json":{"title":"TJ McConnell signe une prolongation de contrat de quatre ans et 45 millions de dollars avec les Pacers","robots":{"index":"index","follow":"follow","max-snippet":"max-snippet:-1","max-image-preview":"max-image-preview:large","max-video-preview":"max-video-preview:-1"},"canonical":"https:\/\/footdavant.fr\/actualites\/tj-mcconnell-signe-une-prolongation-de-contrat-de-quatre-ans-et-45-millions-de-dollars-avec-les-pacers\/","og_locale":"fr_FR","og_type":"article","og_title":"TJ McConnell signe une prolongation de contrat de quatre ans et 45 millions de dollars avec les Pacers","og_description":"Malgr\u00e9 la d\u00e9faite en finale, les Pacers ont connu une saison impressionnante. La saison 2023-24 a \u00e9t\u00e9 un record personnel pour le meneur v\u00e9t\u00e9ran TJ","og_url":"https:\/\/footdavant.fr\/actualites\/tj-mcconnell-signe-une-prolongation-de-contrat-de-quatre-ans-et-45-millions-de-dollars-avec-les-pacers\/","og_site_name":"Foot d&#039;avant","article_publisher":"https:\/\/www.facebook.com\/Footdavant\/","article_published_time":"2024-08-31T18:48:02+00:00","article_modified_time":"2024-08-31T18:48:03+00:00","og_image":[{"width":696,"height":464,"url":"https:\/\/footdavant.fr\/actualites\/wp-content\/uploads\/2024\/08\/TJ-McConnell-signe-une-prolongation-de-contrat-de-quatre-ans.jpg","type":"image\/jpeg"}],"author":"Cl\u00e9ment","twitter_card":"summary_large_image","twitter_creator":"@FootdavantFr","twitter_site":"@FootdavantFr","twitter_misc":{"\u00c9crit par":"Cl\u00e9ment","Dur\u00e9e de lecture estim\u00e9e":"2 minutes"},"schema":{"@context":"https:\/\/schema.org","@graph":[{"@type":"Article","@id":"https:\/\/footdavant.fr\/actualites\/tj-mcconnell-signe-une-prolongation-de-contrat-de-quatre-ans-et-45-millions-de-dollars-avec-les-pacers\/#article","isPartOf":{"@id":"https:\/\/footdavant.fr\/actualites\/tj-mcconnell-signe-une-prolongation-de-contrat-de-quatre-ans-et-45-millions-de-dollars-avec-les-pacers\/"},"author":{"name":"Cl\u00e9ment","@id":"https:\/\/footdavant.fr\/actualites\/#\/schema\/person\/bc222566d95871b37e597b3ed3ba5e1d"},"headline":"TJ McConnell signe une prolongation de contrat de quatre ans et 45 millions de dollars avec les Pacers","datePublished":"2024-08-31T18:48:02+00:00","dateModified":"2024-08-31T18:48:03+00:00","mainEntityOfPage":{"@id":"https:\/\/footdavant.fr\/actualites\/tj-mcconnell-signe-une-prolongation-de-contrat-de-quatre-ans-et-45-millions-de-dollars-avec-les-pacers\/"},"wordCount":388,"publisher":{"@id":"https:\/\/footdavant.fr\/actualites\/#organization"},"keywords":["ans","avec","contrat","dollars","les","McConnell","millions","Pacers","prolongation","quatre","signe","une"],"articleSection":["Football"],"inLanguage":"fr-FR"},{"@type":"WebPage","@id":"https:\/\/footdavant.fr\/actualites\/tj-mcconnell-signe-une-prolongation-de-contrat-de-quatre-ans-et-45-millions-de-dollars-avec-les-pacers\/","url":"https:\/\/footdavant.fr\/actualites\/tj-mcconnell-signe-une-prolongation-de-contrat-de-quatre-ans-et-45-millions-de-dollars-avec-les-pacers\/","name":"TJ McConnell signe une prolongation de contrat de quatre ans et 45 millions de dollars avec les Pacers","isPartOf":{"@id":"https:\/\/footdavant.fr\/actualites\/#website"},"datePublished":"2024-08-31T18:48:02+00:00","dateModified":"2024-08-31T18:48:03+00:00","breadcrumb":{"@id":"https:\/\/footdavant.fr\/actualites\/tj-mcconnell-signe-une-prolongation-de-contrat-de-quatre-ans-et-45-millions-de-dollars-avec-les-pacers\/#breadcrumb"},"inLanguage":"fr-FR","potentialAction":[{"@type":"ReadAction","target":["https:\/\/footdavant.fr\/actualites\/tj-mcconnell-signe-une-prolongation-de-contrat-de-quatre-ans-et-45-millions-de-dollars-avec-les-pacers\/"]}]},{"@type":"BreadcrumbList","@id":"https:\/\/footdavant.fr\/actualites\/tj-mcconnell-signe-une-prolongation-de-contrat-de-quatre-ans-et-45-millions-de-dollars-avec-les-pacers\/#breadcrumb","itemListElement":[{"@type":"ListItem","position":1,"name":"Accueil","item":"https:\/\/footdavant.fr\/actualites\/"},{"@type":"ListItem","position":2,"name":"TJ McConnell signe une prolongation de contrat de quatre ans et 45 millions de dollars avec les Pacers"}]},{"@type":"WebSite","@id":"https:\/\/footdavant.fr\/actualites\/#website","url":"https:\/\/footdavant.fr\/actualites\/","name":"Foot d'avant","description":"","publisher":{"@id":"https:\/\/footdavant.fr\/actualites\/#organization"},"potentialAction":[{"@type":"SearchAction","target":{"@type":"EntryPoint","urlTemplate":"https:\/\/footdavant.fr\/actualites\/?s={search_term_string}"},"query-input":"required name=search_term_string"}],"inLanguage":"fr-FR"},{"@type":"Organization","@id":"https:\/\/footdavant.fr\/actualites\/#organization","name":"Foot d'avant","url":"https:\/\/footdavant.fr\/actualites\/","logo":{"@type":"ImageObject","inLanguage":"fr-FR","@id":"https:\/\/footdavant.fr\/actualites\/#\/schema\/logo\/image\/","url":"https:\/\/footdavant.fr\/actualites\/wp-content\/uploads\/2023\/09\/Copy-of-FootDavant-Logo.png","contentUrl":"https:\/\/footdavant.fr\/actualites\/wp-content\/uploads\/2023\/09\/Copy-of-FootDavant-Logo.png","width":936,"height":549,"caption":"Foot d'avant"},"image":{"@id":"https:\/\/footdavant.fr\/actualites\/#\/schema\/logo\/image\/"},"sameAs":["https:\/\/www.facebook.com\/Footdavant\/","https:\/\/twitter.com\/FootdavantFr","https:\/\/www.instagram.com\/footdavant.fr\/"]},{"@type":"Person","@id":"https:\/\/footdavant.fr\/actualites\/#\/schema\/person\/bc222566d95871b37e597b3ed3ba5e1d","name":"Cl\u00e9ment","image":{"@type":"ImageObject","inLanguage":"fr-FR","@id":"https:\/\/footdavant.fr\/actualites\/#\/schema\/person\/image\/","url":"https:\/\/secure.gravatar.com\/avatar\/7728b29aac2719421e1a9159b2254c44?s=96&d=mm&r=g","contentUrl":"https:\/\/secure.gravatar.com\/avatar\/7728b29aac2719421e1a9159b2254c44?s=96&d=mm&r=g","caption":"Cl\u00e9ment"},"sameAs":["https:\/\/footdavant.fr\/"]}]}},"_links":{"self":[{"href":"https:\/\/footdavant.fr\/actualites\/wp-json\/wp\/v2\/posts\/12896"}],"collection":[{"href":"https:\/\/footdavant.fr\/actualites\/wp-json\/wp\/v2\/posts"}],"about":[{"href":"https:\/\/footdavant.fr\/actualites\/wp-json\/wp\/v2\/types\/post"}],"author":[{"embeddable":true,"href":"https:\/\/footdavant.fr\/actualites\/wp-json\/wp\/v2\/users\/1"}],"replies":[{"embeddable":true,"href":"https:\/\/footdavant.fr\/actualites\/wp-json\/wp\/v2\/comments?post=12896"}],"version-history":[{"count":1,"href":"https:\/\/footdavant.fr\/actualites\/wp-json\/wp\/v2\/posts\/12896\/revisions"}],"predecessor-version":[{"id":12898,"href":"https:\/\/footdavant.fr\/actualites\/wp-json\/wp\/v2\/posts\/12896\/revisions\/12898"}],"wp:featuredmedia":[{"embeddable":true,"href":"https:\/\/footdavant.fr\/actualites\/wp-json\/wp\/v2\/media\/12897"}],"wp:attachment":[{"href":"https:\/\/footdavant.fr\/actualites\/wp-json\/wp\/v2\/media?parent=12896"}],"wp:term":[{"taxonomy":"category","embeddable":true,"href":"https:\/\/footdavant.fr\/actualites\/wp-json\/wp\/v2\/categories?post=12896"},{"taxonomy":"post_tag","embeddable":true,"href":"https:\/\/footdavant.fr\/actualites\/wp-json\/wp\/v2\/tags?post=12896"}],"curies":[{"name":"wp","href":"https:\/\/api.w.org\/{rel}","templated":true}]}}