{"id":12914,"date":"2024-09-01T08:49:57","date_gmt":"2024-09-01T06:49:57","guid":{"rendered":"https:\/\/footdavant.fr\/actualites\/ramdale-est-un-saint-vieira-sen-va-et-ensuite\/"},"modified":"2024-09-01T08:49:58","modified_gmt":"2024-09-01T06:49:58","slug":"ramdale-est-un-saint-vieira-sen-va-et-ensuite","status":"publish","type":"post","link":"https:\/\/footdavant.fr\/actualites\/ramdale-est-un-saint-vieira-sen-va-et-ensuite\/","title":{"rendered":"Ramdale est un saint, Vieira s&#39;en va, et ensuite ?!"},"content":{"rendered":"<div>\n<p>Bonjour \u00e0 tous.<\/p>\n<p>Les d\u00e9parts continuent avec la nouvelle tomb\u00e9e hier soir selon laquelle Southampton et Arsenal ont trouv\u00e9 un accord pour le transfert permanent d&#39;Aaron Ramsdale. L&#39;accord est d&#39;une valeur de 25 millions de livres sterling, y compris les bonus, avec une partie initiale du paiement d&#39;un peu moins de 20 millions de livres sterling.<\/p>\n<p>C&#39;est un peu moins que ce qu&#39;Arsenal recherchait au d\u00e9but de la p\u00e9riode des transferts, mais plus on se rapproche de la date limite, plus il faut faire des compromis. C&#39;est toujours un montant assez d\u00e9cent pour un joueur dont la valeur a chut\u00e9 au cours des 12 derniers mois. Revenons en mai dernier, quand Arsenal a remis \u00e0 Ramsdale un nouveau contrat, et Mikel Arteta a d\u00e9clar\u00e9 :<\/p>\n<blockquote>\n<p>Nous sommes tous tr\u00e8s heureux qu&#39;Aaron ait sign\u00e9 un nouveau contrat. La fa\u00e7on dont Aaron s&#39;est d\u00e9velopp\u00e9 au cours des deux derni\u00e8res ann\u00e9es a \u00e9t\u00e9 exceptionnelle, avec ses performances, sa contribution et son adaptation globale au club. Nous avons tous h\u00e2te de profiter encore de nombreuses ann\u00e9es d&#39;Aaron en tant que joueur et en tant que personne au sein du club de football.<\/p>\n<\/blockquote>\n<p>Quelques mois plus tard, nous avons sign\u00e9 David Raya de Brentford. Depuis, tout \u00e9tait d\u00e9j\u00e0 clair pour Aaron. Peut-\u00eatre que c&#39;\u00e9tait un peu flou au d\u00e9but, mais au fil du temps et \u00e0 mesure que Raya s&#39;est impos\u00e9 comme le premier choix, il est devenu \u00e9vident que pour jouer r\u00e9guli\u00e8rement, il devait partir. Il est bien trop bon pour jouer en second plan, m\u00eame dans un club comme Arsenal, mais la question \u00e9tait toujours de savoir o\u00f9 il finirait.<\/p>\n<p>Il y a eu un lien avec l&#39;Ajax, des rumeurs sur les Wolves, mais au final, ce sera un retour sur la c\u00f4te sud et un gros d\u00e9fi pour aider Southampton \u00e0 \u00e9viter la rel\u00e9gation apr\u00e8s son retour en Premier League. C&#39;est le genre d&#39;environnement qui pourrait lui convenir, car je pense &#8211; en me basant sur le petit \u00e9chantillon dont nous disposons jusqu&#39;\u00e0 pr\u00e9sent cette saison &#8211; qu&#39;il va \u00eatre un gar\u00e7on occup\u00e9. Lors de leur dernier match, par exemple, Nottingham Forest a eu 23 tirs, et bien que leurs deux d\u00e9faites aient \u00e9t\u00e9 de justesse, ils n&#39;ont aucun point. C&#39;est t\u00f4t, bien s\u00fbr, mais ce sera une saison longue et \u00e9puisante pour les Saints.<\/p>\n<p>J&#39;esp\u00e8re vraiment que tout se passera bien pour lui. Comme la plupart des joueurs, il avait ses d\u00e9fauts, mais en tant que personnage, il \u00e9tait exactement ce dont Arsenal avait besoin au moment o\u00f9 nous l&#39;avons recrut\u00e9. Il a surmont\u00e9 le scepticisme qui entourait le montant que nous avons pay\u00e9 pour lui, et a nou\u00e9 des liens avec le club et les fans d&#39;une mani\u00e8re vraiment significative. Le football, cependant, peut \u00eatre une industrie impitoyable, et ce qui s&#39;est pass\u00e9 avec Ramsdale en est un parfait exemple. Je ne pense pas que l&#39;on puisse dire que c&#39;\u00e9tait une mauvaise d\u00e9cision de faire venir Raya, notamment en raison des grandes contributions qu&#39;il a apport\u00e9es \u00e0 notre total de points d\u00e9j\u00e0 cette saison, mais je ne sais pas si cela a \u00e9t\u00e9 g\u00e9r\u00e9 aussi bien que cela aurait pu l&#39;\u00eatre \u00e0 l&#39;\u00e9poque.<\/p>\n<p>Mikel Arteta fait rarement des faux pas en public, il choisit ses mots avec soin et consid\u00e9ration, mais dans ce cas, je pense que ce qu&#39;il a dit \u00e0 propos du remplacement des gardiens et tout \u00e7a a contribu\u00e9 \u00e0 la conversation Raya\/Ramsdale d&#39;une mani\u00e8re n\u00e9gative. Les r\u00e9percussions de cette d\u00e9cision footballistique ont dur\u00e9 bien plus longtemps qu&#39;elles n&#39;auraient d\u00fb en raison de la fa\u00e7on dont le manager s&#39;est exprim\u00e9 publiquement.<\/p>\n<p>Nous avons d\u00e9sormais une id\u00e9e claire de notre num\u00e9ro 1, c&#39;est s\u00fbr, et comme je l&#39;ai dit plus haut, je souhaite \u00e0 Aaron Ramsdale beaucoup de succ\u00e8s avec Southampton pour 36 matchs par saison (tant qu&#39;ils sont en Premier League). Il a du temps perdu \u00e0 rattraper, et je suis s\u00fbr qu&#39;il meurt d&#39;envie de jouer \u00e0 nouveau r\u00e9guli\u00e8rement, alors croisons les doigts pour que ce transfert fonctionne.<\/p>\n<p>Alors que nous nous appr\u00eatons \u00e0 encaisser les frais de Ramsdale et de Nketiah, en plus de ce que nous avons d\u00e9j\u00e0 g\u00e9n\u00e9r\u00e9 avec la vente d&#39;Emile Smith Rowe, beaucoup se demanderont s&#39;il y aura un nouveau joueur offensif dans l&#39;\u00e9quipe. Pour \u00eatre tr\u00e8s clair, c&#39;est quelque chose que je veux absolument voir, mais je soup\u00e7onne qu&#39;une bonne partie de cet argent ira \u00e0 au moins un gardien de but suppl\u00e9mentaire. Nous avons un num\u00e9ro 1, mais pratiquement aucune profondeur au poste de gardien de but. Combien cela co\u00fbtera-t-il de faire venir Joan Garcia de l&#39;Espanyol ? Sa clause lib\u00e9ratoire est de 20 millions d&#39;euros et plus, ce qui est beaucoup, et j&#39;ai quelques inqui\u00e9tudes quant \u00e0 la fa\u00e7on dont nous semblons c\u00e9der aux caprices de transfert de notre entra\u00eeneur des gardiens Inaki Cana, malgr\u00e9 un historique de recrutements qui ne g\u00e9n\u00e8re pas toujours beaucoup de confiance.<\/p>\n<p>Hier, James a rapport\u00e9 dans The Athletic (\u00a3) que nous suivons \u00e9galement le gardien de Wigan, Sam Tickle. L\u00e0 encore, ce ne sera probablement pas bon march\u00e9, mais voyons comment cela se passe. Le pr\u00eat de Fabio Vieira \u00e0 Porto a \u00e9t\u00e9 officiellement confirm\u00e9 hier, donc peut-\u00eatre que vous pouvez consid\u00e9rer cela comme deux milieux de terrain absents (Smith Rowe, Vieira) et deux milieux de terrain entrants (Merino et Nwaneri \u2013 dont nous devrions soutenir la promotion pour des raisons \u00e9videntes, et un chemin doit \u00eatre trac\u00e9 pour cela).<\/p>\n<p>Le d\u00e9part imminent de Nketiah nous laisse cependant une lueur d&#39;espoir en attaque, et si la saison derni\u00e8re, nous avions le sentiment que nous avions besoin d&#39;un peu plus de talent pour certains des plus grands matchs de la saison, cela ne nous laisse pas beaucoup de temps pour le trouver avant la date limite de demain soir. \u00c0 ce stade, avec le temps qui passe et aucun rapport substantiel d&#39;int\u00e9r\u00eat pour quelqu&#39;un en particulier, je ne vais pas vraiment parier ma maison sur le fait que nous ferons ce recrutement, mais les choses peuvent se produire rapidement vers la fin de la fen\u00eatre.<\/p>\n<p>Nous vous apporterons toutes les histoires sur Arseblog News, et nous aurons un Arsecast un peu plus tard dans la journ\u00e9e pour \u00e9valuer le sc\u00e9nario alors que nous nous dirigeons vers le dernier jour de la folie des transferts de cet \u00e9t\u00e9.<\/p>\n<p>Pour l&#39;instant, allez-y doucement.<\/p>\n<\/div>\n","protected":false},"excerpt":{"rendered":"<p>Bonjour \u00e0 tous. Les d\u00e9parts continuent avec la nouvelle tomb\u00e9e hier soir selon laquelle Southampton et Arsenal ont trouv\u00e9 un accord pour le transfert permanent<\/p>\n","protected":false},"author":1,"featured_media":12915,"comment_status":"closed","ping_status":"","sticky":false,"template":"","format":"standard","meta":{"footnotes":""},"categories":[3],"tags":[2613,217,6266,4518,6267,1595],"yoast_head":"<!-- This site is optimized with the Yoast SEO plugin v21.0 - https:\/\/yoast.com\/wordpress\/plugins\/seo\/ -->\n<title>Ramdale est un saint, Vieira s&#039;en va, et ensuite ?!<\/title>\n<meta name=\"robots\" content=\"index, follow, max-snippet:-1, max-image-preview:large, max-video-preview:-1\" \/>\n<link rel=\"canonical\" href=\"https:\/\/footdavant.fr\/actualites\/ramdale-est-un-saint-vieira-sen-va-et-ensuite\/\" \/>\n<meta property=\"og:locale\" content=\"fr_FR\" \/>\n<meta property=\"og:type\" content=\"article\" \/>\n<meta property=\"og:title\" content=\"Ramdale est un saint, Vieira s&#039;en va, et ensuite ?!\" \/>\n<meta property=\"og:description\" content=\"Bonjour \u00e0 tous. Les d\u00e9parts continuent avec la nouvelle tomb\u00e9e hier soir selon laquelle Southampton et Arsenal ont trouv\u00e9 un accord pour le transfert permanent\" \/>\n<meta property=\"og:url\" content=\"https:\/\/footdavant.fr\/actualites\/ramdale-est-un-saint-vieira-sen-va-et-ensuite\/\" \/>\n<meta property=\"og:site_name\" content=\"Foot d&#039;avant\" \/>\n<meta property=\"article:publisher\" content=\"https:\/\/www.facebook.com\/Footdavant\/\" \/>\n<meta property=\"article:published_time\" content=\"2024-09-01T06:49:57+00:00\" \/>\n<meta property=\"article:modified_time\" content=\"2024-09-01T06:49:58+00:00\" \/>\n<meta property=\"og:image\" content=\"https:\/\/footdavant.fr\/actualites\/wp-content\/uploads\/2024\/09\/Ramdale-est-un-saint-Vieira-s39en-va-et-ensuite.jpg\" \/>\n\t<meta property=\"og:image:width\" content=\"1500\" \/>\n\t<meta property=\"og:image:height\" content=\"750\" \/>\n\t<meta property=\"og:image:type\" content=\"image\/jpeg\" \/>\n<meta name=\"author\" content=\"Cl\u00e9ment\" \/>\n<meta name=\"twitter:card\" content=\"summary_large_image\" \/>\n<meta name=\"twitter:creator\" content=\"@FootdavantFr\" \/>\n<meta name=\"twitter:site\" content=\"@FootdavantFr\" \/>\n<meta name=\"twitter:label1\" content=\"\u00c9crit par\" \/>\n\t<meta name=\"twitter:data1\" content=\"Cl\u00e9ment\" \/>\n\t<meta name=\"twitter:label2\" content=\"Dur\u00e9e de lecture estim\u00e9e\" \/>\n\t<meta name=\"twitter:data2\" content=\"6 minutes\" \/>\n<script type=\"application\/ld+json\" class=\"yoast-schema-graph\">{\"@context\":\"https:\/\/schema.org\",\"@graph\":[{\"@type\":\"Article\",\"@id\":\"https:\/\/footdavant.fr\/actualites\/ramdale-est-un-saint-vieira-sen-va-et-ensuite\/#article\",\"isPartOf\":{\"@id\":\"https:\/\/footdavant.fr\/actualites\/ramdale-est-un-saint-vieira-sen-va-et-ensuite\/\"},\"author\":{\"name\":\"Cl\u00e9ment\",\"@id\":\"https:\/\/footdavant.fr\/actualites\/#\/schema\/person\/bc222566d95871b37e597b3ed3ba5e1d\"},\"headline\":\"Ramdale est un saint, Vieira s&#39;en va, et ensuite ?!\",\"datePublished\":\"2024-09-01T06:49:57+00:00\",\"dateModified\":\"2024-09-01T06:49:58+00:00\",\"mainEntityOfPage\":{\"@id\":\"https:\/\/footdavant.fr\/actualites\/ramdale-est-un-saint-vieira-sen-va-et-ensuite\/\"},\"wordCount\":1156,\"publisher\":{\"@id\":\"https:\/\/footdavant.fr\/actualites\/#organization\"},\"keywords\":[\"ensuite\",\"est\",\"Ramdale\",\"s39en\",\"saint\",\"Vieira\"],\"articleSection\":[\"Football\"],\"inLanguage\":\"fr-FR\"},{\"@type\":\"WebPage\",\"@id\":\"https:\/\/footdavant.fr\/actualites\/ramdale-est-un-saint-vieira-sen-va-et-ensuite\/\",\"url\":\"https:\/\/footdavant.fr\/actualites\/ramdale-est-un-saint-vieira-sen-va-et-ensuite\/\",\"name\":\"Ramdale est un saint, Vieira s&#39;en va, et ensuite ?!\",\"isPartOf\":{\"@id\":\"https:\/\/footdavant.fr\/actualites\/#website\"},\"datePublished\":\"2024-09-01T06:49:57+00:00\",\"dateModified\":\"2024-09-01T06:49:58+00:00\",\"breadcrumb\":{\"@id\":\"https:\/\/footdavant.fr\/actualites\/ramdale-est-un-saint-vieira-sen-va-et-ensuite\/#breadcrumb\"},\"inLanguage\":\"fr-FR\",\"potentialAction\":[{\"@type\":\"ReadAction\",\"target\":[\"https:\/\/footdavant.fr\/actualites\/ramdale-est-un-saint-vieira-sen-va-et-ensuite\/\"]}]},{\"@type\":\"BreadcrumbList\",\"@id\":\"https:\/\/footdavant.fr\/actualites\/ramdale-est-un-saint-vieira-sen-va-et-ensuite\/#breadcrumb\",\"itemListElement\":[{\"@type\":\"ListItem\",\"position\":1,\"name\":\"Accueil\",\"item\":\"https:\/\/footdavant.fr\/actualites\/\"},{\"@type\":\"ListItem\",\"position\":2,\"name\":\"Ramdale est un saint, Vieira s&#39;en va, et ensuite ?!\"}]},{\"@type\":\"WebSite\",\"@id\":\"https:\/\/footdavant.fr\/actualites\/#website\",\"url\":\"https:\/\/footdavant.fr\/actualites\/\",\"name\":\"Foot d'avant\",\"description\":\"\",\"publisher\":{\"@id\":\"https:\/\/footdavant.fr\/actualites\/#organization\"},\"potentialAction\":[{\"@type\":\"SearchAction\",\"target\":{\"@type\":\"EntryPoint\",\"urlTemplate\":\"https:\/\/footdavant.fr\/actualites\/?s={search_term_string}\"},\"query-input\":\"required name=search_term_string\"}],\"inLanguage\":\"fr-FR\"},{\"@type\":\"Organization\",\"@id\":\"https:\/\/footdavant.fr\/actualites\/#organization\",\"name\":\"Foot d'avant\",\"url\":\"https:\/\/footdavant.fr\/actualites\/\",\"logo\":{\"@type\":\"ImageObject\",\"inLanguage\":\"fr-FR\",\"@id\":\"https:\/\/footdavant.fr\/actualites\/#\/schema\/logo\/image\/\",\"url\":\"https:\/\/footdavant.fr\/actualites\/wp-content\/uploads\/2023\/09\/Copy-of-FootDavant-Logo.png\",\"contentUrl\":\"https:\/\/footdavant.fr\/actualites\/wp-content\/uploads\/2023\/09\/Copy-of-FootDavant-Logo.png\",\"width\":936,\"height\":549,\"caption\":\"Foot d'avant\"},\"image\":{\"@id\":\"https:\/\/footdavant.fr\/actualites\/#\/schema\/logo\/image\/\"},\"sameAs\":[\"https:\/\/www.facebook.com\/Footdavant\/\",\"https:\/\/twitter.com\/FootdavantFr\",\"https:\/\/www.instagram.com\/footdavant.fr\/\"]},{\"@type\":\"Person\",\"@id\":\"https:\/\/footdavant.fr\/actualites\/#\/schema\/person\/bc222566d95871b37e597b3ed3ba5e1d\",\"name\":\"Cl\u00e9ment\",\"image\":{\"@type\":\"ImageObject\",\"inLanguage\":\"fr-FR\",\"@id\":\"https:\/\/footdavant.fr\/actualites\/#\/schema\/person\/image\/\",\"url\":\"https:\/\/secure.gravatar.com\/avatar\/7728b29aac2719421e1a9159b2254c44?s=96&d=mm&r=g\",\"contentUrl\":\"https:\/\/secure.gravatar.com\/avatar\/7728b29aac2719421e1a9159b2254c44?s=96&d=mm&r=g\",\"caption\":\"Cl\u00e9ment\"},\"sameAs\":[\"https:\/\/footdavant.fr\/\"]}]}<\/script>\n<!-- \/ Yoast SEO plugin. -->","yoast_head_json":{"title":"Ramdale est un saint, Vieira s&#39;en va, et ensuite ?!","robots":{"index":"index","follow":"follow","max-snippet":"max-snippet:-1","max-image-preview":"max-image-preview:large","max-video-preview":"max-video-preview:-1"},"canonical":"https:\/\/footdavant.fr\/actualites\/ramdale-est-un-saint-vieira-sen-va-et-ensuite\/","og_locale":"fr_FR","og_type":"article","og_title":"Ramdale est un saint, Vieira s&#39;en va, et ensuite ?!","og_description":"Bonjour \u00e0 tous. Les d\u00e9parts continuent avec la nouvelle tomb\u00e9e hier soir selon laquelle Southampton et Arsenal ont trouv\u00e9 un accord pour le transfert permanent","og_url":"https:\/\/footdavant.fr\/actualites\/ramdale-est-un-saint-vieira-sen-va-et-ensuite\/","og_site_name":"Foot d&#039;avant","article_publisher":"https:\/\/www.facebook.com\/Footdavant\/","article_published_time":"2024-09-01T06:49:57+00:00","article_modified_time":"2024-09-01T06:49:58+00:00","og_image":[{"width":1500,"height":750,"url":"https:\/\/footdavant.fr\/actualites\/wp-content\/uploads\/2024\/09\/Ramdale-est-un-saint-Vieira-s39en-va-et-ensuite.jpg","type":"image\/jpeg"}],"author":"Cl\u00e9ment","twitter_card":"summary_large_image","twitter_creator":"@FootdavantFr","twitter_site":"@FootdavantFr","twitter_misc":{"\u00c9crit par":"Cl\u00e9ment","Dur\u00e9e de lecture estim\u00e9e":"6 minutes"},"schema":{"@context":"https:\/\/schema.org","@graph":[{"@type":"Article","@id":"https:\/\/footdavant.fr\/actualites\/ramdale-est-un-saint-vieira-sen-va-et-ensuite\/#article","isPartOf":{"@id":"https:\/\/footdavant.fr\/actualites\/ramdale-est-un-saint-vieira-sen-va-et-ensuite\/"},"author":{"name":"Cl\u00e9ment","@id":"https:\/\/footdavant.fr\/actualites\/#\/schema\/person\/bc222566d95871b37e597b3ed3ba5e1d"},"headline":"Ramdale est un saint, Vieira s&#39;en va, et ensuite ?!","datePublished":"2024-09-01T06:49:57+00:00","dateModified":"2024-09-01T06:49:58+00:00","mainEntityOfPage":{"@id":"https:\/\/footdavant.fr\/actualites\/ramdale-est-un-saint-vieira-sen-va-et-ensuite\/"},"wordCount":1156,"publisher":{"@id":"https:\/\/footdavant.fr\/actualites\/#organization"},"keywords":["ensuite","est","Ramdale","s39en","saint","Vieira"],"articleSection":["Football"],"inLanguage":"fr-FR"},{"@type":"WebPage","@id":"https:\/\/footdavant.fr\/actualites\/ramdale-est-un-saint-vieira-sen-va-et-ensuite\/","url":"https:\/\/footdavant.fr\/actualites\/ramdale-est-un-saint-vieira-sen-va-et-ensuite\/","name":"Ramdale est un saint, Vieira s&#39;en va, et ensuite ?!","isPartOf":{"@id":"https:\/\/footdavant.fr\/actualites\/#website"},"datePublished":"2024-09-01T06:49:57+00:00","dateModified":"2024-09-01T06:49:58+00:00","breadcrumb":{"@id":"https:\/\/footdavant.fr\/actualites\/ramdale-est-un-saint-vieira-sen-va-et-ensuite\/#breadcrumb"},"inLanguage":"fr-FR","potentialAction":[{"@type":"ReadAction","target":["https:\/\/footdavant.fr\/actualites\/ramdale-est-un-saint-vieira-sen-va-et-ensuite\/"]}]},{"@type":"BreadcrumbList","@id":"https:\/\/footdavant.fr\/actualites\/ramdale-est-un-saint-vieira-sen-va-et-ensuite\/#breadcrumb","itemListElement":[{"@type":"ListItem","position":1,"name":"Accueil","item":"https:\/\/footdavant.fr\/actualites\/"},{"@type":"ListItem","position":2,"name":"Ramdale est un saint, Vieira s&#39;en va, et ensuite ?!"}]},{"@type":"WebSite","@id":"https:\/\/footdavant.fr\/actualites\/#website","url":"https:\/\/footdavant.fr\/actualites\/","name":"Foot d'avant","description":"","publisher":{"@id":"https:\/\/footdavant.fr\/actualites\/#organization"},"potentialAction":[{"@type":"SearchAction","target":{"@type":"EntryPoint","urlTemplate":"https:\/\/footdavant.fr\/actualites\/?s={search_term_string}"},"query-input":"required name=search_term_string"}],"inLanguage":"fr-FR"},{"@type":"Organization","@id":"https:\/\/footdavant.fr\/actualites\/#organization","name":"Foot d'avant","url":"https:\/\/footdavant.fr\/actualites\/","logo":{"@type":"ImageObject","inLanguage":"fr-FR","@id":"https:\/\/footdavant.fr\/actualites\/#\/schema\/logo\/image\/","url":"https:\/\/footdavant.fr\/actualites\/wp-content\/uploads\/2023\/09\/Copy-of-FootDavant-Logo.png","contentUrl":"https:\/\/footdavant.fr\/actualites\/wp-content\/uploads\/2023\/09\/Copy-of-FootDavant-Logo.png","width":936,"height":549,"caption":"Foot d'avant"},"image":{"@id":"https:\/\/footdavant.fr\/actualites\/#\/schema\/logo\/image\/"},"sameAs":["https:\/\/www.facebook.com\/Footdavant\/","https:\/\/twitter.com\/FootdavantFr","https:\/\/www.instagram.com\/footdavant.fr\/"]},{"@type":"Person","@id":"https:\/\/footdavant.fr\/actualites\/#\/schema\/person\/bc222566d95871b37e597b3ed3ba5e1d","name":"Cl\u00e9ment","image":{"@type":"ImageObject","inLanguage":"fr-FR","@id":"https:\/\/footdavant.fr\/actualites\/#\/schema\/person\/image\/","url":"https:\/\/secure.gravatar.com\/avatar\/7728b29aac2719421e1a9159b2254c44?s=96&d=mm&r=g","contentUrl":"https:\/\/secure.gravatar.com\/avatar\/7728b29aac2719421e1a9159b2254c44?s=96&d=mm&r=g","caption":"Cl\u00e9ment"},"sameAs":["https:\/\/footdavant.fr\/"]}]}},"_links":{"self":[{"href":"https:\/\/footdavant.fr\/actualites\/wp-json\/wp\/v2\/posts\/12914"}],"collection":[{"href":"https:\/\/footdavant.fr\/actualites\/wp-json\/wp\/v2\/posts"}],"about":[{"href":"https:\/\/footdavant.fr\/actualites\/wp-json\/wp\/v2\/types\/post"}],"author":[{"embeddable":true,"href":"https:\/\/footdavant.fr\/actualites\/wp-json\/wp\/v2\/users\/1"}],"replies":[{"embeddable":true,"href":"https:\/\/footdavant.fr\/actualites\/wp-json\/wp\/v2\/comments?post=12914"}],"version-history":[{"count":1,"href":"https:\/\/footdavant.fr\/actualites\/wp-json\/wp\/v2\/posts\/12914\/revisions"}],"predecessor-version":[{"id":12916,"href":"https:\/\/footdavant.fr\/actualites\/wp-json\/wp\/v2\/posts\/12914\/revisions\/12916"}],"wp:featuredmedia":[{"embeddable":true,"href":"https:\/\/footdavant.fr\/actualites\/wp-json\/wp\/v2\/media\/12915"}],"wp:attachment":[{"href":"https:\/\/footdavant.fr\/actualites\/wp-json\/wp\/v2\/media?parent=12914"}],"wp:term":[{"taxonomy":"category","embeddable":true,"href":"https:\/\/footdavant.fr\/actualites\/wp-json\/wp\/v2\/categories?post=12914"},{"taxonomy":"post_tag","embeddable":true,"href":"https:\/\/footdavant.fr\/actualites\/wp-json\/wp\/v2\/tags?post=12914"}],"curies":[{"name":"wp","href":"https:\/\/api.w.org\/{rel}","templated":true}]}}