{"id":12917,"date":"2024-09-01T10:48:28","date_gmt":"2024-09-01T08:48:28","guid":{"rendered":"https:\/\/footdavant.fr\/actualites\/chelsea-a-donne-de-lespoir-a-victor-osimhen-alors-que-lagent-fait-une-declaration-sur-le-transfert-dal-ahli\/"},"modified":"2024-09-01T10:48:29","modified_gmt":"2024-09-01T08:48:29","slug":"chelsea-a-donne-de-lespoir-a-victor-osimhen-alors-que-lagent-fait-une-declaration-sur-le-transfert-dal-ahli","status":"publish","type":"post","link":"https:\/\/footdavant.fr\/actualites\/chelsea-a-donne-de-lespoir-a-victor-osimhen-alors-que-lagent-fait-une-declaration-sur-le-transfert-dal-ahli\/","title":{"rendered":"Chelsea a donn\u00e9 de l&#39;espoir \u00e0 Victor Osimhen alors que l&#39;agent fait une d\u00e9claration sur le transfert d&#39;Al-Ahli"},"content":{"rendered":"<p>Chelsea re\u00e7oit un coup de pouce dans sa qu\u00eate pour signer Victor Osimhen de Naples apr\u00e8s que l&#39;agent du joueur ait fait une d\u00e9claration forte sur un transfert potentiel vers la Pro League saoudienne.<\/p>\n<div id=\"article_body\" itemprop=\"articleBody\">\n<h3 class=\"firstPara\">\n<strong class=\"autotag\">Chelsea<\/strong> semblent avoir re\u00e7u un regain d&#39;espoir dans leur qu\u00eate de signature <strong class=\"autotag\">Naples<\/strong> gr\u00e9viste <strong class=\"autotag\">Victor Osimhen<\/strong>.<\/h3>\n<p>L&#39;international nig\u00e9rian a pass\u00e9 les quatre derni\u00e8res ann\u00e9es \u00e0 Naples, marquant 76 buts en 133 apparitions en comp\u00e9tition.<\/p>\n<p>Osimhen a jou\u00e9 un r\u00f4le cl\u00e9 dans le triomphe du Napoli en Serie A en 2022-23, consolidant son h\u00e9ritage au Stadio Diego Armando Maradona.<\/p>\n<p>Cependant, Osimhen n&#39;a pas cach\u00e9 son d\u00e9sir de tenter un nouveau d\u00e9fi et cherche \u00e0 quitter le club de Serie A avant la date limite des transferts d&#39;\u00e9t\u00e9.<\/p>\n<p>Naples avait auparavant insist\u00e9 sur le fait que les pr\u00e9tendants potentiels d&#39;Osimhen devaient \u00eatre pay\u00e9s en totalit\u00e9, mais ils ont abandonn\u00e9 leurs exigences de prix alors qu&#39;ils cherchent \u00e0 trouver une solution \u00e0 sa situation actuelle.<\/p>\n<p><strong class=\"autotag\">Antonio Conte<\/strong>L&#39;\u00e9quipe de Chelsea commence d\u00e9j\u00e0 \u00e0 se s\u00e9parer d&#39;Osimhen et est sur le point de signer <strong class=\"autotag\">Romelu Lukaku<\/strong> comme son rempla\u00e7ant. <\/p>\n<p class=\"imgI\">\n<h2 class=\"k3\">Chelsea re\u00e7oit un coup de pouce dans sa poursuite d&#39;Osimhen<\/h2>\n<p>On pensait que Chelsea \u00e9tait d\u00e9sireux d&#39;utiliser Lukaku pour tenter de signer Osimhen dans le cadre d&#39;un \u00e9change ou d&#39;un accord d&#39;\u00e9change partiel.<\/p>\n<p>Leurs espoirs de signer Osimhen semblent avoir subi un revers important apr\u00e8s qu&#39;il soit apparu que Naples \u00e9tait sur le point de conclure un accord pour vendre l&#39;attaquant \u00e0 la Saudi Pro League. <strong class=\"autotag\">Al Ahli<\/strong> pour 45 millions d&#39;euros (38,1 millions de livres sterling).<\/p>\n<p>Cependant, les Blues ont re\u00e7u un regain d&#39;espoir gr\u00e2ce \u00e0 l&#39;agent d&#39;Osimhen <strong class=\"autotag\">Roberto Calenda<\/strong>qui a clairement indiqu\u00e9 que son client n&#39;\u00e9tait pas int\u00e9ress\u00e9 \u00e0 rejoindre la Pro League saoudienne.<\/p>\n<p>Selon <em>Recevez les actualit\u00e9s du football en Italie<\/em>Calenda a d\u00e9clar\u00e9 : \u00ab\u00a0Osimhen est un joueur de Naples, avec un contrat r\u00e9cemment renouvel\u00e9 \u00e0 notre satisfaction mutuelle. Il a marqu\u00e9 l&#39;histoire en bleu et quand il y a eu des offres importantes (cette ann\u00e9e aussi) nous avons toujours accept\u00e9 les d\u00e9cisions du club.<\/p>\n<p>\u00ab\u00a0Comme je l&#39;ai d\u00e9j\u00e0 dit, ce n&#39;est pas un colis \u00e0 envoyer loin pour laisser la place \u00e0 de nouveaux proph\u00e8tes. Victor a \u00e9t\u00e9 \u00e9lu Footballeur africain de l&#39;ann\u00e9e, huiti\u00e8me au Ballon d&#39;Or, il a encore beaucoup \u00e0 dire en Europe. Il faut du respect et de l&#39;\u00e9quilibre.\u00a0\u00bb<\/p>\n<p class=\"imgI\"><img decoding=\"async\" loading=\"lazy\" class=\"l\" src=\"https:\/\/footdavant.fr\/actualites\/wp-content\/uploads\/2024\/09\/Chelsea-a-donne-de-l39espoir-a-Victor-Osimhen-alors-que.JPG\" title=\"L&#39;attaquant de Naples Victor Osimhen le 3 d\u00e9cembre 2023\" alt=\"L&#39;attaquant de Naples Victor Osimhen le 3 d\u00e9cembre 2023\" width=\"640\" height=\"480\"><\/p>\n<h2 class=\"k3\">Pourquoi Chelsea s&#39;int\u00e9resse \u00e0 Osimhen ?<\/h2>\n<p>Chelsea a d\u00e9montr\u00e9 lors de sa victoire \u00e9crasante 6-2 dimanche contre Wolverhampton Wanderers qu&#39;il dispose d\u00e9j\u00e0 d&#39;une puissance de feu consid\u00e9rable dans son \u00e9quipe.<\/p>\n<p>M\u00eame s&#39;ils disposent d&#39;un large \u00e9ventail de talents offensifs, les Blues souhaitent toujours renforcer leur \u00e9quipe avec l&#39;ajout d&#39;un avant-centre.<\/p>\n<p>Les options actuelles de Chelsea incluent l&#39;international s\u00e9n\u00e9galais <strong class=\"autotag\">Nicolas Jackson<\/strong> et 18 ans <strong class=\"autotag\">Marc Guiu<\/strong>arriv\u00e9 de Barcelone plus t\u00f4t cet \u00e9t\u00e9.<\/p>\n<p>Les Bleus ont aussi <strong class=\"autotag\">Armando Broja<\/strong>, <strong class=\"autotag\">D\u00e9ivid Washington<\/strong> et <strong class=\"autotag\">David Datro Fofana<\/strong> dans leurs livres, mais il est possible que le trio soit transf\u00e9r\u00e9 avant la date limite des transferts de vendredi.<\/p>\n<\/div>\n","protected":false},"excerpt":{"rendered":"<p>Chelsea re\u00e7oit un coup de pouce dans sa qu\u00eate pour signer Victor Osimhen de Naples apr\u00e8s que l&#39;agent du joueur ait fait une d\u00e9claration forte<\/p>\n","protected":false},"author":1,"featured_media":12918,"comment_status":"closed","ping_status":"","sticky":false,"template":"","format":"standard","meta":{"footnotes":""},"categories":[5],"tags":[318,171,6268,749,672,152,4517,4748,1039,103,700,92,1038],"yoast_head":"<!-- This site is optimized with the Yoast SEO plugin v21.0 - https:\/\/yoast.com\/wordpress\/plugins\/seo\/ -->\n<title>Chelsea a donn\u00e9 de l&#039;espoir \u00e0 Victor Osimhen alors que l&#039;agent fait une d\u00e9claration sur le transfert d&#039;Al-Ahli<\/title>\n<meta name=\"robots\" content=\"index, follow, max-snippet:-1, max-image-preview:large, max-video-preview:-1\" \/>\n<link rel=\"canonical\" href=\"https:\/\/footdavant.fr\/actualites\/chelsea-a-donne-de-lespoir-a-victor-osimhen-alors-que-lagent-fait-une-declaration-sur-le-transfert-dal-ahli\/\" \/>\n<meta property=\"og:locale\" content=\"fr_FR\" \/>\n<meta property=\"og:type\" content=\"article\" \/>\n<meta property=\"og:title\" content=\"Chelsea a donn\u00e9 de l&#039;espoir \u00e0 Victor Osimhen alors que l&#039;agent fait une d\u00e9claration sur le transfert d&#039;Al-Ahli\" \/>\n<meta property=\"og:description\" content=\"Chelsea re\u00e7oit un coup de pouce dans sa qu\u00eate pour signer Victor Osimhen de Naples apr\u00e8s que l&#039;agent du joueur ait fait une d\u00e9claration forte\" \/>\n<meta property=\"og:url\" content=\"https:\/\/footdavant.fr\/actualites\/chelsea-a-donne-de-lespoir-a-victor-osimhen-alors-que-lagent-fait-une-declaration-sur-le-transfert-dal-ahli\/\" \/>\n<meta property=\"og:site_name\" content=\"Foot d&#039;avant\" \/>\n<meta property=\"article:publisher\" content=\"https:\/\/www.facebook.com\/Footdavant\/\" \/>\n<meta property=\"article:published_time\" content=\"2024-09-01T08:48:28+00:00\" \/>\n<meta property=\"article:modified_time\" content=\"2024-09-01T08:48:29+00:00\" \/>\n<meta property=\"og:image\" content=\"https:\/\/footdavant.fr\/actualites\/wp-content\/uploads\/2024\/09\/Chelsea-a-donne-de-l39espoir-a-Victor-Osimhen-alors-que.jpg\" \/>\n\t<meta property=\"og:image:width\" content=\"640\" \/>\n\t<meta property=\"og:image:height\" content=\"480\" \/>\n\t<meta property=\"og:image:type\" content=\"image\/jpeg\" \/>\n<meta name=\"author\" content=\"Cl\u00e9ment\" \/>\n<meta name=\"twitter:card\" content=\"summary_large_image\" \/>\n<meta name=\"twitter:creator\" content=\"@FootdavantFr\" \/>\n<meta name=\"twitter:site\" content=\"@FootdavantFr\" \/>\n<meta name=\"twitter:label1\" content=\"\u00c9crit par\" \/>\n\t<meta name=\"twitter:data1\" content=\"Cl\u00e9ment\" \/>\n\t<meta name=\"twitter:label2\" content=\"Dur\u00e9e de lecture estim\u00e9e\" \/>\n\t<meta name=\"twitter:data2\" content=\"3 minutes\" \/>\n<script type=\"application\/ld+json\" class=\"yoast-schema-graph\">{\"@context\":\"https:\/\/schema.org\",\"@graph\":[{\"@type\":\"Article\",\"@id\":\"https:\/\/footdavant.fr\/actualites\/chelsea-a-donne-de-lespoir-a-victor-osimhen-alors-que-lagent-fait-une-declaration-sur-le-transfert-dal-ahli\/#article\",\"isPartOf\":{\"@id\":\"https:\/\/footdavant.fr\/actualites\/chelsea-a-donne-de-lespoir-a-victor-osimhen-alors-que-lagent-fait-une-declaration-sur-le-transfert-dal-ahli\/\"},\"author\":{\"name\":\"Cl\u00e9ment\",\"@id\":\"https:\/\/footdavant.fr\/actualites\/#\/schema\/person\/bc222566d95871b37e597b3ed3ba5e1d\"},\"headline\":\"Chelsea a donn\u00e9 de l&#39;espoir \u00e0 Victor Osimhen alors que l&#39;agent fait une d\u00e9claration sur le transfert d&#39;Al-Ahli\",\"datePublished\":\"2024-09-01T08:48:28+00:00\",\"dateModified\":\"2024-09-01T08:48:29+00:00\",\"mainEntityOfPage\":{\"@id\":\"https:\/\/footdavant.fr\/actualites\/chelsea-a-donne-de-lespoir-a-victor-osimhen-alors-que-lagent-fait-une-declaration-sur-le-transfert-dal-ahli\/\"},\"wordCount\":568,\"publisher\":{\"@id\":\"https:\/\/footdavant.fr\/actualites\/#organization\"},\"keywords\":[\"alors\",\"Chelsea\",\"d39AlAhli\",\"D\u00e9claration\",\"donne\",\"fait\",\"L39agent\",\"l39espoir\",\"Osimhen\",\"sur\",\"transfert\",\"une\",\"Victor\"],\"articleSection\":[\"Premier League\"],\"inLanguage\":\"fr-FR\"},{\"@type\":\"WebPage\",\"@id\":\"https:\/\/footdavant.fr\/actualites\/chelsea-a-donne-de-lespoir-a-victor-osimhen-alors-que-lagent-fait-une-declaration-sur-le-transfert-dal-ahli\/\",\"url\":\"https:\/\/footdavant.fr\/actualites\/chelsea-a-donne-de-lespoir-a-victor-osimhen-alors-que-lagent-fait-une-declaration-sur-le-transfert-dal-ahli\/\",\"name\":\"Chelsea a donn\u00e9 de l&#39;espoir \u00e0 Victor Osimhen alors que l&#39;agent fait une d\u00e9claration sur le transfert d&#39;Al-Ahli\",\"isPartOf\":{\"@id\":\"https:\/\/footdavant.fr\/actualites\/#website\"},\"datePublished\":\"2024-09-01T08:48:28+00:00\",\"dateModified\":\"2024-09-01T08:48:29+00:00\",\"breadcrumb\":{\"@id\":\"https:\/\/footdavant.fr\/actualites\/chelsea-a-donne-de-lespoir-a-victor-osimhen-alors-que-lagent-fait-une-declaration-sur-le-transfert-dal-ahli\/#breadcrumb\"},\"inLanguage\":\"fr-FR\",\"potentialAction\":[{\"@type\":\"ReadAction\",\"target\":[\"https:\/\/footdavant.fr\/actualites\/chelsea-a-donne-de-lespoir-a-victor-osimhen-alors-que-lagent-fait-une-declaration-sur-le-transfert-dal-ahli\/\"]}]},{\"@type\":\"BreadcrumbList\",\"@id\":\"https:\/\/footdavant.fr\/actualites\/chelsea-a-donne-de-lespoir-a-victor-osimhen-alors-que-lagent-fait-une-declaration-sur-le-transfert-dal-ahli\/#breadcrumb\",\"itemListElement\":[{\"@type\":\"ListItem\",\"position\":1,\"name\":\"Accueil\",\"item\":\"https:\/\/footdavant.fr\/actualites\/\"},{\"@type\":\"ListItem\",\"position\":2,\"name\":\"Chelsea a donn\u00e9 de l&#39;espoir \u00e0 Victor Osimhen alors que l&#39;agent fait une d\u00e9claration sur le transfert d&#39;Al-Ahli\"}]},{\"@type\":\"WebSite\",\"@id\":\"https:\/\/footdavant.fr\/actualites\/#website\",\"url\":\"https:\/\/footdavant.fr\/actualites\/\",\"name\":\"Foot d'avant\",\"description\":\"\",\"publisher\":{\"@id\":\"https:\/\/footdavant.fr\/actualites\/#organization\"},\"potentialAction\":[{\"@type\":\"SearchAction\",\"target\":{\"@type\":\"EntryPoint\",\"urlTemplate\":\"https:\/\/footdavant.fr\/actualites\/?s={search_term_string}\"},\"query-input\":\"required name=search_term_string\"}],\"inLanguage\":\"fr-FR\"},{\"@type\":\"Organization\",\"@id\":\"https:\/\/footdavant.fr\/actualites\/#organization\",\"name\":\"Foot d'avant\",\"url\":\"https:\/\/footdavant.fr\/actualites\/\",\"logo\":{\"@type\":\"ImageObject\",\"inLanguage\":\"fr-FR\",\"@id\":\"https:\/\/footdavant.fr\/actualites\/#\/schema\/logo\/image\/\",\"url\":\"https:\/\/footdavant.fr\/actualites\/wp-content\/uploads\/2023\/09\/Copy-of-FootDavant-Logo.png\",\"contentUrl\":\"https:\/\/footdavant.fr\/actualites\/wp-content\/uploads\/2023\/09\/Copy-of-FootDavant-Logo.png\",\"width\":936,\"height\":549,\"caption\":\"Foot d'avant\"},\"image\":{\"@id\":\"https:\/\/footdavant.fr\/actualites\/#\/schema\/logo\/image\/\"},\"sameAs\":[\"https:\/\/www.facebook.com\/Footdavant\/\",\"https:\/\/twitter.com\/FootdavantFr\",\"https:\/\/www.instagram.com\/footdavant.fr\/\"]},{\"@type\":\"Person\",\"@id\":\"https:\/\/footdavant.fr\/actualites\/#\/schema\/person\/bc222566d95871b37e597b3ed3ba5e1d\",\"name\":\"Cl\u00e9ment\",\"image\":{\"@type\":\"ImageObject\",\"inLanguage\":\"fr-FR\",\"@id\":\"https:\/\/footdavant.fr\/actualites\/#\/schema\/person\/image\/\",\"url\":\"https:\/\/secure.gravatar.com\/avatar\/7728b29aac2719421e1a9159b2254c44?s=96&d=mm&r=g\",\"contentUrl\":\"https:\/\/secure.gravatar.com\/avatar\/7728b29aac2719421e1a9159b2254c44?s=96&d=mm&r=g\",\"caption\":\"Cl\u00e9ment\"},\"sameAs\":[\"https:\/\/footdavant.fr\/\"]}]}<\/script>\n<!-- \/ Yoast SEO plugin. -->","yoast_head_json":{"title":"Chelsea a donn\u00e9 de l&#39;espoir \u00e0 Victor Osimhen alors que l&#39;agent fait une d\u00e9claration sur le transfert d&#39;Al-Ahli","robots":{"index":"index","follow":"follow","max-snippet":"max-snippet:-1","max-image-preview":"max-image-preview:large","max-video-preview":"max-video-preview:-1"},"canonical":"https:\/\/footdavant.fr\/actualites\/chelsea-a-donne-de-lespoir-a-victor-osimhen-alors-que-lagent-fait-une-declaration-sur-le-transfert-dal-ahli\/","og_locale":"fr_FR","og_type":"article","og_title":"Chelsea a donn\u00e9 de l&#39;espoir \u00e0 Victor Osimhen alors que l&#39;agent fait une d\u00e9claration sur le transfert d&#39;Al-Ahli","og_description":"Chelsea re\u00e7oit un coup de pouce dans sa qu\u00eate pour signer Victor Osimhen de Naples apr\u00e8s que l&#39;agent du joueur ait fait une d\u00e9claration forte","og_url":"https:\/\/footdavant.fr\/actualites\/chelsea-a-donne-de-lespoir-a-victor-osimhen-alors-que-lagent-fait-une-declaration-sur-le-transfert-dal-ahli\/","og_site_name":"Foot d&#039;avant","article_publisher":"https:\/\/www.facebook.com\/Footdavant\/","article_published_time":"2024-09-01T08:48:28+00:00","article_modified_time":"2024-09-01T08:48:29+00:00","og_image":[{"width":640,"height":480,"url":"https:\/\/footdavant.fr\/actualites\/wp-content\/uploads\/2024\/09\/Chelsea-a-donne-de-l39espoir-a-Victor-Osimhen-alors-que.jpg","type":"image\/jpeg"}],"author":"Cl\u00e9ment","twitter_card":"summary_large_image","twitter_creator":"@FootdavantFr","twitter_site":"@FootdavantFr","twitter_misc":{"\u00c9crit par":"Cl\u00e9ment","Dur\u00e9e de lecture estim\u00e9e":"3 minutes"},"schema":{"@context":"https:\/\/schema.org","@graph":[{"@type":"Article","@id":"https:\/\/footdavant.fr\/actualites\/chelsea-a-donne-de-lespoir-a-victor-osimhen-alors-que-lagent-fait-une-declaration-sur-le-transfert-dal-ahli\/#article","isPartOf":{"@id":"https:\/\/footdavant.fr\/actualites\/chelsea-a-donne-de-lespoir-a-victor-osimhen-alors-que-lagent-fait-une-declaration-sur-le-transfert-dal-ahli\/"},"author":{"name":"Cl\u00e9ment","@id":"https:\/\/footdavant.fr\/actualites\/#\/schema\/person\/bc222566d95871b37e597b3ed3ba5e1d"},"headline":"Chelsea a donn\u00e9 de l&#39;espoir \u00e0 Victor Osimhen alors que l&#39;agent fait une d\u00e9claration sur le transfert d&#39;Al-Ahli","datePublished":"2024-09-01T08:48:28+00:00","dateModified":"2024-09-01T08:48:29+00:00","mainEntityOfPage":{"@id":"https:\/\/footdavant.fr\/actualites\/chelsea-a-donne-de-lespoir-a-victor-osimhen-alors-que-lagent-fait-une-declaration-sur-le-transfert-dal-ahli\/"},"wordCount":568,"publisher":{"@id":"https:\/\/footdavant.fr\/actualites\/#organization"},"keywords":["alors","Chelsea","d39AlAhli","D\u00e9claration","donne","fait","L39agent","l39espoir","Osimhen","sur","transfert","une","Victor"],"articleSection":["Premier League"],"inLanguage":"fr-FR"},{"@type":"WebPage","@id":"https:\/\/footdavant.fr\/actualites\/chelsea-a-donne-de-lespoir-a-victor-osimhen-alors-que-lagent-fait-une-declaration-sur-le-transfert-dal-ahli\/","url":"https:\/\/footdavant.fr\/actualites\/chelsea-a-donne-de-lespoir-a-victor-osimhen-alors-que-lagent-fait-une-declaration-sur-le-transfert-dal-ahli\/","name":"Chelsea a donn\u00e9 de l&#39;espoir \u00e0 Victor Osimhen alors que l&#39;agent fait une d\u00e9claration sur le transfert d&#39;Al-Ahli","isPartOf":{"@id":"https:\/\/footdavant.fr\/actualites\/#website"},"datePublished":"2024-09-01T08:48:28+00:00","dateModified":"2024-09-01T08:48:29+00:00","breadcrumb":{"@id":"https:\/\/footdavant.fr\/actualites\/chelsea-a-donne-de-lespoir-a-victor-osimhen-alors-que-lagent-fait-une-declaration-sur-le-transfert-dal-ahli\/#breadcrumb"},"inLanguage":"fr-FR","potentialAction":[{"@type":"ReadAction","target":["https:\/\/footdavant.fr\/actualites\/chelsea-a-donne-de-lespoir-a-victor-osimhen-alors-que-lagent-fait-une-declaration-sur-le-transfert-dal-ahli\/"]}]},{"@type":"BreadcrumbList","@id":"https:\/\/footdavant.fr\/actualites\/chelsea-a-donne-de-lespoir-a-victor-osimhen-alors-que-lagent-fait-une-declaration-sur-le-transfert-dal-ahli\/#breadcrumb","itemListElement":[{"@type":"ListItem","position":1,"name":"Accueil","item":"https:\/\/footdavant.fr\/actualites\/"},{"@type":"ListItem","position":2,"name":"Chelsea a donn\u00e9 de l&#39;espoir \u00e0 Victor Osimhen alors que l&#39;agent fait une d\u00e9claration sur le transfert d&#39;Al-Ahli"}]},{"@type":"WebSite","@id":"https:\/\/footdavant.fr\/actualites\/#website","url":"https:\/\/footdavant.fr\/actualites\/","name":"Foot d'avant","description":"","publisher":{"@id":"https:\/\/footdavant.fr\/actualites\/#organization"},"potentialAction":[{"@type":"SearchAction","target":{"@type":"EntryPoint","urlTemplate":"https:\/\/footdavant.fr\/actualites\/?s={search_term_string}"},"query-input":"required name=search_term_string"}],"inLanguage":"fr-FR"},{"@type":"Organization","@id":"https:\/\/footdavant.fr\/actualites\/#organization","name":"Foot d'avant","url":"https:\/\/footdavant.fr\/actualites\/","logo":{"@type":"ImageObject","inLanguage":"fr-FR","@id":"https:\/\/footdavant.fr\/actualites\/#\/schema\/logo\/image\/","url":"https:\/\/footdavant.fr\/actualites\/wp-content\/uploads\/2023\/09\/Copy-of-FootDavant-Logo.png","contentUrl":"https:\/\/footdavant.fr\/actualites\/wp-content\/uploads\/2023\/09\/Copy-of-FootDavant-Logo.png","width":936,"height":549,"caption":"Foot d'avant"},"image":{"@id":"https:\/\/footdavant.fr\/actualites\/#\/schema\/logo\/image\/"},"sameAs":["https:\/\/www.facebook.com\/Footdavant\/","https:\/\/twitter.com\/FootdavantFr","https:\/\/www.instagram.com\/footdavant.fr\/"]},{"@type":"Person","@id":"https:\/\/footdavant.fr\/actualites\/#\/schema\/person\/bc222566d95871b37e597b3ed3ba5e1d","name":"Cl\u00e9ment","image":{"@type":"ImageObject","inLanguage":"fr-FR","@id":"https:\/\/footdavant.fr\/actualites\/#\/schema\/person\/image\/","url":"https:\/\/secure.gravatar.com\/avatar\/7728b29aac2719421e1a9159b2254c44?s=96&d=mm&r=g","contentUrl":"https:\/\/secure.gravatar.com\/avatar\/7728b29aac2719421e1a9159b2254c44?s=96&d=mm&r=g","caption":"Cl\u00e9ment"},"sameAs":["https:\/\/footdavant.fr\/"]}]}},"_links":{"self":[{"href":"https:\/\/footdavant.fr\/actualites\/wp-json\/wp\/v2\/posts\/12917"}],"collection":[{"href":"https:\/\/footdavant.fr\/actualites\/wp-json\/wp\/v2\/posts"}],"about":[{"href":"https:\/\/footdavant.fr\/actualites\/wp-json\/wp\/v2\/types\/post"}],"author":[{"embeddable":true,"href":"https:\/\/footdavant.fr\/actualites\/wp-json\/wp\/v2\/users\/1"}],"replies":[{"embeddable":true,"href":"https:\/\/footdavant.fr\/actualites\/wp-json\/wp\/v2\/comments?post=12917"}],"version-history":[{"count":1,"href":"https:\/\/footdavant.fr\/actualites\/wp-json\/wp\/v2\/posts\/12917\/revisions"}],"predecessor-version":[{"id":12919,"href":"https:\/\/footdavant.fr\/actualites\/wp-json\/wp\/v2\/posts\/12917\/revisions\/12919"}],"wp:featuredmedia":[{"embeddable":true,"href":"https:\/\/footdavant.fr\/actualites\/wp-json\/wp\/v2\/media\/12918"}],"wp:attachment":[{"href":"https:\/\/footdavant.fr\/actualites\/wp-json\/wp\/v2\/media?parent=12917"}],"wp:term":[{"taxonomy":"category","embeddable":true,"href":"https:\/\/footdavant.fr\/actualites\/wp-json\/wp\/v2\/categories?post=12917"},{"taxonomy":"post_tag","embeddable":true,"href":"https:\/\/footdavant.fr\/actualites\/wp-json\/wp\/v2\/tags?post=12917"}],"curies":[{"name":"wp","href":"https:\/\/api.w.org\/{rel}","templated":true}]}}