{"id":12920,"date":"2024-09-01T12:51:09","date_gmt":"2024-09-01T10:51:09","guid":{"rendered":"https:\/\/footdavant.fr\/actualites\/un-journaliste-met-en-garde-liverpool-contre-la-situation-destabilisatrice-a-laquelle-sont-confrontes-les-reds\/"},"modified":"2024-09-01T12:51:12","modified_gmt":"2024-09-01T10:51:12","slug":"un-journaliste-met-en-garde-liverpool-contre-la-situation-destabilisatrice-a-laquelle-sont-confrontes-les-reds","status":"publish","type":"post","link":"https:\/\/footdavant.fr\/actualites\/un-journaliste-met-en-garde-liverpool-contre-la-situation-destabilisatrice-a-laquelle-sont-confrontes-les-reds\/","title":{"rendered":"Un journaliste met en garde Liverpool contre la situation \u00ab d\u00e9stabilisatrice \u00bb \u00e0 laquelle sont confront\u00e9s les Reds"},"content":{"rendered":"<p><\/p>\n<div id=\"article-body\">\n<!-- Article Start --><\/p>\n<p>Liverpool a \u00e9t\u00e9 accus\u00e9 de \u00ab n\u00e9gligence \u00bb concernant une situation \u00e0 Anfield qui menace d&#39;avoir un effet \u00ab d\u00e9stabilisateur \u00bb sur le club.<\/p>\n<p>Le capitaine des Reds, Virgil van Dijk, le vice-capitaine Trent Alexander-Arnold et la menace de but la plus potentielle, Mo Salah, sont tous dans les 10 derniers mois de leurs contrats respectifs, et l&#39;anxi\u00e9t\u00e9 r\u00e8gne parmi les fans des Reds quant \u00e0 l&#39;avenir de ce trio crucial.<\/p>\n<p>Dans son dernier article pour The Guardian, Jonathan Wilson a d\u00e9clar\u00e9 que m\u00eame si les bouleversements \u00e0 grande \u00e9chelle dans les coulisses de L4 ont \u00e9t\u00e9 un facteur contributif, il est toujours alarmant que trois des joueurs les plus cruciaux de l&#39;\u00e9quipe soient si profond\u00e9ment engag\u00e9s dans leurs contrats actuels sans aucun signe discernable d&#39;une r\u00e9solution.<\/p>\n<\/p>\n<p>Le journaliste a \u00e9crit : <\/p>\n<\/p>\n<p>Wilson a ajout\u00e9 : <\/p>\n<\/p>\n<\/p>\n<p>Wilson a captur\u00e9 l&#39;humeur d&#39;une grande partie des fans de Liverpool dans cet article, et apr\u00e8s une fen\u00eatre de transfert qui a vu peu d&#39;entr\u00e9es et beaucoup de sorties, la saga contractuelle en cours \u00e0 trois volets a ajout\u00e9 aux inqui\u00e9tudes des supporters quant \u00e0 la strat\u00e9gie au niveau du conseil d&#39;administration.<\/p>\n<p>Le fait que Trent, Salah ou Van Dijk soit si proche de devenir agent libre ferait fr\u00e9mir les supporters. Le fait que ces trois joueurs soient dans la derni\u00e8re ann\u00e9e de leur contrat respectif est pr\u00e9judiciable \u00e0 l&#39;obtention d&#39;une tension art\u00e9rielle saine.<\/p>\n<p>M\u00eame en admettant que ces deux derniers auront respectivement 33 et 34 ans l&#39;\u00e9t\u00e9 prochain, et que le club a une politique non \u00e9crite compr\u00e9hensible de ne pas proposer de renouvellements \u00e0 long terme aux joueurs de 30 ans, les standards atteints par l&#39;\u00c9gyptien et le N\u00e9erlandais justifieraient qu&#39;une exception soit faite dans leur cas.<\/p>\n<p>Quant \u00e0 notre num\u00e9ro 66, ce serait un reflet accablant sur Liverpool si un joueur au sommet de sa carri\u00e8re, en particulier un de ses talents qui est \u00e9galement un Scouser n\u00e9 et \u00e9lev\u00e9, repartait avec un transfert gratuit en 2025 parce que son contrat a \u00e9t\u00e9 laiss\u00e9 suivre son cours sans \u00eatre abord\u00e9 par la hi\u00e9rarchie.<\/p>\n<p>Maintenant que le march\u00e9 des transferts est ferm\u00e9 jusqu&#39;en janvier, Richard Hughes doit s\u00fbrement concentrer son attention \u00e0 convaincre Trent, Salah et Van Dijk de signer de nouveaux contrats, afin que nous puissions tous enfin nous d\u00e9tendre sur trois des figures les plus cruciales de l&#39;\u00e9quipe d&#39;Arne Slot.<\/p>\n<\/p>\n<p><span class=\"embed-youtube\" style=\"text-align:center; display: block;\"><\/span><\/p>\n<p><!-- Article End -->\t\t\t\t<\/div>\n<p><script async src=\"\/\/www.instagram.com\/embed.js\"><\/script><\/p>\n","protected":false},"excerpt":{"rendered":"<p>Liverpool a \u00e9t\u00e9 accus\u00e9 de \u00ab n\u00e9gligence \u00bb concernant une situation \u00e0 Anfield qui menace d&#39;avoir un effet \u00ab d\u00e9stabilisateur \u00bb sur le club. Le<\/p>\n","protected":false},"author":1,"featured_media":12921,"comment_status":"closed","ping_status":"","sticky":false,"template":"","format":"standard","meta":{"footnotes":""},"categories":[3],"tags":[6270,20,6269,205,1372,2796,93,53,950,722,520,45],"yoast_head":"<!-- This site is optimized with the Yoast SEO plugin v21.0 - https:\/\/yoast.com\/wordpress\/plugins\/seo\/ -->\n<title>Un journaliste met en garde Liverpool contre la situation \u00ab d\u00e9stabilisatrice \u00bb \u00e0 laquelle sont confront\u00e9s les Reds<\/title>\n<meta name=\"robots\" content=\"index, follow, max-snippet:-1, max-image-preview:large, max-video-preview:-1\" \/>\n<link rel=\"canonical\" href=\"https:\/\/footdavant.fr\/actualites\/un-journaliste-met-en-garde-liverpool-contre-la-situation-destabilisatrice-a-laquelle-sont-confrontes-les-reds\/\" \/>\n<meta property=\"og:locale\" content=\"fr_FR\" \/>\n<meta property=\"og:type\" content=\"article\" \/>\n<meta property=\"og:title\" content=\"Un journaliste met en garde Liverpool contre la situation \u00ab d\u00e9stabilisatrice \u00bb \u00e0 laquelle sont confront\u00e9s les Reds\" \/>\n<meta property=\"og:description\" content=\"Liverpool a \u00e9t\u00e9 accus\u00e9 de \u00ab n\u00e9gligence \u00bb concernant une situation \u00e0 Anfield qui menace d&#039;avoir un effet \u00ab d\u00e9stabilisateur \u00bb sur le club. Le\" \/>\n<meta property=\"og:url\" content=\"https:\/\/footdavant.fr\/actualites\/un-journaliste-met-en-garde-liverpool-contre-la-situation-destabilisatrice-a-laquelle-sont-confrontes-les-reds\/\" \/>\n<meta property=\"og:site_name\" content=\"Foot d&#039;avant\" \/>\n<meta property=\"article:publisher\" content=\"https:\/\/www.facebook.com\/Footdavant\/\" \/>\n<meta property=\"article:published_time\" content=\"2024-09-01T10:51:09+00:00\" \/>\n<meta property=\"article:modified_time\" content=\"2024-09-01T10:51:12+00:00\" \/>\n<meta property=\"og:image\" content=\"https:\/\/footdavant.fr\/actualites\/wp-content\/uploads\/2024\/09\/Un-journaliste-met-en-garde-Liverpool-contre-la-situation.jpg\" \/>\n\t<meta property=\"og:image:width\" content=\"1240\" \/>\n\t<meta property=\"og:image:height\" content=\"827\" \/>\n\t<meta property=\"og:image:type\" content=\"image\/jpeg\" \/>\n<meta name=\"author\" content=\"Cl\u00e9ment\" \/>\n<meta name=\"twitter:card\" content=\"summary_large_image\" \/>\n<meta name=\"twitter:creator\" content=\"@FootdavantFr\" \/>\n<meta name=\"twitter:site\" content=\"@FootdavantFr\" \/>\n<meta name=\"twitter:label1\" content=\"\u00c9crit par\" \/>\n\t<meta name=\"twitter:data1\" content=\"Cl\u00e9ment\" \/>\n\t<meta name=\"twitter:label2\" content=\"Dur\u00e9e de lecture estim\u00e9e\" \/>\n\t<meta name=\"twitter:data2\" content=\"2 minutes\" \/>\n<script type=\"application\/ld+json\" class=\"yoast-schema-graph\">{\"@context\":\"https:\/\/schema.org\",\"@graph\":[{\"@type\":\"Article\",\"@id\":\"https:\/\/footdavant.fr\/actualites\/un-journaliste-met-en-garde-liverpool-contre-la-situation-destabilisatrice-a-laquelle-sont-confrontes-les-reds\/#article\",\"isPartOf\":{\"@id\":\"https:\/\/footdavant.fr\/actualites\/un-journaliste-met-en-garde-liverpool-contre-la-situation-destabilisatrice-a-laquelle-sont-confrontes-les-reds\/\"},\"author\":{\"name\":\"Cl\u00e9ment\",\"@id\":\"https:\/\/footdavant.fr\/actualites\/#\/schema\/person\/bc222566d95871b37e597b3ed3ba5e1d\"},\"headline\":\"Un journaliste met en garde Liverpool contre la situation \u00ab d\u00e9stabilisatrice \u00bb \u00e0 laquelle sont confront\u00e9s les Reds\",\"datePublished\":\"2024-09-01T10:51:09+00:00\",\"dateModified\":\"2024-09-01T10:51:12+00:00\",\"mainEntityOfPage\":{\"@id\":\"https:\/\/footdavant.fr\/actualites\/un-journaliste-met-en-garde-liverpool-contre-la-situation-destabilisatrice-a-laquelle-sont-confrontes-les-reds\/\"},\"wordCount\":430,\"publisher\":{\"@id\":\"https:\/\/footdavant.fr\/actualites\/#organization\"},\"keywords\":[\"confront\u00e9s\",\"contre\",\"d\u00e9stabilisatrice\",\"garde\",\"journaliste\",\"laquelle\",\"les\",\"Liverpool\",\"met\",\"Reds\",\"situation\",\"sont\"],\"articleSection\":[\"Football\"],\"inLanguage\":\"fr-FR\"},{\"@type\":\"WebPage\",\"@id\":\"https:\/\/footdavant.fr\/actualites\/un-journaliste-met-en-garde-liverpool-contre-la-situation-destabilisatrice-a-laquelle-sont-confrontes-les-reds\/\",\"url\":\"https:\/\/footdavant.fr\/actualites\/un-journaliste-met-en-garde-liverpool-contre-la-situation-destabilisatrice-a-laquelle-sont-confrontes-les-reds\/\",\"name\":\"Un journaliste met en garde Liverpool contre la situation \u00ab d\u00e9stabilisatrice \u00bb \u00e0 laquelle sont confront\u00e9s les Reds\",\"isPartOf\":{\"@id\":\"https:\/\/footdavant.fr\/actualites\/#website\"},\"datePublished\":\"2024-09-01T10:51:09+00:00\",\"dateModified\":\"2024-09-01T10:51:12+00:00\",\"breadcrumb\":{\"@id\":\"https:\/\/footdavant.fr\/actualites\/un-journaliste-met-en-garde-liverpool-contre-la-situation-destabilisatrice-a-laquelle-sont-confrontes-les-reds\/#breadcrumb\"},\"inLanguage\":\"fr-FR\",\"potentialAction\":[{\"@type\":\"ReadAction\",\"target\":[\"https:\/\/footdavant.fr\/actualites\/un-journaliste-met-en-garde-liverpool-contre-la-situation-destabilisatrice-a-laquelle-sont-confrontes-les-reds\/\"]}]},{\"@type\":\"BreadcrumbList\",\"@id\":\"https:\/\/footdavant.fr\/actualites\/un-journaliste-met-en-garde-liverpool-contre-la-situation-destabilisatrice-a-laquelle-sont-confrontes-les-reds\/#breadcrumb\",\"itemListElement\":[{\"@type\":\"ListItem\",\"position\":1,\"name\":\"Accueil\",\"item\":\"https:\/\/footdavant.fr\/actualites\/\"},{\"@type\":\"ListItem\",\"position\":2,\"name\":\"Un journaliste met en garde Liverpool contre la situation \u00ab d\u00e9stabilisatrice \u00bb \u00e0 laquelle sont confront\u00e9s les Reds\"}]},{\"@type\":\"WebSite\",\"@id\":\"https:\/\/footdavant.fr\/actualites\/#website\",\"url\":\"https:\/\/footdavant.fr\/actualites\/\",\"name\":\"Foot d'avant\",\"description\":\"\",\"publisher\":{\"@id\":\"https:\/\/footdavant.fr\/actualites\/#organization\"},\"potentialAction\":[{\"@type\":\"SearchAction\",\"target\":{\"@type\":\"EntryPoint\",\"urlTemplate\":\"https:\/\/footdavant.fr\/actualites\/?s={search_term_string}\"},\"query-input\":\"required name=search_term_string\"}],\"inLanguage\":\"fr-FR\"},{\"@type\":\"Organization\",\"@id\":\"https:\/\/footdavant.fr\/actualites\/#organization\",\"name\":\"Foot d'avant\",\"url\":\"https:\/\/footdavant.fr\/actualites\/\",\"logo\":{\"@type\":\"ImageObject\",\"inLanguage\":\"fr-FR\",\"@id\":\"https:\/\/footdavant.fr\/actualites\/#\/schema\/logo\/image\/\",\"url\":\"https:\/\/footdavant.fr\/actualites\/wp-content\/uploads\/2023\/09\/Copy-of-FootDavant-Logo.png\",\"contentUrl\":\"https:\/\/footdavant.fr\/actualites\/wp-content\/uploads\/2023\/09\/Copy-of-FootDavant-Logo.png\",\"width\":936,\"height\":549,\"caption\":\"Foot d'avant\"},\"image\":{\"@id\":\"https:\/\/footdavant.fr\/actualites\/#\/schema\/logo\/image\/\"},\"sameAs\":[\"https:\/\/www.facebook.com\/Footdavant\/\",\"https:\/\/twitter.com\/FootdavantFr\",\"https:\/\/www.instagram.com\/footdavant.fr\/\"]},{\"@type\":\"Person\",\"@id\":\"https:\/\/footdavant.fr\/actualites\/#\/schema\/person\/bc222566d95871b37e597b3ed3ba5e1d\",\"name\":\"Cl\u00e9ment\",\"image\":{\"@type\":\"ImageObject\",\"inLanguage\":\"fr-FR\",\"@id\":\"https:\/\/footdavant.fr\/actualites\/#\/schema\/person\/image\/\",\"url\":\"https:\/\/secure.gravatar.com\/avatar\/7728b29aac2719421e1a9159b2254c44?s=96&d=mm&r=g\",\"contentUrl\":\"https:\/\/secure.gravatar.com\/avatar\/7728b29aac2719421e1a9159b2254c44?s=96&d=mm&r=g\",\"caption\":\"Cl\u00e9ment\"},\"sameAs\":[\"https:\/\/footdavant.fr\/\"]}]}<\/script>\n<!-- \/ Yoast SEO plugin. -->","yoast_head_json":{"title":"Un journaliste met en garde Liverpool contre la situation \u00ab d\u00e9stabilisatrice \u00bb \u00e0 laquelle sont confront\u00e9s les Reds","robots":{"index":"index","follow":"follow","max-snippet":"max-snippet:-1","max-image-preview":"max-image-preview:large","max-video-preview":"max-video-preview:-1"},"canonical":"https:\/\/footdavant.fr\/actualites\/un-journaliste-met-en-garde-liverpool-contre-la-situation-destabilisatrice-a-laquelle-sont-confrontes-les-reds\/","og_locale":"fr_FR","og_type":"article","og_title":"Un journaliste met en garde Liverpool contre la situation \u00ab d\u00e9stabilisatrice \u00bb \u00e0 laquelle sont confront\u00e9s les Reds","og_description":"Liverpool a \u00e9t\u00e9 accus\u00e9 de \u00ab n\u00e9gligence \u00bb concernant une situation \u00e0 Anfield qui menace d&#39;avoir un effet \u00ab d\u00e9stabilisateur \u00bb sur le club. Le","og_url":"https:\/\/footdavant.fr\/actualites\/un-journaliste-met-en-garde-liverpool-contre-la-situation-destabilisatrice-a-laquelle-sont-confrontes-les-reds\/","og_site_name":"Foot d&#039;avant","article_publisher":"https:\/\/www.facebook.com\/Footdavant\/","article_published_time":"2024-09-01T10:51:09+00:00","article_modified_time":"2024-09-01T10:51:12+00:00","og_image":[{"width":1240,"height":827,"url":"https:\/\/footdavant.fr\/actualites\/wp-content\/uploads\/2024\/09\/Un-journaliste-met-en-garde-Liverpool-contre-la-situation.jpg","type":"image\/jpeg"}],"author":"Cl\u00e9ment","twitter_card":"summary_large_image","twitter_creator":"@FootdavantFr","twitter_site":"@FootdavantFr","twitter_misc":{"\u00c9crit par":"Cl\u00e9ment","Dur\u00e9e de lecture estim\u00e9e":"2 minutes"},"schema":{"@context":"https:\/\/schema.org","@graph":[{"@type":"Article","@id":"https:\/\/footdavant.fr\/actualites\/un-journaliste-met-en-garde-liverpool-contre-la-situation-destabilisatrice-a-laquelle-sont-confrontes-les-reds\/#article","isPartOf":{"@id":"https:\/\/footdavant.fr\/actualites\/un-journaliste-met-en-garde-liverpool-contre-la-situation-destabilisatrice-a-laquelle-sont-confrontes-les-reds\/"},"author":{"name":"Cl\u00e9ment","@id":"https:\/\/footdavant.fr\/actualites\/#\/schema\/person\/bc222566d95871b37e597b3ed3ba5e1d"},"headline":"Un journaliste met en garde Liverpool contre la situation \u00ab d\u00e9stabilisatrice \u00bb \u00e0 laquelle sont confront\u00e9s les Reds","datePublished":"2024-09-01T10:51:09+00:00","dateModified":"2024-09-01T10:51:12+00:00","mainEntityOfPage":{"@id":"https:\/\/footdavant.fr\/actualites\/un-journaliste-met-en-garde-liverpool-contre-la-situation-destabilisatrice-a-laquelle-sont-confrontes-les-reds\/"},"wordCount":430,"publisher":{"@id":"https:\/\/footdavant.fr\/actualites\/#organization"},"keywords":["confront\u00e9s","contre","d\u00e9stabilisatrice","garde","journaliste","laquelle","les","Liverpool","met","Reds","situation","sont"],"articleSection":["Football"],"inLanguage":"fr-FR"},{"@type":"WebPage","@id":"https:\/\/footdavant.fr\/actualites\/un-journaliste-met-en-garde-liverpool-contre-la-situation-destabilisatrice-a-laquelle-sont-confrontes-les-reds\/","url":"https:\/\/footdavant.fr\/actualites\/un-journaliste-met-en-garde-liverpool-contre-la-situation-destabilisatrice-a-laquelle-sont-confrontes-les-reds\/","name":"Un journaliste met en garde Liverpool contre la situation \u00ab d\u00e9stabilisatrice \u00bb \u00e0 laquelle sont confront\u00e9s les Reds","isPartOf":{"@id":"https:\/\/footdavant.fr\/actualites\/#website"},"datePublished":"2024-09-01T10:51:09+00:00","dateModified":"2024-09-01T10:51:12+00:00","breadcrumb":{"@id":"https:\/\/footdavant.fr\/actualites\/un-journaliste-met-en-garde-liverpool-contre-la-situation-destabilisatrice-a-laquelle-sont-confrontes-les-reds\/#breadcrumb"},"inLanguage":"fr-FR","potentialAction":[{"@type":"ReadAction","target":["https:\/\/footdavant.fr\/actualites\/un-journaliste-met-en-garde-liverpool-contre-la-situation-destabilisatrice-a-laquelle-sont-confrontes-les-reds\/"]}]},{"@type":"BreadcrumbList","@id":"https:\/\/footdavant.fr\/actualites\/un-journaliste-met-en-garde-liverpool-contre-la-situation-destabilisatrice-a-laquelle-sont-confrontes-les-reds\/#breadcrumb","itemListElement":[{"@type":"ListItem","position":1,"name":"Accueil","item":"https:\/\/footdavant.fr\/actualites\/"},{"@type":"ListItem","position":2,"name":"Un journaliste met en garde Liverpool contre la situation \u00ab d\u00e9stabilisatrice \u00bb \u00e0 laquelle sont confront\u00e9s les Reds"}]},{"@type":"WebSite","@id":"https:\/\/footdavant.fr\/actualites\/#website","url":"https:\/\/footdavant.fr\/actualites\/","name":"Foot d'avant","description":"","publisher":{"@id":"https:\/\/footdavant.fr\/actualites\/#organization"},"potentialAction":[{"@type":"SearchAction","target":{"@type":"EntryPoint","urlTemplate":"https:\/\/footdavant.fr\/actualites\/?s={search_term_string}"},"query-input":"required name=search_term_string"}],"inLanguage":"fr-FR"},{"@type":"Organization","@id":"https:\/\/footdavant.fr\/actualites\/#organization","name":"Foot d'avant","url":"https:\/\/footdavant.fr\/actualites\/","logo":{"@type":"ImageObject","inLanguage":"fr-FR","@id":"https:\/\/footdavant.fr\/actualites\/#\/schema\/logo\/image\/","url":"https:\/\/footdavant.fr\/actualites\/wp-content\/uploads\/2023\/09\/Copy-of-FootDavant-Logo.png","contentUrl":"https:\/\/footdavant.fr\/actualites\/wp-content\/uploads\/2023\/09\/Copy-of-FootDavant-Logo.png","width":936,"height":549,"caption":"Foot d'avant"},"image":{"@id":"https:\/\/footdavant.fr\/actualites\/#\/schema\/logo\/image\/"},"sameAs":["https:\/\/www.facebook.com\/Footdavant\/","https:\/\/twitter.com\/FootdavantFr","https:\/\/www.instagram.com\/footdavant.fr\/"]},{"@type":"Person","@id":"https:\/\/footdavant.fr\/actualites\/#\/schema\/person\/bc222566d95871b37e597b3ed3ba5e1d","name":"Cl\u00e9ment","image":{"@type":"ImageObject","inLanguage":"fr-FR","@id":"https:\/\/footdavant.fr\/actualites\/#\/schema\/person\/image\/","url":"https:\/\/secure.gravatar.com\/avatar\/7728b29aac2719421e1a9159b2254c44?s=96&d=mm&r=g","contentUrl":"https:\/\/secure.gravatar.com\/avatar\/7728b29aac2719421e1a9159b2254c44?s=96&d=mm&r=g","caption":"Cl\u00e9ment"},"sameAs":["https:\/\/footdavant.fr\/"]}]}},"_links":{"self":[{"href":"https:\/\/footdavant.fr\/actualites\/wp-json\/wp\/v2\/posts\/12920"}],"collection":[{"href":"https:\/\/footdavant.fr\/actualites\/wp-json\/wp\/v2\/posts"}],"about":[{"href":"https:\/\/footdavant.fr\/actualites\/wp-json\/wp\/v2\/types\/post"}],"author":[{"embeddable":true,"href":"https:\/\/footdavant.fr\/actualites\/wp-json\/wp\/v2\/users\/1"}],"replies":[{"embeddable":true,"href":"https:\/\/footdavant.fr\/actualites\/wp-json\/wp\/v2\/comments?post=12920"}],"version-history":[{"count":1,"href":"https:\/\/footdavant.fr\/actualites\/wp-json\/wp\/v2\/posts\/12920\/revisions"}],"predecessor-version":[{"id":12922,"href":"https:\/\/footdavant.fr\/actualites\/wp-json\/wp\/v2\/posts\/12920\/revisions\/12922"}],"wp:featuredmedia":[{"embeddable":true,"href":"https:\/\/footdavant.fr\/actualites\/wp-json\/wp\/v2\/media\/12921"}],"wp:attachment":[{"href":"https:\/\/footdavant.fr\/actualites\/wp-json\/wp\/v2\/media?parent=12920"}],"wp:term":[{"taxonomy":"category","embeddable":true,"href":"https:\/\/footdavant.fr\/actualites\/wp-json\/wp\/v2\/categories?post=12920"},{"taxonomy":"post_tag","embeddable":true,"href":"https:\/\/footdavant.fr\/actualites\/wp-json\/wp\/v2\/tags?post=12920"}],"curies":[{"name":"wp","href":"https:\/\/api.w.org\/{rel}","templated":true}]}}