{"id":12929,"date":"2024-09-01T18:49:02","date_gmt":"2024-09-01T16:49:02","guid":{"rendered":"https:\/\/footdavant.fr\/actualites\/la-position-de-raheem-sterling-sur-manchester-united-revelee-apres-les-allegations-dechange-de-jadon-sancho\/"},"modified":"2024-09-01T18:49:03","modified_gmt":"2024-09-01T16:49:03","slug":"la-position-de-raheem-sterling-sur-manchester-united-revelee-apres-les-allegations-dechange-de-jadon-sancho","status":"publish","type":"post","link":"https:\/\/footdavant.fr\/actualites\/la-position-de-raheem-sterling-sur-manchester-united-revelee-apres-les-allegations-dechange-de-jadon-sancho\/","title":{"rendered":"La position de Raheem Sterling sur Manchester United \u00ab r\u00e9v\u00e9l\u00e9e \u00bb apr\u00e8s les all\u00e9gations d&#39;\u00e9change de Jadon Sancho"},"content":{"rendered":"<p>L&#39;ailier de Chelsea Raheem Sterling serait ouvert \u00e0 un transfert \u00e0 Manchester United dans le cadre de discussions sur un \u00e9ventuel accord d&#39;\u00e9change impliquant Jadon Sancho.<\/p>\n<div id=\"article_body\" itemprop=\"articleBody\">\n<h3 class=\"firstPara\">\n<strong class=\"autotag\">Chelsea<\/strong> attaquant <strong class=\"autotag\">Raheem Sterling<\/strong> n&#39;a pas exclu la possibilit\u00e9 de finaliser un d\u00e9m\u00e9nagement vers <strong class=\"autotag\">Manchester United<\/strong>.<\/h3>\n<p>Sterling a marqu\u00e9 19 buts et fourni 12 passes d\u00e9cisives en 81 apparitions en comp\u00e9tition apr\u00e8s avoir effectu\u00e9 un transfert de Manchester City \u00e0 l&#39;\u00e9t\u00e9 2022.<\/p>\n<p>Bien qu&#39;il lui reste encore trois ans de contrat, il semble que Sterling ait d\u00e9j\u00e0 fait sa derni\u00e8re apparition pour Chelsea.<\/p>\n<p>Sterling n&#39;a figur\u00e9 dans aucune des trois \u00e9quipes de Chelsea cette saison, ayant \u00e9t\u00e9 banni de l&#39;\u00e9quipe premi\u00e8re par l&#39;entra\u00eeneur principal <strong class=\"autotag\">Enzo Maresca<\/strong>.<\/p>\n<p>Apr\u00e8s avoir \u00e9t\u00e9 jug\u00e9 exc\u00e9dentaire par rapport aux besoins, Sterling cherche d\u00e9sormais \u00e0 obtenir un transfert loin de Stamford Bridge avant la date limite des transferts d&#39;\u00e9t\u00e9.<\/p>\n<p class=\"imgI\">\n<h2 class=\"k3\">Sterling ouvert \u00e0 un transfert \u00e0 Manchester United<\/h2>\n<p>Chelsea est int\u00e9ress\u00e9 par la signature de l&#39;ailier de Manchester United <strong class=\"autotag\">Jadon Sancho<\/strong> et envisagent une proposition d&#39;\u00e9change impliquant la livre sterling.<\/p>\n<p>Il reste \u00e0 voir si Manchester United accepterait une telle proposition, mais <em>Courrier quotidien<\/em> rapportent que Sterling serait ouvert \u00e0 un transfert \u00e0 Old Trafford.<\/p>\n<p>Le rapport affirme que Sterling n&#39;exclurait pas imm\u00e9diatement un transfert \u00e0 Manchester United malgr\u00e9 ses liens ant\u00e9rieurs avec leurs rivaux locaux Manchester City.<\/p>\n<p>Sterling entretient toujours des liens avec ses anciens employeurs, mais il ne semble pas pr\u00eat \u00e0 ce que cela l&#39;emp\u00eache d&#39;envisager toute proposition de Manchester United.<\/p>\n<p class=\"imgI\"><img decoding=\"async\" loading=\"lazy\" class=\"l\" src=\"https:\/\/footdavant.fr\/actualites\/wp-content\/uploads\/2024\/09\/La-position-de-Raheem-Sterling-sur-Manchester-United-revelee.jpg\" title=\"Raheem Sterling de Chelsea le 11 ao\u00fbt 2024\" alt=\"Raheem Sterling de Chelsea le 11 ao\u00fbt 2024\" width=\"640\" height=\"480\"><\/p>\n<h2 class=\"k3\">Le pass\u00e9 de Sterling \u00e0 Manchester City<\/h2>\n<p>Le joueur de 29 ans a d\u00e9but\u00e9 sa carri\u00e8re senior avec Liverpool, avant de rejoindre Manchester City \u00e0 l&#39;\u00e9t\u00e9 2015.<\/p>\n<p>Sterling a fait 339 apparitions en comp\u00e9tition au cours de son s\u00e9jour avec les Citizens, marquant 131 buts et fournissant 73 passes d\u00e9cisives.<\/p>\n<p>L&#39;attaquant a connu un succ\u00e8s significatif \u00e0 l&#39;Etihad Stadium, aidant le club \u00e0 remporter quatre titres de Premier League, cinq Coupes EFL et une FA Cup.<\/p>\n<p>Apr\u00e8s avoir pass\u00e9 sept ans avec Manchester City, un transfert vers son rival de la ville s&#39;av\u00e9rerait certainement controvers\u00e9.<\/p>\n<p>Cependant, l&#39;opportunit\u00e9 pourrait s&#39;av\u00e9rer trop belle si Manchester United est pr\u00eat \u00e0 donner \u00e0 Sterling du temps de jeu r\u00e9gulier, ce qui pourrait l&#39;aider \u00e0 relancer sa carri\u00e8re internationale.<\/p>\n<\/div>\n","protected":false},"excerpt":{"rendered":"<p>L&#39;ailier de Chelsea Raheem Sterling serait ouvert \u00e0 un transfert \u00e0 Manchester United dans le cadre de discussions sur un \u00e9ventuel accord d&#39;\u00e9change impliquant Jadon<\/p>\n","protected":false},"author":1,"featured_media":12930,"comment_status":"closed","ping_status":"","sticky":false,"template":"","format":"standard","meta":{"footnotes":""},"categories":[5],"tags":[1547,25,5463,353,93,11,2283,430,4750,354,116,103,13],"yoast_head":"<!-- This site is optimized with the Yoast SEO plugin v21.0 - https:\/\/yoast.com\/wordpress\/plugins\/seo\/ -->\n<title>La position de Raheem Sterling sur Manchester United \u00ab r\u00e9v\u00e9l\u00e9e \u00bb apr\u00e8s les all\u00e9gations d&#039;\u00e9change de Jadon Sancho<\/title>\n<meta name=\"robots\" content=\"index, follow, max-snippet:-1, max-image-preview:large, max-video-preview:-1\" \/>\n<link rel=\"canonical\" href=\"https:\/\/footdavant.fr\/actualites\/la-position-de-raheem-sterling-sur-manchester-united-revelee-apres-les-allegations-dechange-de-jadon-sancho\/\" \/>\n<meta property=\"og:locale\" content=\"fr_FR\" \/>\n<meta property=\"og:type\" content=\"article\" \/>\n<meta property=\"og:title\" content=\"La position de Raheem Sterling sur Manchester United \u00ab r\u00e9v\u00e9l\u00e9e \u00bb apr\u00e8s les all\u00e9gations d&#039;\u00e9change de Jadon Sancho\" \/>\n<meta property=\"og:description\" content=\"L&#039;ailier de Chelsea Raheem Sterling serait ouvert \u00e0 un transfert \u00e0 Manchester United dans le cadre de discussions sur un \u00e9ventuel accord d&#039;\u00e9change impliquant Jadon\" \/>\n<meta property=\"og:url\" content=\"https:\/\/footdavant.fr\/actualites\/la-position-de-raheem-sterling-sur-manchester-united-revelee-apres-les-allegations-dechange-de-jadon-sancho\/\" \/>\n<meta property=\"og:site_name\" content=\"Foot d&#039;avant\" \/>\n<meta property=\"article:publisher\" content=\"https:\/\/www.facebook.com\/Footdavant\/\" \/>\n<meta property=\"article:published_time\" content=\"2024-09-01T16:49:02+00:00\" \/>\n<meta property=\"article:modified_time\" content=\"2024-09-01T16:49:03+00:00\" \/>\n<meta property=\"og:image\" content=\"https:\/\/footdavant.fr\/actualites\/wp-content\/uploads\/2024\/09\/La-position-de-Raheem-Sterling-sur-Manchester-United-revelee.jpeg\" \/>\n\t<meta property=\"og:image:width\" content=\"640\" \/>\n\t<meta property=\"og:image:height\" content=\"480\" \/>\n\t<meta property=\"og:image:type\" content=\"image\/jpeg\" \/>\n<meta name=\"author\" content=\"Cl\u00e9ment\" \/>\n<meta name=\"twitter:card\" content=\"summary_large_image\" \/>\n<meta name=\"twitter:creator\" content=\"@FootdavantFr\" \/>\n<meta name=\"twitter:site\" content=\"@FootdavantFr\" \/>\n<meta name=\"twitter:label1\" content=\"\u00c9crit par\" \/>\n\t<meta name=\"twitter:data1\" content=\"Cl\u00e9ment\" \/>\n\t<meta name=\"twitter:label2\" content=\"Dur\u00e9e de lecture estim\u00e9e\" \/>\n\t<meta name=\"twitter:data2\" content=\"2 minutes\" \/>\n<script type=\"application\/ld+json\" class=\"yoast-schema-graph\">{\"@context\":\"https:\/\/schema.org\",\"@graph\":[{\"@type\":\"Article\",\"@id\":\"https:\/\/footdavant.fr\/actualites\/la-position-de-raheem-sterling-sur-manchester-united-revelee-apres-les-allegations-dechange-de-jadon-sancho\/#article\",\"isPartOf\":{\"@id\":\"https:\/\/footdavant.fr\/actualites\/la-position-de-raheem-sterling-sur-manchester-united-revelee-apres-les-allegations-dechange-de-jadon-sancho\/\"},\"author\":{\"name\":\"Cl\u00e9ment\",\"@id\":\"https:\/\/footdavant.fr\/actualites\/#\/schema\/person\/bc222566d95871b37e597b3ed3ba5e1d\"},\"headline\":\"La position de Raheem Sterling sur Manchester United \u00ab r\u00e9v\u00e9l\u00e9e \u00bb apr\u00e8s les all\u00e9gations d&#39;\u00e9change de Jadon Sancho\",\"datePublished\":\"2024-09-01T16:49:02+00:00\",\"dateModified\":\"2024-09-01T16:49:03+00:00\",\"mainEntityOfPage\":{\"@id\":\"https:\/\/footdavant.fr\/actualites\/la-position-de-raheem-sterling-sur-manchester-united-revelee-apres-les-allegations-dechange-de-jadon-sancho\/\"},\"wordCount\":412,\"publisher\":{\"@id\":\"https:\/\/footdavant.fr\/actualites\/#organization\"},\"keywords\":[\"all\u00e9gations\",\"apr\u00e8s\",\"d39\u00e9change\",\"Jadon\",\"les\",\"Manchester\",\"position\",\"Raheem\",\"r\u00e9v\u00e9l\u00e9e\",\"Sancho\",\"sterling\",\"sur\",\"United\"],\"articleSection\":[\"Premier League\"],\"inLanguage\":\"fr-FR\"},{\"@type\":\"WebPage\",\"@id\":\"https:\/\/footdavant.fr\/actualites\/la-position-de-raheem-sterling-sur-manchester-united-revelee-apres-les-allegations-dechange-de-jadon-sancho\/\",\"url\":\"https:\/\/footdavant.fr\/actualites\/la-position-de-raheem-sterling-sur-manchester-united-revelee-apres-les-allegations-dechange-de-jadon-sancho\/\",\"name\":\"La position de Raheem Sterling sur Manchester United \u00ab r\u00e9v\u00e9l\u00e9e \u00bb apr\u00e8s les all\u00e9gations d&#39;\u00e9change de Jadon Sancho\",\"isPartOf\":{\"@id\":\"https:\/\/footdavant.fr\/actualites\/#website\"},\"datePublished\":\"2024-09-01T16:49:02+00:00\",\"dateModified\":\"2024-09-01T16:49:03+00:00\",\"breadcrumb\":{\"@id\":\"https:\/\/footdavant.fr\/actualites\/la-position-de-raheem-sterling-sur-manchester-united-revelee-apres-les-allegations-dechange-de-jadon-sancho\/#breadcrumb\"},\"inLanguage\":\"fr-FR\",\"potentialAction\":[{\"@type\":\"ReadAction\",\"target\":[\"https:\/\/footdavant.fr\/actualites\/la-position-de-raheem-sterling-sur-manchester-united-revelee-apres-les-allegations-dechange-de-jadon-sancho\/\"]}]},{\"@type\":\"BreadcrumbList\",\"@id\":\"https:\/\/footdavant.fr\/actualites\/la-position-de-raheem-sterling-sur-manchester-united-revelee-apres-les-allegations-dechange-de-jadon-sancho\/#breadcrumb\",\"itemListElement\":[{\"@type\":\"ListItem\",\"position\":1,\"name\":\"Accueil\",\"item\":\"https:\/\/footdavant.fr\/actualites\/\"},{\"@type\":\"ListItem\",\"position\":2,\"name\":\"La position de Raheem Sterling sur Manchester United \u00ab r\u00e9v\u00e9l\u00e9e \u00bb apr\u00e8s les all\u00e9gations d&#39;\u00e9change de Jadon Sancho\"}]},{\"@type\":\"WebSite\",\"@id\":\"https:\/\/footdavant.fr\/actualites\/#website\",\"url\":\"https:\/\/footdavant.fr\/actualites\/\",\"name\":\"Foot d'avant\",\"description\":\"\",\"publisher\":{\"@id\":\"https:\/\/footdavant.fr\/actualites\/#organization\"},\"potentialAction\":[{\"@type\":\"SearchAction\",\"target\":{\"@type\":\"EntryPoint\",\"urlTemplate\":\"https:\/\/footdavant.fr\/actualites\/?s={search_term_string}\"},\"query-input\":\"required name=search_term_string\"}],\"inLanguage\":\"fr-FR\"},{\"@type\":\"Organization\",\"@id\":\"https:\/\/footdavant.fr\/actualites\/#organization\",\"name\":\"Foot d'avant\",\"url\":\"https:\/\/footdavant.fr\/actualites\/\",\"logo\":{\"@type\":\"ImageObject\",\"inLanguage\":\"fr-FR\",\"@id\":\"https:\/\/footdavant.fr\/actualites\/#\/schema\/logo\/image\/\",\"url\":\"https:\/\/footdavant.fr\/actualites\/wp-content\/uploads\/2023\/09\/Copy-of-FootDavant-Logo.png\",\"contentUrl\":\"https:\/\/footdavant.fr\/actualites\/wp-content\/uploads\/2023\/09\/Copy-of-FootDavant-Logo.png\",\"width\":936,\"height\":549,\"caption\":\"Foot d'avant\"},\"image\":{\"@id\":\"https:\/\/footdavant.fr\/actualites\/#\/schema\/logo\/image\/\"},\"sameAs\":[\"https:\/\/www.facebook.com\/Footdavant\/\",\"https:\/\/twitter.com\/FootdavantFr\",\"https:\/\/www.instagram.com\/footdavant.fr\/\"]},{\"@type\":\"Person\",\"@id\":\"https:\/\/footdavant.fr\/actualites\/#\/schema\/person\/bc222566d95871b37e597b3ed3ba5e1d\",\"name\":\"Cl\u00e9ment\",\"image\":{\"@type\":\"ImageObject\",\"inLanguage\":\"fr-FR\",\"@id\":\"https:\/\/footdavant.fr\/actualites\/#\/schema\/person\/image\/\",\"url\":\"https:\/\/secure.gravatar.com\/avatar\/7728b29aac2719421e1a9159b2254c44?s=96&d=mm&r=g\",\"contentUrl\":\"https:\/\/secure.gravatar.com\/avatar\/7728b29aac2719421e1a9159b2254c44?s=96&d=mm&r=g\",\"caption\":\"Cl\u00e9ment\"},\"sameAs\":[\"https:\/\/footdavant.fr\/\"]}]}<\/script>\n<!-- \/ Yoast SEO plugin. -->","yoast_head_json":{"title":"La position de Raheem Sterling sur Manchester United \u00ab r\u00e9v\u00e9l\u00e9e \u00bb apr\u00e8s les all\u00e9gations d&#39;\u00e9change de Jadon Sancho","robots":{"index":"index","follow":"follow","max-snippet":"max-snippet:-1","max-image-preview":"max-image-preview:large","max-video-preview":"max-video-preview:-1"},"canonical":"https:\/\/footdavant.fr\/actualites\/la-position-de-raheem-sterling-sur-manchester-united-revelee-apres-les-allegations-dechange-de-jadon-sancho\/","og_locale":"fr_FR","og_type":"article","og_title":"La position de Raheem Sterling sur Manchester United \u00ab r\u00e9v\u00e9l\u00e9e \u00bb apr\u00e8s les all\u00e9gations d&#39;\u00e9change de Jadon Sancho","og_description":"L&#39;ailier de Chelsea Raheem Sterling serait ouvert \u00e0 un transfert \u00e0 Manchester United dans le cadre de discussions sur un \u00e9ventuel accord d&#39;\u00e9change impliquant Jadon","og_url":"https:\/\/footdavant.fr\/actualites\/la-position-de-raheem-sterling-sur-manchester-united-revelee-apres-les-allegations-dechange-de-jadon-sancho\/","og_site_name":"Foot d&#039;avant","article_publisher":"https:\/\/www.facebook.com\/Footdavant\/","article_published_time":"2024-09-01T16:49:02+00:00","article_modified_time":"2024-09-01T16:49:03+00:00","og_image":[{"width":640,"height":480,"url":"https:\/\/footdavant.fr\/actualites\/wp-content\/uploads\/2024\/09\/La-position-de-Raheem-Sterling-sur-Manchester-United-revelee.jpeg","type":"image\/jpeg"}],"author":"Cl\u00e9ment","twitter_card":"summary_large_image","twitter_creator":"@FootdavantFr","twitter_site":"@FootdavantFr","twitter_misc":{"\u00c9crit par":"Cl\u00e9ment","Dur\u00e9e de lecture estim\u00e9e":"2 minutes"},"schema":{"@context":"https:\/\/schema.org","@graph":[{"@type":"Article","@id":"https:\/\/footdavant.fr\/actualites\/la-position-de-raheem-sterling-sur-manchester-united-revelee-apres-les-allegations-dechange-de-jadon-sancho\/#article","isPartOf":{"@id":"https:\/\/footdavant.fr\/actualites\/la-position-de-raheem-sterling-sur-manchester-united-revelee-apres-les-allegations-dechange-de-jadon-sancho\/"},"author":{"name":"Cl\u00e9ment","@id":"https:\/\/footdavant.fr\/actualites\/#\/schema\/person\/bc222566d95871b37e597b3ed3ba5e1d"},"headline":"La position de Raheem Sterling sur Manchester United \u00ab r\u00e9v\u00e9l\u00e9e \u00bb apr\u00e8s les all\u00e9gations d&#39;\u00e9change de Jadon Sancho","datePublished":"2024-09-01T16:49:02+00:00","dateModified":"2024-09-01T16:49:03+00:00","mainEntityOfPage":{"@id":"https:\/\/footdavant.fr\/actualites\/la-position-de-raheem-sterling-sur-manchester-united-revelee-apres-les-allegations-dechange-de-jadon-sancho\/"},"wordCount":412,"publisher":{"@id":"https:\/\/footdavant.fr\/actualites\/#organization"},"keywords":["all\u00e9gations","apr\u00e8s","d39\u00e9change","Jadon","les","Manchester","position","Raheem","r\u00e9v\u00e9l\u00e9e","Sancho","sterling","sur","United"],"articleSection":["Premier League"],"inLanguage":"fr-FR"},{"@type":"WebPage","@id":"https:\/\/footdavant.fr\/actualites\/la-position-de-raheem-sterling-sur-manchester-united-revelee-apres-les-allegations-dechange-de-jadon-sancho\/","url":"https:\/\/footdavant.fr\/actualites\/la-position-de-raheem-sterling-sur-manchester-united-revelee-apres-les-allegations-dechange-de-jadon-sancho\/","name":"La position de Raheem Sterling sur Manchester United \u00ab r\u00e9v\u00e9l\u00e9e \u00bb apr\u00e8s les all\u00e9gations d&#39;\u00e9change de Jadon Sancho","isPartOf":{"@id":"https:\/\/footdavant.fr\/actualites\/#website"},"datePublished":"2024-09-01T16:49:02+00:00","dateModified":"2024-09-01T16:49:03+00:00","breadcrumb":{"@id":"https:\/\/footdavant.fr\/actualites\/la-position-de-raheem-sterling-sur-manchester-united-revelee-apres-les-allegations-dechange-de-jadon-sancho\/#breadcrumb"},"inLanguage":"fr-FR","potentialAction":[{"@type":"ReadAction","target":["https:\/\/footdavant.fr\/actualites\/la-position-de-raheem-sterling-sur-manchester-united-revelee-apres-les-allegations-dechange-de-jadon-sancho\/"]}]},{"@type":"BreadcrumbList","@id":"https:\/\/footdavant.fr\/actualites\/la-position-de-raheem-sterling-sur-manchester-united-revelee-apres-les-allegations-dechange-de-jadon-sancho\/#breadcrumb","itemListElement":[{"@type":"ListItem","position":1,"name":"Accueil","item":"https:\/\/footdavant.fr\/actualites\/"},{"@type":"ListItem","position":2,"name":"La position de Raheem Sterling sur Manchester United \u00ab r\u00e9v\u00e9l\u00e9e \u00bb apr\u00e8s les all\u00e9gations d&#39;\u00e9change de Jadon Sancho"}]},{"@type":"WebSite","@id":"https:\/\/footdavant.fr\/actualites\/#website","url":"https:\/\/footdavant.fr\/actualites\/","name":"Foot d'avant","description":"","publisher":{"@id":"https:\/\/footdavant.fr\/actualites\/#organization"},"potentialAction":[{"@type":"SearchAction","target":{"@type":"EntryPoint","urlTemplate":"https:\/\/footdavant.fr\/actualites\/?s={search_term_string}"},"query-input":"required name=search_term_string"}],"inLanguage":"fr-FR"},{"@type":"Organization","@id":"https:\/\/footdavant.fr\/actualites\/#organization","name":"Foot d'avant","url":"https:\/\/footdavant.fr\/actualites\/","logo":{"@type":"ImageObject","inLanguage":"fr-FR","@id":"https:\/\/footdavant.fr\/actualites\/#\/schema\/logo\/image\/","url":"https:\/\/footdavant.fr\/actualites\/wp-content\/uploads\/2023\/09\/Copy-of-FootDavant-Logo.png","contentUrl":"https:\/\/footdavant.fr\/actualites\/wp-content\/uploads\/2023\/09\/Copy-of-FootDavant-Logo.png","width":936,"height":549,"caption":"Foot d'avant"},"image":{"@id":"https:\/\/footdavant.fr\/actualites\/#\/schema\/logo\/image\/"},"sameAs":["https:\/\/www.facebook.com\/Footdavant\/","https:\/\/twitter.com\/FootdavantFr","https:\/\/www.instagram.com\/footdavant.fr\/"]},{"@type":"Person","@id":"https:\/\/footdavant.fr\/actualites\/#\/schema\/person\/bc222566d95871b37e597b3ed3ba5e1d","name":"Cl\u00e9ment","image":{"@type":"ImageObject","inLanguage":"fr-FR","@id":"https:\/\/footdavant.fr\/actualites\/#\/schema\/person\/image\/","url":"https:\/\/secure.gravatar.com\/avatar\/7728b29aac2719421e1a9159b2254c44?s=96&d=mm&r=g","contentUrl":"https:\/\/secure.gravatar.com\/avatar\/7728b29aac2719421e1a9159b2254c44?s=96&d=mm&r=g","caption":"Cl\u00e9ment"},"sameAs":["https:\/\/footdavant.fr\/"]}]}},"_links":{"self":[{"href":"https:\/\/footdavant.fr\/actualites\/wp-json\/wp\/v2\/posts\/12929"}],"collection":[{"href":"https:\/\/footdavant.fr\/actualites\/wp-json\/wp\/v2\/posts"}],"about":[{"href":"https:\/\/footdavant.fr\/actualites\/wp-json\/wp\/v2\/types\/post"}],"author":[{"embeddable":true,"href":"https:\/\/footdavant.fr\/actualites\/wp-json\/wp\/v2\/users\/1"}],"replies":[{"embeddable":true,"href":"https:\/\/footdavant.fr\/actualites\/wp-json\/wp\/v2\/comments?post=12929"}],"version-history":[{"count":1,"href":"https:\/\/footdavant.fr\/actualites\/wp-json\/wp\/v2\/posts\/12929\/revisions"}],"predecessor-version":[{"id":12931,"href":"https:\/\/footdavant.fr\/actualites\/wp-json\/wp\/v2\/posts\/12929\/revisions\/12931"}],"wp:featuredmedia":[{"embeddable":true,"href":"https:\/\/footdavant.fr\/actualites\/wp-json\/wp\/v2\/media\/12930"}],"wp:attachment":[{"href":"https:\/\/footdavant.fr\/actualites\/wp-json\/wp\/v2\/media?parent=12929"}],"wp:term":[{"taxonomy":"category","embeddable":true,"href":"https:\/\/footdavant.fr\/actualites\/wp-json\/wp\/v2\/categories?post=12929"},{"taxonomy":"post_tag","embeddable":true,"href":"https:\/\/footdavant.fr\/actualites\/wp-json\/wp\/v2\/tags?post=12929"}],"curies":[{"name":"wp","href":"https:\/\/api.w.org\/{rel}","templated":true}]}}