{"id":12983,"date":"2024-09-03T08:48:54","date_gmt":"2024-09-03T06:48:54","guid":{"rendered":"https:\/\/footdavant.fr\/actualites\/comment-zubimendi-est-desormais-percu-par-liverpool-apres-son-refus-de-transfert\/"},"modified":"2024-09-03T08:48:58","modified_gmt":"2024-09-03T06:48:58","slug":"comment-zubimendi-est-desormais-percu-par-liverpool-apres-son-refus-de-transfert","status":"publish","type":"post","link":"https:\/\/footdavant.fr\/actualites\/comment-zubimendi-est-desormais-percu-par-liverpool-apres-son-refus-de-transfert\/","title":{"rendered":"Comment Zubimendi est d\u00e9sormais per\u00e7u par Liverpool apr\u00e8s son refus de transfert"},"content":{"rendered":"<p><\/p>\n<div id=\"article-body\">\n<!-- Article Start --><\/p>\n<p>Liverpool a d\u00fb attendre la derni\u00e8re semaine du mercato estival avant de confirmer de nouvelles signatures, mais cela n&#39;aurait pas \u00e9t\u00e9 le cas si Martin Zubimendi n&#39;avait pas snob\u00e9 les Reds plus t\u00f4t en ao\u00fbt.<\/p>\n<p>Le LFC \u00e9tait pr\u00eat \u00e0 payer la clause lib\u00e9ratoire de 60 millions d&#39;euros (51 millions de livres sterling) du milieu de terrain, mais il a plut\u00f4t choisi de rester avec la Real Sociedad, aucune alternative de position n&#39;\u00e9tant arriv\u00e9e \u00e0 Anfield avant la date limite de vendredi dernier.<\/p>\n<p>Dans le dernier \u00e9pisode du podcast The Debrief, on a demand\u00e9 \u00e0 Fabrizio Romano si Richard Hughes reviendrait pour l&#39;international espagnol lorsque le march\u00e9 rouvrira en janvier.<\/p>\n<\/p>\n<p>Le gourou du transfert a r\u00e9pondu : <\/p>\n<\/p>\n<div class=\"substack-post-embed\" style=\"clear:left;\">\n<p lang=\"en\">D\u00e9cryptage des commentaires \u00e9nigmatiques de Mo Salah sur Liverpool par Rocket Sports Internet<\/p>\n<p>De plus\u2026 Les derni\u00e8res nouvelles sur la fen\u00eatre saoudienne et la prolongation de contrat de Nico Jackson<\/p>\n<p>Lire sur Substack<\/p>\n<\/div>\n<\/p>\n<p>Si Liverpool est pleinement convaincu que Zubimendi est l&#39;homme qui am\u00e9liorera le milieu de terrain d&#39;Arne Slot et donnera \u00e0 l&#39;\u00e9quipe son num\u00e9ro 6 optimal, alors nous ne devrions pas exclure une nouvelle tentative pour attirer le joueur de 25 ans dans la fen\u00eatre de transfert de janvier.<\/p>\n<p>Cependant, l&#39;Espagnol a peut-\u00eatre br\u00fbl\u00e9 les ponts avec de nombreux fans des Reds pour avoir refus\u00e9 l&#39;opportunit\u00e9 de venir \u00e0 Anfield le mois dernier, alors que toutes les autres pi\u00e8ces du puzzle semblaient \u00eatre en place pour que le transfert se concr\u00e9tise.<\/p>\n<p>Il se trouve que Ryan Gravenberch a excell\u00e9 dans ce secteur du terrain au cours des premi\u00e8res semaines de la saison, m\u00eame si un jugement d\u00e9finitif sur son aptitude \u00e0 ce r\u00f4le devrait \u00eatre r\u00e9serv\u00e9 pour un peu plus longtemps une fois que nous affronterons la cr\u00e8me de la cr\u00e8me de la Premier League et de la Ligue des champions.<\/p>\n<p>M\u00eame s&#39;il est \u00e9vident que Liverpool ne recrutera que des joueurs dont ils sont pleinement convaincus qu&#39;ils am\u00e9lioreront l&#39;\u00e9quipe de Slot, nous aimerions penser qu&#39;en janvier, ils auront au moins un plan B sur lequel s&#39;appuyer si le plan A ne fonctionne pas.<\/p>\n<p>La porte de Zubimendi ne semble pas encore d\u00e9finitivement verrouill\u00e9e, mais la hi\u00e9rarchie d&#39;Anfield serait bien avis\u00e9e de ne pas placer tous ses \u0153ufs dans ce panier particulier apr\u00e8s les \u00e9v\u00e9nements du mois dernier.<\/p>\n<\/p>\n<p><span class=\"embed-youtube\" style=\"text-align:center; display: block;\"><\/span><\/p>\n<p><!-- Article End -->\t\t\t\t<\/div>\n<p><script async src=\"\/\/www.instagram.com\/embed.js\"><\/script><\/p>\n","protected":false},"excerpt":{"rendered":"<p>Liverpool a d\u00fb attendre la derni\u00e8re semaine du mercato estival avant de confirmer de nouvelles signatures, mais cela n&#39;aurait pas \u00e9t\u00e9 le cas si Martin<\/p>\n","protected":false},"author":1,"featured_media":12984,"comment_status":"closed","ping_status":"","sticky":false,"template":"","format":"standard","meta":{"footnotes":""},"categories":[3],"tags":[25,1497,1564,217,53,75,6286,5596,86,700,893],"yoast_head":"<!-- This site is optimized with the Yoast SEO plugin v21.0 - https:\/\/yoast.com\/wordpress\/plugins\/seo\/ -->\n<title>Comment Zubimendi est d\u00e9sormais per\u00e7u par Liverpool apr\u00e8s son refus de transfert<\/title>\n<meta name=\"robots\" content=\"index, follow, max-snippet:-1, max-image-preview:large, max-video-preview:-1\" \/>\n<link rel=\"canonical\" href=\"https:\/\/footdavant.fr\/actualites\/comment-zubimendi-est-desormais-percu-par-liverpool-apres-son-refus-de-transfert\/\" \/>\n<meta property=\"og:locale\" content=\"fr_FR\" \/>\n<meta property=\"og:type\" content=\"article\" \/>\n<meta property=\"og:title\" content=\"Comment Zubimendi est d\u00e9sormais per\u00e7u par Liverpool apr\u00e8s son refus de transfert\" \/>\n<meta property=\"og:description\" content=\"Liverpool a d\u00fb attendre la derni\u00e8re semaine du mercato estival avant de confirmer de nouvelles signatures, mais cela n&#039;aurait pas \u00e9t\u00e9 le cas si Martin\" \/>\n<meta property=\"og:url\" content=\"https:\/\/footdavant.fr\/actualites\/comment-zubimendi-est-desormais-percu-par-liverpool-apres-son-refus-de-transfert\/\" \/>\n<meta property=\"og:site_name\" content=\"Foot d&#039;avant\" \/>\n<meta property=\"article:publisher\" content=\"https:\/\/www.facebook.com\/Footdavant\/\" \/>\n<meta property=\"article:published_time\" content=\"2024-09-03T06:48:54+00:00\" \/>\n<meta property=\"article:modified_time\" content=\"2024-09-03T06:48:58+00:00\" \/>\n<meta property=\"og:image\" content=\"https:\/\/footdavant.fr\/actualites\/wp-content\/uploads\/2024\/09\/Comment-Zubimendi-est-desormais-percu-par-Liverpool-apres-son-refus.jpg\" \/>\n\t<meta property=\"og:image:width\" content=\"1214\" \/>\n\t<meta property=\"og:image:height\" content=\"888\" \/>\n\t<meta property=\"og:image:type\" content=\"image\/jpeg\" \/>\n<meta name=\"author\" content=\"Cl\u00e9ment\" \/>\n<meta name=\"twitter:card\" content=\"summary_large_image\" \/>\n<meta name=\"twitter:creator\" content=\"@FootdavantFr\" \/>\n<meta name=\"twitter:site\" content=\"@FootdavantFr\" \/>\n<meta name=\"twitter:label1\" content=\"\u00c9crit par\" \/>\n\t<meta name=\"twitter:data1\" content=\"Cl\u00e9ment\" \/>\n\t<meta name=\"twitter:label2\" content=\"Dur\u00e9e de lecture estim\u00e9e\" \/>\n\t<meta name=\"twitter:data2\" content=\"2 minutes\" \/>\n<script type=\"application\/ld+json\" class=\"yoast-schema-graph\">{\"@context\":\"https:\/\/schema.org\",\"@graph\":[{\"@type\":\"Article\",\"@id\":\"https:\/\/footdavant.fr\/actualites\/comment-zubimendi-est-desormais-percu-par-liverpool-apres-son-refus-de-transfert\/#article\",\"isPartOf\":{\"@id\":\"https:\/\/footdavant.fr\/actualites\/comment-zubimendi-est-desormais-percu-par-liverpool-apres-son-refus-de-transfert\/\"},\"author\":{\"name\":\"Cl\u00e9ment\",\"@id\":\"https:\/\/footdavant.fr\/actualites\/#\/schema\/person\/bc222566d95871b37e597b3ed3ba5e1d\"},\"headline\":\"Comment Zubimendi est d\u00e9sormais per\u00e7u par Liverpool apr\u00e8s son refus de transfert\",\"datePublished\":\"2024-09-03T06:48:54+00:00\",\"dateModified\":\"2024-09-03T06:48:58+00:00\",\"mainEntityOfPage\":{\"@id\":\"https:\/\/footdavant.fr\/actualites\/comment-zubimendi-est-desormais-percu-par-liverpool-apres-son-refus-de-transfert\/\"},\"wordCount\":430,\"publisher\":{\"@id\":\"https:\/\/footdavant.fr\/actualites\/#organization\"},\"keywords\":[\"apr\u00e8s\",\"Comment\",\"d\u00e9sormais\",\"est\",\"Liverpool\",\"par\",\"per\u00e7u\",\"refus\",\"son\",\"transfert\",\"Zubimendi\"],\"articleSection\":[\"Football\"],\"inLanguage\":\"fr-FR\"},{\"@type\":\"WebPage\",\"@id\":\"https:\/\/footdavant.fr\/actualites\/comment-zubimendi-est-desormais-percu-par-liverpool-apres-son-refus-de-transfert\/\",\"url\":\"https:\/\/footdavant.fr\/actualites\/comment-zubimendi-est-desormais-percu-par-liverpool-apres-son-refus-de-transfert\/\",\"name\":\"Comment Zubimendi est d\u00e9sormais per\u00e7u par Liverpool apr\u00e8s son refus de transfert\",\"isPartOf\":{\"@id\":\"https:\/\/footdavant.fr\/actualites\/#website\"},\"datePublished\":\"2024-09-03T06:48:54+00:00\",\"dateModified\":\"2024-09-03T06:48:58+00:00\",\"breadcrumb\":{\"@id\":\"https:\/\/footdavant.fr\/actualites\/comment-zubimendi-est-desormais-percu-par-liverpool-apres-son-refus-de-transfert\/#breadcrumb\"},\"inLanguage\":\"fr-FR\",\"potentialAction\":[{\"@type\":\"ReadAction\",\"target\":[\"https:\/\/footdavant.fr\/actualites\/comment-zubimendi-est-desormais-percu-par-liverpool-apres-son-refus-de-transfert\/\"]}]},{\"@type\":\"BreadcrumbList\",\"@id\":\"https:\/\/footdavant.fr\/actualites\/comment-zubimendi-est-desormais-percu-par-liverpool-apres-son-refus-de-transfert\/#breadcrumb\",\"itemListElement\":[{\"@type\":\"ListItem\",\"position\":1,\"name\":\"Accueil\",\"item\":\"https:\/\/footdavant.fr\/actualites\/\"},{\"@type\":\"ListItem\",\"position\":2,\"name\":\"Comment Zubimendi est d\u00e9sormais per\u00e7u par Liverpool apr\u00e8s son refus de transfert\"}]},{\"@type\":\"WebSite\",\"@id\":\"https:\/\/footdavant.fr\/actualites\/#website\",\"url\":\"https:\/\/footdavant.fr\/actualites\/\",\"name\":\"Foot d'avant\",\"description\":\"\",\"publisher\":{\"@id\":\"https:\/\/footdavant.fr\/actualites\/#organization\"},\"potentialAction\":[{\"@type\":\"SearchAction\",\"target\":{\"@type\":\"EntryPoint\",\"urlTemplate\":\"https:\/\/footdavant.fr\/actualites\/?s={search_term_string}\"},\"query-input\":\"required name=search_term_string\"}],\"inLanguage\":\"fr-FR\"},{\"@type\":\"Organization\",\"@id\":\"https:\/\/footdavant.fr\/actualites\/#organization\",\"name\":\"Foot d'avant\",\"url\":\"https:\/\/footdavant.fr\/actualites\/\",\"logo\":{\"@type\":\"ImageObject\",\"inLanguage\":\"fr-FR\",\"@id\":\"https:\/\/footdavant.fr\/actualites\/#\/schema\/logo\/image\/\",\"url\":\"https:\/\/footdavant.fr\/actualites\/wp-content\/uploads\/2023\/09\/Copy-of-FootDavant-Logo.png\",\"contentUrl\":\"https:\/\/footdavant.fr\/actualites\/wp-content\/uploads\/2023\/09\/Copy-of-FootDavant-Logo.png\",\"width\":936,\"height\":549,\"caption\":\"Foot d'avant\"},\"image\":{\"@id\":\"https:\/\/footdavant.fr\/actualites\/#\/schema\/logo\/image\/\"},\"sameAs\":[\"https:\/\/www.facebook.com\/Footdavant\/\",\"https:\/\/twitter.com\/FootdavantFr\",\"https:\/\/www.instagram.com\/footdavant.fr\/\"]},{\"@type\":\"Person\",\"@id\":\"https:\/\/footdavant.fr\/actualites\/#\/schema\/person\/bc222566d95871b37e597b3ed3ba5e1d\",\"name\":\"Cl\u00e9ment\",\"image\":{\"@type\":\"ImageObject\",\"inLanguage\":\"fr-FR\",\"@id\":\"https:\/\/footdavant.fr\/actualites\/#\/schema\/person\/image\/\",\"url\":\"https:\/\/secure.gravatar.com\/avatar\/7728b29aac2719421e1a9159b2254c44?s=96&d=mm&r=g\",\"contentUrl\":\"https:\/\/secure.gravatar.com\/avatar\/7728b29aac2719421e1a9159b2254c44?s=96&d=mm&r=g\",\"caption\":\"Cl\u00e9ment\"},\"sameAs\":[\"https:\/\/footdavant.fr\/\"]}]}<\/script>\n<!-- \/ Yoast SEO plugin. -->","yoast_head_json":{"title":"Comment Zubimendi est d\u00e9sormais per\u00e7u par Liverpool apr\u00e8s son refus de transfert","robots":{"index":"index","follow":"follow","max-snippet":"max-snippet:-1","max-image-preview":"max-image-preview:large","max-video-preview":"max-video-preview:-1"},"canonical":"https:\/\/footdavant.fr\/actualites\/comment-zubimendi-est-desormais-percu-par-liverpool-apres-son-refus-de-transfert\/","og_locale":"fr_FR","og_type":"article","og_title":"Comment Zubimendi est d\u00e9sormais per\u00e7u par Liverpool apr\u00e8s son refus de transfert","og_description":"Liverpool a d\u00fb attendre la derni\u00e8re semaine du mercato estival avant de confirmer de nouvelles signatures, mais cela n&#39;aurait pas \u00e9t\u00e9 le cas si Martin","og_url":"https:\/\/footdavant.fr\/actualites\/comment-zubimendi-est-desormais-percu-par-liverpool-apres-son-refus-de-transfert\/","og_site_name":"Foot d&#039;avant","article_publisher":"https:\/\/www.facebook.com\/Footdavant\/","article_published_time":"2024-09-03T06:48:54+00:00","article_modified_time":"2024-09-03T06:48:58+00:00","og_image":[{"width":1214,"height":888,"url":"https:\/\/footdavant.fr\/actualites\/wp-content\/uploads\/2024\/09\/Comment-Zubimendi-est-desormais-percu-par-Liverpool-apres-son-refus.jpg","type":"image\/jpeg"}],"author":"Cl\u00e9ment","twitter_card":"summary_large_image","twitter_creator":"@FootdavantFr","twitter_site":"@FootdavantFr","twitter_misc":{"\u00c9crit par":"Cl\u00e9ment","Dur\u00e9e de lecture estim\u00e9e":"2 minutes"},"schema":{"@context":"https:\/\/schema.org","@graph":[{"@type":"Article","@id":"https:\/\/footdavant.fr\/actualites\/comment-zubimendi-est-desormais-percu-par-liverpool-apres-son-refus-de-transfert\/#article","isPartOf":{"@id":"https:\/\/footdavant.fr\/actualites\/comment-zubimendi-est-desormais-percu-par-liverpool-apres-son-refus-de-transfert\/"},"author":{"name":"Cl\u00e9ment","@id":"https:\/\/footdavant.fr\/actualites\/#\/schema\/person\/bc222566d95871b37e597b3ed3ba5e1d"},"headline":"Comment Zubimendi est d\u00e9sormais per\u00e7u par Liverpool apr\u00e8s son refus de transfert","datePublished":"2024-09-03T06:48:54+00:00","dateModified":"2024-09-03T06:48:58+00:00","mainEntityOfPage":{"@id":"https:\/\/footdavant.fr\/actualites\/comment-zubimendi-est-desormais-percu-par-liverpool-apres-son-refus-de-transfert\/"},"wordCount":430,"publisher":{"@id":"https:\/\/footdavant.fr\/actualites\/#organization"},"keywords":["apr\u00e8s","Comment","d\u00e9sormais","est","Liverpool","par","per\u00e7u","refus","son","transfert","Zubimendi"],"articleSection":["Football"],"inLanguage":"fr-FR"},{"@type":"WebPage","@id":"https:\/\/footdavant.fr\/actualites\/comment-zubimendi-est-desormais-percu-par-liverpool-apres-son-refus-de-transfert\/","url":"https:\/\/footdavant.fr\/actualites\/comment-zubimendi-est-desormais-percu-par-liverpool-apres-son-refus-de-transfert\/","name":"Comment Zubimendi est d\u00e9sormais per\u00e7u par Liverpool apr\u00e8s son refus de transfert","isPartOf":{"@id":"https:\/\/footdavant.fr\/actualites\/#website"},"datePublished":"2024-09-03T06:48:54+00:00","dateModified":"2024-09-03T06:48:58+00:00","breadcrumb":{"@id":"https:\/\/footdavant.fr\/actualites\/comment-zubimendi-est-desormais-percu-par-liverpool-apres-son-refus-de-transfert\/#breadcrumb"},"inLanguage":"fr-FR","potentialAction":[{"@type":"ReadAction","target":["https:\/\/footdavant.fr\/actualites\/comment-zubimendi-est-desormais-percu-par-liverpool-apres-son-refus-de-transfert\/"]}]},{"@type":"BreadcrumbList","@id":"https:\/\/footdavant.fr\/actualites\/comment-zubimendi-est-desormais-percu-par-liverpool-apres-son-refus-de-transfert\/#breadcrumb","itemListElement":[{"@type":"ListItem","position":1,"name":"Accueil","item":"https:\/\/footdavant.fr\/actualites\/"},{"@type":"ListItem","position":2,"name":"Comment Zubimendi est d\u00e9sormais per\u00e7u par Liverpool apr\u00e8s son refus de transfert"}]},{"@type":"WebSite","@id":"https:\/\/footdavant.fr\/actualites\/#website","url":"https:\/\/footdavant.fr\/actualites\/","name":"Foot d'avant","description":"","publisher":{"@id":"https:\/\/footdavant.fr\/actualites\/#organization"},"potentialAction":[{"@type":"SearchAction","target":{"@type":"EntryPoint","urlTemplate":"https:\/\/footdavant.fr\/actualites\/?s={search_term_string}"},"query-input":"required name=search_term_string"}],"inLanguage":"fr-FR"},{"@type":"Organization","@id":"https:\/\/footdavant.fr\/actualites\/#organization","name":"Foot d'avant","url":"https:\/\/footdavant.fr\/actualites\/","logo":{"@type":"ImageObject","inLanguage":"fr-FR","@id":"https:\/\/footdavant.fr\/actualites\/#\/schema\/logo\/image\/","url":"https:\/\/footdavant.fr\/actualites\/wp-content\/uploads\/2023\/09\/Copy-of-FootDavant-Logo.png","contentUrl":"https:\/\/footdavant.fr\/actualites\/wp-content\/uploads\/2023\/09\/Copy-of-FootDavant-Logo.png","width":936,"height":549,"caption":"Foot d'avant"},"image":{"@id":"https:\/\/footdavant.fr\/actualites\/#\/schema\/logo\/image\/"},"sameAs":["https:\/\/www.facebook.com\/Footdavant\/","https:\/\/twitter.com\/FootdavantFr","https:\/\/www.instagram.com\/footdavant.fr\/"]},{"@type":"Person","@id":"https:\/\/footdavant.fr\/actualites\/#\/schema\/person\/bc222566d95871b37e597b3ed3ba5e1d","name":"Cl\u00e9ment","image":{"@type":"ImageObject","inLanguage":"fr-FR","@id":"https:\/\/footdavant.fr\/actualites\/#\/schema\/person\/image\/","url":"https:\/\/secure.gravatar.com\/avatar\/7728b29aac2719421e1a9159b2254c44?s=96&d=mm&r=g","contentUrl":"https:\/\/secure.gravatar.com\/avatar\/7728b29aac2719421e1a9159b2254c44?s=96&d=mm&r=g","caption":"Cl\u00e9ment"},"sameAs":["https:\/\/footdavant.fr\/"]}]}},"_links":{"self":[{"href":"https:\/\/footdavant.fr\/actualites\/wp-json\/wp\/v2\/posts\/12983"}],"collection":[{"href":"https:\/\/footdavant.fr\/actualites\/wp-json\/wp\/v2\/posts"}],"about":[{"href":"https:\/\/footdavant.fr\/actualites\/wp-json\/wp\/v2\/types\/post"}],"author":[{"embeddable":true,"href":"https:\/\/footdavant.fr\/actualites\/wp-json\/wp\/v2\/users\/1"}],"replies":[{"embeddable":true,"href":"https:\/\/footdavant.fr\/actualites\/wp-json\/wp\/v2\/comments?post=12983"}],"version-history":[{"count":1,"href":"https:\/\/footdavant.fr\/actualites\/wp-json\/wp\/v2\/posts\/12983\/revisions"}],"predecessor-version":[{"id":12985,"href":"https:\/\/footdavant.fr\/actualites\/wp-json\/wp\/v2\/posts\/12983\/revisions\/12985"}],"wp:featuredmedia":[{"embeddable":true,"href":"https:\/\/footdavant.fr\/actualites\/wp-json\/wp\/v2\/media\/12984"}],"wp:attachment":[{"href":"https:\/\/footdavant.fr\/actualites\/wp-json\/wp\/v2\/media?parent=12983"}],"wp:term":[{"taxonomy":"category","embeddable":true,"href":"https:\/\/footdavant.fr\/actualites\/wp-json\/wp\/v2\/categories?post=12983"},{"taxonomy":"post_tag","embeddable":true,"href":"https:\/\/footdavant.fr\/actualites\/wp-json\/wp\/v2\/tags?post=12983"}],"curies":[{"name":"wp","href":"https:\/\/api.w.org\/{rel}","templated":true}]}}