{"id":1300,"date":"2023-11-23T09:02:56","date_gmt":"2023-11-23T08:02:56","guid":{"rendered":"https:\/\/footdavant.fr\/actualites\/pochettino-a-de-gros-problemes-de-selection-a-venir\/"},"modified":"2023-11-23T09:02:57","modified_gmt":"2023-11-23T08:02:57","slug":"pochettino-a-de-gros-problemes-de-selection-a-venir","status":"publish","type":"post","link":"https:\/\/footdavant.fr\/actualites\/pochettino-a-de-gros-problemes-de-selection-a-venir\/","title":{"rendered":"Pochettino a de gros probl\u00e8mes de s\u00e9lection \u00e0 venir \u2013"},"content":{"rendered":"<div id=\"mvp-content-main\">\n<p>La premi\u00e8re chose que je veux dire ici est que heureusement (pas heureusement), je mangerai mon chapeau si jamais nous voyons r\u00e9ellement le sc\u00e9nario ci-dessus dans le titre de cet article.<\/p>\n<p>Une \u00e9quipe de Chelsea en pleine forme ?  Cela n&rsquo;arrivera jamais !<\/p>\n<p>Malgr\u00e9 tout, c&rsquo;est quelque chose que nous pouvons commencer \u00e0 regarder de mani\u00e8re un peu plus r\u00e9aliste maintenant avec Romeo Lavia, Christopher Nkunku et Carney Chukwuemeka qui devraient bient\u00f4t revenir.  Je pense que Lavia et Nkunku seront en plein entra\u00eenement au plus tard la semaine prochaine, et Chukwuemeka est un peu derri\u00e8re eux.<\/p>\n<p>Ben Chilwell et Wesley Fofana restent les seules v\u00e9ritables blessures \u00e0 \u00ab long terme \u00bb, bien qu&rsquo;il y ait eu une action encourageante de r\u00e9cup\u00e9ration en salle de sport de Fofana \u00e0 Cobham la semaine derni\u00e8re, ce qui est un bon signe et peut-\u00eatre, peut-\u00eatre que nous le reverrons cette saison.<\/p>\n<p>C&rsquo;est vraiment une t\u00e2che impossible de choisir notre meilleur Xl lorsque tout le monde est en forme, car certains de ces joueurs sont devenus incontournables, et certains d&rsquo;entre eux portent des \u00e9tiquettes de prix de plus de 100 millions de livres sterling, ils ne peuvent donc s\u00fbrement pas \u00eatre autre chose que des d\u00e9butants r\u00e9guliers.<\/p>\n<p>Nous aurons tous des opinions diff\u00e9rentes \u00e0 ce sujet \u00e9galement, bien s\u00fbr, tout comme Mauricio Pochettino.  En gros, seule son opinion comptera, et pour une fois, je suis en fait TR\u00c8S heureux que ce soit son mal de t\u00eate et non le mien.<\/p>\n<p>Mais je vais en faire deux.  Un pour l&rsquo;\u00e9quipe que nous avons actuellement si tout le monde est en pleine forme, et un si nous ajoutons un attaquant, ce que je suis convaincu que nous devrions faire en janvier sous la forme d&rsquo;Ivan Toney.<\/p>\n<p>N\u2019oubliez pas que ceci est purement hypoth\u00e9tique et que nous partons du principe que tout le monde est en pleine forme et reste en pleine forme.  Je suis conscient des probl\u00e8mes de blessures pour Fofana, Reece James et Ben Chilwell.  Je fais donc cela de mani\u00e8re hypoth\u00e9tique.<\/p>\n<\/p>\n<p>J&rsquo;utilise un front trois hybride bas\u00e9 sur des r\u00f4les libres et des \u00e9changes.<\/p>\n<p>Et puis si\/quand nous signons un attaquant, je dirais ceci\u00a0:<\/p>\n<p><img loading=\"lazy\" decoding=\"async\" class=\"alignnone size-full wp-image-40712\" src=\"https:\/\/footdavant.fr\/actualites\/wp-content\/uploads\/2023\/11\/1700726576_949_Pochettino-a-de-gros-problemes-de-selection-a-venir-\u2013.png\" alt=\"Image 1\" width=\"480\" height=\"600\"  ><\/p>\n<p>Oui, oui, je vous entends tous poser beaucoup de questions.  C&rsquo;est la premi\u00e8re fois que j&rsquo;inclue Conor Gallagher quand tout le monde est en forme, et je pense simplement que c&rsquo;est parce qu&rsquo;il s&rsquo;est rendu ind\u00e9tr\u00f4nable.<\/p>\n<p>O\u00f9 est Beno\u00eet Badiashile ?  O\u00f9 est Rom\u00e9o Lavia ?  O\u00f9 est Nicolas Jackson ?  O\u00f9 se trouve Mykhailo Mudryk ?  Comment avez-vous exclu Raheem Sterling de la deuxi\u00e8me formation ?  O\u00f9 est la largeur dans la deuxi\u00e8me gamme ?  Et ainsi de suite.<\/p>\n<p>Le fait est, comme je l\u2019ai dit plus haut, que nous ne serons jamais tous d\u2019accord sur ce point.  Mais ce que j\u2019ai recherch\u00e9, c\u2019est deux choses.  La premi\u00e8re, et la plus importante pour moi, est de rassembler tous nos meilleurs joueurs\/meilleurs joueurs actuels sur le terrain.  Et le deuxi\u00e8me point, c&rsquo;est que j&rsquo;ai opt\u00e9 pour la fluidit\u00e9.  Des joueurs comme Palmer et Nkunku flotteront et se d\u00e9placeront librement, et lorsque nous manquerons d&rsquo;ailiers, nous aurons des arri\u00e8res lat\u00e9raux comme Chilwell et James qui auront la libert\u00e9 de jouer comme ailiers lorsque nous serons en attaque.<\/p>\n<p>Je pense \u00e9galement que nous pouvons opter pour des formations diff\u00e9rentes pour diff\u00e9rentes oppositions, comme certains d\u2019entre vous l\u2019ont soulign\u00e9 ici hier.  Nous pouvons opter pour diff\u00e9rentes options lorsque nous jouons des blocs bas ou lorsque nous jouons contre des \u00e9quipes de haut niveau.  Par exemple, nous pouvons d\u00e9placer Gallagher, Enzo ou Caicedo pour un attaquant\/cr\u00e9ateur suppl\u00e9mentaire lorsque nous jouons contre des blocs bas.<\/p>\n<p>Il est tr\u00e8s difficile de laisser de c\u00f4t\u00e9 certains des noms que je viens de mentionner ci-dessus.  Fofana, comme vous le savez, j&rsquo;ai toujours \u00e9t\u00e9 tr\u00e8s bien not\u00e9 et s&rsquo;il peut rester en forme, pour moi, il sera notre meilleur d\u00e9fenseur central.  Badiashile est \u00e9galement irr\u00e9el et Colwill devra rester superbe pour conserver sa place l\u00e0-bas \u2013 mais il l&#8217;emporte pour le moment.<\/p>\n<p>Marc Cucurella a \u00e9galement \u00e9t\u00e9 superbe et poussera Chilwell.  Et ce sera pareil sur tout le terrain.  J&rsquo;ai \u00e9galement une grande confiance en Lavia, et je n&rsquo;ai m\u00eame pas mentionn\u00e9 Chukwuemeka \u00e0 part \u00eatre bless\u00e9.  Je l&rsquo;\u00e9value FORTEMENT.  Ils feront tous pression.<\/p>\n<p>En fin de compte, soit les joueurs que j&rsquo;ai laiss\u00e9s de c\u00f4t\u00e9, soit je ne suis pas encore tout \u00e0 fait convaincu, je les consid\u00e8re comme un peu trop incoh\u00e9rents, soit les joueurs que j&rsquo;ai mis devant eux, je les note simplement plus.  Et cela en dit long.<\/p>\n<p>\u00c9coutez, la r\u00e9alit\u00e9 est que nous aurons encore beaucoup de blessures \u00e0 g\u00e9rer, naturellement.  La FA Cup commence bient\u00f4t, nous sommes toujours en Coupe de la Ligue et, la saison prochaine, j&rsquo;esp\u00e8re que nous ajouterons le football europ\u00e9en.  Il y aura donc des chances, il y aura une rotation et il y aura de la comp\u00e9tition.  Chaque \u00e9quipe de haut niveau a besoin de comp\u00e9tition, et les joueurs sauront qu\u2019en jouant pour un club comme Chelsea, ils devront se battre et bien jouer pour conserver leur place.  Nous en avons besoin.<\/p>\n<p>Mais le fait qu&rsquo;il soit si difficile maintenant de choisir le meilleur Chelsea Xl t\u00e9moigne de la constitution de notre \u00e9quipe jusqu&rsquo;\u00e0 pr\u00e9sent et de la qualit\u00e9 de notre recrutement.<\/p>\n<p>Je pense cependant que certains joueurs, comme Noni Madueke par exemple, pourraient \u00eatre pr\u00eat\u00e9s.<\/p>\n<p>Je pense sinc\u00e8rement que nous avons fait nos preuves en mati\u00e8re de buts lors de la 9e manche, et peut-\u00eatre un peu plus d&rsquo;exp\u00e9rience avant de d\u00e9fier \u00e0 nouveau.<\/p>\n<p>Je pr\u00e9f\u00e9rerais de loin \u00eatre dans cette position plut\u00f4t que de conna\u00eetre notre Xl de d\u00e9part chaque semaine, car aucun des \u00ab joueurs de l&rsquo;\u00e9quipe \u00bb n&rsquo;est assez bon pour d\u00e9fier ou d\u00e9placer les titulaires r\u00e9guliers.<\/p>\n<div class=\"feature-box\">Si vous souhaitez figurer sur Talk Chelsea.<\/div>\n<p>\t\t\t\t\t\t\t\t\t<!--mvp-post-tags--><\/p><\/div>\n","protected":false},"excerpt":{"rendered":"<p>La premi\u00e8re chose que je veux dire ici est que heureusement (pas heureusement), je mangerai mon chapeau si jamais nous voyons r\u00e9ellement le sc\u00e9nario ci-dessus<\/p>\n","protected":false},"author":1,"featured_media":1301,"comment_status":"closed","ping_status":"","sticky":false,"template":"","format":"standard","meta":{"footnotes":""},"categories":[3],"tags":[1456,47,715,1457,1458],"yoast_head":"<!-- This site is optimized with the Yoast SEO plugin v21.0 - https:\/\/yoast.com\/wordpress\/plugins\/seo\/ -->\n<title>Pochettino a de gros probl\u00e8mes de s\u00e9lection \u00e0 venir \u2013<\/title>\n<meta name=\"robots\" content=\"index, follow, max-snippet:-1, max-image-preview:large, max-video-preview:-1\" \/>\n<link rel=\"canonical\" href=\"https:\/\/footdavant.fr\/actualites\/pochettino-a-de-gros-problemes-de-selection-a-venir\/\" \/>\n<meta property=\"og:locale\" content=\"fr_FR\" \/>\n<meta property=\"og:type\" content=\"article\" \/>\n<meta property=\"og:title\" content=\"Pochettino a de gros probl\u00e8mes de s\u00e9lection \u00e0 venir \u2013\" \/>\n<meta property=\"og:description\" content=\"La premi\u00e8re chose que je veux dire ici est que heureusement (pas heureusement), je mangerai mon chapeau si jamais nous voyons r\u00e9ellement le sc\u00e9nario ci-dessus\" \/>\n<meta property=\"og:url\" content=\"https:\/\/footdavant.fr\/actualites\/pochettino-a-de-gros-problemes-de-selection-a-venir\/\" \/>\n<meta property=\"og:site_name\" content=\"Foot d&#039;avant\" \/>\n<meta property=\"article:publisher\" content=\"https:\/\/www.facebook.com\/Footdavant\/\" \/>\n<meta property=\"article:published_time\" content=\"2023-11-23T08:02:56+00:00\" \/>\n<meta property=\"article:modified_time\" content=\"2023-11-23T08:02:57+00:00\" \/>\n<meta property=\"og:image\" content=\"https:\/\/footdavant.fr\/actualites\/wp-content\/uploads\/2023\/11\/Pochettino-a-de-gros-problemes-de-selection-a-venir-\u2013.jpg\" \/>\n\t<meta property=\"og:image:width\" content=\"1000\" \/>\n\t<meta property=\"og:image:height\" content=\"600\" \/>\n\t<meta property=\"og:image:type\" content=\"image\/jpeg\" \/>\n<meta name=\"author\" content=\"Cl\u00e9ment\" \/>\n<meta name=\"twitter:card\" content=\"summary_large_image\" \/>\n<meta name=\"twitter:creator\" content=\"@FootdavantFr\" \/>\n<meta name=\"twitter:site\" content=\"@FootdavantFr\" \/>\n<meta name=\"twitter:label1\" content=\"\u00c9crit par\" \/>\n\t<meta name=\"twitter:data1\" content=\"Cl\u00e9ment\" \/>\n\t<meta name=\"twitter:label2\" content=\"Dur\u00e9e de lecture estim\u00e9e\" \/>\n\t<meta name=\"twitter:data2\" content=\"5 minutes\" \/>\n<script type=\"application\/ld+json\" class=\"yoast-schema-graph\">{\"@context\":\"https:\/\/schema.org\",\"@graph\":[{\"@type\":\"Article\",\"@id\":\"https:\/\/footdavant.fr\/actualites\/pochettino-a-de-gros-problemes-de-selection-a-venir\/#article\",\"isPartOf\":{\"@id\":\"https:\/\/footdavant.fr\/actualites\/pochettino-a-de-gros-problemes-de-selection-a-venir\/\"},\"author\":{\"name\":\"Cl\u00e9ment\",\"@id\":\"https:\/\/footdavant.fr\/actualites\/#\/schema\/person\/bc222566d95871b37e597b3ed3ba5e1d\"},\"headline\":\"Pochettino a de gros probl\u00e8mes de s\u00e9lection \u00e0 venir \u2013\",\"datePublished\":\"2023-11-23T08:02:56+00:00\",\"dateModified\":\"2023-11-23T08:02:57+00:00\",\"mainEntityOfPage\":{\"@id\":\"https:\/\/footdavant.fr\/actualites\/pochettino-a-de-gros-problemes-de-selection-a-venir\/\"},\"wordCount\":1041,\"publisher\":{\"@id\":\"https:\/\/footdavant.fr\/actualites\/#organization\"},\"keywords\":[\"gros\",\"Pochettino\",\"Probl\u00e8mes\",\"s\u00e9lection\",\"venir\"],\"articleSection\":[\"Football\"],\"inLanguage\":\"fr-FR\"},{\"@type\":\"WebPage\",\"@id\":\"https:\/\/footdavant.fr\/actualites\/pochettino-a-de-gros-problemes-de-selection-a-venir\/\",\"url\":\"https:\/\/footdavant.fr\/actualites\/pochettino-a-de-gros-problemes-de-selection-a-venir\/\",\"name\":\"Pochettino a de gros probl\u00e8mes de s\u00e9lection \u00e0 venir \u2013\",\"isPartOf\":{\"@id\":\"https:\/\/footdavant.fr\/actualites\/#website\"},\"datePublished\":\"2023-11-23T08:02:56+00:00\",\"dateModified\":\"2023-11-23T08:02:57+00:00\",\"breadcrumb\":{\"@id\":\"https:\/\/footdavant.fr\/actualites\/pochettino-a-de-gros-problemes-de-selection-a-venir\/#breadcrumb\"},\"inLanguage\":\"fr-FR\",\"potentialAction\":[{\"@type\":\"ReadAction\",\"target\":[\"https:\/\/footdavant.fr\/actualites\/pochettino-a-de-gros-problemes-de-selection-a-venir\/\"]}]},{\"@type\":\"BreadcrumbList\",\"@id\":\"https:\/\/footdavant.fr\/actualites\/pochettino-a-de-gros-problemes-de-selection-a-venir\/#breadcrumb\",\"itemListElement\":[{\"@type\":\"ListItem\",\"position\":1,\"name\":\"Accueil\",\"item\":\"https:\/\/footdavant.fr\/actualites\/\"},{\"@type\":\"ListItem\",\"position\":2,\"name\":\"Pochettino a de gros probl\u00e8mes de s\u00e9lection \u00e0 venir \u2013\"}]},{\"@type\":\"WebSite\",\"@id\":\"https:\/\/footdavant.fr\/actualites\/#website\",\"url\":\"https:\/\/footdavant.fr\/actualites\/\",\"name\":\"Foot d'avant\",\"description\":\"\",\"publisher\":{\"@id\":\"https:\/\/footdavant.fr\/actualites\/#organization\"},\"potentialAction\":[{\"@type\":\"SearchAction\",\"target\":{\"@type\":\"EntryPoint\",\"urlTemplate\":\"https:\/\/footdavant.fr\/actualites\/?s={search_term_string}\"},\"query-input\":\"required name=search_term_string\"}],\"inLanguage\":\"fr-FR\"},{\"@type\":\"Organization\",\"@id\":\"https:\/\/footdavant.fr\/actualites\/#organization\",\"name\":\"Foot d'avant\",\"url\":\"https:\/\/footdavant.fr\/actualites\/\",\"logo\":{\"@type\":\"ImageObject\",\"inLanguage\":\"fr-FR\",\"@id\":\"https:\/\/footdavant.fr\/actualites\/#\/schema\/logo\/image\/\",\"url\":\"https:\/\/footdavant.fr\/actualites\/wp-content\/uploads\/2023\/09\/Copy-of-FootDavant-Logo.png\",\"contentUrl\":\"https:\/\/footdavant.fr\/actualites\/wp-content\/uploads\/2023\/09\/Copy-of-FootDavant-Logo.png\",\"width\":936,\"height\":549,\"caption\":\"Foot d'avant\"},\"image\":{\"@id\":\"https:\/\/footdavant.fr\/actualites\/#\/schema\/logo\/image\/\"},\"sameAs\":[\"https:\/\/www.facebook.com\/Footdavant\/\",\"https:\/\/twitter.com\/FootdavantFr\",\"https:\/\/www.instagram.com\/footdavant.fr\/\"]},{\"@type\":\"Person\",\"@id\":\"https:\/\/footdavant.fr\/actualites\/#\/schema\/person\/bc222566d95871b37e597b3ed3ba5e1d\",\"name\":\"Cl\u00e9ment\",\"image\":{\"@type\":\"ImageObject\",\"inLanguage\":\"fr-FR\",\"@id\":\"https:\/\/footdavant.fr\/actualites\/#\/schema\/person\/image\/\",\"url\":\"https:\/\/secure.gravatar.com\/avatar\/7728b29aac2719421e1a9159b2254c44?s=96&d=mm&r=g\",\"contentUrl\":\"https:\/\/secure.gravatar.com\/avatar\/7728b29aac2719421e1a9159b2254c44?s=96&d=mm&r=g\",\"caption\":\"Cl\u00e9ment\"},\"sameAs\":[\"https:\/\/footdavant.fr\/\"]}]}<\/script>\n<!-- \/ Yoast SEO plugin. -->","yoast_head_json":{"title":"Pochettino a de gros probl\u00e8mes de s\u00e9lection \u00e0 venir \u2013","robots":{"index":"index","follow":"follow","max-snippet":"max-snippet:-1","max-image-preview":"max-image-preview:large","max-video-preview":"max-video-preview:-1"},"canonical":"https:\/\/footdavant.fr\/actualites\/pochettino-a-de-gros-problemes-de-selection-a-venir\/","og_locale":"fr_FR","og_type":"article","og_title":"Pochettino a de gros probl\u00e8mes de s\u00e9lection \u00e0 venir \u2013","og_description":"La premi\u00e8re chose que je veux dire ici est que heureusement (pas heureusement), je mangerai mon chapeau si jamais nous voyons r\u00e9ellement le sc\u00e9nario ci-dessus","og_url":"https:\/\/footdavant.fr\/actualites\/pochettino-a-de-gros-problemes-de-selection-a-venir\/","og_site_name":"Foot d&#039;avant","article_publisher":"https:\/\/www.facebook.com\/Footdavant\/","article_published_time":"2023-11-23T08:02:56+00:00","article_modified_time":"2023-11-23T08:02:57+00:00","og_image":[{"width":1000,"height":600,"url":"https:\/\/footdavant.fr\/actualites\/wp-content\/uploads\/2023\/11\/Pochettino-a-de-gros-problemes-de-selection-a-venir-\u2013.jpg","type":"image\/jpeg"}],"author":"Cl\u00e9ment","twitter_card":"summary_large_image","twitter_creator":"@FootdavantFr","twitter_site":"@FootdavantFr","twitter_misc":{"\u00c9crit par":"Cl\u00e9ment","Dur\u00e9e de lecture estim\u00e9e":"5 minutes"},"schema":{"@context":"https:\/\/schema.org","@graph":[{"@type":"Article","@id":"https:\/\/footdavant.fr\/actualites\/pochettino-a-de-gros-problemes-de-selection-a-venir\/#article","isPartOf":{"@id":"https:\/\/footdavant.fr\/actualites\/pochettino-a-de-gros-problemes-de-selection-a-venir\/"},"author":{"name":"Cl\u00e9ment","@id":"https:\/\/footdavant.fr\/actualites\/#\/schema\/person\/bc222566d95871b37e597b3ed3ba5e1d"},"headline":"Pochettino a de gros probl\u00e8mes de s\u00e9lection \u00e0 venir \u2013","datePublished":"2023-11-23T08:02:56+00:00","dateModified":"2023-11-23T08:02:57+00:00","mainEntityOfPage":{"@id":"https:\/\/footdavant.fr\/actualites\/pochettino-a-de-gros-problemes-de-selection-a-venir\/"},"wordCount":1041,"publisher":{"@id":"https:\/\/footdavant.fr\/actualites\/#organization"},"keywords":["gros","Pochettino","Probl\u00e8mes","s\u00e9lection","venir"],"articleSection":["Football"],"inLanguage":"fr-FR"},{"@type":"WebPage","@id":"https:\/\/footdavant.fr\/actualites\/pochettino-a-de-gros-problemes-de-selection-a-venir\/","url":"https:\/\/footdavant.fr\/actualites\/pochettino-a-de-gros-problemes-de-selection-a-venir\/","name":"Pochettino a de gros probl\u00e8mes de s\u00e9lection \u00e0 venir \u2013","isPartOf":{"@id":"https:\/\/footdavant.fr\/actualites\/#website"},"datePublished":"2023-11-23T08:02:56+00:00","dateModified":"2023-11-23T08:02:57+00:00","breadcrumb":{"@id":"https:\/\/footdavant.fr\/actualites\/pochettino-a-de-gros-problemes-de-selection-a-venir\/#breadcrumb"},"inLanguage":"fr-FR","potentialAction":[{"@type":"ReadAction","target":["https:\/\/footdavant.fr\/actualites\/pochettino-a-de-gros-problemes-de-selection-a-venir\/"]}]},{"@type":"BreadcrumbList","@id":"https:\/\/footdavant.fr\/actualites\/pochettino-a-de-gros-problemes-de-selection-a-venir\/#breadcrumb","itemListElement":[{"@type":"ListItem","position":1,"name":"Accueil","item":"https:\/\/footdavant.fr\/actualites\/"},{"@type":"ListItem","position":2,"name":"Pochettino a de gros probl\u00e8mes de s\u00e9lection \u00e0 venir \u2013"}]},{"@type":"WebSite","@id":"https:\/\/footdavant.fr\/actualites\/#website","url":"https:\/\/footdavant.fr\/actualites\/","name":"Foot d'avant","description":"","publisher":{"@id":"https:\/\/footdavant.fr\/actualites\/#organization"},"potentialAction":[{"@type":"SearchAction","target":{"@type":"EntryPoint","urlTemplate":"https:\/\/footdavant.fr\/actualites\/?s={search_term_string}"},"query-input":"required name=search_term_string"}],"inLanguage":"fr-FR"},{"@type":"Organization","@id":"https:\/\/footdavant.fr\/actualites\/#organization","name":"Foot d'avant","url":"https:\/\/footdavant.fr\/actualites\/","logo":{"@type":"ImageObject","inLanguage":"fr-FR","@id":"https:\/\/footdavant.fr\/actualites\/#\/schema\/logo\/image\/","url":"https:\/\/footdavant.fr\/actualites\/wp-content\/uploads\/2023\/09\/Copy-of-FootDavant-Logo.png","contentUrl":"https:\/\/footdavant.fr\/actualites\/wp-content\/uploads\/2023\/09\/Copy-of-FootDavant-Logo.png","width":936,"height":549,"caption":"Foot d'avant"},"image":{"@id":"https:\/\/footdavant.fr\/actualites\/#\/schema\/logo\/image\/"},"sameAs":["https:\/\/www.facebook.com\/Footdavant\/","https:\/\/twitter.com\/FootdavantFr","https:\/\/www.instagram.com\/footdavant.fr\/"]},{"@type":"Person","@id":"https:\/\/footdavant.fr\/actualites\/#\/schema\/person\/bc222566d95871b37e597b3ed3ba5e1d","name":"Cl\u00e9ment","image":{"@type":"ImageObject","inLanguage":"fr-FR","@id":"https:\/\/footdavant.fr\/actualites\/#\/schema\/person\/image\/","url":"https:\/\/secure.gravatar.com\/avatar\/7728b29aac2719421e1a9159b2254c44?s=96&d=mm&r=g","contentUrl":"https:\/\/secure.gravatar.com\/avatar\/7728b29aac2719421e1a9159b2254c44?s=96&d=mm&r=g","caption":"Cl\u00e9ment"},"sameAs":["https:\/\/footdavant.fr\/"]}]}},"_links":{"self":[{"href":"https:\/\/footdavant.fr\/actualites\/wp-json\/wp\/v2\/posts\/1300"}],"collection":[{"href":"https:\/\/footdavant.fr\/actualites\/wp-json\/wp\/v2\/posts"}],"about":[{"href":"https:\/\/footdavant.fr\/actualites\/wp-json\/wp\/v2\/types\/post"}],"author":[{"embeddable":true,"href":"https:\/\/footdavant.fr\/actualites\/wp-json\/wp\/v2\/users\/1"}],"replies":[{"embeddable":true,"href":"https:\/\/footdavant.fr\/actualites\/wp-json\/wp\/v2\/comments?post=1300"}],"version-history":[{"count":1,"href":"https:\/\/footdavant.fr\/actualites\/wp-json\/wp\/v2\/posts\/1300\/revisions"}],"predecessor-version":[{"id":1302,"href":"https:\/\/footdavant.fr\/actualites\/wp-json\/wp\/v2\/posts\/1300\/revisions\/1302"}],"wp:featuredmedia":[{"embeddable":true,"href":"https:\/\/footdavant.fr\/actualites\/wp-json\/wp\/v2\/media\/1301"}],"wp:attachment":[{"href":"https:\/\/footdavant.fr\/actualites\/wp-json\/wp\/v2\/media?parent=1300"}],"wp:term":[{"taxonomy":"category","embeddable":true,"href":"https:\/\/footdavant.fr\/actualites\/wp-json\/wp\/v2\/categories?post=1300"},{"taxonomy":"post_tag","embeddable":true,"href":"https:\/\/footdavant.fr\/actualites\/wp-json\/wp\/v2\/tags?post=1300"}],"curies":[{"name":"wp","href":"https:\/\/api.w.org\/{rel}","templated":true}]}}