{"id":1330,"date":"2023-11-24T02:52:24","date_gmt":"2023-11-24T01:52:24","guid":{"rendered":"https:\/\/footdavant.fr\/actualites\/le-real-madrid-envisage-de-recruter-khephren-thuram-de-nice\/"},"modified":"2023-11-24T02:52:25","modified_gmt":"2023-11-24T01:52:25","slug":"le-real-madrid-envisage-de-recruter-khephren-thuram-de-nice","status":"publish","type":"post","link":"https:\/\/footdavant.fr\/actualites\/le-real-madrid-envisage-de-recruter-khephren-thuram-de-nice\/","title":{"rendered":"Le Real Madrid \u00ab\u00a0envisage de recruter Khephren Thuram de Nice\u00a0\u00bb"},"content":{"rendered":"<p>Le Real Madrid souhaite amener le milieu de terrain ni\u00e7ois Khephren Thuram au Bernabeu l&rsquo;\u00e9t\u00e9 prochain, selon un rapport.<\/p>\n<div id=\"article_body\" itemprop=\"articleBody\">\n<h3 class=\"firstPara\">\n<strong class=\"autotag\">Real Madrid<\/strong> seraient int\u00e9ress\u00e9s \u00e0 amener <strong class=\"autotag\">Bon<\/strong> milieu de terrain <strong class=\"autotag\">Kh\u00e9phren Thuram<\/strong> au Bernab\u00e9u.<\/h3>\n<p>Le joueur de 22 ans, fils de la l\u00e9gende fran\u00e7aise <strong class=\"autotag\">Lilian Thuram<\/strong> et fr\u00e8re de l&rsquo;attaquant de l&rsquo;Inter Milan <strong class=\"autotag\">Marcus Thuram<\/strong>\u00e9tait fortement li\u00e9 \u00e0 <strong class=\"autotag\">Liverpool<\/strong> lors du mercato estival, mais il est rest\u00e9 dans son club fran\u00e7ais au-del\u00e0 de la date limite.<\/p>\n<p>Le milieu de terrain a encore \u00e9t\u00e9 un joueur important pour Nice cette saison, \u00e9tant pr\u00e9sent \u00e0 10 reprises en Ligue 1, alors qu&rsquo;il a disput\u00e9 148 matchs avec les Aiglons depuis son arriv\u00e9e de Monaco en 2019.<\/p>\n<p>Le contrat actuel de Thuram expirera \u00e0 l&rsquo;\u00e9t\u00e9 2025 et Liverpool serait toujours int\u00e9ress\u00e9, mais il a \u00e9galement \u00e9t\u00e9 recommand\u00e9 au Real Madrid par son agent. <strong class=\"autotag\">Oscar Damiani<\/strong>.<\/p>\n<p>\u00ab\u00a0Khephren est un joueur tr\u00e8s technique et joue sur tout le terrain\u00a0\u00bb, a d\u00e9clar\u00e9 Damian aux journalistes.<\/p>\n<p class=\"imgI\">\n<p>\u00ab\u00a0Il a plus de classe mais moins de force que son fr\u00e8re [Marcus Thuram].  O\u00f9 pourrais-je voir Khephren r\u00e9ussir ?  Au Real Madrid.  Je lui ai recommand\u00e9 de <strong class=\"autotag\">Carlo Ancelotti<\/strong>\u00ab\u00a0.<\/p>\n<p>Selon <em>COMME<\/em>Le Real Madrid envisage actuellement s\u00e9rieusement de rejoindre Thuram lors du mercato de l&rsquo;\u00e9t\u00e9 prochain.<\/p>\n<p>Le rapport affirme que Los Blancos pensent qu&rsquo;il s&rsquo;int\u00e9grerait parfaitement \u00e0 leur style de football, et que le club devrait \u00eatre \u00e0 la recherche d&rsquo;au moins un milieu de terrain central l&rsquo;ann\u00e9e prochaine, avec <strong class=\"autotag\">Luka Modri\u0107<\/strong> et <strong class=\"autotag\">Tony Kroos<\/strong> tous deux pr\u00eats \u00e0 passer \u00e0 autre chose.<\/p>\n<p>Thuram pourrait faire l&rsquo;objet d&rsquo;offres importantes l&rsquo;\u00e9t\u00e9 prochain, m\u00eame si Nice n&rsquo;est pas en position de force pour n\u00e9gocier en raison du fait que son accord a moins de deux ans \u00e0 courir.<\/p>\n<p class=\"imgI\"><img decoding=\"async\" loading=\"lazy\" class=\"l\" src=\"https:\/\/footdavant.fr\/actualites\/wp-content\/uploads\/2023\/11\/1700790744_44_Le-Real-Madrid-envisage-de-recruter-Khephren-Thuram-de-Nice.jpg\" title=\"Khephren Thuram pour Nice en novembre 2022\" alt=\"Khephren Thuram pour Nice en novembre 2022\" width=\"640\" height=\"480\"><\/p>\n<p>Le milieu de terrain est un point fort pour le Real Madrid, mais le club traverse actuellement une crise \u00e0 ce poste, avec <strong class=\"autotag\">Eduardo Camavinga<\/strong> et <strong class=\"autotag\">Aur\u00e9lien Tchouameni<\/strong> en marge des blessures \u00e0 long terme.<\/p>\n<p><strong class=\"autotag\">Federico Valverde<\/strong> et Kroos ont \u00e9t\u00e9 titulaires r\u00e9guliers cette saison et cela devrait rester le cas dans les semaines \u00e0 venir, tandis que Modric pourrait \u00e9galement b\u00e9n\u00e9ficier d&rsquo;une place dans l&rsquo;\u00e9quipe en raison des absents.<\/p>\n<p><strong class=\"autotag\">Daniel Ceballos<\/strong> est \u00e9galement attendu ce mois-ci d&rsquo;une blessure musculaire, mais <strong class=\"autotag\">Jude Bellingham<\/strong> Il y a encore un doute pour le choc de Liga de ce week-end avec Cadix en raison d&rsquo;un probl\u00e8me \u00e0 l&rsquo;\u00e9paule.<\/p>\n<p>Le Real Madrid est d\u00e9j\u00e0 qualifi\u00e9 pour les huiti\u00e8mes de finale de la Ligue des champions, alors qu&rsquo;il est entr\u00e9 dans la tr\u00eave internationale apr\u00e8s une victoire 5-1 contre Valence en Liga.<\/p>\n<p>L&rsquo;\u00e9quipe d&rsquo;Ancelotti est deuxi\u00e8me de l&rsquo;\u00e9lite espagnole, \u00e0 deux points du leader de la division, G\u00e9rone.<\/p>\n<\/div>\n","protected":false},"excerpt":{"rendered":"<p>Le Real Madrid souhaite amener le milieu de terrain ni\u00e7ois Khephren Thuram au Bernabeu l&rsquo;\u00e9t\u00e9 prochain, selon un rapport. Real Madrid seraient int\u00e9ress\u00e9s \u00e0 amener<\/p>\n","protected":false},"author":1,"featured_media":1331,"comment_status":"closed","ping_status":"","sticky":false,"template":"","format":"standard","meta":{"footnotes":""},"categories":[5],"tags":[496,973,303,972,302,1284,974],"yoast_head":"<!-- This site is optimized with the Yoast SEO plugin v21.0 - https:\/\/yoast.com\/wordpress\/plugins\/seo\/ -->\n<title>Le Real Madrid &quot;envisage de recruter Khephren Thuram de Nice&quot;<\/title>\n<meta name=\"robots\" content=\"index, follow, max-snippet:-1, max-image-preview:large, max-video-preview:-1\" \/>\n<link rel=\"canonical\" href=\"https:\/\/footdavant.fr\/actualites\/le-real-madrid-envisage-de-recruter-khephren-thuram-de-nice\/\" \/>\n<meta property=\"og:locale\" content=\"fr_FR\" \/>\n<meta property=\"og:type\" content=\"article\" \/>\n<meta property=\"og:title\" content=\"Le Real Madrid &quot;envisage de recruter Khephren Thuram de Nice&quot;\" \/>\n<meta property=\"og:description\" content=\"Le Real Madrid souhaite amener le milieu de terrain ni\u00e7ois Khephren Thuram au Bernabeu l&rsquo;\u00e9t\u00e9 prochain, selon un rapport. Real Madrid seraient int\u00e9ress\u00e9s \u00e0 amener\" \/>\n<meta property=\"og:url\" content=\"https:\/\/footdavant.fr\/actualites\/le-real-madrid-envisage-de-recruter-khephren-thuram-de-nice\/\" \/>\n<meta property=\"og:site_name\" content=\"Foot d&#039;avant\" \/>\n<meta property=\"article:publisher\" content=\"https:\/\/www.facebook.com\/Footdavant\/\" \/>\n<meta property=\"article:published_time\" content=\"2023-11-24T01:52:24+00:00\" \/>\n<meta property=\"article:modified_time\" content=\"2023-11-24T01:52:25+00:00\" \/>\n<meta property=\"og:image\" content=\"https:\/\/footdavant.fr\/actualites\/wp-content\/uploads\/2023\/11\/Le-Real-Madrid-envisage-de-recruter-Khephren-Thuram-de-Nice.jpg\" \/>\n\t<meta property=\"og:image:width\" content=\"640\" \/>\n\t<meta property=\"og:image:height\" content=\"480\" \/>\n\t<meta property=\"og:image:type\" content=\"image\/jpeg\" \/>\n<meta name=\"author\" content=\"Cl\u00e9ment\" \/>\n<meta name=\"twitter:card\" content=\"summary_large_image\" \/>\n<meta name=\"twitter:creator\" content=\"@FootdavantFr\" \/>\n<meta name=\"twitter:site\" content=\"@FootdavantFr\" \/>\n<meta name=\"twitter:label1\" content=\"\u00c9crit par\" \/>\n\t<meta name=\"twitter:data1\" content=\"Cl\u00e9ment\" \/>\n\t<meta name=\"twitter:label2\" content=\"Dur\u00e9e de lecture estim\u00e9e\" \/>\n\t<meta name=\"twitter:data2\" content=\"2 minutes\" \/>\n<script type=\"application\/ld+json\" class=\"yoast-schema-graph\">{\"@context\":\"https:\/\/schema.org\",\"@graph\":[{\"@type\":\"Article\",\"@id\":\"https:\/\/footdavant.fr\/actualites\/le-real-madrid-envisage-de-recruter-khephren-thuram-de-nice\/#article\",\"isPartOf\":{\"@id\":\"https:\/\/footdavant.fr\/actualites\/le-real-madrid-envisage-de-recruter-khephren-thuram-de-nice\/\"},\"author\":{\"name\":\"Cl\u00e9ment\",\"@id\":\"https:\/\/footdavant.fr\/actualites\/#\/schema\/person\/bc222566d95871b37e597b3ed3ba5e1d\"},\"headline\":\"Le Real Madrid \u00ab\u00a0envisage de recruter Khephren Thuram de Nice\u00a0\u00bb\",\"datePublished\":\"2023-11-24T01:52:24+00:00\",\"dateModified\":\"2023-11-24T01:52:25+00:00\",\"mainEntityOfPage\":{\"@id\":\"https:\/\/footdavant.fr\/actualites\/le-real-madrid-envisage-de-recruter-khephren-thuram-de-nice\/\"},\"wordCount\":468,\"publisher\":{\"@id\":\"https:\/\/footdavant.fr\/actualites\/#organization\"},\"keywords\":[\"envisage\",\"Khephren\",\"Madrid\",\"Nice\",\"Real\",\"recruter\",\"Thuram\"],\"articleSection\":[\"Premier League\"],\"inLanguage\":\"fr-FR\"},{\"@type\":\"WebPage\",\"@id\":\"https:\/\/footdavant.fr\/actualites\/le-real-madrid-envisage-de-recruter-khephren-thuram-de-nice\/\",\"url\":\"https:\/\/footdavant.fr\/actualites\/le-real-madrid-envisage-de-recruter-khephren-thuram-de-nice\/\",\"name\":\"Le Real Madrid \\\"envisage de recruter Khephren Thuram de Nice\\\"\",\"isPartOf\":{\"@id\":\"https:\/\/footdavant.fr\/actualites\/#website\"},\"datePublished\":\"2023-11-24T01:52:24+00:00\",\"dateModified\":\"2023-11-24T01:52:25+00:00\",\"breadcrumb\":{\"@id\":\"https:\/\/footdavant.fr\/actualites\/le-real-madrid-envisage-de-recruter-khephren-thuram-de-nice\/#breadcrumb\"},\"inLanguage\":\"fr-FR\",\"potentialAction\":[{\"@type\":\"ReadAction\",\"target\":[\"https:\/\/footdavant.fr\/actualites\/le-real-madrid-envisage-de-recruter-khephren-thuram-de-nice\/\"]}]},{\"@type\":\"BreadcrumbList\",\"@id\":\"https:\/\/footdavant.fr\/actualites\/le-real-madrid-envisage-de-recruter-khephren-thuram-de-nice\/#breadcrumb\",\"itemListElement\":[{\"@type\":\"ListItem\",\"position\":1,\"name\":\"Accueil\",\"item\":\"https:\/\/footdavant.fr\/actualites\/\"},{\"@type\":\"ListItem\",\"position\":2,\"name\":\"Le Real Madrid \u00ab\u00a0envisage de recruter Khephren Thuram de Nice\u00a0\u00bb\"}]},{\"@type\":\"WebSite\",\"@id\":\"https:\/\/footdavant.fr\/actualites\/#website\",\"url\":\"https:\/\/footdavant.fr\/actualites\/\",\"name\":\"Foot d'avant\",\"description\":\"\",\"publisher\":{\"@id\":\"https:\/\/footdavant.fr\/actualites\/#organization\"},\"potentialAction\":[{\"@type\":\"SearchAction\",\"target\":{\"@type\":\"EntryPoint\",\"urlTemplate\":\"https:\/\/footdavant.fr\/actualites\/?s={search_term_string}\"},\"query-input\":\"required name=search_term_string\"}],\"inLanguage\":\"fr-FR\"},{\"@type\":\"Organization\",\"@id\":\"https:\/\/footdavant.fr\/actualites\/#organization\",\"name\":\"Foot d'avant\",\"url\":\"https:\/\/footdavant.fr\/actualites\/\",\"logo\":{\"@type\":\"ImageObject\",\"inLanguage\":\"fr-FR\",\"@id\":\"https:\/\/footdavant.fr\/actualites\/#\/schema\/logo\/image\/\",\"url\":\"https:\/\/footdavant.fr\/actualites\/wp-content\/uploads\/2023\/09\/Copy-of-FootDavant-Logo.png\",\"contentUrl\":\"https:\/\/footdavant.fr\/actualites\/wp-content\/uploads\/2023\/09\/Copy-of-FootDavant-Logo.png\",\"width\":936,\"height\":549,\"caption\":\"Foot d'avant\"},\"image\":{\"@id\":\"https:\/\/footdavant.fr\/actualites\/#\/schema\/logo\/image\/\"},\"sameAs\":[\"https:\/\/www.facebook.com\/Footdavant\/\",\"https:\/\/twitter.com\/FootdavantFr\",\"https:\/\/www.instagram.com\/footdavant.fr\/\"]},{\"@type\":\"Person\",\"@id\":\"https:\/\/footdavant.fr\/actualites\/#\/schema\/person\/bc222566d95871b37e597b3ed3ba5e1d\",\"name\":\"Cl\u00e9ment\",\"image\":{\"@type\":\"ImageObject\",\"inLanguage\":\"fr-FR\",\"@id\":\"https:\/\/footdavant.fr\/actualites\/#\/schema\/person\/image\/\",\"url\":\"https:\/\/secure.gravatar.com\/avatar\/7728b29aac2719421e1a9159b2254c44?s=96&d=mm&r=g\",\"contentUrl\":\"https:\/\/secure.gravatar.com\/avatar\/7728b29aac2719421e1a9159b2254c44?s=96&d=mm&r=g\",\"caption\":\"Cl\u00e9ment\"},\"sameAs\":[\"https:\/\/footdavant.fr\/\"]}]}<\/script>\n<!-- \/ Yoast SEO plugin. -->","yoast_head_json":{"title":"Le Real Madrid \"envisage de recruter Khephren Thuram de Nice\"","robots":{"index":"index","follow":"follow","max-snippet":"max-snippet:-1","max-image-preview":"max-image-preview:large","max-video-preview":"max-video-preview:-1"},"canonical":"https:\/\/footdavant.fr\/actualites\/le-real-madrid-envisage-de-recruter-khephren-thuram-de-nice\/","og_locale":"fr_FR","og_type":"article","og_title":"Le Real Madrid \"envisage de recruter Khephren Thuram de Nice\"","og_description":"Le Real Madrid souhaite amener le milieu de terrain ni\u00e7ois Khephren Thuram au Bernabeu l&rsquo;\u00e9t\u00e9 prochain, selon un rapport. Real Madrid seraient int\u00e9ress\u00e9s \u00e0 amener","og_url":"https:\/\/footdavant.fr\/actualites\/le-real-madrid-envisage-de-recruter-khephren-thuram-de-nice\/","og_site_name":"Foot d&#039;avant","article_publisher":"https:\/\/www.facebook.com\/Footdavant\/","article_published_time":"2023-11-24T01:52:24+00:00","article_modified_time":"2023-11-24T01:52:25+00:00","og_image":[{"width":640,"height":480,"url":"https:\/\/footdavant.fr\/actualites\/wp-content\/uploads\/2023\/11\/Le-Real-Madrid-envisage-de-recruter-Khephren-Thuram-de-Nice.jpg","type":"image\/jpeg"}],"author":"Cl\u00e9ment","twitter_card":"summary_large_image","twitter_creator":"@FootdavantFr","twitter_site":"@FootdavantFr","twitter_misc":{"\u00c9crit par":"Cl\u00e9ment","Dur\u00e9e de lecture estim\u00e9e":"2 minutes"},"schema":{"@context":"https:\/\/schema.org","@graph":[{"@type":"Article","@id":"https:\/\/footdavant.fr\/actualites\/le-real-madrid-envisage-de-recruter-khephren-thuram-de-nice\/#article","isPartOf":{"@id":"https:\/\/footdavant.fr\/actualites\/le-real-madrid-envisage-de-recruter-khephren-thuram-de-nice\/"},"author":{"name":"Cl\u00e9ment","@id":"https:\/\/footdavant.fr\/actualites\/#\/schema\/person\/bc222566d95871b37e597b3ed3ba5e1d"},"headline":"Le Real Madrid \u00ab\u00a0envisage de recruter Khephren Thuram de Nice\u00a0\u00bb","datePublished":"2023-11-24T01:52:24+00:00","dateModified":"2023-11-24T01:52:25+00:00","mainEntityOfPage":{"@id":"https:\/\/footdavant.fr\/actualites\/le-real-madrid-envisage-de-recruter-khephren-thuram-de-nice\/"},"wordCount":468,"publisher":{"@id":"https:\/\/footdavant.fr\/actualites\/#organization"},"keywords":["envisage","Khephren","Madrid","Nice","Real","recruter","Thuram"],"articleSection":["Premier League"],"inLanguage":"fr-FR"},{"@type":"WebPage","@id":"https:\/\/footdavant.fr\/actualites\/le-real-madrid-envisage-de-recruter-khephren-thuram-de-nice\/","url":"https:\/\/footdavant.fr\/actualites\/le-real-madrid-envisage-de-recruter-khephren-thuram-de-nice\/","name":"Le Real Madrid \"envisage de recruter Khephren Thuram de Nice\"","isPartOf":{"@id":"https:\/\/footdavant.fr\/actualites\/#website"},"datePublished":"2023-11-24T01:52:24+00:00","dateModified":"2023-11-24T01:52:25+00:00","breadcrumb":{"@id":"https:\/\/footdavant.fr\/actualites\/le-real-madrid-envisage-de-recruter-khephren-thuram-de-nice\/#breadcrumb"},"inLanguage":"fr-FR","potentialAction":[{"@type":"ReadAction","target":["https:\/\/footdavant.fr\/actualites\/le-real-madrid-envisage-de-recruter-khephren-thuram-de-nice\/"]}]},{"@type":"BreadcrumbList","@id":"https:\/\/footdavant.fr\/actualites\/le-real-madrid-envisage-de-recruter-khephren-thuram-de-nice\/#breadcrumb","itemListElement":[{"@type":"ListItem","position":1,"name":"Accueil","item":"https:\/\/footdavant.fr\/actualites\/"},{"@type":"ListItem","position":2,"name":"Le Real Madrid \u00ab\u00a0envisage de recruter Khephren Thuram de Nice\u00a0\u00bb"}]},{"@type":"WebSite","@id":"https:\/\/footdavant.fr\/actualites\/#website","url":"https:\/\/footdavant.fr\/actualites\/","name":"Foot d'avant","description":"","publisher":{"@id":"https:\/\/footdavant.fr\/actualites\/#organization"},"potentialAction":[{"@type":"SearchAction","target":{"@type":"EntryPoint","urlTemplate":"https:\/\/footdavant.fr\/actualites\/?s={search_term_string}"},"query-input":"required name=search_term_string"}],"inLanguage":"fr-FR"},{"@type":"Organization","@id":"https:\/\/footdavant.fr\/actualites\/#organization","name":"Foot d'avant","url":"https:\/\/footdavant.fr\/actualites\/","logo":{"@type":"ImageObject","inLanguage":"fr-FR","@id":"https:\/\/footdavant.fr\/actualites\/#\/schema\/logo\/image\/","url":"https:\/\/footdavant.fr\/actualites\/wp-content\/uploads\/2023\/09\/Copy-of-FootDavant-Logo.png","contentUrl":"https:\/\/footdavant.fr\/actualites\/wp-content\/uploads\/2023\/09\/Copy-of-FootDavant-Logo.png","width":936,"height":549,"caption":"Foot d'avant"},"image":{"@id":"https:\/\/footdavant.fr\/actualites\/#\/schema\/logo\/image\/"},"sameAs":["https:\/\/www.facebook.com\/Footdavant\/","https:\/\/twitter.com\/FootdavantFr","https:\/\/www.instagram.com\/footdavant.fr\/"]},{"@type":"Person","@id":"https:\/\/footdavant.fr\/actualites\/#\/schema\/person\/bc222566d95871b37e597b3ed3ba5e1d","name":"Cl\u00e9ment","image":{"@type":"ImageObject","inLanguage":"fr-FR","@id":"https:\/\/footdavant.fr\/actualites\/#\/schema\/person\/image\/","url":"https:\/\/secure.gravatar.com\/avatar\/7728b29aac2719421e1a9159b2254c44?s=96&d=mm&r=g","contentUrl":"https:\/\/secure.gravatar.com\/avatar\/7728b29aac2719421e1a9159b2254c44?s=96&d=mm&r=g","caption":"Cl\u00e9ment"},"sameAs":["https:\/\/footdavant.fr\/"]}]}},"_links":{"self":[{"href":"https:\/\/footdavant.fr\/actualites\/wp-json\/wp\/v2\/posts\/1330"}],"collection":[{"href":"https:\/\/footdavant.fr\/actualites\/wp-json\/wp\/v2\/posts"}],"about":[{"href":"https:\/\/footdavant.fr\/actualites\/wp-json\/wp\/v2\/types\/post"}],"author":[{"embeddable":true,"href":"https:\/\/footdavant.fr\/actualites\/wp-json\/wp\/v2\/users\/1"}],"replies":[{"embeddable":true,"href":"https:\/\/footdavant.fr\/actualites\/wp-json\/wp\/v2\/comments?post=1330"}],"version-history":[{"count":1,"href":"https:\/\/footdavant.fr\/actualites\/wp-json\/wp\/v2\/posts\/1330\/revisions"}],"predecessor-version":[{"id":1332,"href":"https:\/\/footdavant.fr\/actualites\/wp-json\/wp\/v2\/posts\/1330\/revisions\/1332"}],"wp:featuredmedia":[{"embeddable":true,"href":"https:\/\/footdavant.fr\/actualites\/wp-json\/wp\/v2\/media\/1331"}],"wp:attachment":[{"href":"https:\/\/footdavant.fr\/actualites\/wp-json\/wp\/v2\/media?parent=1330"}],"wp:term":[{"taxonomy":"category","embeddable":true,"href":"https:\/\/footdavant.fr\/actualites\/wp-json\/wp\/v2\/categories?post=1330"},{"taxonomy":"post_tag","embeddable":true,"href":"https:\/\/footdavant.fr\/actualites\/wp-json\/wp\/v2\/tags?post=1330"}],"curies":[{"name":"wp","href":"https:\/\/api.w.org\/{rel}","templated":true}]}}