{"id":13380,"date":"2024-09-14T08:48:07","date_gmt":"2024-09-14T06:48:07","guid":{"rendered":"https:\/\/footdavant.fr\/actualites\/la-defaite-de-manchester-united-est-speciale-selon-silva-alors-que-la-premier-league-reprend\/"},"modified":"2024-09-14T08:48:09","modified_gmt":"2024-09-14T06:48:09","slug":"la-defaite-de-manchester-united-est-speciale-selon-silva-alors-que-la-premier-league-reprend","status":"publish","type":"post","link":"https:\/\/footdavant.fr\/actualites\/la-defaite-de-manchester-united-est-speciale-selon-silva-alors-que-la-premier-league-reprend\/","title":{"rendered":"La d\u00e9faite de Manchester United est \u00ab sp\u00e9ciale \u00bb, selon Silva, alors que la Premier League reprend"},"content":{"rendered":"<div>\n<p>Le d\u00e9placement de Fulham \u00e0 Manchester United lors de la premi\u00e8re journ\u00e9e de la saison de Premier League \u00e9tait \u00ab sp\u00e9cial \u00bb, a d\u00e9clar\u00e9 le manager des Cottagers, Marco Silva, avant son objectif de victoires successives \u00e0 domicile pour commencer la campagne.<\/p>\n<p>L&#39;\u00e9quipe de Silva a battu Leicester City 2-1, \u00e9limin\u00e9 Birmingham City de la Carabao Cup avec une victoire 2-0 \u00e0 l&#39;ext\u00e9rieur et fait match nul \u00e0 Ipswich Town depuis sa d\u00e9faite 1-0 \u00e0 Old Trafford le 16 ao\u00fbt, lorsque Joshua Zirkzee a marqu\u00e9 le but vainqueur \u00e0 la 87e minute.<\/p>\n<p>\u00ab C&#39;\u00e9tait un match o\u00f9 nous avons jou\u00e9 pied contre eux \u00bb, a d\u00e9clar\u00e9 le Portugais. \u00ab C&#39;\u00e9tait une bonne performance et une bonne r\u00e9action de notre part contre Leicester.<\/p>\n<p>\u00ab Il \u00e9tait clair que nous \u00e9tions la meilleure \u00e9quipe contre Leicester et nous avons gagn\u00e9. Contre Ipswich, ce fut un match difficile, comme nous l&#39;attendions. En termes de performance, ce n&#39;\u00e9tait pas notre meilleure performance. Malgr\u00e9 tout, nous avons pris un point. \u00bb<\/p>\n<blockquote class=\"twitter-tweet\" data-conversation=\"none\">\n<p dir=\"ltr\" lang=\"en\">\ud83d\udcac \u00ab West Ham a de la qualit\u00e9 \u00e0 tous les postes.<\/p>\n<p>\u00ab On voit tout de suite que Julen (Lopetegui) essaie de les faire jouer d&#39;une mani\u00e8re diff\u00e9rente.<\/p>\n<p>\u00ab Ce sera un match difficile, le premier derby londonien de la saison. \u00bb <a rel=\"nofollow\" href=\"https:\/\/t.co\/tXuXLSB9xn\" rel=\"nofollow\">pic.twitter.com\/tXuXLSB9xn<\/a><\/p>\n<p>\u2014 Fulham Football Club (@FulhamFC) <a rel=\"nofollow\" href=\"https:\/\/twitter.com\/FulhamFC\/status\/1834575045382865348?ref_src=twsrc%5Etfw\" rel=\"nofollow noopener\">13 septembre 2024<\/a><\/p>\n<\/blockquote>\n<h2><span id=\"Fulham_vs_West_Ham_team_news\">Actualit\u00e9s de l&#39;\u00e9quipe Fulham vs West Ham<\/span><\/h2>\n<p>Carlos Vinicius pourrait manquer la visite de West Ham samedi (15h BST) en raison d&#39;une \u00ab petite \u00bb blessure, bien que Silva soit satisfait de la fa\u00e7on dont s&#39;est d\u00e9roul\u00e9e la tr\u00eave internationale pour Fulham.<\/p>\n<p>\u00ab Nous avons bien travaill\u00e9 pendant cette p\u00e9riode, bien s\u00fbr pas avec toute l\u2019\u00e9quipe \u00bb, a-t-il d\u00e9clar\u00e9. \u00ab Nous avons bien utilis\u00e9 ce temps pour travailler avec les joueurs. Certains jours \u00e9taient \u00e9galement des jours de pause.<\/p>\n<p>\u00ab Nous pensons d\u00e9sormais au match contre West Ham. Carlos Vinicius est forfait\u2026 tous les autres joueurs seront disponibles. \u00bb<\/p>\n<p>Vinicius a jou\u00e9 une fois pour son club cette ann\u00e9e, apparaissant pendant 17 minutes lors du match du troisi\u00e8me tour de la FA Cup \u00e0 domicile contre Rotherham United en janvier.<\/p>\n<blockquote class=\"twitter-tweet\" data-conversation=\"none\">\n<p dir=\"ltr\" lang=\"en\">\ud83d\udcac \u00c0 propos de Reiss Nelson :<\/p>\n<p>\u00ab Nous recherchions un joueur de c\u00f4t\u00e9 et nous sommes vraiment heureux de l&#39;avoir avec nous.<\/p>\n<p>\u00ab On voit tout de suite que c\u2019est un joueur habile. \u00bb <a rel=\"nofollow\" href=\"https:\/\/t.co\/P4uwms7hLA\" rel=\"nofollow\">pic.twitter.com\/P4uwms7hLA<\/a><\/p>\n<p>\u2014 Fulham Football Club (@FulhamFC) <a rel=\"nofollow\" href=\"https:\/\/twitter.com\/FulhamFC\/status\/1834575034787967010?ref_src=twsrc%5Etfw\" rel=\"nofollow noopener\">13 septembre 2024<\/a><\/p>\n<\/blockquote>\n<p>Le joueur de 29 ans a pass\u00e9 la seconde moiti\u00e9 de la saison derni\u00e8re en pr\u00eat \u00e0 Galatasaray, marquant un but et une passe d\u00e9cisive en 10 matches de Super Lig.<\/p>\n<p>Le but le plus r\u00e9cent de l&#39;attaquant \u00e0 Fulham remonte \u00e0 la victoire 5-0 en Premier League \u00e0 domicile contre West Ham en d\u00e9cembre.<\/p>\n<h2><span id=\"Fulham_signings_to_start\">Des recrues de Fulham pour d\u00e9buter ?<\/span><\/h2>\n<p>Les nouvelles recrues Joachim Andersen, Reiss Nelson, Jorge Cuenca et Sander Berge sont tous en lice. \u00ab Nous prendrons le temps que [Nelson] \u00ab Il doit s&#39;adapter, mais nous sentons tout de suite qu&#39;il est un joueur habile et qu&#39;il va nous aider \u00bb, a d\u00e9clar\u00e9 Silva.<\/p>\n<p>West Ham n&#39;a remport\u00e9 qu&#39;une seule de ses trois rencontres, s&#39;inclinant \u00e0 domicile contre Aston Villa et Manchester City, avant de s&#39;imposer 2-0 \u00e0 Crystal Palace.<\/p>\n<blockquote class=\"twitter-tweet\">\n<p dir=\"ltr\" lang=\"es\">\u00c9mile x Reiss. \u2764\ufe0f\u200d\ud83d\udd25<\/p>\n<p>\u2014 Fulham Football Club (@FulhamFC) <a rel=\"nofollow\" href=\"https:\/\/twitter.com\/FulhamFC\/status\/1834289753317097640?ref_src=twsrc%5Etfw\" rel=\"nofollow noopener\">12 septembre 2024<\/a><\/p>\n<\/blockquote>\n<p>\u00ab Nous devons toujours \u00eatre \u00e0 notre meilleur niveau \u00bb, a pr\u00e9venu Silva. \u00ab Sinon, nous allons \u00eatre surpris et nous ne voulons pas cela. Ce sera notre premier derby londonien cette saison. \u00bb<\/p>\n<p>\u00ab C&#39;est toujours quelque chose de sp\u00e9cial pour les fans et nous voulons bien commencer. Ce sera au Cottage et nous savons que nous sommes vraiment forts avec les fans derri\u00e8re nous. \u00bb<\/p>\n<\/p><\/div>\n<p><script async src=\"https:\/\/platform.twitter.com\/widgets.js\" charset=\"utf-8\"><\/script><\/p>\n","protected":false},"excerpt":{"rendered":"<p>Le d\u00e9placement de Fulham \u00e0 Manchester United lors de la premi\u00e8re journ\u00e9e de la saison de Premier League \u00e9tait \u00ab sp\u00e9cial \u00bb, a d\u00e9clar\u00e9 le<\/p>\n","protected":false},"author":1,"featured_media":13381,"comment_status":"closed","ping_status":"","sticky":false,"template":"","format":"standard","meta":{"footnotes":""},"categories":[3],"tags":[318,425,217,202,11,201,4832,450,216,6407,13],"yoast_head":"<!-- This site is optimized with the Yoast SEO plugin v21.0 - https:\/\/yoast.com\/wordpress\/plugins\/seo\/ -->\n<title>La d\u00e9faite de Manchester United est \u00ab sp\u00e9ciale \u00bb, selon Silva, alors que la Premier League reprend<\/title>\n<meta name=\"robots\" content=\"index, follow, max-snippet:-1, max-image-preview:large, max-video-preview:-1\" \/>\n<link rel=\"canonical\" href=\"https:\/\/footdavant.fr\/actualites\/la-defaite-de-manchester-united-est-speciale-selon-silva-alors-que-la-premier-league-reprend\/\" \/>\n<meta property=\"og:locale\" content=\"fr_FR\" \/>\n<meta property=\"og:type\" content=\"article\" \/>\n<meta property=\"og:title\" content=\"La d\u00e9faite de Manchester United est \u00ab sp\u00e9ciale \u00bb, selon Silva, alors que la Premier League reprend\" \/>\n<meta property=\"og:description\" content=\"Le d\u00e9placement de Fulham \u00e0 Manchester United lors de la premi\u00e8re journ\u00e9e de la saison de Premier League \u00e9tait \u00ab sp\u00e9cial \u00bb, a d\u00e9clar\u00e9 le\" \/>\n<meta property=\"og:url\" content=\"https:\/\/footdavant.fr\/actualites\/la-defaite-de-manchester-united-est-speciale-selon-silva-alors-que-la-premier-league-reprend\/\" \/>\n<meta property=\"og:site_name\" content=\"Foot d&#039;avant\" \/>\n<meta property=\"article:publisher\" content=\"https:\/\/www.facebook.com\/Footdavant\/\" \/>\n<meta property=\"article:published_time\" content=\"2024-09-14T06:48:07+00:00\" \/>\n<meta property=\"article:modified_time\" content=\"2024-09-14T06:48:09+00:00\" \/>\n<meta property=\"og:image\" content=\"https:\/\/footdavant.fr\/actualites\/wp-content\/uploads\/2024\/09\/La-defaite-de-Manchester-United-est-speciale-selon.jpg\" \/>\n\t<meta property=\"og:image:width\" content=\"1200\" \/>\n\t<meta property=\"og:image:height\" content=\"675\" \/>\n\t<meta property=\"og:image:type\" content=\"image\/jpeg\" \/>\n<meta name=\"author\" content=\"Cl\u00e9ment\" \/>\n<meta name=\"twitter:card\" content=\"summary_large_image\" \/>\n<meta name=\"twitter:creator\" content=\"@FootdavantFr\" \/>\n<meta name=\"twitter:site\" content=\"@FootdavantFr\" \/>\n<meta name=\"twitter:label1\" content=\"\u00c9crit par\" \/>\n\t<meta name=\"twitter:data1\" content=\"Cl\u00e9ment\" \/>\n\t<meta name=\"twitter:label2\" content=\"Dur\u00e9e de lecture estim\u00e9e\" \/>\n\t<meta name=\"twitter:data2\" content=\"3 minutes\" \/>\n<script type=\"application\/ld+json\" class=\"yoast-schema-graph\">{\"@context\":\"https:\/\/schema.org\",\"@graph\":[{\"@type\":\"Article\",\"@id\":\"https:\/\/footdavant.fr\/actualites\/la-defaite-de-manchester-united-est-speciale-selon-silva-alors-que-la-premier-league-reprend\/#article\",\"isPartOf\":{\"@id\":\"https:\/\/footdavant.fr\/actualites\/la-defaite-de-manchester-united-est-speciale-selon-silva-alors-que-la-premier-league-reprend\/\"},\"author\":{\"name\":\"Cl\u00e9ment\",\"@id\":\"https:\/\/footdavant.fr\/actualites\/#\/schema\/person\/bc222566d95871b37e597b3ed3ba5e1d\"},\"headline\":\"La d\u00e9faite de Manchester United est \u00ab sp\u00e9ciale \u00bb, selon Silva, alors que la Premier League reprend\",\"datePublished\":\"2024-09-14T06:48:07+00:00\",\"dateModified\":\"2024-09-14T06:48:09+00:00\",\"mainEntityOfPage\":{\"@id\":\"https:\/\/footdavant.fr\/actualites\/la-defaite-de-manchester-united-est-speciale-selon-silva-alors-que-la-premier-league-reprend\/\"},\"wordCount\":624,\"publisher\":{\"@id\":\"https:\/\/footdavant.fr\/actualites\/#organization\"},\"keywords\":[\"alors\",\"d\u00e9faite\",\"est\",\"League\",\"Manchester\",\"Premier\",\"reprend\",\"selon\",\"Silva\",\"sp\u00e9ciale\",\"United\"],\"articleSection\":[\"Football\"],\"inLanguage\":\"fr-FR\"},{\"@type\":\"WebPage\",\"@id\":\"https:\/\/footdavant.fr\/actualites\/la-defaite-de-manchester-united-est-speciale-selon-silva-alors-que-la-premier-league-reprend\/\",\"url\":\"https:\/\/footdavant.fr\/actualites\/la-defaite-de-manchester-united-est-speciale-selon-silva-alors-que-la-premier-league-reprend\/\",\"name\":\"La d\u00e9faite de Manchester United est \u00ab sp\u00e9ciale \u00bb, selon Silva, alors que la Premier League reprend\",\"isPartOf\":{\"@id\":\"https:\/\/footdavant.fr\/actualites\/#website\"},\"datePublished\":\"2024-09-14T06:48:07+00:00\",\"dateModified\":\"2024-09-14T06:48:09+00:00\",\"breadcrumb\":{\"@id\":\"https:\/\/footdavant.fr\/actualites\/la-defaite-de-manchester-united-est-speciale-selon-silva-alors-que-la-premier-league-reprend\/#breadcrumb\"},\"inLanguage\":\"fr-FR\",\"potentialAction\":[{\"@type\":\"ReadAction\",\"target\":[\"https:\/\/footdavant.fr\/actualites\/la-defaite-de-manchester-united-est-speciale-selon-silva-alors-que-la-premier-league-reprend\/\"]}]},{\"@type\":\"BreadcrumbList\",\"@id\":\"https:\/\/footdavant.fr\/actualites\/la-defaite-de-manchester-united-est-speciale-selon-silva-alors-que-la-premier-league-reprend\/#breadcrumb\",\"itemListElement\":[{\"@type\":\"ListItem\",\"position\":1,\"name\":\"Accueil\",\"item\":\"https:\/\/footdavant.fr\/actualites\/\"},{\"@type\":\"ListItem\",\"position\":2,\"name\":\"La d\u00e9faite de Manchester United est \u00ab sp\u00e9ciale \u00bb, selon Silva, alors que la Premier League reprend\"}]},{\"@type\":\"WebSite\",\"@id\":\"https:\/\/footdavant.fr\/actualites\/#website\",\"url\":\"https:\/\/footdavant.fr\/actualites\/\",\"name\":\"Foot d'avant\",\"description\":\"\",\"publisher\":{\"@id\":\"https:\/\/footdavant.fr\/actualites\/#organization\"},\"potentialAction\":[{\"@type\":\"SearchAction\",\"target\":{\"@type\":\"EntryPoint\",\"urlTemplate\":\"https:\/\/footdavant.fr\/actualites\/?s={search_term_string}\"},\"query-input\":\"required name=search_term_string\"}],\"inLanguage\":\"fr-FR\"},{\"@type\":\"Organization\",\"@id\":\"https:\/\/footdavant.fr\/actualites\/#organization\",\"name\":\"Foot d'avant\",\"url\":\"https:\/\/footdavant.fr\/actualites\/\",\"logo\":{\"@type\":\"ImageObject\",\"inLanguage\":\"fr-FR\",\"@id\":\"https:\/\/footdavant.fr\/actualites\/#\/schema\/logo\/image\/\",\"url\":\"https:\/\/footdavant.fr\/actualites\/wp-content\/uploads\/2023\/09\/Copy-of-FootDavant-Logo.png\",\"contentUrl\":\"https:\/\/footdavant.fr\/actualites\/wp-content\/uploads\/2023\/09\/Copy-of-FootDavant-Logo.png\",\"width\":936,\"height\":549,\"caption\":\"Foot d'avant\"},\"image\":{\"@id\":\"https:\/\/footdavant.fr\/actualites\/#\/schema\/logo\/image\/\"},\"sameAs\":[\"https:\/\/www.facebook.com\/Footdavant\/\",\"https:\/\/twitter.com\/FootdavantFr\",\"https:\/\/www.instagram.com\/footdavant.fr\/\"]},{\"@type\":\"Person\",\"@id\":\"https:\/\/footdavant.fr\/actualites\/#\/schema\/person\/bc222566d95871b37e597b3ed3ba5e1d\",\"name\":\"Cl\u00e9ment\",\"image\":{\"@type\":\"ImageObject\",\"inLanguage\":\"fr-FR\",\"@id\":\"https:\/\/footdavant.fr\/actualites\/#\/schema\/person\/image\/\",\"url\":\"https:\/\/secure.gravatar.com\/avatar\/7728b29aac2719421e1a9159b2254c44?s=96&d=mm&r=g\",\"contentUrl\":\"https:\/\/secure.gravatar.com\/avatar\/7728b29aac2719421e1a9159b2254c44?s=96&d=mm&r=g\",\"caption\":\"Cl\u00e9ment\"},\"sameAs\":[\"https:\/\/footdavant.fr\/\"]}]}<\/script>\n<!-- \/ Yoast SEO plugin. -->","yoast_head_json":{"title":"La d\u00e9faite de Manchester United est \u00ab sp\u00e9ciale \u00bb, selon Silva, alors que la Premier League reprend","robots":{"index":"index","follow":"follow","max-snippet":"max-snippet:-1","max-image-preview":"max-image-preview:large","max-video-preview":"max-video-preview:-1"},"canonical":"https:\/\/footdavant.fr\/actualites\/la-defaite-de-manchester-united-est-speciale-selon-silva-alors-que-la-premier-league-reprend\/","og_locale":"fr_FR","og_type":"article","og_title":"La d\u00e9faite de Manchester United est \u00ab sp\u00e9ciale \u00bb, selon Silva, alors que la Premier League reprend","og_description":"Le d\u00e9placement de Fulham \u00e0 Manchester United lors de la premi\u00e8re journ\u00e9e de la saison de Premier League \u00e9tait \u00ab sp\u00e9cial \u00bb, a d\u00e9clar\u00e9 le","og_url":"https:\/\/footdavant.fr\/actualites\/la-defaite-de-manchester-united-est-speciale-selon-silva-alors-que-la-premier-league-reprend\/","og_site_name":"Foot d&#039;avant","article_publisher":"https:\/\/www.facebook.com\/Footdavant\/","article_published_time":"2024-09-14T06:48:07+00:00","article_modified_time":"2024-09-14T06:48:09+00:00","og_image":[{"width":1200,"height":675,"url":"https:\/\/footdavant.fr\/actualites\/wp-content\/uploads\/2024\/09\/La-defaite-de-Manchester-United-est-speciale-selon.jpg","type":"image\/jpeg"}],"author":"Cl\u00e9ment","twitter_card":"summary_large_image","twitter_creator":"@FootdavantFr","twitter_site":"@FootdavantFr","twitter_misc":{"\u00c9crit par":"Cl\u00e9ment","Dur\u00e9e de lecture estim\u00e9e":"3 minutes"},"schema":{"@context":"https:\/\/schema.org","@graph":[{"@type":"Article","@id":"https:\/\/footdavant.fr\/actualites\/la-defaite-de-manchester-united-est-speciale-selon-silva-alors-que-la-premier-league-reprend\/#article","isPartOf":{"@id":"https:\/\/footdavant.fr\/actualites\/la-defaite-de-manchester-united-est-speciale-selon-silva-alors-que-la-premier-league-reprend\/"},"author":{"name":"Cl\u00e9ment","@id":"https:\/\/footdavant.fr\/actualites\/#\/schema\/person\/bc222566d95871b37e597b3ed3ba5e1d"},"headline":"La d\u00e9faite de Manchester United est \u00ab sp\u00e9ciale \u00bb, selon Silva, alors que la Premier League reprend","datePublished":"2024-09-14T06:48:07+00:00","dateModified":"2024-09-14T06:48:09+00:00","mainEntityOfPage":{"@id":"https:\/\/footdavant.fr\/actualites\/la-defaite-de-manchester-united-est-speciale-selon-silva-alors-que-la-premier-league-reprend\/"},"wordCount":624,"publisher":{"@id":"https:\/\/footdavant.fr\/actualites\/#organization"},"keywords":["alors","d\u00e9faite","est","League","Manchester","Premier","reprend","selon","Silva","sp\u00e9ciale","United"],"articleSection":["Football"],"inLanguage":"fr-FR"},{"@type":"WebPage","@id":"https:\/\/footdavant.fr\/actualites\/la-defaite-de-manchester-united-est-speciale-selon-silva-alors-que-la-premier-league-reprend\/","url":"https:\/\/footdavant.fr\/actualites\/la-defaite-de-manchester-united-est-speciale-selon-silva-alors-que-la-premier-league-reprend\/","name":"La d\u00e9faite de Manchester United est \u00ab sp\u00e9ciale \u00bb, selon Silva, alors que la Premier League reprend","isPartOf":{"@id":"https:\/\/footdavant.fr\/actualites\/#website"},"datePublished":"2024-09-14T06:48:07+00:00","dateModified":"2024-09-14T06:48:09+00:00","breadcrumb":{"@id":"https:\/\/footdavant.fr\/actualites\/la-defaite-de-manchester-united-est-speciale-selon-silva-alors-que-la-premier-league-reprend\/#breadcrumb"},"inLanguage":"fr-FR","potentialAction":[{"@type":"ReadAction","target":["https:\/\/footdavant.fr\/actualites\/la-defaite-de-manchester-united-est-speciale-selon-silva-alors-que-la-premier-league-reprend\/"]}]},{"@type":"BreadcrumbList","@id":"https:\/\/footdavant.fr\/actualites\/la-defaite-de-manchester-united-est-speciale-selon-silva-alors-que-la-premier-league-reprend\/#breadcrumb","itemListElement":[{"@type":"ListItem","position":1,"name":"Accueil","item":"https:\/\/footdavant.fr\/actualites\/"},{"@type":"ListItem","position":2,"name":"La d\u00e9faite de Manchester United est \u00ab sp\u00e9ciale \u00bb, selon Silva, alors que la Premier League reprend"}]},{"@type":"WebSite","@id":"https:\/\/footdavant.fr\/actualites\/#website","url":"https:\/\/footdavant.fr\/actualites\/","name":"Foot d'avant","description":"","publisher":{"@id":"https:\/\/footdavant.fr\/actualites\/#organization"},"potentialAction":[{"@type":"SearchAction","target":{"@type":"EntryPoint","urlTemplate":"https:\/\/footdavant.fr\/actualites\/?s={search_term_string}"},"query-input":"required name=search_term_string"}],"inLanguage":"fr-FR"},{"@type":"Organization","@id":"https:\/\/footdavant.fr\/actualites\/#organization","name":"Foot d'avant","url":"https:\/\/footdavant.fr\/actualites\/","logo":{"@type":"ImageObject","inLanguage":"fr-FR","@id":"https:\/\/footdavant.fr\/actualites\/#\/schema\/logo\/image\/","url":"https:\/\/footdavant.fr\/actualites\/wp-content\/uploads\/2023\/09\/Copy-of-FootDavant-Logo.png","contentUrl":"https:\/\/footdavant.fr\/actualites\/wp-content\/uploads\/2023\/09\/Copy-of-FootDavant-Logo.png","width":936,"height":549,"caption":"Foot d'avant"},"image":{"@id":"https:\/\/footdavant.fr\/actualites\/#\/schema\/logo\/image\/"},"sameAs":["https:\/\/www.facebook.com\/Footdavant\/","https:\/\/twitter.com\/FootdavantFr","https:\/\/www.instagram.com\/footdavant.fr\/"]},{"@type":"Person","@id":"https:\/\/footdavant.fr\/actualites\/#\/schema\/person\/bc222566d95871b37e597b3ed3ba5e1d","name":"Cl\u00e9ment","image":{"@type":"ImageObject","inLanguage":"fr-FR","@id":"https:\/\/footdavant.fr\/actualites\/#\/schema\/person\/image\/","url":"https:\/\/secure.gravatar.com\/avatar\/7728b29aac2719421e1a9159b2254c44?s=96&d=mm&r=g","contentUrl":"https:\/\/secure.gravatar.com\/avatar\/7728b29aac2719421e1a9159b2254c44?s=96&d=mm&r=g","caption":"Cl\u00e9ment"},"sameAs":["https:\/\/footdavant.fr\/"]}]}},"_links":{"self":[{"href":"https:\/\/footdavant.fr\/actualites\/wp-json\/wp\/v2\/posts\/13380"}],"collection":[{"href":"https:\/\/footdavant.fr\/actualites\/wp-json\/wp\/v2\/posts"}],"about":[{"href":"https:\/\/footdavant.fr\/actualites\/wp-json\/wp\/v2\/types\/post"}],"author":[{"embeddable":true,"href":"https:\/\/footdavant.fr\/actualites\/wp-json\/wp\/v2\/users\/1"}],"replies":[{"embeddable":true,"href":"https:\/\/footdavant.fr\/actualites\/wp-json\/wp\/v2\/comments?post=13380"}],"version-history":[{"count":1,"href":"https:\/\/footdavant.fr\/actualites\/wp-json\/wp\/v2\/posts\/13380\/revisions"}],"predecessor-version":[{"id":13382,"href":"https:\/\/footdavant.fr\/actualites\/wp-json\/wp\/v2\/posts\/13380\/revisions\/13382"}],"wp:featuredmedia":[{"embeddable":true,"href":"https:\/\/footdavant.fr\/actualites\/wp-json\/wp\/v2\/media\/13381"}],"wp:attachment":[{"href":"https:\/\/footdavant.fr\/actualites\/wp-json\/wp\/v2\/media?parent=13380"}],"wp:term":[{"taxonomy":"category","embeddable":true,"href":"https:\/\/footdavant.fr\/actualites\/wp-json\/wp\/v2\/categories?post=13380"},{"taxonomy":"post_tag","embeddable":true,"href":"https:\/\/footdavant.fr\/actualites\/wp-json\/wp\/v2\/tags?post=13380"}],"curies":[{"name":"wp","href":"https:\/\/api.w.org\/{rel}","templated":true}]}}