{"id":13383,"date":"2024-09-14T10:48:24","date_gmt":"2024-09-14T08:48:24","guid":{"rendered":"https:\/\/footdavant.fr\/actualites\/quand-manuel-ugarte-fera-t-il-ses-debuts-a-manchester-united\/"},"modified":"2024-09-14T10:48:26","modified_gmt":"2024-09-14T08:48:26","slug":"quand-manuel-ugarte-fera-t-il-ses-debuts-a-manchester-united","status":"publish","type":"post","link":"https:\/\/footdavant.fr\/actualites\/quand-manuel-ugarte-fera-t-il-ses-debuts-a-manchester-united\/","title":{"rendered":"Quand Manuel Ugarte fera-t-il ses d\u00e9buts \u00e0 Manchester United ?"},"content":{"rendered":"<p>Le milieu de terrain de Manchester United, Manuel Ugarte, pourrait faire ses d\u00e9buts avec les Red Devils lors du choc de Premier League contre Southampton le 14 septembre.<\/p>\n<div id=\"article_body\" itemprop=\"articleBody\">\n<p class=\"firstPara\"><strong class=\"autotag\">Manchester United<\/strong> a confirm\u00e9 la signature de <strong class=\"autotag\">Manuel Ugarte<\/strong> du Paris Saint-Germain dans les derni\u00e8res \u00e9tapes du mercato estival.<\/p>\n<p>Les Red Devils avaient identifi\u00e9 le joueur de 23 ans comme leur principale cible au milieu de terrain, et ils ont su garder leur sang-froid lors des n\u00e9gociations avec le PSG afin de le signer.<\/p>\n<p>Il y avait eu des discussions sur un \u00e9ventuel accord de pr\u00eat cet \u00e9t\u00e9, mais <strong class=\"autotag\">Scott McTominay<\/strong>Le transfert de \u00e0 Naples a ouvert la porte \u00e0 Manchester United pour acqu\u00e9rir Ugarte de mani\u00e8re permanente.<\/p>\n<p>Manchester United n&#39;a pas sign\u00e9 Ugarte \u00e0 temps pour que le milieu de terrain soit inscrit contre Liverpool le week-end dernier, mais il est tr\u00e8s peu probable qu&#39;il ait jou\u00e9 d&#39;une mani\u00e8re ou d&#39;une autre en raison de son manque d&#39;action depuis qu&#39;il a repr\u00e9sent\u00e9 <strong class=\"autotag\">Uruguay<\/strong> \u00e0 la Copa America.<\/p>\n<p>En effet, en raison de sa situation au PSG, Ugarte n&#39;a pas jou\u00e9 depuis la mi-juillet, lorsqu&#39;il avait aid\u00e9 son pays \u00e0 terminer troisi\u00e8me de la Copa America gr\u00e2ce \u00e0 une victoire aux tirs au but contre le Canada.<\/p>\n<p class=\"imgI\">\n<h2 class=\"k3\">Ugarte sera-t-il impliqu\u00e9 contre <strong class=\"autotag\">Southampton<\/strong>?<\/h2>\n<p>Manchester United reviendra \u00e0 l&#39;action en Premier League avec un affrontement contre Southampton le 14 septembre, et ce match pourrait marquer la premi\u00e8re apparition d&#39;Ugarte pour le club.<\/p>\n<p>Entra\u00eeneur principal des Diables rouges <strong class=\"autotag\">Erik le sorcier<\/strong> Il a admis apr\u00e8s le match contre Liverpool qu&#39;il pourrait falloir \u00ab des mois \u00bb \u00e0 Ugarte pour atteindre sa pleine vitesse en raison de son manque de pr\u00e9-saison.<\/p>\n<p>\u00ab\u00a0Avec Ugarte, nous devons l&#39;int\u00e9grer \u00e0 l&#39;\u00e9quipe. Cela prendra du temps, donc ce n&#39;est pas comme si j&#39;\u00e9tais Harry Potter. C&#39;est ce que nous devons reconna\u00eetre. Et si vous voyez Manuel Ugarte, il n&#39;a pas jou\u00e9 jusqu&#39;\u00e0 pr\u00e9sent dans la saison. Pas une seule minute de match\u00a0\u00bb, a d\u00e9clar\u00e9 Ten Hag.<\/p>\n<p>\u00ab Il doit donc am\u00e9liorer sa condition physique et nous devons ensuite l&#39;int\u00e9grer \u00e0 l&#39;\u00e9quipe. Je suis s\u00fbr qu&#39;il contribuera \u00e0 notre niveau et qu&#39;il sera un joueur important, mais cela prendra quelques semaines, peut-\u00eatre m\u00eame quelques mois. \u00bb<\/p>\n<p>Cependant, Ugarte est actuellement avec l&#39;\u00e9quipe d&#39;Uruguay en train de se pr\u00e9parer pour les matchs de qualification pour la Coupe du monde 2026 contre le Paraguay et le Venezuela.<\/p>\n<p class=\"imgI\"><img decoding=\"async\" loading=\"lazy\" class=\"l\" src=\"https:\/\/footdavant.fr\/actualites\/wp-content\/uploads\/2024\/09\/1726303704_120_Quand-Manuel-Ugarte-fera-t-il-ses-debuts-a-Manchester-United.jpg\" title=\"Manuel Ugarte, la nouvelle recrue de Manchester United, pr\u00e9sent\u00e9 aux fans avant le match du 1er septembre 2024\" alt=\"Manuel Ugarte, la nouvelle recrue de Manchester United, pr\u00e9sent\u00e9 aux fans avant le match du 1er septembre 2024\" width=\"640\" height=\"480\"><\/p>\n<h2 class=\"k3\">La tr\u00eave internationale favoriserait les chances d&#39;Ugarte de se qualifier pour Southampton<\/h2>\n<p>Le milieu de terrain devrait participer aux deux matches de son pays, le premier d&#39;entre eux ayant lieu contre le Paraguay vendredi soir.<\/p>\n<p>Ugarte a besoin de temps de jeu et Ten Hag esp\u00e8re certainement que sa nouvelle recrue jouera une grande partie des deux matches pendant la tr\u00eave internationale.<\/p>\n<p>Si tel est le cas, il sera alors en excellente position pour faire ses d\u00e9buts contre Southampton \u00e0 St Mary&#39;s, o\u00f9 Man United cherchera \u00e0 rebondir apr\u00e8s des d\u00e9faites successives en championnat contre Liverpool et Brighton &#038; Hove Albion.<\/p>\n<p>Il reste \u00e0 voir si Ugarte sera pr\u00eat \u00e0 d\u00e9buter le prochain match de Manchester United, mais tous les signes pointent actuellement vers une premi\u00e8re sortie contre les Saints.<\/p>\n<\/div>\n","protected":false},"excerpt":{"rendered":"<p>Le milieu de terrain de Manchester United, Manuel Ugarte, pourrait faire ses d\u00e9buts avec les Red Devils lors du choc de Premier League contre Southampton<\/p>\n","protected":false},"author":1,"featured_media":13384,"comment_status":"closed","ping_status":"","sticky":false,"template":"","format":"standard","meta":{"footnotes":""},"categories":[5],"tags":[721,6408,11,2787,561,154,6073,13],"yoast_head":"<!-- This site is optimized with the Yoast SEO plugin v21.0 - https:\/\/yoast.com\/wordpress\/plugins\/seo\/ -->\n<title>Quand Manuel Ugarte fera-t-il ses d\u00e9buts \u00e0 Manchester United ?<\/title>\n<meta name=\"robots\" content=\"index, follow, max-snippet:-1, max-image-preview:large, max-video-preview:-1\" \/>\n<link rel=\"canonical\" href=\"https:\/\/footdavant.fr\/actualites\/quand-manuel-ugarte-fera-t-il-ses-debuts-a-manchester-united\/\" \/>\n<meta property=\"og:locale\" content=\"fr_FR\" \/>\n<meta property=\"og:type\" content=\"article\" \/>\n<meta property=\"og:title\" content=\"Quand Manuel Ugarte fera-t-il ses d\u00e9buts \u00e0 Manchester United ?\" \/>\n<meta property=\"og:description\" content=\"Le milieu de terrain de Manchester United, Manuel Ugarte, pourrait faire ses d\u00e9buts avec les Red Devils lors du choc de Premier League contre Southampton\" \/>\n<meta property=\"og:url\" content=\"https:\/\/footdavant.fr\/actualites\/quand-manuel-ugarte-fera-t-il-ses-debuts-a-manchester-united\/\" \/>\n<meta property=\"og:site_name\" content=\"Foot d&#039;avant\" \/>\n<meta property=\"article:publisher\" content=\"https:\/\/www.facebook.com\/Footdavant\/\" \/>\n<meta property=\"article:published_time\" content=\"2024-09-14T08:48:24+00:00\" \/>\n<meta property=\"article:modified_time\" content=\"2024-09-14T08:48:26+00:00\" \/>\n<meta property=\"og:image\" content=\"https:\/\/footdavant.fr\/actualites\/wp-content\/uploads\/2024\/09\/Quand-Manuel-Ugarte-fera-t-il-ses-debuts-a-Manchester-United.jpg\" \/>\n\t<meta property=\"og:image:width\" content=\"640\" \/>\n\t<meta property=\"og:image:height\" content=\"480\" \/>\n\t<meta property=\"og:image:type\" content=\"image\/jpeg\" \/>\n<meta name=\"author\" content=\"Cl\u00e9ment\" \/>\n<meta name=\"twitter:card\" content=\"summary_large_image\" \/>\n<meta name=\"twitter:creator\" content=\"@FootdavantFr\" \/>\n<meta name=\"twitter:site\" content=\"@FootdavantFr\" \/>\n<meta name=\"twitter:label1\" content=\"\u00c9crit par\" \/>\n\t<meta name=\"twitter:data1\" content=\"Cl\u00e9ment\" \/>\n\t<meta name=\"twitter:label2\" content=\"Dur\u00e9e de lecture estim\u00e9e\" \/>\n\t<meta name=\"twitter:data2\" content=\"3 minutes\" \/>\n<script type=\"application\/ld+json\" class=\"yoast-schema-graph\">{\"@context\":\"https:\/\/schema.org\",\"@graph\":[{\"@type\":\"Article\",\"@id\":\"https:\/\/footdavant.fr\/actualites\/quand-manuel-ugarte-fera-t-il-ses-debuts-a-manchester-united\/#article\",\"isPartOf\":{\"@id\":\"https:\/\/footdavant.fr\/actualites\/quand-manuel-ugarte-fera-t-il-ses-debuts-a-manchester-united\/\"},\"author\":{\"name\":\"Cl\u00e9ment\",\"@id\":\"https:\/\/footdavant.fr\/actualites\/#\/schema\/person\/bc222566d95871b37e597b3ed3ba5e1d\"},\"headline\":\"Quand Manuel Ugarte fera-t-il ses d\u00e9buts \u00e0 Manchester United ?\",\"datePublished\":\"2024-09-14T08:48:24+00:00\",\"dateModified\":\"2024-09-14T08:48:26+00:00\",\"mainEntityOfPage\":{\"@id\":\"https:\/\/footdavant.fr\/actualites\/quand-manuel-ugarte-fera-t-il-ses-debuts-a-manchester-united\/\"},\"wordCount\":569,\"publisher\":{\"@id\":\"https:\/\/footdavant.fr\/actualites\/#organization\"},\"keywords\":[\"d\u00e9buts\",\"feratil\",\"Manchester\",\"Manuel\",\"quand\",\"ses\",\"Ugarte\",\"United\"],\"articleSection\":[\"Premier League\"],\"inLanguage\":\"fr-FR\"},{\"@type\":\"WebPage\",\"@id\":\"https:\/\/footdavant.fr\/actualites\/quand-manuel-ugarte-fera-t-il-ses-debuts-a-manchester-united\/\",\"url\":\"https:\/\/footdavant.fr\/actualites\/quand-manuel-ugarte-fera-t-il-ses-debuts-a-manchester-united\/\",\"name\":\"Quand Manuel Ugarte fera-t-il ses d\u00e9buts \u00e0 Manchester United ?\",\"isPartOf\":{\"@id\":\"https:\/\/footdavant.fr\/actualites\/#website\"},\"datePublished\":\"2024-09-14T08:48:24+00:00\",\"dateModified\":\"2024-09-14T08:48:26+00:00\",\"breadcrumb\":{\"@id\":\"https:\/\/footdavant.fr\/actualites\/quand-manuel-ugarte-fera-t-il-ses-debuts-a-manchester-united\/#breadcrumb\"},\"inLanguage\":\"fr-FR\",\"potentialAction\":[{\"@type\":\"ReadAction\",\"target\":[\"https:\/\/footdavant.fr\/actualites\/quand-manuel-ugarte-fera-t-il-ses-debuts-a-manchester-united\/\"]}]},{\"@type\":\"BreadcrumbList\",\"@id\":\"https:\/\/footdavant.fr\/actualites\/quand-manuel-ugarte-fera-t-il-ses-debuts-a-manchester-united\/#breadcrumb\",\"itemListElement\":[{\"@type\":\"ListItem\",\"position\":1,\"name\":\"Accueil\",\"item\":\"https:\/\/footdavant.fr\/actualites\/\"},{\"@type\":\"ListItem\",\"position\":2,\"name\":\"Quand Manuel Ugarte fera-t-il ses d\u00e9buts \u00e0 Manchester United ?\"}]},{\"@type\":\"WebSite\",\"@id\":\"https:\/\/footdavant.fr\/actualites\/#website\",\"url\":\"https:\/\/footdavant.fr\/actualites\/\",\"name\":\"Foot d'avant\",\"description\":\"\",\"publisher\":{\"@id\":\"https:\/\/footdavant.fr\/actualites\/#organization\"},\"potentialAction\":[{\"@type\":\"SearchAction\",\"target\":{\"@type\":\"EntryPoint\",\"urlTemplate\":\"https:\/\/footdavant.fr\/actualites\/?s={search_term_string}\"},\"query-input\":\"required name=search_term_string\"}],\"inLanguage\":\"fr-FR\"},{\"@type\":\"Organization\",\"@id\":\"https:\/\/footdavant.fr\/actualites\/#organization\",\"name\":\"Foot d'avant\",\"url\":\"https:\/\/footdavant.fr\/actualites\/\",\"logo\":{\"@type\":\"ImageObject\",\"inLanguage\":\"fr-FR\",\"@id\":\"https:\/\/footdavant.fr\/actualites\/#\/schema\/logo\/image\/\",\"url\":\"https:\/\/footdavant.fr\/actualites\/wp-content\/uploads\/2023\/09\/Copy-of-FootDavant-Logo.png\",\"contentUrl\":\"https:\/\/footdavant.fr\/actualites\/wp-content\/uploads\/2023\/09\/Copy-of-FootDavant-Logo.png\",\"width\":936,\"height\":549,\"caption\":\"Foot d'avant\"},\"image\":{\"@id\":\"https:\/\/footdavant.fr\/actualites\/#\/schema\/logo\/image\/\"},\"sameAs\":[\"https:\/\/www.facebook.com\/Footdavant\/\",\"https:\/\/twitter.com\/FootdavantFr\",\"https:\/\/www.instagram.com\/footdavant.fr\/\"]},{\"@type\":\"Person\",\"@id\":\"https:\/\/footdavant.fr\/actualites\/#\/schema\/person\/bc222566d95871b37e597b3ed3ba5e1d\",\"name\":\"Cl\u00e9ment\",\"image\":{\"@type\":\"ImageObject\",\"inLanguage\":\"fr-FR\",\"@id\":\"https:\/\/footdavant.fr\/actualites\/#\/schema\/person\/image\/\",\"url\":\"https:\/\/secure.gravatar.com\/avatar\/7728b29aac2719421e1a9159b2254c44?s=96&d=mm&r=g\",\"contentUrl\":\"https:\/\/secure.gravatar.com\/avatar\/7728b29aac2719421e1a9159b2254c44?s=96&d=mm&r=g\",\"caption\":\"Cl\u00e9ment\"},\"sameAs\":[\"https:\/\/footdavant.fr\/\"]}]}<\/script>\n<!-- \/ Yoast SEO plugin. -->","yoast_head_json":{"title":"Quand Manuel Ugarte fera-t-il ses d\u00e9buts \u00e0 Manchester United ?","robots":{"index":"index","follow":"follow","max-snippet":"max-snippet:-1","max-image-preview":"max-image-preview:large","max-video-preview":"max-video-preview:-1"},"canonical":"https:\/\/footdavant.fr\/actualites\/quand-manuel-ugarte-fera-t-il-ses-debuts-a-manchester-united\/","og_locale":"fr_FR","og_type":"article","og_title":"Quand Manuel Ugarte fera-t-il ses d\u00e9buts \u00e0 Manchester United ?","og_description":"Le milieu de terrain de Manchester United, Manuel Ugarte, pourrait faire ses d\u00e9buts avec les Red Devils lors du choc de Premier League contre Southampton","og_url":"https:\/\/footdavant.fr\/actualites\/quand-manuel-ugarte-fera-t-il-ses-debuts-a-manchester-united\/","og_site_name":"Foot d&#039;avant","article_publisher":"https:\/\/www.facebook.com\/Footdavant\/","article_published_time":"2024-09-14T08:48:24+00:00","article_modified_time":"2024-09-14T08:48:26+00:00","og_image":[{"width":640,"height":480,"url":"https:\/\/footdavant.fr\/actualites\/wp-content\/uploads\/2024\/09\/Quand-Manuel-Ugarte-fera-t-il-ses-debuts-a-Manchester-United.jpg","type":"image\/jpeg"}],"author":"Cl\u00e9ment","twitter_card":"summary_large_image","twitter_creator":"@FootdavantFr","twitter_site":"@FootdavantFr","twitter_misc":{"\u00c9crit par":"Cl\u00e9ment","Dur\u00e9e de lecture estim\u00e9e":"3 minutes"},"schema":{"@context":"https:\/\/schema.org","@graph":[{"@type":"Article","@id":"https:\/\/footdavant.fr\/actualites\/quand-manuel-ugarte-fera-t-il-ses-debuts-a-manchester-united\/#article","isPartOf":{"@id":"https:\/\/footdavant.fr\/actualites\/quand-manuel-ugarte-fera-t-il-ses-debuts-a-manchester-united\/"},"author":{"name":"Cl\u00e9ment","@id":"https:\/\/footdavant.fr\/actualites\/#\/schema\/person\/bc222566d95871b37e597b3ed3ba5e1d"},"headline":"Quand Manuel Ugarte fera-t-il ses d\u00e9buts \u00e0 Manchester United ?","datePublished":"2024-09-14T08:48:24+00:00","dateModified":"2024-09-14T08:48:26+00:00","mainEntityOfPage":{"@id":"https:\/\/footdavant.fr\/actualites\/quand-manuel-ugarte-fera-t-il-ses-debuts-a-manchester-united\/"},"wordCount":569,"publisher":{"@id":"https:\/\/footdavant.fr\/actualites\/#organization"},"keywords":["d\u00e9buts","feratil","Manchester","Manuel","quand","ses","Ugarte","United"],"articleSection":["Premier League"],"inLanguage":"fr-FR"},{"@type":"WebPage","@id":"https:\/\/footdavant.fr\/actualites\/quand-manuel-ugarte-fera-t-il-ses-debuts-a-manchester-united\/","url":"https:\/\/footdavant.fr\/actualites\/quand-manuel-ugarte-fera-t-il-ses-debuts-a-manchester-united\/","name":"Quand Manuel Ugarte fera-t-il ses d\u00e9buts \u00e0 Manchester United ?","isPartOf":{"@id":"https:\/\/footdavant.fr\/actualites\/#website"},"datePublished":"2024-09-14T08:48:24+00:00","dateModified":"2024-09-14T08:48:26+00:00","breadcrumb":{"@id":"https:\/\/footdavant.fr\/actualites\/quand-manuel-ugarte-fera-t-il-ses-debuts-a-manchester-united\/#breadcrumb"},"inLanguage":"fr-FR","potentialAction":[{"@type":"ReadAction","target":["https:\/\/footdavant.fr\/actualites\/quand-manuel-ugarte-fera-t-il-ses-debuts-a-manchester-united\/"]}]},{"@type":"BreadcrumbList","@id":"https:\/\/footdavant.fr\/actualites\/quand-manuel-ugarte-fera-t-il-ses-debuts-a-manchester-united\/#breadcrumb","itemListElement":[{"@type":"ListItem","position":1,"name":"Accueil","item":"https:\/\/footdavant.fr\/actualites\/"},{"@type":"ListItem","position":2,"name":"Quand Manuel Ugarte fera-t-il ses d\u00e9buts \u00e0 Manchester United ?"}]},{"@type":"WebSite","@id":"https:\/\/footdavant.fr\/actualites\/#website","url":"https:\/\/footdavant.fr\/actualites\/","name":"Foot d'avant","description":"","publisher":{"@id":"https:\/\/footdavant.fr\/actualites\/#organization"},"potentialAction":[{"@type":"SearchAction","target":{"@type":"EntryPoint","urlTemplate":"https:\/\/footdavant.fr\/actualites\/?s={search_term_string}"},"query-input":"required name=search_term_string"}],"inLanguage":"fr-FR"},{"@type":"Organization","@id":"https:\/\/footdavant.fr\/actualites\/#organization","name":"Foot d'avant","url":"https:\/\/footdavant.fr\/actualites\/","logo":{"@type":"ImageObject","inLanguage":"fr-FR","@id":"https:\/\/footdavant.fr\/actualites\/#\/schema\/logo\/image\/","url":"https:\/\/footdavant.fr\/actualites\/wp-content\/uploads\/2023\/09\/Copy-of-FootDavant-Logo.png","contentUrl":"https:\/\/footdavant.fr\/actualites\/wp-content\/uploads\/2023\/09\/Copy-of-FootDavant-Logo.png","width":936,"height":549,"caption":"Foot d'avant"},"image":{"@id":"https:\/\/footdavant.fr\/actualites\/#\/schema\/logo\/image\/"},"sameAs":["https:\/\/www.facebook.com\/Footdavant\/","https:\/\/twitter.com\/FootdavantFr","https:\/\/www.instagram.com\/footdavant.fr\/"]},{"@type":"Person","@id":"https:\/\/footdavant.fr\/actualites\/#\/schema\/person\/bc222566d95871b37e597b3ed3ba5e1d","name":"Cl\u00e9ment","image":{"@type":"ImageObject","inLanguage":"fr-FR","@id":"https:\/\/footdavant.fr\/actualites\/#\/schema\/person\/image\/","url":"https:\/\/secure.gravatar.com\/avatar\/7728b29aac2719421e1a9159b2254c44?s=96&d=mm&r=g","contentUrl":"https:\/\/secure.gravatar.com\/avatar\/7728b29aac2719421e1a9159b2254c44?s=96&d=mm&r=g","caption":"Cl\u00e9ment"},"sameAs":["https:\/\/footdavant.fr\/"]}]}},"_links":{"self":[{"href":"https:\/\/footdavant.fr\/actualites\/wp-json\/wp\/v2\/posts\/13383"}],"collection":[{"href":"https:\/\/footdavant.fr\/actualites\/wp-json\/wp\/v2\/posts"}],"about":[{"href":"https:\/\/footdavant.fr\/actualites\/wp-json\/wp\/v2\/types\/post"}],"author":[{"embeddable":true,"href":"https:\/\/footdavant.fr\/actualites\/wp-json\/wp\/v2\/users\/1"}],"replies":[{"embeddable":true,"href":"https:\/\/footdavant.fr\/actualites\/wp-json\/wp\/v2\/comments?post=13383"}],"version-history":[{"count":1,"href":"https:\/\/footdavant.fr\/actualites\/wp-json\/wp\/v2\/posts\/13383\/revisions"}],"predecessor-version":[{"id":13385,"href":"https:\/\/footdavant.fr\/actualites\/wp-json\/wp\/v2\/posts\/13383\/revisions\/13385"}],"wp:featuredmedia":[{"embeddable":true,"href":"https:\/\/footdavant.fr\/actualites\/wp-json\/wp\/v2\/media\/13384"}],"wp:attachment":[{"href":"https:\/\/footdavant.fr\/actualites\/wp-json\/wp\/v2\/media?parent=13383"}],"wp:term":[{"taxonomy":"category","embeddable":true,"href":"https:\/\/footdavant.fr\/actualites\/wp-json\/wp\/v2\/categories?post=13383"},{"taxonomy":"post_tag","embeddable":true,"href":"https:\/\/footdavant.fr\/actualites\/wp-json\/wp\/v2\/tags?post=13383"}],"curies":[{"name":"wp","href":"https:\/\/api.w.org\/{rel}","templated":true}]}}