{"id":13386,"date":"2024-09-14T12:48:20","date_gmt":"2024-09-14T10:48:20","guid":{"rendered":"https:\/\/footdavant.fr\/actualites\/xi-confirme-de-man-united-manuel-ugarte-et-alejandro-garnacho-ne-seront-pas-titulaires\/"},"modified":"2024-09-14T12:48:23","modified_gmt":"2024-09-14T10:48:23","slug":"xi-confirme-de-man-united-manuel-ugarte-et-alejandro-garnacho-ne-seront-pas-titulaires","status":"publish","type":"post","link":"https:\/\/footdavant.fr\/actualites\/xi-confirme-de-man-united-manuel-ugarte-et-alejandro-garnacho-ne-seront-pas-titulaires\/","title":{"rendered":"XI confirm\u00e9 de Man United : Manuel Ugarte et Alejandro Garnacho ne seront pas titulaires &#8211;"},"content":{"rendered":"<div id=\"penci-post-entry-inner\">\n<p>\t\t\t<i class=\"penci-post-countview-number-check\" style=\"display:none\">1<\/i><\/p>\n<p><!--Article Start--><br \/>La nouvelle recrue Manuel Ugarte ne sera pas titulaire pour Manchester United aujourd&#39;hui alors qu&#39;ils affrontent une \u00e9quipe de Southampton \u00e0 St Mary&#39;s d\u00e9sesp\u00e9r\u00e9e de marquer des points au tableau.<\/p>\n<p>Le manager Erik ten Hag est sous pression apr\u00e8s deux d\u00e9faites cons\u00e9cutives contre Brighton et Liverpool, et il a plac\u00e9 sa confiance dans des quarts de finale surprenants pour ce match.<\/p>\n<p>Andr\u00e9 Onana sera dans les buts.<\/p>\n<p>En d\u00e9fense, Noussair Mazraoui, Matthijs de Ligt, Lisandro Martinez et Diogo Dalot continuent malgr\u00e9 trois buts encaiss\u00e9s contre Liverpool la derni\u00e8re fois.<\/p>\n<p>Kobbie Mainoo est rejoint au milieu de terrain, de mani\u00e8re surprenante, par Christian Eriksen, que beaucoup pensaient \u00eatre en disgr\u00e2ce aupr\u00e8s de Ten Hag. Cela signifie que Casemiro est \u00e9cart\u00e9, mais, vraisemblablement, Ugarte n&#39;est pas jug\u00e9 pr\u00eat \u00e0 d\u00e9buter.<\/p>\n<p>Devant, Marcus Rashford est de nouveau titulaire sur l&#39;aile gauche malgr\u00e9 les appels \u00e0 son abandon en raison de sa mauvaise forme. Amad Diallo est rappel\u00e9 sur l&#39;aile droite avec Josh Zirkzee en pointe.<\/p>\n<p>Bruno Fernandes joue au poste de num\u00e9ro 10.<\/p>\n<p>Garder Rashford, inclure Eriksen et omettre Ugarte et Garnacho sont des d\u00e9cisions controvers\u00e9es. Sans milieu d\u00e9fensif, l&#39;\u00e9quipe est plut\u00f4t offensive, m\u00eame si Mainoo sera sans doute appel\u00e9 \u00e0 s&#39;asseoir devant la d\u00e9fense \u00e0 quatre.<\/p>\n<p>Sur le banc, on retrouve le gardien Altay Bayindir, Harry Maguire, Jonny Evans, Casemiro, Ugarte, Alejandro Garnacho, Antony et Ethan Wheatley. Toby Collyer ne jouera donc pas du tout.<\/p>\n<p>Luke Shaw, Tyrell Malacia, Victor Lindelof, Leny Yoro, Mason Mount et Rasmus Hojlund sont tous encore bless\u00e9s.<\/p>\n<p>Le coup d&#39;envoi sera donn\u00e9 \u00e0 12h30, heure du Royaume-Uni, \u00e0 St Mary&#39;s.<\/p>\n<blockquote class=\"twitter-tweet\" data-width=\"550\" data-dnt=\"true\">\n<p lang=\"en\" dir=\"ltr\">\ud83d\udea8 Voici votre \u00e9quipe de Manchester United pour le coup d&#39;envoi du match d&#39;aujourd&#39;hui \u00e0 l&#39;heure du d\u00e9jeuner ! \ud83c\udf7d\ufe0f\u26bd\ufe0f<a rel=\"nofollow\" href=\"https:\/\/twitter.com\/hashtag\/MUFC?src=hash&amp;ref_src=twsrc%5Etfw\">#MUFC<\/a> || <a rel=\"nofollow\" href=\"https:\/\/twitter.com\/hashtag\/SOUMUN?src=hash&amp;ref_src=twsrc%5Etfw\">#SOUMUN<\/a><\/p>\n<p>\u2014 Manchester United (@ManUtd) <a rel=\"nofollow\" href=\"https:\/\/twitter.com\/ManUtd\/status\/1834898710540468354?ref_src=twsrc%5Etfw\">14 septembre 2024<\/a><\/p>\n<\/blockquote>\n<hr>\n<p>\n <b>Jouez gratuitement pour gagner le nouveau kit United !<\/b> Nous offrons un nouveau prix \u00e0 chaque semaine de match de la PL, offert par Goat Kits\u00a0! Pour jouer, il vous suffit de (1) rejoindre la toute nouvelle ligue PL Challenge de cette semaine ici avec notre code de ligue puu1tk et d&#39;inscrire votre \u00e9quipe. (2) <a rel=\"nofollow noopener\" href=\"https:\/\/twitter.com\/intent\/user?screen_name=_peoplesperson_\" target=\"_blank\">Suivez The Peoples Person sur X<\/a> et r\u00e9pondez \u00e0 la question d\u00e9cisive. Instructions et r\u00e8gles compl\u00e8tes ici.<br \/>\nVous pouvez \u00e9galement visiter Goat Kits sur goatkitstore.com et utiliser le code de r\u00e9duction TPP30 pour obtenir 30 % de r\u00e9duction sur votre premier achat !<br \/>\n<!--Article End--><\/p>\n<p><!-- CONTENT END 3 --><\/p><\/div>\n<p><script async src=\"https:\/\/platform.twitter.com\/widgets.js\" charset=\"utf-8\"><\/script><\/p>\n","protected":false},"excerpt":{"rendered":"<p>1 La nouvelle recrue Manuel Ugarte ne sera pas titulaire pour Manchester United aujourd&#39;hui alors qu&#39;ils affrontent une \u00e9quipe de Southampton \u00e0 St Mary&#39;s d\u00e9sesp\u00e9r\u00e9e<\/p>\n","protected":false},"author":1,"featured_media":13387,"comment_status":"closed","ping_status":"","sticky":false,"template":"","format":"standard","meta":{"footnotes":""},"categories":[3],"tags":[790,40,791,24,2787,71,1997,5997,6073,13],"yoast_head":"<!-- This site is optimized with the Yoast SEO plugin v21.0 - https:\/\/yoast.com\/wordpress\/plugins\/seo\/ -->\n<title>XI confirm\u00e9 de Man United : Manuel Ugarte et Alejandro Garnacho ne seront pas titulaires -<\/title>\n<meta name=\"robots\" content=\"index, follow, max-snippet:-1, max-image-preview:large, max-video-preview:-1\" \/>\n<link rel=\"canonical\" href=\"https:\/\/footdavant.fr\/actualites\/xi-confirme-de-man-united-manuel-ugarte-et-alejandro-garnacho-ne-seront-pas-titulaires\/\" \/>\n<meta property=\"og:locale\" content=\"fr_FR\" \/>\n<meta property=\"og:type\" content=\"article\" \/>\n<meta property=\"og:title\" content=\"XI confirm\u00e9 de Man United : Manuel Ugarte et Alejandro Garnacho ne seront pas titulaires -\" \/>\n<meta property=\"og:description\" content=\"1 La nouvelle recrue Manuel Ugarte ne sera pas titulaire pour Manchester United aujourd&#039;hui alors qu&#039;ils affrontent une \u00e9quipe de Southampton \u00e0 St Mary&#039;s d\u00e9sesp\u00e9r\u00e9e\" \/>\n<meta property=\"og:url\" content=\"https:\/\/footdavant.fr\/actualites\/xi-confirme-de-man-united-manuel-ugarte-et-alejandro-garnacho-ne-seront-pas-titulaires\/\" \/>\n<meta property=\"og:site_name\" content=\"Foot d&#039;avant\" \/>\n<meta property=\"article:publisher\" content=\"https:\/\/www.facebook.com\/Footdavant\/\" \/>\n<meta property=\"article:published_time\" content=\"2024-09-14T10:48:20+00:00\" \/>\n<meta property=\"article:modified_time\" content=\"2024-09-14T10:48:23+00:00\" \/>\n<meta property=\"og:image\" content=\"https:\/\/footdavant.fr\/actualites\/wp-content\/uploads\/2024\/09\/XI-confirme-de-Man-United-Manuel-Ugarte-et-Alejandro.jpg\" \/>\n\t<meta property=\"og:image:width\" content=\"1600\" \/>\n\t<meta property=\"og:image:height\" content=\"710\" \/>\n\t<meta property=\"og:image:type\" content=\"image\/jpeg\" \/>\n<meta name=\"author\" content=\"Cl\u00e9ment\" \/>\n<meta name=\"twitter:card\" content=\"summary_large_image\" \/>\n<meta name=\"twitter:creator\" content=\"@FootdavantFr\" \/>\n<meta name=\"twitter:site\" content=\"@FootdavantFr\" \/>\n<meta name=\"twitter:label1\" content=\"\u00c9crit par\" \/>\n\t<meta name=\"twitter:data1\" content=\"Cl\u00e9ment\" \/>\n\t<meta name=\"twitter:label2\" content=\"Dur\u00e9e de lecture estim\u00e9e\" \/>\n\t<meta name=\"twitter:data2\" content=\"2 minutes\" \/>\n<script type=\"application\/ld+json\" class=\"yoast-schema-graph\">{\"@context\":\"https:\/\/schema.org\",\"@graph\":[{\"@type\":\"Article\",\"@id\":\"https:\/\/footdavant.fr\/actualites\/xi-confirme-de-man-united-manuel-ugarte-et-alejandro-garnacho-ne-seront-pas-titulaires\/#article\",\"isPartOf\":{\"@id\":\"https:\/\/footdavant.fr\/actualites\/xi-confirme-de-man-united-manuel-ugarte-et-alejandro-garnacho-ne-seront-pas-titulaires\/\"},\"author\":{\"name\":\"Cl\u00e9ment\",\"@id\":\"https:\/\/footdavant.fr\/actualites\/#\/schema\/person\/bc222566d95871b37e597b3ed3ba5e1d\"},\"headline\":\"XI confirm\u00e9 de Man United : Manuel Ugarte et Alejandro Garnacho ne seront pas titulaires &#8211;\",\"datePublished\":\"2024-09-14T10:48:20+00:00\",\"dateModified\":\"2024-09-14T10:48:23+00:00\",\"mainEntityOfPage\":{\"@id\":\"https:\/\/footdavant.fr\/actualites\/xi-confirme-de-man-united-manuel-ugarte-et-alejandro-garnacho-ne-seront-pas-titulaires\/\"},\"wordCount\":428,\"publisher\":{\"@id\":\"https:\/\/footdavant.fr\/actualites\/#organization\"},\"keywords\":[\"Alejandro\",\"confirme\",\"Garnacho\",\"Man\",\"Manuel\",\"pas\",\"seront\",\"titulaires\",\"Ugarte\",\"United\"],\"articleSection\":[\"Football\"],\"inLanguage\":\"fr-FR\"},{\"@type\":\"WebPage\",\"@id\":\"https:\/\/footdavant.fr\/actualites\/xi-confirme-de-man-united-manuel-ugarte-et-alejandro-garnacho-ne-seront-pas-titulaires\/\",\"url\":\"https:\/\/footdavant.fr\/actualites\/xi-confirme-de-man-united-manuel-ugarte-et-alejandro-garnacho-ne-seront-pas-titulaires\/\",\"name\":\"XI confirm\u00e9 de Man United : Manuel Ugarte et Alejandro Garnacho ne seront pas titulaires -\",\"isPartOf\":{\"@id\":\"https:\/\/footdavant.fr\/actualites\/#website\"},\"datePublished\":\"2024-09-14T10:48:20+00:00\",\"dateModified\":\"2024-09-14T10:48:23+00:00\",\"breadcrumb\":{\"@id\":\"https:\/\/footdavant.fr\/actualites\/xi-confirme-de-man-united-manuel-ugarte-et-alejandro-garnacho-ne-seront-pas-titulaires\/#breadcrumb\"},\"inLanguage\":\"fr-FR\",\"potentialAction\":[{\"@type\":\"ReadAction\",\"target\":[\"https:\/\/footdavant.fr\/actualites\/xi-confirme-de-man-united-manuel-ugarte-et-alejandro-garnacho-ne-seront-pas-titulaires\/\"]}]},{\"@type\":\"BreadcrumbList\",\"@id\":\"https:\/\/footdavant.fr\/actualites\/xi-confirme-de-man-united-manuel-ugarte-et-alejandro-garnacho-ne-seront-pas-titulaires\/#breadcrumb\",\"itemListElement\":[{\"@type\":\"ListItem\",\"position\":1,\"name\":\"Accueil\",\"item\":\"https:\/\/footdavant.fr\/actualites\/\"},{\"@type\":\"ListItem\",\"position\":2,\"name\":\"XI confirm\u00e9 de Man United : Manuel Ugarte et Alejandro Garnacho ne seront pas titulaires &#8211;\"}]},{\"@type\":\"WebSite\",\"@id\":\"https:\/\/footdavant.fr\/actualites\/#website\",\"url\":\"https:\/\/footdavant.fr\/actualites\/\",\"name\":\"Foot d'avant\",\"description\":\"\",\"publisher\":{\"@id\":\"https:\/\/footdavant.fr\/actualites\/#organization\"},\"potentialAction\":[{\"@type\":\"SearchAction\",\"target\":{\"@type\":\"EntryPoint\",\"urlTemplate\":\"https:\/\/footdavant.fr\/actualites\/?s={search_term_string}\"},\"query-input\":\"required name=search_term_string\"}],\"inLanguage\":\"fr-FR\"},{\"@type\":\"Organization\",\"@id\":\"https:\/\/footdavant.fr\/actualites\/#organization\",\"name\":\"Foot d'avant\",\"url\":\"https:\/\/footdavant.fr\/actualites\/\",\"logo\":{\"@type\":\"ImageObject\",\"inLanguage\":\"fr-FR\",\"@id\":\"https:\/\/footdavant.fr\/actualites\/#\/schema\/logo\/image\/\",\"url\":\"https:\/\/footdavant.fr\/actualites\/wp-content\/uploads\/2023\/09\/Copy-of-FootDavant-Logo.png\",\"contentUrl\":\"https:\/\/footdavant.fr\/actualites\/wp-content\/uploads\/2023\/09\/Copy-of-FootDavant-Logo.png\",\"width\":936,\"height\":549,\"caption\":\"Foot d'avant\"},\"image\":{\"@id\":\"https:\/\/footdavant.fr\/actualites\/#\/schema\/logo\/image\/\"},\"sameAs\":[\"https:\/\/www.facebook.com\/Footdavant\/\",\"https:\/\/twitter.com\/FootdavantFr\",\"https:\/\/www.instagram.com\/footdavant.fr\/\"]},{\"@type\":\"Person\",\"@id\":\"https:\/\/footdavant.fr\/actualites\/#\/schema\/person\/bc222566d95871b37e597b3ed3ba5e1d\",\"name\":\"Cl\u00e9ment\",\"image\":{\"@type\":\"ImageObject\",\"inLanguage\":\"fr-FR\",\"@id\":\"https:\/\/footdavant.fr\/actualites\/#\/schema\/person\/image\/\",\"url\":\"https:\/\/secure.gravatar.com\/avatar\/7728b29aac2719421e1a9159b2254c44?s=96&d=mm&r=g\",\"contentUrl\":\"https:\/\/secure.gravatar.com\/avatar\/7728b29aac2719421e1a9159b2254c44?s=96&d=mm&r=g\",\"caption\":\"Cl\u00e9ment\"},\"sameAs\":[\"https:\/\/footdavant.fr\/\"]}]}<\/script>\n<!-- \/ Yoast SEO plugin. -->","yoast_head_json":{"title":"XI confirm\u00e9 de Man United : Manuel Ugarte et Alejandro Garnacho ne seront pas titulaires -","robots":{"index":"index","follow":"follow","max-snippet":"max-snippet:-1","max-image-preview":"max-image-preview:large","max-video-preview":"max-video-preview:-1"},"canonical":"https:\/\/footdavant.fr\/actualites\/xi-confirme-de-man-united-manuel-ugarte-et-alejandro-garnacho-ne-seront-pas-titulaires\/","og_locale":"fr_FR","og_type":"article","og_title":"XI confirm\u00e9 de Man United : Manuel Ugarte et Alejandro Garnacho ne seront pas titulaires -","og_description":"1 La nouvelle recrue Manuel Ugarte ne sera pas titulaire pour Manchester United aujourd&#39;hui alors qu&#39;ils affrontent une \u00e9quipe de Southampton \u00e0 St Mary&#39;s d\u00e9sesp\u00e9r\u00e9e","og_url":"https:\/\/footdavant.fr\/actualites\/xi-confirme-de-man-united-manuel-ugarte-et-alejandro-garnacho-ne-seront-pas-titulaires\/","og_site_name":"Foot d&#039;avant","article_publisher":"https:\/\/www.facebook.com\/Footdavant\/","article_published_time":"2024-09-14T10:48:20+00:00","article_modified_time":"2024-09-14T10:48:23+00:00","og_image":[{"width":1600,"height":710,"url":"https:\/\/footdavant.fr\/actualites\/wp-content\/uploads\/2024\/09\/XI-confirme-de-Man-United-Manuel-Ugarte-et-Alejandro.jpg","type":"image\/jpeg"}],"author":"Cl\u00e9ment","twitter_card":"summary_large_image","twitter_creator":"@FootdavantFr","twitter_site":"@FootdavantFr","twitter_misc":{"\u00c9crit par":"Cl\u00e9ment","Dur\u00e9e de lecture estim\u00e9e":"2 minutes"},"schema":{"@context":"https:\/\/schema.org","@graph":[{"@type":"Article","@id":"https:\/\/footdavant.fr\/actualites\/xi-confirme-de-man-united-manuel-ugarte-et-alejandro-garnacho-ne-seront-pas-titulaires\/#article","isPartOf":{"@id":"https:\/\/footdavant.fr\/actualites\/xi-confirme-de-man-united-manuel-ugarte-et-alejandro-garnacho-ne-seront-pas-titulaires\/"},"author":{"name":"Cl\u00e9ment","@id":"https:\/\/footdavant.fr\/actualites\/#\/schema\/person\/bc222566d95871b37e597b3ed3ba5e1d"},"headline":"XI confirm\u00e9 de Man United : Manuel Ugarte et Alejandro Garnacho ne seront pas titulaires &#8211;","datePublished":"2024-09-14T10:48:20+00:00","dateModified":"2024-09-14T10:48:23+00:00","mainEntityOfPage":{"@id":"https:\/\/footdavant.fr\/actualites\/xi-confirme-de-man-united-manuel-ugarte-et-alejandro-garnacho-ne-seront-pas-titulaires\/"},"wordCount":428,"publisher":{"@id":"https:\/\/footdavant.fr\/actualites\/#organization"},"keywords":["Alejandro","confirme","Garnacho","Man","Manuel","pas","seront","titulaires","Ugarte","United"],"articleSection":["Football"],"inLanguage":"fr-FR"},{"@type":"WebPage","@id":"https:\/\/footdavant.fr\/actualites\/xi-confirme-de-man-united-manuel-ugarte-et-alejandro-garnacho-ne-seront-pas-titulaires\/","url":"https:\/\/footdavant.fr\/actualites\/xi-confirme-de-man-united-manuel-ugarte-et-alejandro-garnacho-ne-seront-pas-titulaires\/","name":"XI confirm\u00e9 de Man United : Manuel Ugarte et Alejandro Garnacho ne seront pas titulaires -","isPartOf":{"@id":"https:\/\/footdavant.fr\/actualites\/#website"},"datePublished":"2024-09-14T10:48:20+00:00","dateModified":"2024-09-14T10:48:23+00:00","breadcrumb":{"@id":"https:\/\/footdavant.fr\/actualites\/xi-confirme-de-man-united-manuel-ugarte-et-alejandro-garnacho-ne-seront-pas-titulaires\/#breadcrumb"},"inLanguage":"fr-FR","potentialAction":[{"@type":"ReadAction","target":["https:\/\/footdavant.fr\/actualites\/xi-confirme-de-man-united-manuel-ugarte-et-alejandro-garnacho-ne-seront-pas-titulaires\/"]}]},{"@type":"BreadcrumbList","@id":"https:\/\/footdavant.fr\/actualites\/xi-confirme-de-man-united-manuel-ugarte-et-alejandro-garnacho-ne-seront-pas-titulaires\/#breadcrumb","itemListElement":[{"@type":"ListItem","position":1,"name":"Accueil","item":"https:\/\/footdavant.fr\/actualites\/"},{"@type":"ListItem","position":2,"name":"XI confirm\u00e9 de Man United : Manuel Ugarte et Alejandro Garnacho ne seront pas titulaires &#8211;"}]},{"@type":"WebSite","@id":"https:\/\/footdavant.fr\/actualites\/#website","url":"https:\/\/footdavant.fr\/actualites\/","name":"Foot d'avant","description":"","publisher":{"@id":"https:\/\/footdavant.fr\/actualites\/#organization"},"potentialAction":[{"@type":"SearchAction","target":{"@type":"EntryPoint","urlTemplate":"https:\/\/footdavant.fr\/actualites\/?s={search_term_string}"},"query-input":"required name=search_term_string"}],"inLanguage":"fr-FR"},{"@type":"Organization","@id":"https:\/\/footdavant.fr\/actualites\/#organization","name":"Foot d'avant","url":"https:\/\/footdavant.fr\/actualites\/","logo":{"@type":"ImageObject","inLanguage":"fr-FR","@id":"https:\/\/footdavant.fr\/actualites\/#\/schema\/logo\/image\/","url":"https:\/\/footdavant.fr\/actualites\/wp-content\/uploads\/2023\/09\/Copy-of-FootDavant-Logo.png","contentUrl":"https:\/\/footdavant.fr\/actualites\/wp-content\/uploads\/2023\/09\/Copy-of-FootDavant-Logo.png","width":936,"height":549,"caption":"Foot d'avant"},"image":{"@id":"https:\/\/footdavant.fr\/actualites\/#\/schema\/logo\/image\/"},"sameAs":["https:\/\/www.facebook.com\/Footdavant\/","https:\/\/twitter.com\/FootdavantFr","https:\/\/www.instagram.com\/footdavant.fr\/"]},{"@type":"Person","@id":"https:\/\/footdavant.fr\/actualites\/#\/schema\/person\/bc222566d95871b37e597b3ed3ba5e1d","name":"Cl\u00e9ment","image":{"@type":"ImageObject","inLanguage":"fr-FR","@id":"https:\/\/footdavant.fr\/actualites\/#\/schema\/person\/image\/","url":"https:\/\/secure.gravatar.com\/avatar\/7728b29aac2719421e1a9159b2254c44?s=96&d=mm&r=g","contentUrl":"https:\/\/secure.gravatar.com\/avatar\/7728b29aac2719421e1a9159b2254c44?s=96&d=mm&r=g","caption":"Cl\u00e9ment"},"sameAs":["https:\/\/footdavant.fr\/"]}]}},"_links":{"self":[{"href":"https:\/\/footdavant.fr\/actualites\/wp-json\/wp\/v2\/posts\/13386"}],"collection":[{"href":"https:\/\/footdavant.fr\/actualites\/wp-json\/wp\/v2\/posts"}],"about":[{"href":"https:\/\/footdavant.fr\/actualites\/wp-json\/wp\/v2\/types\/post"}],"author":[{"embeddable":true,"href":"https:\/\/footdavant.fr\/actualites\/wp-json\/wp\/v2\/users\/1"}],"replies":[{"embeddable":true,"href":"https:\/\/footdavant.fr\/actualites\/wp-json\/wp\/v2\/comments?post=13386"}],"version-history":[{"count":1,"href":"https:\/\/footdavant.fr\/actualites\/wp-json\/wp\/v2\/posts\/13386\/revisions"}],"predecessor-version":[{"id":13388,"href":"https:\/\/footdavant.fr\/actualites\/wp-json\/wp\/v2\/posts\/13386\/revisions\/13388"}],"wp:featuredmedia":[{"embeddable":true,"href":"https:\/\/footdavant.fr\/actualites\/wp-json\/wp\/v2\/media\/13387"}],"wp:attachment":[{"href":"https:\/\/footdavant.fr\/actualites\/wp-json\/wp\/v2\/media?parent=13386"}],"wp:term":[{"taxonomy":"category","embeddable":true,"href":"https:\/\/footdavant.fr\/actualites\/wp-json\/wp\/v2\/categories?post=13386"},{"taxonomy":"post_tag","embeddable":true,"href":"https:\/\/footdavant.fr\/actualites\/wp-json\/wp\/v2\/tags?post=13386"}],"curies":[{"name":"wp","href":"https:\/\/api.w.org\/{rel}","templated":true}]}}