{"id":13392,"date":"2024-09-14T16:49:03","date_gmt":"2024-09-14T14:49:03","guid":{"rendered":"https:\/\/footdavant.fr\/actualites\/bilan-du-samedi-arteta-sur-odegaard-calafiori-sterling\/"},"modified":"2024-09-14T16:49:06","modified_gmt":"2024-09-14T14:49:06","slug":"bilan-du-samedi-arteta-sur-odegaard-calafiori-sterling","status":"publish","type":"post","link":"https:\/\/footdavant.fr\/actualites\/bilan-du-samedi-arteta-sur-odegaard-calafiori-sterling\/","title":{"rendered":"Bilan du samedi : Arteta sur Odegaard, Calafiori, Sterling"},"content":{"rendered":"<div>\n<p>Bonjour, un petit tour d&#39;horizon du samedi pour vous.<\/p>\n<p>Lors de sa conf\u00e9rence de presse, Mikel Arteta n&#39;a rien dit sur la blessure de Martin Odegaard. Je ne m&#39;attendais pas forc\u00e9ment \u00e0 ce qu&#39;il entre dans les d\u00e9tails, mais il a d\u00e9clar\u00e9 :<\/p>\n<blockquote>\n<p>Nous avons besoin de quelques tests suppl\u00e9mentaires, alors voyons ce qui se passe dans les prochains jours, probablement cet apr\u00e8s-midi, et voyons ce qui se passe, quelle est l&#39;\u00e9tendue de la blessure et \u00e0 quelle vitesse nous pouvons le faire revenir. Il est super positif sur tout. Nous connaissons Martin \u2013 il veut \u00eatre l\u00e0 tous les jours mais nous devons attendre et voir.<\/p>\n<\/blockquote>\n<p>D&#39;une certaine mani\u00e8re, cela semble presque encourageant, mais je ne pense pas qu&#39;il y ait une chance r\u00e9aliste de le voir dimanche, ou dans un avenir proche. Il a \u00e9t\u00e9 tout aussi vague sur Riccardo Calafiori :<\/p>\n<blockquote>\n<p>C&#39;est un autre cas que nous devons attendre encore un jour ou deux.<\/p>\n<\/blockquote>\n<p>Je pense qu&#39;il y a beaucoup plus de chances qu&#39;il soit impliqu\u00e9 qu&#39;Odegaard, mais il faudra attendre pour voir. La seule bonne nouvelle est que Gabriel Jesus \u00e9tait en formation :<\/p>\n<blockquote>\n<p>Gabby \u00e9tait sur le terrain, il a une autre s\u00e9ance demain et si tout se passe bien, il sera pr\u00eat \u00e0 \u00eatre s\u00e9lectionn\u00e9 dans cette \u00e9quipe, ce qui est une excellente nouvelle pour nous.<\/p>\n<\/blockquote>\n<p>Alors, m\u00eame si nous abordons le match de demain avec deux gros joueurs absents au centre du terrain, il semble que nous aurons beaucoup de choix en termes de puissance de feu. M\u00eame si Kai Havertz est r\u00e9affect\u00e9 au milieu de terrain, il nous reste Bukayo Saka, Gabriel Jesus, Gabriel Martinelli, Leandro Trossard et Raheem Sterling parmi lesquels choisir et qui poseront des probl\u00e8mes \u00e0 l&#39;adversaire.<\/p>\n<p>Arteta a parl\u00e9 de Sterling, et pour un manager qui est souvent assez fid\u00e8le aux r\u00e8gles lorsqu&#39;il s&#39;agit de parler des individus, il a donn\u00e9 \u00e0 l&#39;ancien joueur de Liverpool et de Man City son soutien total :<\/p>\n<blockquote>\n<p>Je vois sa soif de jouer, c&#39;est un joueur qui veut jouer chaque minute de chaque match, et quand ce n&#39;est pas le cas, il n&#39;est pas content. Il aime le football, c&#39;est ce qu&#39;il aime faire tous les jours et je le vois. Son engagement, le niveau d&#39;\u00e9nergie qu&#39;il apporte \u00e0 l&#39;\u00e9quipe et la qualit\u00e9 sont un grand atout. On peut le sentir aussi chez les joueurs quand il a franchi la porte, nous sommes meilleurs avec lui. Il va nous rendre meilleurs.<\/p>\n<p>Le premier appel que j&#39;ai eu avec lui, j&#39;ai su tout de suite apr\u00e8s 10 secondes, qu&#39;il fallait l&#39;amener parce qu&#39;il le voulait vraiment.<\/p>\n<\/blockquote>\n<p>J&#39;ai trouv\u00e9 cet aspect assez int\u00e9ressant. Le manager a dit qu&#39;il n&#39;\u00e9tait pas s\u00fbr de savoir si un joueur allait avoir 30 ans et s&#39;il avait ou non la motivation de vivre, de s&#39;entra\u00eener et de jouer selon les standards qu&#39;il attend. Il le conna\u00eet \u00e9videmment tr\u00e8s bien gr\u00e2ce \u00e0 leur exp\u00e9rience pass\u00e9e ensemble et il a \u00e9t\u00e9 cr\u00e9dit\u00e9 d&#39;avoir aid\u00e9 Sterling \u00e0 produire des chiffres exceptionnels pour City. Arteta a clairement indiqu\u00e9 que tout cela \u00e9tait d\u00fb au joueur et \u00e0 sa qualit\u00e9, alors esp\u00e9rons que nous en verrons beaucoup au cours de la saison \u00e0 venir. Combien de temps s&#39;est-il \u00e9coul\u00e9 depuis que nous avons marqu\u00e9 un premier but ? J&#39;aimerais bien en marquer un. Si l&#39;univers nous a fait tourner en bourrique en ce qui concerne les blessures au cours des deux derni\u00e8res semaines, ce serait bien d&#39;en r\u00e9cup\u00e9rer un peu.<\/p>\n<p>Bon, il ne se passe pas grand chose d&#39;autre, mais si vous n&#39;avez pas encore eu l&#39;occasion d&#39;\u00e9couter l&#39;Arsecast, au-del\u00e0 de la discussion sur Arsenal, nous avons un article brillamment r\u00e9alis\u00e9 sur le nouveau livre \u00ab Black Arsenal \u00bb. Tayo Popoola discute avec Femi Koleoso, le batteur d&#39;Ezra Collective, le photographe Eddie Otchere et Amy Lawrence de leurs contributions et de certains des th\u00e8mes contenus dans le livre lui-m\u00eame. Vous trouverez tous les liens dont vous avez besoin ci-dessous.<\/p>\n<p>Apr\u00e8s cela, si vous avez envie de nous \u00e9couter, Lewis et moi, passer en revue les nombreuses et diverses permutations du milieu de terrain pour le match de demain, le podcast d&#39;aper\u00e7u est disponible sur Patreon d\u00e8s maintenant. Passez un bon samedi \u00e0 tous.<\/p>\n<p><iframe loading=\"lazy\" src=\"https:\/\/embed.acast.com\/a1a58121-6fb4-43cf-8156-8d6df6fc312f\/66e3fe3d2b0607eaa4d67bf9\" width=\"100%\" height=\"300px\" frameborder=\"0\"><\/iframe><\/p>\n<\/div>\n","protected":false},"excerpt":{"rendered":"<p>Bonjour, un petit tour d&#39;horizon du samedi pour vous. Lors de sa conf\u00e9rence de presse, Mikel Arteta n&#39;a rien dit sur la blessure de Martin<\/p>\n","protected":false},"author":1,"featured_media":13393,"comment_status":"closed","ping_status":"","sticky":false,"template":"","format":"standard","meta":{"footnotes":""},"categories":[3],"tags":[211,251,5578,186,2135,116,103],"yoast_head":"<!-- This site is optimized with the Yoast SEO plugin v21.0 - https:\/\/yoast.com\/wordpress\/plugins\/seo\/ -->\n<title>Bilan du samedi : Arteta sur Odegaard, Calafiori, Sterling<\/title>\n<meta name=\"robots\" content=\"index, follow, max-snippet:-1, max-image-preview:large, max-video-preview:-1\" \/>\n<link rel=\"canonical\" href=\"https:\/\/footdavant.fr\/actualites\/bilan-du-samedi-arteta-sur-odegaard-calafiori-sterling\/\" \/>\n<meta property=\"og:locale\" content=\"fr_FR\" \/>\n<meta property=\"og:type\" content=\"article\" \/>\n<meta property=\"og:title\" content=\"Bilan du samedi : Arteta sur Odegaard, Calafiori, Sterling\" \/>\n<meta property=\"og:description\" content=\"Bonjour, un petit tour d&#039;horizon du samedi pour vous. Lors de sa conf\u00e9rence de presse, Mikel Arteta n&#039;a rien dit sur la blessure de Martin\" \/>\n<meta property=\"og:url\" content=\"https:\/\/footdavant.fr\/actualites\/bilan-du-samedi-arteta-sur-odegaard-calafiori-sterling\/\" \/>\n<meta property=\"og:site_name\" content=\"Foot d&#039;avant\" \/>\n<meta property=\"article:publisher\" content=\"https:\/\/www.facebook.com\/Footdavant\/\" \/>\n<meta property=\"article:published_time\" content=\"2024-09-14T14:49:03+00:00\" \/>\n<meta property=\"article:modified_time\" content=\"2024-09-14T14:49:06+00:00\" \/>\n<meta property=\"og:image\" content=\"https:\/\/footdavant.fr\/actualites\/wp-content\/uploads\/2024\/09\/Bilan-du-samedi-Arteta-sur-Odegaard-Calafiori-Sterling.jpg\" \/>\n\t<meta property=\"og:image:width\" content=\"1500\" \/>\n\t<meta property=\"og:image:height\" content=\"750\" \/>\n\t<meta property=\"og:image:type\" content=\"image\/jpeg\" \/>\n<meta name=\"author\" content=\"Cl\u00e9ment\" \/>\n<meta name=\"twitter:card\" content=\"summary_large_image\" \/>\n<meta name=\"twitter:creator\" content=\"@FootdavantFr\" \/>\n<meta name=\"twitter:site\" content=\"@FootdavantFr\" \/>\n<meta name=\"twitter:label1\" content=\"\u00c9crit par\" \/>\n\t<meta name=\"twitter:data1\" content=\"Cl\u00e9ment\" \/>\n\t<meta name=\"twitter:label2\" content=\"Dur\u00e9e de lecture estim\u00e9e\" \/>\n\t<meta name=\"twitter:data2\" content=\"4 minutes\" \/>\n<script type=\"application\/ld+json\" class=\"yoast-schema-graph\">{\"@context\":\"https:\/\/schema.org\",\"@graph\":[{\"@type\":\"Article\",\"@id\":\"https:\/\/footdavant.fr\/actualites\/bilan-du-samedi-arteta-sur-odegaard-calafiori-sterling\/#article\",\"isPartOf\":{\"@id\":\"https:\/\/footdavant.fr\/actualites\/bilan-du-samedi-arteta-sur-odegaard-calafiori-sterling\/\"},\"author\":{\"name\":\"Cl\u00e9ment\",\"@id\":\"https:\/\/footdavant.fr\/actualites\/#\/schema\/person\/bc222566d95871b37e597b3ed3ba5e1d\"},\"headline\":\"Bilan du samedi : Arteta sur Odegaard, Calafiori, Sterling\",\"datePublished\":\"2024-09-14T14:49:03+00:00\",\"dateModified\":\"2024-09-14T14:49:06+00:00\",\"mainEntityOfPage\":{\"@id\":\"https:\/\/footdavant.fr\/actualites\/bilan-du-samedi-arteta-sur-odegaard-calafiori-sterling\/\"},\"wordCount\":771,\"publisher\":{\"@id\":\"https:\/\/footdavant.fr\/actualites\/#organization\"},\"keywords\":[\"Arteta\",\"bilan\",\"Calafiori\",\"Odegaard\",\"samedi\",\"sterling\",\"sur\"],\"articleSection\":[\"Football\"],\"inLanguage\":\"fr-FR\"},{\"@type\":\"WebPage\",\"@id\":\"https:\/\/footdavant.fr\/actualites\/bilan-du-samedi-arteta-sur-odegaard-calafiori-sterling\/\",\"url\":\"https:\/\/footdavant.fr\/actualites\/bilan-du-samedi-arteta-sur-odegaard-calafiori-sterling\/\",\"name\":\"Bilan du samedi : Arteta sur Odegaard, Calafiori, Sterling\",\"isPartOf\":{\"@id\":\"https:\/\/footdavant.fr\/actualites\/#website\"},\"datePublished\":\"2024-09-14T14:49:03+00:00\",\"dateModified\":\"2024-09-14T14:49:06+00:00\",\"breadcrumb\":{\"@id\":\"https:\/\/footdavant.fr\/actualites\/bilan-du-samedi-arteta-sur-odegaard-calafiori-sterling\/#breadcrumb\"},\"inLanguage\":\"fr-FR\",\"potentialAction\":[{\"@type\":\"ReadAction\",\"target\":[\"https:\/\/footdavant.fr\/actualites\/bilan-du-samedi-arteta-sur-odegaard-calafiori-sterling\/\"]}]},{\"@type\":\"BreadcrumbList\",\"@id\":\"https:\/\/footdavant.fr\/actualites\/bilan-du-samedi-arteta-sur-odegaard-calafiori-sterling\/#breadcrumb\",\"itemListElement\":[{\"@type\":\"ListItem\",\"position\":1,\"name\":\"Accueil\",\"item\":\"https:\/\/footdavant.fr\/actualites\/\"},{\"@type\":\"ListItem\",\"position\":2,\"name\":\"Bilan du samedi : Arteta sur Odegaard, Calafiori, Sterling\"}]},{\"@type\":\"WebSite\",\"@id\":\"https:\/\/footdavant.fr\/actualites\/#website\",\"url\":\"https:\/\/footdavant.fr\/actualites\/\",\"name\":\"Foot d'avant\",\"description\":\"\",\"publisher\":{\"@id\":\"https:\/\/footdavant.fr\/actualites\/#organization\"},\"potentialAction\":[{\"@type\":\"SearchAction\",\"target\":{\"@type\":\"EntryPoint\",\"urlTemplate\":\"https:\/\/footdavant.fr\/actualites\/?s={search_term_string}\"},\"query-input\":\"required name=search_term_string\"}],\"inLanguage\":\"fr-FR\"},{\"@type\":\"Organization\",\"@id\":\"https:\/\/footdavant.fr\/actualites\/#organization\",\"name\":\"Foot d'avant\",\"url\":\"https:\/\/footdavant.fr\/actualites\/\",\"logo\":{\"@type\":\"ImageObject\",\"inLanguage\":\"fr-FR\",\"@id\":\"https:\/\/footdavant.fr\/actualites\/#\/schema\/logo\/image\/\",\"url\":\"https:\/\/footdavant.fr\/actualites\/wp-content\/uploads\/2023\/09\/Copy-of-FootDavant-Logo.png\",\"contentUrl\":\"https:\/\/footdavant.fr\/actualites\/wp-content\/uploads\/2023\/09\/Copy-of-FootDavant-Logo.png\",\"width\":936,\"height\":549,\"caption\":\"Foot d'avant\"},\"image\":{\"@id\":\"https:\/\/footdavant.fr\/actualites\/#\/schema\/logo\/image\/\"},\"sameAs\":[\"https:\/\/www.facebook.com\/Footdavant\/\",\"https:\/\/twitter.com\/FootdavantFr\",\"https:\/\/www.instagram.com\/footdavant.fr\/\"]},{\"@type\":\"Person\",\"@id\":\"https:\/\/footdavant.fr\/actualites\/#\/schema\/person\/bc222566d95871b37e597b3ed3ba5e1d\",\"name\":\"Cl\u00e9ment\",\"image\":{\"@type\":\"ImageObject\",\"inLanguage\":\"fr-FR\",\"@id\":\"https:\/\/footdavant.fr\/actualites\/#\/schema\/person\/image\/\",\"url\":\"https:\/\/secure.gravatar.com\/avatar\/7728b29aac2719421e1a9159b2254c44?s=96&d=mm&r=g\",\"contentUrl\":\"https:\/\/secure.gravatar.com\/avatar\/7728b29aac2719421e1a9159b2254c44?s=96&d=mm&r=g\",\"caption\":\"Cl\u00e9ment\"},\"sameAs\":[\"https:\/\/footdavant.fr\/\"]}]}<\/script>\n<!-- \/ Yoast SEO plugin. -->","yoast_head_json":{"title":"Bilan du samedi : Arteta sur Odegaard, Calafiori, Sterling","robots":{"index":"index","follow":"follow","max-snippet":"max-snippet:-1","max-image-preview":"max-image-preview:large","max-video-preview":"max-video-preview:-1"},"canonical":"https:\/\/footdavant.fr\/actualites\/bilan-du-samedi-arteta-sur-odegaard-calafiori-sterling\/","og_locale":"fr_FR","og_type":"article","og_title":"Bilan du samedi : Arteta sur Odegaard, Calafiori, Sterling","og_description":"Bonjour, un petit tour d&#39;horizon du samedi pour vous. Lors de sa conf\u00e9rence de presse, Mikel Arteta n&#39;a rien dit sur la blessure de Martin","og_url":"https:\/\/footdavant.fr\/actualites\/bilan-du-samedi-arteta-sur-odegaard-calafiori-sterling\/","og_site_name":"Foot d&#039;avant","article_publisher":"https:\/\/www.facebook.com\/Footdavant\/","article_published_time":"2024-09-14T14:49:03+00:00","article_modified_time":"2024-09-14T14:49:06+00:00","og_image":[{"width":1500,"height":750,"url":"https:\/\/footdavant.fr\/actualites\/wp-content\/uploads\/2024\/09\/Bilan-du-samedi-Arteta-sur-Odegaard-Calafiori-Sterling.jpg","type":"image\/jpeg"}],"author":"Cl\u00e9ment","twitter_card":"summary_large_image","twitter_creator":"@FootdavantFr","twitter_site":"@FootdavantFr","twitter_misc":{"\u00c9crit par":"Cl\u00e9ment","Dur\u00e9e de lecture estim\u00e9e":"4 minutes"},"schema":{"@context":"https:\/\/schema.org","@graph":[{"@type":"Article","@id":"https:\/\/footdavant.fr\/actualites\/bilan-du-samedi-arteta-sur-odegaard-calafiori-sterling\/#article","isPartOf":{"@id":"https:\/\/footdavant.fr\/actualites\/bilan-du-samedi-arteta-sur-odegaard-calafiori-sterling\/"},"author":{"name":"Cl\u00e9ment","@id":"https:\/\/footdavant.fr\/actualites\/#\/schema\/person\/bc222566d95871b37e597b3ed3ba5e1d"},"headline":"Bilan du samedi : Arteta sur Odegaard, Calafiori, Sterling","datePublished":"2024-09-14T14:49:03+00:00","dateModified":"2024-09-14T14:49:06+00:00","mainEntityOfPage":{"@id":"https:\/\/footdavant.fr\/actualites\/bilan-du-samedi-arteta-sur-odegaard-calafiori-sterling\/"},"wordCount":771,"publisher":{"@id":"https:\/\/footdavant.fr\/actualites\/#organization"},"keywords":["Arteta","bilan","Calafiori","Odegaard","samedi","sterling","sur"],"articleSection":["Football"],"inLanguage":"fr-FR"},{"@type":"WebPage","@id":"https:\/\/footdavant.fr\/actualites\/bilan-du-samedi-arteta-sur-odegaard-calafiori-sterling\/","url":"https:\/\/footdavant.fr\/actualites\/bilan-du-samedi-arteta-sur-odegaard-calafiori-sterling\/","name":"Bilan du samedi : Arteta sur Odegaard, Calafiori, Sterling","isPartOf":{"@id":"https:\/\/footdavant.fr\/actualites\/#website"},"datePublished":"2024-09-14T14:49:03+00:00","dateModified":"2024-09-14T14:49:06+00:00","breadcrumb":{"@id":"https:\/\/footdavant.fr\/actualites\/bilan-du-samedi-arteta-sur-odegaard-calafiori-sterling\/#breadcrumb"},"inLanguage":"fr-FR","potentialAction":[{"@type":"ReadAction","target":["https:\/\/footdavant.fr\/actualites\/bilan-du-samedi-arteta-sur-odegaard-calafiori-sterling\/"]}]},{"@type":"BreadcrumbList","@id":"https:\/\/footdavant.fr\/actualites\/bilan-du-samedi-arteta-sur-odegaard-calafiori-sterling\/#breadcrumb","itemListElement":[{"@type":"ListItem","position":1,"name":"Accueil","item":"https:\/\/footdavant.fr\/actualites\/"},{"@type":"ListItem","position":2,"name":"Bilan du samedi : Arteta sur Odegaard, Calafiori, Sterling"}]},{"@type":"WebSite","@id":"https:\/\/footdavant.fr\/actualites\/#website","url":"https:\/\/footdavant.fr\/actualites\/","name":"Foot d'avant","description":"","publisher":{"@id":"https:\/\/footdavant.fr\/actualites\/#organization"},"potentialAction":[{"@type":"SearchAction","target":{"@type":"EntryPoint","urlTemplate":"https:\/\/footdavant.fr\/actualites\/?s={search_term_string}"},"query-input":"required name=search_term_string"}],"inLanguage":"fr-FR"},{"@type":"Organization","@id":"https:\/\/footdavant.fr\/actualites\/#organization","name":"Foot d'avant","url":"https:\/\/footdavant.fr\/actualites\/","logo":{"@type":"ImageObject","inLanguage":"fr-FR","@id":"https:\/\/footdavant.fr\/actualites\/#\/schema\/logo\/image\/","url":"https:\/\/footdavant.fr\/actualites\/wp-content\/uploads\/2023\/09\/Copy-of-FootDavant-Logo.png","contentUrl":"https:\/\/footdavant.fr\/actualites\/wp-content\/uploads\/2023\/09\/Copy-of-FootDavant-Logo.png","width":936,"height":549,"caption":"Foot d'avant"},"image":{"@id":"https:\/\/footdavant.fr\/actualites\/#\/schema\/logo\/image\/"},"sameAs":["https:\/\/www.facebook.com\/Footdavant\/","https:\/\/twitter.com\/FootdavantFr","https:\/\/www.instagram.com\/footdavant.fr\/"]},{"@type":"Person","@id":"https:\/\/footdavant.fr\/actualites\/#\/schema\/person\/bc222566d95871b37e597b3ed3ba5e1d","name":"Cl\u00e9ment","image":{"@type":"ImageObject","inLanguage":"fr-FR","@id":"https:\/\/footdavant.fr\/actualites\/#\/schema\/person\/image\/","url":"https:\/\/secure.gravatar.com\/avatar\/7728b29aac2719421e1a9159b2254c44?s=96&d=mm&r=g","contentUrl":"https:\/\/secure.gravatar.com\/avatar\/7728b29aac2719421e1a9159b2254c44?s=96&d=mm&r=g","caption":"Cl\u00e9ment"},"sameAs":["https:\/\/footdavant.fr\/"]}]}},"_links":{"self":[{"href":"https:\/\/footdavant.fr\/actualites\/wp-json\/wp\/v2\/posts\/13392"}],"collection":[{"href":"https:\/\/footdavant.fr\/actualites\/wp-json\/wp\/v2\/posts"}],"about":[{"href":"https:\/\/footdavant.fr\/actualites\/wp-json\/wp\/v2\/types\/post"}],"author":[{"embeddable":true,"href":"https:\/\/footdavant.fr\/actualites\/wp-json\/wp\/v2\/users\/1"}],"replies":[{"embeddable":true,"href":"https:\/\/footdavant.fr\/actualites\/wp-json\/wp\/v2\/comments?post=13392"}],"version-history":[{"count":1,"href":"https:\/\/footdavant.fr\/actualites\/wp-json\/wp\/v2\/posts\/13392\/revisions"}],"predecessor-version":[{"id":13394,"href":"https:\/\/footdavant.fr\/actualites\/wp-json\/wp\/v2\/posts\/13392\/revisions\/13394"}],"wp:featuredmedia":[{"embeddable":true,"href":"https:\/\/footdavant.fr\/actualites\/wp-json\/wp\/v2\/media\/13393"}],"wp:attachment":[{"href":"https:\/\/footdavant.fr\/actualites\/wp-json\/wp\/v2\/media?parent=13392"}],"wp:term":[{"taxonomy":"category","embeddable":true,"href":"https:\/\/footdavant.fr\/actualites\/wp-json\/wp\/v2\/categories?post=13392"},{"taxonomy":"post_tag","embeddable":true,"href":"https:\/\/footdavant.fr\/actualites\/wp-json\/wp\/v2\/tags?post=13392"}],"curies":[{"name":"wp","href":"https:\/\/api.w.org\/{rel}","templated":true}]}}