{"id":13407,"date":"2024-09-15T04:48:12","date_gmt":"2024-09-15T02:48:12","guid":{"rendered":"https:\/\/footdavant.fr\/actualites\/jadon-sancho-reconnaissant-envers-chelsea-apres-son-pret-de-manchester-united\/"},"modified":"2024-09-15T04:48:15","modified_gmt":"2024-09-15T02:48:15","slug":"jadon-sancho-reconnaissant-envers-chelsea-apres-son-pret-de-manchester-united","status":"publish","type":"post","link":"https:\/\/footdavant.fr\/actualites\/jadon-sancho-reconnaissant-envers-chelsea-apres-son-pret-de-manchester-united\/","title":{"rendered":"Jadon Sancho \u00ab reconnaissant \u00bb envers Chelsea apr\u00e8s son pr\u00eat de Manchester United"},"content":{"rendered":"<div>\n<p>L&#39;attaquant pr\u00eat\u00e9 Jadon Sancho a remerci\u00e9 Chelsea apr\u00e8s avoir brill\u00e9 pour eux \u00e0 Bournemouth en Premier League lors de sa premi\u00e8re apparition apr\u00e8s son transfert \u00e0 Stamford Bridge pour le reste de la saison.<\/p>\n<p>L&#39;ancien attaquant anglais Sancho a rejoint United pour 73 millions de livres sterling en provenance du Borussia Dortmund en juillet 2021, mais a connu des difficult\u00e9s \u00e0 Old Trafford et est revenu au club allemand en pr\u00eat pour la seconde moiti\u00e9 de la saison derni\u00e8re.<\/p>\n<p>\u00ab C&#39;est incroyable de faire mes d\u00e9buts pour Chelsea \u00bb, a d\u00e9clar\u00e9 le joueur de 24 ans \u00e0 Sky Sports apr\u00e8s avoir pr\u00e9par\u00e9 le seul but du match de Christopher Nkunku.<\/p>\n<p>\u00ab Je tiens \u00e0 remercier le staff et les joueurs. D\u00e8s le premier jour, ils m&#39;ont fait sentir le bienvenu. Je suis reconnaissant d&#39;\u00eatre de retour sur le terrain. \u00bb<\/p>\n<blockquote class=\"twitter-tweet\">\n<p dir=\"ltr\" lang=\"en\">\u00ab J&#39;ai travaill\u00e9 dur pour ce moment \u00bb \ud83d\udcaa<\/p>\n<p>Jadon Sancho apr\u00e8s avoir aid\u00e9 \u00e0 ses d\u00e9buts de r\u00eave avec Chelsea \ud83d\udcac <a rel=\"nofollow\" href=\"https:\/\/t.co\/VFKPNMtPo4\" rel=\"nofollow\">pic.twitter.com\/VFKPNMtPo4<\/a><\/p>\n<p>\u2014 Sky Sports Premier League (@SkySportsPL) <a rel=\"nofollow\" href=\"https:\/\/twitter.com\/SkySportsPL\/status\/1835063000371191981?ref_src=twsrc%5Etfw\" rel=\"nofollow noopener\">14 septembre 2024<\/a><\/p>\n<\/blockquote>\n<h2><span id=\"Bournemouth_vs_Chelsea_Sancho_assist\">Bournemouth vs Chelsea : Sancho passe d\u00e9cisive<\/span><\/h2>\n<p>La finition intelligente de Nkunku \u00e0 quatre minutes de la fin a donn\u00e9 \u00e0 Chelsea deux victoires en Premier League \u00e0 l&#39;ext\u00e9rieur sur deux apr\u00e8s que les Blues aient surv\u00e9cu \u00e0 leurs adversaires en ratant un penalty et en frappant les boiseries \u00e0 deux reprises.<\/p>\n<p>La passe d\u00e9cisive de Sancho au Vitality Stadium \u00e9tait sa premi\u00e8re en Angleterre depuis qu&#39;il en avait produit une pour United contre Chelsea en mai 2023.<\/p>\n<p>Il a remplac\u00e9 Pedro Neto, recrut\u00e9 cet \u00e9t\u00e9 pour 54 millions de livres sterling, \u00e0 la mi-temps et a re\u00e7u le prix du joueur du match des mains de Nkunku, qui a marqu\u00e9 sept minutes apr\u00e8s son entr\u00e9e en jeu.<\/p>\n<blockquote class=\"twitter-tweet\">\n<p dir=\"ltr\" lang=\"en\">\u00ab Il avait l\u2019air de vraiment appr\u00e9cier son football ! \u00bb \ud83e\udd29<\/p>\n<p>Jamie Carragher parle du transfert de Jadon Sancho \u00e0 Chelsea, qui pourrait remettre sa carri\u00e8re sur les rails \u2b07 <a rel=\"nofollow\" href=\"https:\/\/t.co\/DV5N3Shmlx\" rel=\"nofollow\">pic.twitter.com\/DV5N3Shmlx<\/a><\/p>\n<p>\u2014 Sky Sports Premier League (@SkySportsPL) <a rel=\"nofollow\" href=\"https:\/\/twitter.com\/SkySportsPL\/status\/1835065551464317086?ref_src=twsrc%5Etfw\" rel=\"nofollow noopener\">14 septembre 2024<\/a><\/p>\n<\/blockquote>\n<p>\u00ab Nous avons r\u00e9sist\u00e9 \u00bb, a d\u00e9clar\u00e9 Sancho, que Chelsea est oblig\u00e9 d&#39;acheter pour environ 25 millions de livres sterling \u00e0 la fin de son pr\u00eat. \u00ab J&#39;ai travaill\u00e9 dur pour ce moment et je suis simplement heureux d&#39;avoir eu ma chance.<\/p>\n<p>\u00ab J&#39;ai termin\u00e9 la saison derni\u00e8re en beaut\u00e9, en \u00e9tant en finale de la Ligue des Champions. Je me suis dit que j&#39;allais faire un bon d\u00e9but de saison et c&#39;est bien de commencer par une victoire. \u00bb<\/p>\n<blockquote class=\"twitter-tweet\">\n<p dir=\"ltr\" lang=\"en\">\u00ab Tout le bruit autour de Jadon Sancho et Jo\u00e3o F\u00e9lix\u2026 Je m&#39;en fiche ! \u00bb<\/p>\n<p>Le coach de Chelsea, Enzo Maresca, \u00ab ne voit rien de n\u00e9gatif \u00bb autour de Jadon Sancho et Joao Felix \ud83d\udd35 <a rel=\"nofollow\" href=\"https:\/\/t.co\/K1AV8WbblC\" rel=\"nofollow\">pic.twitter.com\/K1AV8WbblC<\/a><\/p>\n<p>\u2014 Sky Sports Premier League (@SkySportsPL) <a rel=\"nofollow\" href=\"https:\/\/twitter.com\/SkySportsPL\/status\/1835067252724363776?ref_src=twsrc%5Etfw\" rel=\"nofollow noopener\">14 septembre 2024<\/a><\/p>\n<\/blockquote>\n<h2><span id=\"Sancho_Joao_Felix_8216good8217\">Sancho et Jo\u00e3o F\u00e9lix \u00ab bons \u00bb<\/span><\/h2>\n<p>Le manager de Chelsea, Enzo Maresca, a d\u00e9clar\u00e9 qu&#39;il ne \u00ab voyait pas de probl\u00e8mes \u00bb avec Sancho ou l&#39;attaquant Joao Felix, recrut\u00e9 pour 45 millions de livres sterling en provenance de l&#39;Atl\u00e9tico Madrid le 21 ao\u00fbt.<\/p>\n<p>Les deux joueurs ont \u00e9t\u00e9 scrut\u00e9s en raison de leur forme au cours des derni\u00e8res saisons, et Felix a ouvert son compteur lors de son deuxi\u00e8me passage au club lors de leur victoire 6-2 contre les Wolves lors de leur pr\u00e9c\u00e9dent match de championnat \u00e0 l&#39;ext\u00e9rieur.<\/p>\n<p>\u00ab Je ne vois rien de n\u00e9gatif \u00bb, a ajout\u00e9 Maresca. \u00ab Pour moi, Jadon et Jo\u00e3o sont de tr\u00e8s bons joueurs. Je savais [Sancho] c&#39;\u00e9tait un tr\u00e8s bon joueur et il peut nous aider.<\/p>\n<p>\u00ab Tout le bruit autour [his attitude]\u2026 Je m&#39;en fiche. Avec nous, il est tr\u00e8s poli. Il s&#39;entra\u00eene bien avec et sans ballon.<\/p>\n<\/p><\/div>\n<p><script async src=\"https:\/\/platform.twitter.com\/widgets.js\" charset=\"utf-8\"><\/script><\/p>\n","protected":false},"excerpt":{"rendered":"<p>L&#39;attaquant pr\u00eat\u00e9 Jadon Sancho a remerci\u00e9 Chelsea apr\u00e8s avoir brill\u00e9 pour eux \u00e0 Bournemouth en Premier League lors de sa premi\u00e8re apparition apr\u00e8s son transfert<\/p>\n","protected":false},"author":1,"featured_media":13408,"comment_status":"closed","ping_status":"","sticky":false,"template":"","format":"standard","meta":{"footnotes":""},"categories":[3],"tags":[25,171,5822,353,11,165,6418,354,86,13],"yoast_head":"<!-- This site is optimized with the Yoast SEO plugin v21.0 - https:\/\/yoast.com\/wordpress\/plugins\/seo\/ -->\n<title>Jadon Sancho \u00ab reconnaissant \u00bb envers Chelsea apr\u00e8s son pr\u00eat de Manchester United<\/title>\n<meta name=\"robots\" content=\"index, follow, max-snippet:-1, max-image-preview:large, max-video-preview:-1\" \/>\n<link rel=\"canonical\" href=\"https:\/\/footdavant.fr\/actualites\/jadon-sancho-reconnaissant-envers-chelsea-apres-son-pret-de-manchester-united\/\" \/>\n<meta property=\"og:locale\" content=\"fr_FR\" \/>\n<meta property=\"og:type\" content=\"article\" \/>\n<meta property=\"og:title\" content=\"Jadon Sancho \u00ab reconnaissant \u00bb envers Chelsea apr\u00e8s son pr\u00eat de Manchester United\" \/>\n<meta property=\"og:description\" content=\"L&#039;attaquant pr\u00eat\u00e9 Jadon Sancho a remerci\u00e9 Chelsea apr\u00e8s avoir brill\u00e9 pour eux \u00e0 Bournemouth en Premier League lors de sa premi\u00e8re apparition apr\u00e8s son transfert\" \/>\n<meta property=\"og:url\" content=\"https:\/\/footdavant.fr\/actualites\/jadon-sancho-reconnaissant-envers-chelsea-apres-son-pret-de-manchester-united\/\" \/>\n<meta property=\"og:site_name\" content=\"Foot d&#039;avant\" \/>\n<meta property=\"article:publisher\" content=\"https:\/\/www.facebook.com\/Footdavant\/\" \/>\n<meta property=\"article:published_time\" content=\"2024-09-15T02:48:12+00:00\" \/>\n<meta property=\"article:modified_time\" content=\"2024-09-15T02:48:15+00:00\" \/>\n<meta property=\"og:image\" content=\"https:\/\/footdavant.fr\/actualites\/wp-content\/uploads\/2024\/09\/Jadon-Sancho-reconnaissant-envers-Chelsea-apres-son-pret.jpg\" \/>\n\t<meta property=\"og:image:width\" content=\"1200\" \/>\n\t<meta property=\"og:image:height\" content=\"675\" \/>\n\t<meta property=\"og:image:type\" content=\"image\/jpeg\" \/>\n<meta name=\"author\" content=\"Cl\u00e9ment\" \/>\n<meta name=\"twitter:card\" content=\"summary_large_image\" \/>\n<meta name=\"twitter:creator\" content=\"@FootdavantFr\" \/>\n<meta name=\"twitter:site\" content=\"@FootdavantFr\" \/>\n<meta name=\"twitter:label1\" content=\"\u00c9crit par\" \/>\n\t<meta name=\"twitter:data1\" content=\"Cl\u00e9ment\" \/>\n\t<meta name=\"twitter:label2\" content=\"Dur\u00e9e de lecture estim\u00e9e\" \/>\n\t<meta name=\"twitter:data2\" content=\"3 minutes\" \/>\n<script type=\"application\/ld+json\" class=\"yoast-schema-graph\">{\"@context\":\"https:\/\/schema.org\",\"@graph\":[{\"@type\":\"Article\",\"@id\":\"https:\/\/footdavant.fr\/actualites\/jadon-sancho-reconnaissant-envers-chelsea-apres-son-pret-de-manchester-united\/#article\",\"isPartOf\":{\"@id\":\"https:\/\/footdavant.fr\/actualites\/jadon-sancho-reconnaissant-envers-chelsea-apres-son-pret-de-manchester-united\/\"},\"author\":{\"name\":\"Cl\u00e9ment\",\"@id\":\"https:\/\/footdavant.fr\/actualites\/#\/schema\/person\/bc222566d95871b37e597b3ed3ba5e1d\"},\"headline\":\"Jadon Sancho \u00ab reconnaissant \u00bb envers Chelsea apr\u00e8s son pr\u00eat de Manchester United\",\"datePublished\":\"2024-09-15T02:48:12+00:00\",\"dateModified\":\"2024-09-15T02:48:15+00:00\",\"mainEntityOfPage\":{\"@id\":\"https:\/\/footdavant.fr\/actualites\/jadon-sancho-reconnaissant-envers-chelsea-apres-son-pret-de-manchester-united\/\"},\"wordCount\":642,\"publisher\":{\"@id\":\"https:\/\/footdavant.fr\/actualites\/#organization\"},\"keywords\":[\"apr\u00e8s\",\"Chelsea\",\"envers\",\"Jadon\",\"Manchester\",\"pr\u00eat\",\"reconnaissant\",\"Sancho\",\"son\",\"United\"],\"articleSection\":[\"Football\"],\"inLanguage\":\"fr-FR\"},{\"@type\":\"WebPage\",\"@id\":\"https:\/\/footdavant.fr\/actualites\/jadon-sancho-reconnaissant-envers-chelsea-apres-son-pret-de-manchester-united\/\",\"url\":\"https:\/\/footdavant.fr\/actualites\/jadon-sancho-reconnaissant-envers-chelsea-apres-son-pret-de-manchester-united\/\",\"name\":\"Jadon Sancho \u00ab reconnaissant \u00bb envers Chelsea apr\u00e8s son pr\u00eat de Manchester United\",\"isPartOf\":{\"@id\":\"https:\/\/footdavant.fr\/actualites\/#website\"},\"datePublished\":\"2024-09-15T02:48:12+00:00\",\"dateModified\":\"2024-09-15T02:48:15+00:00\",\"breadcrumb\":{\"@id\":\"https:\/\/footdavant.fr\/actualites\/jadon-sancho-reconnaissant-envers-chelsea-apres-son-pret-de-manchester-united\/#breadcrumb\"},\"inLanguage\":\"fr-FR\",\"potentialAction\":[{\"@type\":\"ReadAction\",\"target\":[\"https:\/\/footdavant.fr\/actualites\/jadon-sancho-reconnaissant-envers-chelsea-apres-son-pret-de-manchester-united\/\"]}]},{\"@type\":\"BreadcrumbList\",\"@id\":\"https:\/\/footdavant.fr\/actualites\/jadon-sancho-reconnaissant-envers-chelsea-apres-son-pret-de-manchester-united\/#breadcrumb\",\"itemListElement\":[{\"@type\":\"ListItem\",\"position\":1,\"name\":\"Accueil\",\"item\":\"https:\/\/footdavant.fr\/actualites\/\"},{\"@type\":\"ListItem\",\"position\":2,\"name\":\"Jadon Sancho \u00ab reconnaissant \u00bb envers Chelsea apr\u00e8s son pr\u00eat de Manchester United\"}]},{\"@type\":\"WebSite\",\"@id\":\"https:\/\/footdavant.fr\/actualites\/#website\",\"url\":\"https:\/\/footdavant.fr\/actualites\/\",\"name\":\"Foot d'avant\",\"description\":\"\",\"publisher\":{\"@id\":\"https:\/\/footdavant.fr\/actualites\/#organization\"},\"potentialAction\":[{\"@type\":\"SearchAction\",\"target\":{\"@type\":\"EntryPoint\",\"urlTemplate\":\"https:\/\/footdavant.fr\/actualites\/?s={search_term_string}\"},\"query-input\":\"required name=search_term_string\"}],\"inLanguage\":\"fr-FR\"},{\"@type\":\"Organization\",\"@id\":\"https:\/\/footdavant.fr\/actualites\/#organization\",\"name\":\"Foot d'avant\",\"url\":\"https:\/\/footdavant.fr\/actualites\/\",\"logo\":{\"@type\":\"ImageObject\",\"inLanguage\":\"fr-FR\",\"@id\":\"https:\/\/footdavant.fr\/actualites\/#\/schema\/logo\/image\/\",\"url\":\"https:\/\/footdavant.fr\/actualites\/wp-content\/uploads\/2023\/09\/Copy-of-FootDavant-Logo.png\",\"contentUrl\":\"https:\/\/footdavant.fr\/actualites\/wp-content\/uploads\/2023\/09\/Copy-of-FootDavant-Logo.png\",\"width\":936,\"height\":549,\"caption\":\"Foot d'avant\"},\"image\":{\"@id\":\"https:\/\/footdavant.fr\/actualites\/#\/schema\/logo\/image\/\"},\"sameAs\":[\"https:\/\/www.facebook.com\/Footdavant\/\",\"https:\/\/twitter.com\/FootdavantFr\",\"https:\/\/www.instagram.com\/footdavant.fr\/\"]},{\"@type\":\"Person\",\"@id\":\"https:\/\/footdavant.fr\/actualites\/#\/schema\/person\/bc222566d95871b37e597b3ed3ba5e1d\",\"name\":\"Cl\u00e9ment\",\"image\":{\"@type\":\"ImageObject\",\"inLanguage\":\"fr-FR\",\"@id\":\"https:\/\/footdavant.fr\/actualites\/#\/schema\/person\/image\/\",\"url\":\"https:\/\/secure.gravatar.com\/avatar\/7728b29aac2719421e1a9159b2254c44?s=96&d=mm&r=g\",\"contentUrl\":\"https:\/\/secure.gravatar.com\/avatar\/7728b29aac2719421e1a9159b2254c44?s=96&d=mm&r=g\",\"caption\":\"Cl\u00e9ment\"},\"sameAs\":[\"https:\/\/footdavant.fr\/\"]}]}<\/script>\n<!-- \/ Yoast SEO plugin. -->","yoast_head_json":{"title":"Jadon Sancho \u00ab reconnaissant \u00bb envers Chelsea apr\u00e8s son pr\u00eat de Manchester United","robots":{"index":"index","follow":"follow","max-snippet":"max-snippet:-1","max-image-preview":"max-image-preview:large","max-video-preview":"max-video-preview:-1"},"canonical":"https:\/\/footdavant.fr\/actualites\/jadon-sancho-reconnaissant-envers-chelsea-apres-son-pret-de-manchester-united\/","og_locale":"fr_FR","og_type":"article","og_title":"Jadon Sancho \u00ab reconnaissant \u00bb envers Chelsea apr\u00e8s son pr\u00eat de Manchester United","og_description":"L&#39;attaquant pr\u00eat\u00e9 Jadon Sancho a remerci\u00e9 Chelsea apr\u00e8s avoir brill\u00e9 pour eux \u00e0 Bournemouth en Premier League lors de sa premi\u00e8re apparition apr\u00e8s son transfert","og_url":"https:\/\/footdavant.fr\/actualites\/jadon-sancho-reconnaissant-envers-chelsea-apres-son-pret-de-manchester-united\/","og_site_name":"Foot d&#039;avant","article_publisher":"https:\/\/www.facebook.com\/Footdavant\/","article_published_time":"2024-09-15T02:48:12+00:00","article_modified_time":"2024-09-15T02:48:15+00:00","og_image":[{"width":1200,"height":675,"url":"https:\/\/footdavant.fr\/actualites\/wp-content\/uploads\/2024\/09\/Jadon-Sancho-reconnaissant-envers-Chelsea-apres-son-pret.jpg","type":"image\/jpeg"}],"author":"Cl\u00e9ment","twitter_card":"summary_large_image","twitter_creator":"@FootdavantFr","twitter_site":"@FootdavantFr","twitter_misc":{"\u00c9crit par":"Cl\u00e9ment","Dur\u00e9e de lecture estim\u00e9e":"3 minutes"},"schema":{"@context":"https:\/\/schema.org","@graph":[{"@type":"Article","@id":"https:\/\/footdavant.fr\/actualites\/jadon-sancho-reconnaissant-envers-chelsea-apres-son-pret-de-manchester-united\/#article","isPartOf":{"@id":"https:\/\/footdavant.fr\/actualites\/jadon-sancho-reconnaissant-envers-chelsea-apres-son-pret-de-manchester-united\/"},"author":{"name":"Cl\u00e9ment","@id":"https:\/\/footdavant.fr\/actualites\/#\/schema\/person\/bc222566d95871b37e597b3ed3ba5e1d"},"headline":"Jadon Sancho \u00ab reconnaissant \u00bb envers Chelsea apr\u00e8s son pr\u00eat de Manchester United","datePublished":"2024-09-15T02:48:12+00:00","dateModified":"2024-09-15T02:48:15+00:00","mainEntityOfPage":{"@id":"https:\/\/footdavant.fr\/actualites\/jadon-sancho-reconnaissant-envers-chelsea-apres-son-pret-de-manchester-united\/"},"wordCount":642,"publisher":{"@id":"https:\/\/footdavant.fr\/actualites\/#organization"},"keywords":["apr\u00e8s","Chelsea","envers","Jadon","Manchester","pr\u00eat","reconnaissant","Sancho","son","United"],"articleSection":["Football"],"inLanguage":"fr-FR"},{"@type":"WebPage","@id":"https:\/\/footdavant.fr\/actualites\/jadon-sancho-reconnaissant-envers-chelsea-apres-son-pret-de-manchester-united\/","url":"https:\/\/footdavant.fr\/actualites\/jadon-sancho-reconnaissant-envers-chelsea-apres-son-pret-de-manchester-united\/","name":"Jadon Sancho \u00ab reconnaissant \u00bb envers Chelsea apr\u00e8s son pr\u00eat de Manchester United","isPartOf":{"@id":"https:\/\/footdavant.fr\/actualites\/#website"},"datePublished":"2024-09-15T02:48:12+00:00","dateModified":"2024-09-15T02:48:15+00:00","breadcrumb":{"@id":"https:\/\/footdavant.fr\/actualites\/jadon-sancho-reconnaissant-envers-chelsea-apres-son-pret-de-manchester-united\/#breadcrumb"},"inLanguage":"fr-FR","potentialAction":[{"@type":"ReadAction","target":["https:\/\/footdavant.fr\/actualites\/jadon-sancho-reconnaissant-envers-chelsea-apres-son-pret-de-manchester-united\/"]}]},{"@type":"BreadcrumbList","@id":"https:\/\/footdavant.fr\/actualites\/jadon-sancho-reconnaissant-envers-chelsea-apres-son-pret-de-manchester-united\/#breadcrumb","itemListElement":[{"@type":"ListItem","position":1,"name":"Accueil","item":"https:\/\/footdavant.fr\/actualites\/"},{"@type":"ListItem","position":2,"name":"Jadon Sancho \u00ab reconnaissant \u00bb envers Chelsea apr\u00e8s son pr\u00eat de Manchester United"}]},{"@type":"WebSite","@id":"https:\/\/footdavant.fr\/actualites\/#website","url":"https:\/\/footdavant.fr\/actualites\/","name":"Foot d'avant","description":"","publisher":{"@id":"https:\/\/footdavant.fr\/actualites\/#organization"},"potentialAction":[{"@type":"SearchAction","target":{"@type":"EntryPoint","urlTemplate":"https:\/\/footdavant.fr\/actualites\/?s={search_term_string}"},"query-input":"required name=search_term_string"}],"inLanguage":"fr-FR"},{"@type":"Organization","@id":"https:\/\/footdavant.fr\/actualites\/#organization","name":"Foot d'avant","url":"https:\/\/footdavant.fr\/actualites\/","logo":{"@type":"ImageObject","inLanguage":"fr-FR","@id":"https:\/\/footdavant.fr\/actualites\/#\/schema\/logo\/image\/","url":"https:\/\/footdavant.fr\/actualites\/wp-content\/uploads\/2023\/09\/Copy-of-FootDavant-Logo.png","contentUrl":"https:\/\/footdavant.fr\/actualites\/wp-content\/uploads\/2023\/09\/Copy-of-FootDavant-Logo.png","width":936,"height":549,"caption":"Foot d'avant"},"image":{"@id":"https:\/\/footdavant.fr\/actualites\/#\/schema\/logo\/image\/"},"sameAs":["https:\/\/www.facebook.com\/Footdavant\/","https:\/\/twitter.com\/FootdavantFr","https:\/\/www.instagram.com\/footdavant.fr\/"]},{"@type":"Person","@id":"https:\/\/footdavant.fr\/actualites\/#\/schema\/person\/bc222566d95871b37e597b3ed3ba5e1d","name":"Cl\u00e9ment","image":{"@type":"ImageObject","inLanguage":"fr-FR","@id":"https:\/\/footdavant.fr\/actualites\/#\/schema\/person\/image\/","url":"https:\/\/secure.gravatar.com\/avatar\/7728b29aac2719421e1a9159b2254c44?s=96&d=mm&r=g","contentUrl":"https:\/\/secure.gravatar.com\/avatar\/7728b29aac2719421e1a9159b2254c44?s=96&d=mm&r=g","caption":"Cl\u00e9ment"},"sameAs":["https:\/\/footdavant.fr\/"]}]}},"_links":{"self":[{"href":"https:\/\/footdavant.fr\/actualites\/wp-json\/wp\/v2\/posts\/13407"}],"collection":[{"href":"https:\/\/footdavant.fr\/actualites\/wp-json\/wp\/v2\/posts"}],"about":[{"href":"https:\/\/footdavant.fr\/actualites\/wp-json\/wp\/v2\/types\/post"}],"author":[{"embeddable":true,"href":"https:\/\/footdavant.fr\/actualites\/wp-json\/wp\/v2\/users\/1"}],"replies":[{"embeddable":true,"href":"https:\/\/footdavant.fr\/actualites\/wp-json\/wp\/v2\/comments?post=13407"}],"version-history":[{"count":1,"href":"https:\/\/footdavant.fr\/actualites\/wp-json\/wp\/v2\/posts\/13407\/revisions"}],"predecessor-version":[{"id":13409,"href":"https:\/\/footdavant.fr\/actualites\/wp-json\/wp\/v2\/posts\/13407\/revisions\/13409"}],"wp:featuredmedia":[{"embeddable":true,"href":"https:\/\/footdavant.fr\/actualites\/wp-json\/wp\/v2\/media\/13408"}],"wp:attachment":[{"href":"https:\/\/footdavant.fr\/actualites\/wp-json\/wp\/v2\/media?parent=13407"}],"wp:term":[{"taxonomy":"category","embeddable":true,"href":"https:\/\/footdavant.fr\/actualites\/wp-json\/wp\/v2\/categories?post=13407"},{"taxonomy":"post_tag","embeddable":true,"href":"https:\/\/footdavant.fr\/actualites\/wp-json\/wp\/v2\/tags?post=13407"}],"curies":[{"name":"wp","href":"https:\/\/api.w.org\/{rel}","templated":true}]}}