{"id":1341,"date":"2023-11-24T08:54:18","date_gmt":"2023-11-24T07:54:18","guid":{"rendered":"https:\/\/footdavant.fr\/actualites\/manchester-united-confirme-que-lisandro-martinez-etait-a-carrington-mercredi\/"},"modified":"2023-11-24T08:54:19","modified_gmt":"2023-11-24T07:54:19","slug":"manchester-united-confirme-que-lisandro-martinez-etait-a-carrington-mercredi","status":"publish","type":"post","link":"https:\/\/footdavant.fr\/actualites\/manchester-united-confirme-que-lisandro-martinez-etait-a-carrington-mercredi\/","title":{"rendered":"Manchester United confirme que Lisandro Martinez \u00e9tait \u00e0 Carrington mercredi"},"content":{"rendered":"<p>Manchester United r\u00e9v\u00e8le que le d\u00e9fenseur bless\u00e9 Lisandro Martinez se trouvait mercredi \u00e0 la base d&rsquo;entra\u00eenement du club de Carrington.<\/p>\n<div id=\"article_body\" itemprop=\"articleBody\">\n<h3 class=\"firstPara\">\n<strong class=\"autotag\">Manchester United<\/strong> ont r\u00e9v\u00e9l\u00e9 que <strong class=\"autotag\">Lisandro Martinez<\/strong> \u00e9tait \u00e0 la base d&rsquo;entra\u00eenement du club de Carrington mercredi pour \u00ab\u00a0regarder ses co\u00e9quipiers s&rsquo;entra\u00eener\u00a0\u00bb.<\/h3>\n<p>La pr\u00e9sence de Martinez au complexe d&rsquo;entra\u00eenement a conduit \u00e0 sugg\u00e9rer que l&rsquo;international argentin suivait un entra\u00eenement individuel dans la prochaine phase de sa convalescence apr\u00e8s une op\u00e9ration au pied.<\/p>\n<p>Un communiqu\u00e9 de Man United a confirm\u00e9 mercredi que le d\u00e9fenseur central \u00e9tait \u00e0 Carrington, mais le club a refus\u00e9 de r\u00e9v\u00e9ler s&rsquo;il avait particip\u00e9 \u00e0 une s\u00e9ance individuelle.<\/p>\n<p>\u00ab\u00a0Le d\u00e9fenseur de Manchester United, Lisandro Martinez, a regard\u00e9 ses co\u00e9quipiers s&rsquo;entra\u00eener \u00e0 Carrington mercredi, alors qu&rsquo;il poursuit les premi\u00e8res \u00e9tapes de sa convalescence apr\u00e8s une blessure au pied\u00a0\u00bb, peut-on lire dans un communiqu\u00e9 du 20 fois champion d&rsquo;Angleterre.<\/p>\n<p class=\"imgI\">\n<p>\u00ab\u00a0Martinez a r\u00e9cemment pass\u00e9 du temps dans son Argentine natale pour r\u00e9cup\u00e9rer, mais le joueur de 25 ans est maintenant de retour \u00e0 la base et \u00e9tait pr\u00e9sent \u00e0 la s\u00e9ance d&rsquo;entra\u00eenement de l&rsquo;\u00e9quipe, soutenant ses co\u00e9quipiers alors qu&rsquo;ils se pr\u00e9parent pour une grande semaine d&rsquo;action nationale et europ\u00e9enne. \u00ab\u00a0<\/p>\n<p>L&rsquo;Argentin a fait six apparitions pour Man United cette saison, sa derni\u00e8re sortie ayant eu lieu contre Brighton &#038; Hove Albion \u00e0 la mi-septembre.<\/p>\n<p>Martinez a d&rsquo;abord subi une op\u00e9ration en avril pour r\u00e9parer la fracture du m\u00e9tatarsien qu&rsquo;il avait subie alors qu&rsquo;il repr\u00e9sentait son club en Ligue Europa contre S\u00e9ville.<\/p>\n<p>Le d\u00e9fenseur central est revenu pour le d\u00e9but de la pr\u00e9-saison, mais il a ensuite \u00e9t\u00e9 confirm\u00e9 d\u00e9but octobre qu&rsquo;il devrait subir une autre intervention chirurgicale pour le m\u00eame probl\u00e8me.<\/p>\n<p>Martinez aurait aggrav\u00e9 le probl\u00e8me contre Arsenal d\u00e9but septembre, des analyses ult\u00e9rieures r\u00e9v\u00e9lant que l&rsquo;op\u00e9ration initiale du d\u00e9fenseur n&rsquo;avait pas r\u00e9ussi \u00e0 r\u00e9soudre pleinement le probl\u00e8me.<\/p>\n<p class=\"imgI\"><img decoding=\"async\" loading=\"lazy\" class=\"l\" src=\"https:\/\/footdavant.fr\/actualites\/wp-content\/uploads\/2023\/11\/1700812458_356_Manchester-United-confirme-que-Lisandro-Martinez-etait-a-Carrington-mercredi.JPG\" title=\"Lisandro Martinez de Manchester United en action avec Kai Havertz d'Arsenal le 3 septembre 2023\" alt=\"Lisandro Martinez de Manchester United en action avec Kai Havertz d'Arsenal le 3 septembre 2023\" width=\"640\" height=\"480\"><\/p>\n<p>Entra\u00eeneur des Diables Rouges <strong class=\"autotag\">Erik Ten Hag<\/strong> a r\u00e9cemment d\u00e9clar\u00e9 que le Sud-Am\u00e9ricain ne serait pas disponible pour la s\u00e9lection avant No\u00ebl.<\/p>\n<p>Cependant, Man United a re\u00e7u un \u00e9norme coup de pouce en termes de condition physique mercredi, avec <strong class=\"autotag\">Luc Shaw<\/strong> de retour en plein entra\u00eenement apr\u00e8s s&rsquo;\u00eatre remis d&rsquo;un probl\u00e8me musculaire.<\/p>\n<p>Shaw pourrait \u00eatre de retour dans l&rsquo;\u00e9quipe contre Everton dimanche apr\u00e8s-midi, m\u00eame si ce serait une surprise de le voir revenir imm\u00e9diatement dans le premier XI, apr\u00e8s plus de trois mois d&rsquo;absence.<\/p>\n<p>Amis d\u00e9fenseurs <strong class=\"autotag\">Tyrell Malacia<\/strong> et <strong class=\"autotag\">Jonny Evans<\/strong> restent indisponibles pour la s\u00e9lection, mais <strong class=\"autotag\">Aaron Wan-Bissaka<\/strong> devrait \u00eatre de retour ce week-end, l&rsquo;Anglais devant avoir surmont\u00e9 la maladie qui l&rsquo;a contraint \u00e0 manquer le choc contre Luton Town avant la tr\u00eave internationale.<\/p>\n<\/div>\n","protected":false},"excerpt":{"rendered":"<p>Manchester United r\u00e9v\u00e8le que le d\u00e9fenseur bless\u00e9 Lisandro Martinez se trouvait mercredi \u00e0 la base d&rsquo;entra\u00eenement du club de Carrington. Manchester United ont r\u00e9v\u00e9l\u00e9 que<\/p>\n","protected":false},"author":1,"featured_media":1342,"comment_status":"closed","ping_status":"","sticky":false,"template":"","format":"standard","meta":{"footnotes":""},"categories":[5],"tags":[1503,40,1502,948,11,949,768,13],"yoast_head":"<!-- This site is optimized with the Yoast SEO plugin v21.0 - https:\/\/yoast.com\/wordpress\/plugins\/seo\/ -->\n<title>Manchester United confirme que Lisandro Martinez \u00e9tait \u00e0 Carrington mercredi<\/title>\n<meta name=\"robots\" content=\"index, follow, max-snippet:-1, max-image-preview:large, max-video-preview:-1\" \/>\n<link rel=\"canonical\" href=\"https:\/\/footdavant.fr\/actualites\/manchester-united-confirme-que-lisandro-martinez-etait-a-carrington-mercredi\/\" \/>\n<meta property=\"og:locale\" content=\"fr_FR\" \/>\n<meta property=\"og:type\" content=\"article\" \/>\n<meta property=\"og:title\" content=\"Manchester United confirme que Lisandro Martinez \u00e9tait \u00e0 Carrington mercredi\" \/>\n<meta property=\"og:description\" content=\"Manchester United r\u00e9v\u00e8le que le d\u00e9fenseur bless\u00e9 Lisandro Martinez se trouvait mercredi \u00e0 la base d&rsquo;entra\u00eenement du club de Carrington. Manchester United ont r\u00e9v\u00e9l\u00e9 que\" \/>\n<meta property=\"og:url\" content=\"https:\/\/footdavant.fr\/actualites\/manchester-united-confirme-que-lisandro-martinez-etait-a-carrington-mercredi\/\" \/>\n<meta property=\"og:site_name\" content=\"Foot d&#039;avant\" \/>\n<meta property=\"article:publisher\" content=\"https:\/\/www.facebook.com\/Footdavant\/\" \/>\n<meta property=\"article:published_time\" content=\"2023-11-24T07:54:18+00:00\" \/>\n<meta property=\"article:modified_time\" content=\"2023-11-24T07:54:19+00:00\" \/>\n<meta property=\"og:image\" content=\"https:\/\/footdavant.fr\/actualites\/wp-content\/uploads\/2023\/11\/Manchester-United-confirme-que-Lisandro-Martinez-etait-a-Carrington-mercredi.JPG\" \/>\n\t<meta property=\"og:image:width\" content=\"640\" \/>\n\t<meta property=\"og:image:height\" content=\"480\" \/>\n\t<meta property=\"og:image:type\" content=\"image\/jpeg\" \/>\n<meta name=\"author\" content=\"Cl\u00e9ment\" \/>\n<meta name=\"twitter:card\" content=\"summary_large_image\" \/>\n<meta name=\"twitter:creator\" content=\"@FootdavantFr\" \/>\n<meta name=\"twitter:site\" content=\"@FootdavantFr\" \/>\n<meta name=\"twitter:label1\" content=\"\u00c9crit par\" \/>\n\t<meta name=\"twitter:data1\" content=\"Cl\u00e9ment\" \/>\n\t<meta name=\"twitter:label2\" content=\"Dur\u00e9e de lecture estim\u00e9e\" \/>\n\t<meta name=\"twitter:data2\" content=\"2 minutes\" \/>\n<script type=\"application\/ld+json\" class=\"yoast-schema-graph\">{\"@context\":\"https:\/\/schema.org\",\"@graph\":[{\"@type\":\"Article\",\"@id\":\"https:\/\/footdavant.fr\/actualites\/manchester-united-confirme-que-lisandro-martinez-etait-a-carrington-mercredi\/#article\",\"isPartOf\":{\"@id\":\"https:\/\/footdavant.fr\/actualites\/manchester-united-confirme-que-lisandro-martinez-etait-a-carrington-mercredi\/\"},\"author\":{\"name\":\"Cl\u00e9ment\",\"@id\":\"https:\/\/footdavant.fr\/actualites\/#\/schema\/person\/bc222566d95871b37e597b3ed3ba5e1d\"},\"headline\":\"Manchester United confirme que Lisandro Martinez \u00e9tait \u00e0 Carrington mercredi\",\"datePublished\":\"2023-11-24T07:54:18+00:00\",\"dateModified\":\"2023-11-24T07:54:19+00:00\",\"mainEntityOfPage\":{\"@id\":\"https:\/\/footdavant.fr\/actualites\/manchester-united-confirme-que-lisandro-martinez-etait-a-carrington-mercredi\/\"},\"wordCount\":491,\"publisher\":{\"@id\":\"https:\/\/footdavant.fr\/actualites\/#organization\"},\"keywords\":[\"Carrington\",\"confirme\",\"\u00e9tait\",\"Lisandro\",\"Manchester\",\"Martinez\",\"mercredi\",\"United\"],\"articleSection\":[\"Premier League\"],\"inLanguage\":\"fr-FR\"},{\"@type\":\"WebPage\",\"@id\":\"https:\/\/footdavant.fr\/actualites\/manchester-united-confirme-que-lisandro-martinez-etait-a-carrington-mercredi\/\",\"url\":\"https:\/\/footdavant.fr\/actualites\/manchester-united-confirme-que-lisandro-martinez-etait-a-carrington-mercredi\/\",\"name\":\"Manchester United confirme que Lisandro Martinez \u00e9tait \u00e0 Carrington mercredi\",\"isPartOf\":{\"@id\":\"https:\/\/footdavant.fr\/actualites\/#website\"},\"datePublished\":\"2023-11-24T07:54:18+00:00\",\"dateModified\":\"2023-11-24T07:54:19+00:00\",\"breadcrumb\":{\"@id\":\"https:\/\/footdavant.fr\/actualites\/manchester-united-confirme-que-lisandro-martinez-etait-a-carrington-mercredi\/#breadcrumb\"},\"inLanguage\":\"fr-FR\",\"potentialAction\":[{\"@type\":\"ReadAction\",\"target\":[\"https:\/\/footdavant.fr\/actualites\/manchester-united-confirme-que-lisandro-martinez-etait-a-carrington-mercredi\/\"]}]},{\"@type\":\"BreadcrumbList\",\"@id\":\"https:\/\/footdavant.fr\/actualites\/manchester-united-confirme-que-lisandro-martinez-etait-a-carrington-mercredi\/#breadcrumb\",\"itemListElement\":[{\"@type\":\"ListItem\",\"position\":1,\"name\":\"Accueil\",\"item\":\"https:\/\/footdavant.fr\/actualites\/\"},{\"@type\":\"ListItem\",\"position\":2,\"name\":\"Manchester United confirme que Lisandro Martinez \u00e9tait \u00e0 Carrington mercredi\"}]},{\"@type\":\"WebSite\",\"@id\":\"https:\/\/footdavant.fr\/actualites\/#website\",\"url\":\"https:\/\/footdavant.fr\/actualites\/\",\"name\":\"Foot d'avant\",\"description\":\"\",\"publisher\":{\"@id\":\"https:\/\/footdavant.fr\/actualites\/#organization\"},\"potentialAction\":[{\"@type\":\"SearchAction\",\"target\":{\"@type\":\"EntryPoint\",\"urlTemplate\":\"https:\/\/footdavant.fr\/actualites\/?s={search_term_string}\"},\"query-input\":\"required name=search_term_string\"}],\"inLanguage\":\"fr-FR\"},{\"@type\":\"Organization\",\"@id\":\"https:\/\/footdavant.fr\/actualites\/#organization\",\"name\":\"Foot d'avant\",\"url\":\"https:\/\/footdavant.fr\/actualites\/\",\"logo\":{\"@type\":\"ImageObject\",\"inLanguage\":\"fr-FR\",\"@id\":\"https:\/\/footdavant.fr\/actualites\/#\/schema\/logo\/image\/\",\"url\":\"https:\/\/footdavant.fr\/actualites\/wp-content\/uploads\/2023\/09\/Copy-of-FootDavant-Logo.png\",\"contentUrl\":\"https:\/\/footdavant.fr\/actualites\/wp-content\/uploads\/2023\/09\/Copy-of-FootDavant-Logo.png\",\"width\":936,\"height\":549,\"caption\":\"Foot d'avant\"},\"image\":{\"@id\":\"https:\/\/footdavant.fr\/actualites\/#\/schema\/logo\/image\/\"},\"sameAs\":[\"https:\/\/www.facebook.com\/Footdavant\/\",\"https:\/\/twitter.com\/FootdavantFr\",\"https:\/\/www.instagram.com\/footdavant.fr\/\"]},{\"@type\":\"Person\",\"@id\":\"https:\/\/footdavant.fr\/actualites\/#\/schema\/person\/bc222566d95871b37e597b3ed3ba5e1d\",\"name\":\"Cl\u00e9ment\",\"image\":{\"@type\":\"ImageObject\",\"inLanguage\":\"fr-FR\",\"@id\":\"https:\/\/footdavant.fr\/actualites\/#\/schema\/person\/image\/\",\"url\":\"https:\/\/secure.gravatar.com\/avatar\/7728b29aac2719421e1a9159b2254c44?s=96&d=mm&r=g\",\"contentUrl\":\"https:\/\/secure.gravatar.com\/avatar\/7728b29aac2719421e1a9159b2254c44?s=96&d=mm&r=g\",\"caption\":\"Cl\u00e9ment\"},\"sameAs\":[\"https:\/\/footdavant.fr\/\"]}]}<\/script>\n<!-- \/ Yoast SEO plugin. -->","yoast_head_json":{"title":"Manchester United confirme que Lisandro Martinez \u00e9tait \u00e0 Carrington mercredi","robots":{"index":"index","follow":"follow","max-snippet":"max-snippet:-1","max-image-preview":"max-image-preview:large","max-video-preview":"max-video-preview:-1"},"canonical":"https:\/\/footdavant.fr\/actualites\/manchester-united-confirme-que-lisandro-martinez-etait-a-carrington-mercredi\/","og_locale":"fr_FR","og_type":"article","og_title":"Manchester United confirme que Lisandro Martinez \u00e9tait \u00e0 Carrington mercredi","og_description":"Manchester United r\u00e9v\u00e8le que le d\u00e9fenseur bless\u00e9 Lisandro Martinez se trouvait mercredi \u00e0 la base d&rsquo;entra\u00eenement du club de Carrington. Manchester United ont r\u00e9v\u00e9l\u00e9 que","og_url":"https:\/\/footdavant.fr\/actualites\/manchester-united-confirme-que-lisandro-martinez-etait-a-carrington-mercredi\/","og_site_name":"Foot d&#039;avant","article_publisher":"https:\/\/www.facebook.com\/Footdavant\/","article_published_time":"2023-11-24T07:54:18+00:00","article_modified_time":"2023-11-24T07:54:19+00:00","og_image":[{"width":640,"height":480,"url":"https:\/\/footdavant.fr\/actualites\/wp-content\/uploads\/2023\/11\/Manchester-United-confirme-que-Lisandro-Martinez-etait-a-Carrington-mercredi.JPG","type":"image\/jpeg"}],"author":"Cl\u00e9ment","twitter_card":"summary_large_image","twitter_creator":"@FootdavantFr","twitter_site":"@FootdavantFr","twitter_misc":{"\u00c9crit par":"Cl\u00e9ment","Dur\u00e9e de lecture estim\u00e9e":"2 minutes"},"schema":{"@context":"https:\/\/schema.org","@graph":[{"@type":"Article","@id":"https:\/\/footdavant.fr\/actualites\/manchester-united-confirme-que-lisandro-martinez-etait-a-carrington-mercredi\/#article","isPartOf":{"@id":"https:\/\/footdavant.fr\/actualites\/manchester-united-confirme-que-lisandro-martinez-etait-a-carrington-mercredi\/"},"author":{"name":"Cl\u00e9ment","@id":"https:\/\/footdavant.fr\/actualites\/#\/schema\/person\/bc222566d95871b37e597b3ed3ba5e1d"},"headline":"Manchester United confirme que Lisandro Martinez \u00e9tait \u00e0 Carrington mercredi","datePublished":"2023-11-24T07:54:18+00:00","dateModified":"2023-11-24T07:54:19+00:00","mainEntityOfPage":{"@id":"https:\/\/footdavant.fr\/actualites\/manchester-united-confirme-que-lisandro-martinez-etait-a-carrington-mercredi\/"},"wordCount":491,"publisher":{"@id":"https:\/\/footdavant.fr\/actualites\/#organization"},"keywords":["Carrington","confirme","\u00e9tait","Lisandro","Manchester","Martinez","mercredi","United"],"articleSection":["Premier League"],"inLanguage":"fr-FR"},{"@type":"WebPage","@id":"https:\/\/footdavant.fr\/actualites\/manchester-united-confirme-que-lisandro-martinez-etait-a-carrington-mercredi\/","url":"https:\/\/footdavant.fr\/actualites\/manchester-united-confirme-que-lisandro-martinez-etait-a-carrington-mercredi\/","name":"Manchester United confirme que Lisandro Martinez \u00e9tait \u00e0 Carrington mercredi","isPartOf":{"@id":"https:\/\/footdavant.fr\/actualites\/#website"},"datePublished":"2023-11-24T07:54:18+00:00","dateModified":"2023-11-24T07:54:19+00:00","breadcrumb":{"@id":"https:\/\/footdavant.fr\/actualites\/manchester-united-confirme-que-lisandro-martinez-etait-a-carrington-mercredi\/#breadcrumb"},"inLanguage":"fr-FR","potentialAction":[{"@type":"ReadAction","target":["https:\/\/footdavant.fr\/actualites\/manchester-united-confirme-que-lisandro-martinez-etait-a-carrington-mercredi\/"]}]},{"@type":"BreadcrumbList","@id":"https:\/\/footdavant.fr\/actualites\/manchester-united-confirme-que-lisandro-martinez-etait-a-carrington-mercredi\/#breadcrumb","itemListElement":[{"@type":"ListItem","position":1,"name":"Accueil","item":"https:\/\/footdavant.fr\/actualites\/"},{"@type":"ListItem","position":2,"name":"Manchester United confirme que Lisandro Martinez \u00e9tait \u00e0 Carrington mercredi"}]},{"@type":"WebSite","@id":"https:\/\/footdavant.fr\/actualites\/#website","url":"https:\/\/footdavant.fr\/actualites\/","name":"Foot d'avant","description":"","publisher":{"@id":"https:\/\/footdavant.fr\/actualites\/#organization"},"potentialAction":[{"@type":"SearchAction","target":{"@type":"EntryPoint","urlTemplate":"https:\/\/footdavant.fr\/actualites\/?s={search_term_string}"},"query-input":"required name=search_term_string"}],"inLanguage":"fr-FR"},{"@type":"Organization","@id":"https:\/\/footdavant.fr\/actualites\/#organization","name":"Foot d'avant","url":"https:\/\/footdavant.fr\/actualites\/","logo":{"@type":"ImageObject","inLanguage":"fr-FR","@id":"https:\/\/footdavant.fr\/actualites\/#\/schema\/logo\/image\/","url":"https:\/\/footdavant.fr\/actualites\/wp-content\/uploads\/2023\/09\/Copy-of-FootDavant-Logo.png","contentUrl":"https:\/\/footdavant.fr\/actualites\/wp-content\/uploads\/2023\/09\/Copy-of-FootDavant-Logo.png","width":936,"height":549,"caption":"Foot d'avant"},"image":{"@id":"https:\/\/footdavant.fr\/actualites\/#\/schema\/logo\/image\/"},"sameAs":["https:\/\/www.facebook.com\/Footdavant\/","https:\/\/twitter.com\/FootdavantFr","https:\/\/www.instagram.com\/footdavant.fr\/"]},{"@type":"Person","@id":"https:\/\/footdavant.fr\/actualites\/#\/schema\/person\/bc222566d95871b37e597b3ed3ba5e1d","name":"Cl\u00e9ment","image":{"@type":"ImageObject","inLanguage":"fr-FR","@id":"https:\/\/footdavant.fr\/actualites\/#\/schema\/person\/image\/","url":"https:\/\/secure.gravatar.com\/avatar\/7728b29aac2719421e1a9159b2254c44?s=96&d=mm&r=g","contentUrl":"https:\/\/secure.gravatar.com\/avatar\/7728b29aac2719421e1a9159b2254c44?s=96&d=mm&r=g","caption":"Cl\u00e9ment"},"sameAs":["https:\/\/footdavant.fr\/"]}]}},"_links":{"self":[{"href":"https:\/\/footdavant.fr\/actualites\/wp-json\/wp\/v2\/posts\/1341"}],"collection":[{"href":"https:\/\/footdavant.fr\/actualites\/wp-json\/wp\/v2\/posts"}],"about":[{"href":"https:\/\/footdavant.fr\/actualites\/wp-json\/wp\/v2\/types\/post"}],"author":[{"embeddable":true,"href":"https:\/\/footdavant.fr\/actualites\/wp-json\/wp\/v2\/users\/1"}],"replies":[{"embeddable":true,"href":"https:\/\/footdavant.fr\/actualites\/wp-json\/wp\/v2\/comments?post=1341"}],"version-history":[{"count":1,"href":"https:\/\/footdavant.fr\/actualites\/wp-json\/wp\/v2\/posts\/1341\/revisions"}],"predecessor-version":[{"id":1343,"href":"https:\/\/footdavant.fr\/actualites\/wp-json\/wp\/v2\/posts\/1341\/revisions\/1343"}],"wp:featuredmedia":[{"embeddable":true,"href":"https:\/\/footdavant.fr\/actualites\/wp-json\/wp\/v2\/media\/1342"}],"wp:attachment":[{"href":"https:\/\/footdavant.fr\/actualites\/wp-json\/wp\/v2\/media?parent=1341"}],"wp:term":[{"taxonomy":"category","embeddable":true,"href":"https:\/\/footdavant.fr\/actualites\/wp-json\/wp\/v2\/categories?post=1341"},{"taxonomy":"post_tag","embeddable":true,"href":"https:\/\/footdavant.fr\/actualites\/wp-json\/wp\/v2\/tags?post=1341"}],"curies":[{"name":"wp","href":"https:\/\/api.w.org\/{rel}","templated":true}]}}