{"id":13410,"date":"2024-09-15T06:48:36","date_gmt":"2024-09-15T04:48:36","guid":{"rendered":"https:\/\/footdavant.fr\/actualites\/linternational-francais-adrien-rabiot-exclut-un-transfert-en-premier-league\/"},"modified":"2024-09-15T06:48:37","modified_gmt":"2024-09-15T04:48:37","slug":"linternational-francais-adrien-rabiot-exclut-un-transfert-en-premier-league","status":"publish","type":"post","link":"https:\/\/footdavant.fr\/actualites\/linternational-francais-adrien-rabiot-exclut-un-transfert-en-premier-league\/","title":{"rendered":"L&#39;international fran\u00e7ais Adrien Rabiot \u00ab exclut \u00bb un transfert en Premier League"},"content":{"rendered":"<p>Selon certaines informations, Adrien Rabiot ne serait pas tr\u00e8s enthousiaste \u00e0 l&#39;id\u00e9e de rejoindre Newcastle United, en Premier League, qui n&#39;est pas en mesure d&#39;offrir \u00e0 l&#39;international fran\u00e7ais un football europ\u00e9en cette saison.<\/p>\n<div id=\"article_body\" itemprop=\"articleBody\">\n<h3 class=\"firstPara\">\n<strong class=\"autotag\">Adrien Rabiot<\/strong> aurait d\u00e9cid\u00e9 qu&#39;il n&#39;\u00e9tait pas favorable \u00e0 un \u00e9ventuel passage \u00e0 <strong class=\"autotag\">Newcastle United<\/strong> dans un avenir proche.<\/h3>\n<p>Le joueur de 29 ans est actuellement agent libre pour la premi\u00e8re fois depuis un certain temps apr\u00e8s avoir quitt\u00e9 la Juventus, \u00e9quipe de Serie A, \u00e0 la fin de la campagne 2023-24.<\/p>\n<p>Rabiot n&#39;a cependant pas pass\u00e9 l&#39;\u00e9t\u00e9 en vacances, le milieu de terrain \u00e9tant un \u00e9l\u00e9ment cl\u00e9 de la qu\u00eate de la France pour la gloire de l&#39;Euro 2024 en Allemagne au cours des mois de juin et juillet.<\/p>\n<p>Le meneur de jeu a d\u00e9but\u00e9 les cinq matches des Bleus lors du tournoi continental, y compris la d\u00e9faite en quart de finale contre l&#39;Espagne, futur vainqueur.<\/p>\n<p>Au cours de ses cinq ann\u00e9es \u00e0 Turin, Rabiot a disput\u00e9 212 matches avec la Vieille Dame toutes comp\u00e9titions confondues, trouvant le chemin des filets \u00e0 22 reprises.<\/p>\n<p class=\"imgI\">\n<h2 class=\"k3\">Newcastle perd du terrain dans la course \u00e0 Rabiot ?<\/h2>\n<p>Selon <em>Football Insider<\/em>un transfert \u00e0 St James&#39; Park pour l&#39;ancienne star du Paris Saint-Germain Rabiot est peu susceptible de se concr\u00e9tiser dans un avenir proche.<\/p>\n<p>Le rapport affirme que le vainqueur de l&#39;UEFA Nations League n&#39;est pas favorable \u00e0 un transfert \u00e0 Newcastle, qui marche sur une ligne fine pour \u00e9viter d&#39;enfreindre les r\u00e8gles de profit et de durabilit\u00e9 de la Premier League.<\/p>\n<p>Il semblerait que Rabiot souhaite participer \u00e0 une forme de comp\u00e9tition europ\u00e9enne de clubs cette saison, un luxe que l&#39;\u00e9quipe d&#39;Eddie Howe ne peut pas offrir.<\/p>\n<p>Les Magpies se sont class\u00e9s septi\u00e8mes de la Premier League la saison derni\u00e8re, manquant la sixi\u00e8me place et une place dans la Ligue de Conf\u00e9rence de l&#39;UEFA remani\u00e9e par trois points face \u00e0 Chelsea.<\/p>\n<p>Il y aurait \u00e9galement une certaine r\u00e9ticence \u00e0 un accord du c\u00f4t\u00e9 de Newcastle, qui ne serait pas pr\u00eat \u00e0 d\u00e9penser des salaires \u00e9normes pour l&#39;international \u00e0 48 reprises.<\/p>\n<p class=\"imgI\"><img decoding=\"async\" loading=\"lazy\" class=\"l\" src=\"https:\/\/footdavant.fr\/actualites\/wp-content\/uploads\/2024\/09\/1726375716_352_L39international-francais-Adrien-Rabiot-exclut-un-transfert-en.jpg\" title=\"L&#39;attaquant de Newcastle United Joelinton (7) tient le d\u00e9fenseur de Tottenham Hotspur Pedro Porro (23) lors du match de Premier League entre Newcastle United et Tottenham Hotspur \u00e0 St. James&#39;s Park le 1er septembre 2024\" alt=\"L&#39;attaquant de Newcastle United Joelinton (7) tient le d\u00e9fenseur de Tottenham Hotspur Pedro Porro (23) lors du match de Premier League entre Newcastle United et Tottenham Hotspur \u00e0 St. James&#39;s Park le 1er septembre 2024\" width=\"640\" height=\"480\"><\/p>\n<h2 class=\"k3\">Les options du milieu de terrain de Newcastle<\/h2>\n<p>Bien que Newcastle n&#39;ait pas r\u00e9ussi \u00e0 recruter Rabiot cet \u00e9t\u00e9, ils poss\u00e8dent toujours sans doute l&#39;un des meilleurs milieux de terrain de la Premier League pour la campagne 2024-25.<\/p>\n<p>Suite \u00e0 l&#39;int\u00e9r\u00eat de Manchester City, les Magpies ont r\u00e9ussi \u00e0 conserver la starlette br\u00e9silienne <strong class=\"autotag\">Bruno Guimar\u00e3es<\/strong>qui a jou\u00e9 aux c\u00f4t\u00e9s du jeune local <strong class=\"autotag\">Sean Longstaff<\/strong> dans les matchs r\u00e9cents.<\/p>\n<p>Un autre membre de la Selecao, <strong class=\"autotag\">Joelinton<\/strong> a appr\u00e9ci\u00e9 son passage \u00e0 St James&#39; Park depuis qu&#39;il est pass\u00e9 d&#39;un r\u00f4le d&#39;attaquant \u00e0 celui de buteur depuis la salle des machines.<\/p>\n<\/div>\n","protected":false},"excerpt":{"rendered":"<p>Selon certaines informations, Adrien Rabiot ne serait pas tr\u00e8s enthousiaste \u00e0 l&#39;id\u00e9e de rejoindre Newcastle United, en Premier League, qui n&#39;est pas en mesure d&#39;offrir<\/p>\n","protected":false},"author":1,"featured_media":13411,"comment_status":"closed","ping_status":"","sticky":false,"template":"","format":"standard","meta":{"footnotes":""},"categories":[5],"tags":[5587,983,2918,4369,202,201,4862,700],"yoast_head":"<!-- This site is optimized with the Yoast SEO plugin v21.0 - https:\/\/yoast.com\/wordpress\/plugins\/seo\/ -->\n<title>L&#039;international fran\u00e7ais Adrien Rabiot \u00ab exclut \u00bb un transfert en Premier League<\/title>\n<meta name=\"robots\" content=\"index, follow, max-snippet:-1, max-image-preview:large, max-video-preview:-1\" \/>\n<link rel=\"canonical\" href=\"https:\/\/footdavant.fr\/actualites\/linternational-francais-adrien-rabiot-exclut-un-transfert-en-premier-league\/\" \/>\n<meta property=\"og:locale\" content=\"fr_FR\" \/>\n<meta property=\"og:type\" content=\"article\" \/>\n<meta property=\"og:title\" content=\"L&#039;international fran\u00e7ais Adrien Rabiot \u00ab exclut \u00bb un transfert en Premier League\" \/>\n<meta property=\"og:description\" content=\"Selon certaines informations, Adrien Rabiot ne serait pas tr\u00e8s enthousiaste \u00e0 l&#039;id\u00e9e de rejoindre Newcastle United, en Premier League, qui n&#039;est pas en mesure d&#039;offrir\" \/>\n<meta property=\"og:url\" content=\"https:\/\/footdavant.fr\/actualites\/linternational-francais-adrien-rabiot-exclut-un-transfert-en-premier-league\/\" \/>\n<meta property=\"og:site_name\" content=\"Foot d&#039;avant\" \/>\n<meta property=\"article:publisher\" content=\"https:\/\/www.facebook.com\/Footdavant\/\" \/>\n<meta property=\"article:published_time\" content=\"2024-09-15T04:48:36+00:00\" \/>\n<meta property=\"article:modified_time\" content=\"2024-09-15T04:48:37+00:00\" \/>\n<meta property=\"og:image\" content=\"https:\/\/footdavant.fr\/actualites\/wp-content\/uploads\/2024\/09\/L39international-francais-Adrien-Rabiot-exclut-un-transfert-en.jpg\" \/>\n\t<meta property=\"og:image:width\" content=\"640\" \/>\n\t<meta property=\"og:image:height\" content=\"480\" \/>\n\t<meta property=\"og:image:type\" content=\"image\/jpeg\" \/>\n<meta name=\"author\" content=\"Cl\u00e9ment\" \/>\n<meta name=\"twitter:card\" content=\"summary_large_image\" \/>\n<meta name=\"twitter:creator\" content=\"@FootdavantFr\" \/>\n<meta name=\"twitter:site\" content=\"@FootdavantFr\" \/>\n<meta name=\"twitter:label1\" content=\"\u00c9crit par\" \/>\n\t<meta name=\"twitter:data1\" content=\"Cl\u00e9ment\" \/>\n\t<meta name=\"twitter:label2\" content=\"Dur\u00e9e de lecture estim\u00e9e\" \/>\n\t<meta name=\"twitter:data2\" content=\"2 minutes\" \/>\n<script type=\"application\/ld+json\" class=\"yoast-schema-graph\">{\"@context\":\"https:\/\/schema.org\",\"@graph\":[{\"@type\":\"Article\",\"@id\":\"https:\/\/footdavant.fr\/actualites\/linternational-francais-adrien-rabiot-exclut-un-transfert-en-premier-league\/#article\",\"isPartOf\":{\"@id\":\"https:\/\/footdavant.fr\/actualites\/linternational-francais-adrien-rabiot-exclut-un-transfert-en-premier-league\/\"},\"author\":{\"name\":\"Cl\u00e9ment\",\"@id\":\"https:\/\/footdavant.fr\/actualites\/#\/schema\/person\/bc222566d95871b37e597b3ed3ba5e1d\"},\"headline\":\"L&#39;international fran\u00e7ais Adrien Rabiot \u00ab exclut \u00bb un transfert en Premier League\",\"datePublished\":\"2024-09-15T04:48:36+00:00\",\"dateModified\":\"2024-09-15T04:48:37+00:00\",\"mainEntityOfPage\":{\"@id\":\"https:\/\/footdavant.fr\/actualites\/linternational-francais-adrien-rabiot-exclut-un-transfert-en-premier-league\/\"},\"wordCount\":487,\"publisher\":{\"@id\":\"https:\/\/footdavant.fr\/actualites\/#organization\"},\"keywords\":[\"Adrien\",\"exclut\",\"fran\u00e7ais\",\"l39international\",\"League\",\"Premier\",\"Rabiot\",\"transfert\"],\"articleSection\":[\"Premier League\"],\"inLanguage\":\"fr-FR\"},{\"@type\":\"WebPage\",\"@id\":\"https:\/\/footdavant.fr\/actualites\/linternational-francais-adrien-rabiot-exclut-un-transfert-en-premier-league\/\",\"url\":\"https:\/\/footdavant.fr\/actualites\/linternational-francais-adrien-rabiot-exclut-un-transfert-en-premier-league\/\",\"name\":\"L&#39;international fran\u00e7ais Adrien Rabiot \u00ab exclut \u00bb un transfert en Premier League\",\"isPartOf\":{\"@id\":\"https:\/\/footdavant.fr\/actualites\/#website\"},\"datePublished\":\"2024-09-15T04:48:36+00:00\",\"dateModified\":\"2024-09-15T04:48:37+00:00\",\"breadcrumb\":{\"@id\":\"https:\/\/footdavant.fr\/actualites\/linternational-francais-adrien-rabiot-exclut-un-transfert-en-premier-league\/#breadcrumb\"},\"inLanguage\":\"fr-FR\",\"potentialAction\":[{\"@type\":\"ReadAction\",\"target\":[\"https:\/\/footdavant.fr\/actualites\/linternational-francais-adrien-rabiot-exclut-un-transfert-en-premier-league\/\"]}]},{\"@type\":\"BreadcrumbList\",\"@id\":\"https:\/\/footdavant.fr\/actualites\/linternational-francais-adrien-rabiot-exclut-un-transfert-en-premier-league\/#breadcrumb\",\"itemListElement\":[{\"@type\":\"ListItem\",\"position\":1,\"name\":\"Accueil\",\"item\":\"https:\/\/footdavant.fr\/actualites\/\"},{\"@type\":\"ListItem\",\"position\":2,\"name\":\"L&#39;international fran\u00e7ais Adrien Rabiot \u00ab exclut \u00bb un transfert en Premier League\"}]},{\"@type\":\"WebSite\",\"@id\":\"https:\/\/footdavant.fr\/actualites\/#website\",\"url\":\"https:\/\/footdavant.fr\/actualites\/\",\"name\":\"Foot d'avant\",\"description\":\"\",\"publisher\":{\"@id\":\"https:\/\/footdavant.fr\/actualites\/#organization\"},\"potentialAction\":[{\"@type\":\"SearchAction\",\"target\":{\"@type\":\"EntryPoint\",\"urlTemplate\":\"https:\/\/footdavant.fr\/actualites\/?s={search_term_string}\"},\"query-input\":\"required name=search_term_string\"}],\"inLanguage\":\"fr-FR\"},{\"@type\":\"Organization\",\"@id\":\"https:\/\/footdavant.fr\/actualites\/#organization\",\"name\":\"Foot d'avant\",\"url\":\"https:\/\/footdavant.fr\/actualites\/\",\"logo\":{\"@type\":\"ImageObject\",\"inLanguage\":\"fr-FR\",\"@id\":\"https:\/\/footdavant.fr\/actualites\/#\/schema\/logo\/image\/\",\"url\":\"https:\/\/footdavant.fr\/actualites\/wp-content\/uploads\/2023\/09\/Copy-of-FootDavant-Logo.png\",\"contentUrl\":\"https:\/\/footdavant.fr\/actualites\/wp-content\/uploads\/2023\/09\/Copy-of-FootDavant-Logo.png\",\"width\":936,\"height\":549,\"caption\":\"Foot d'avant\"},\"image\":{\"@id\":\"https:\/\/footdavant.fr\/actualites\/#\/schema\/logo\/image\/\"},\"sameAs\":[\"https:\/\/www.facebook.com\/Footdavant\/\",\"https:\/\/twitter.com\/FootdavantFr\",\"https:\/\/www.instagram.com\/footdavant.fr\/\"]},{\"@type\":\"Person\",\"@id\":\"https:\/\/footdavant.fr\/actualites\/#\/schema\/person\/bc222566d95871b37e597b3ed3ba5e1d\",\"name\":\"Cl\u00e9ment\",\"image\":{\"@type\":\"ImageObject\",\"inLanguage\":\"fr-FR\",\"@id\":\"https:\/\/footdavant.fr\/actualites\/#\/schema\/person\/image\/\",\"url\":\"https:\/\/secure.gravatar.com\/avatar\/7728b29aac2719421e1a9159b2254c44?s=96&d=mm&r=g\",\"contentUrl\":\"https:\/\/secure.gravatar.com\/avatar\/7728b29aac2719421e1a9159b2254c44?s=96&d=mm&r=g\",\"caption\":\"Cl\u00e9ment\"},\"sameAs\":[\"https:\/\/footdavant.fr\/\"]}]}<\/script>\n<!-- \/ Yoast SEO plugin. -->","yoast_head_json":{"title":"L&#39;international fran\u00e7ais Adrien Rabiot \u00ab exclut \u00bb un transfert en Premier League","robots":{"index":"index","follow":"follow","max-snippet":"max-snippet:-1","max-image-preview":"max-image-preview:large","max-video-preview":"max-video-preview:-1"},"canonical":"https:\/\/footdavant.fr\/actualites\/linternational-francais-adrien-rabiot-exclut-un-transfert-en-premier-league\/","og_locale":"fr_FR","og_type":"article","og_title":"L&#39;international fran\u00e7ais Adrien Rabiot \u00ab exclut \u00bb un transfert en Premier League","og_description":"Selon certaines informations, Adrien Rabiot ne serait pas tr\u00e8s enthousiaste \u00e0 l&#39;id\u00e9e de rejoindre Newcastle United, en Premier League, qui n&#39;est pas en mesure d&#39;offrir","og_url":"https:\/\/footdavant.fr\/actualites\/linternational-francais-adrien-rabiot-exclut-un-transfert-en-premier-league\/","og_site_name":"Foot d&#039;avant","article_publisher":"https:\/\/www.facebook.com\/Footdavant\/","article_published_time":"2024-09-15T04:48:36+00:00","article_modified_time":"2024-09-15T04:48:37+00:00","og_image":[{"width":640,"height":480,"url":"https:\/\/footdavant.fr\/actualites\/wp-content\/uploads\/2024\/09\/L39international-francais-Adrien-Rabiot-exclut-un-transfert-en.jpg","type":"image\/jpeg"}],"author":"Cl\u00e9ment","twitter_card":"summary_large_image","twitter_creator":"@FootdavantFr","twitter_site":"@FootdavantFr","twitter_misc":{"\u00c9crit par":"Cl\u00e9ment","Dur\u00e9e de lecture estim\u00e9e":"2 minutes"},"schema":{"@context":"https:\/\/schema.org","@graph":[{"@type":"Article","@id":"https:\/\/footdavant.fr\/actualites\/linternational-francais-adrien-rabiot-exclut-un-transfert-en-premier-league\/#article","isPartOf":{"@id":"https:\/\/footdavant.fr\/actualites\/linternational-francais-adrien-rabiot-exclut-un-transfert-en-premier-league\/"},"author":{"name":"Cl\u00e9ment","@id":"https:\/\/footdavant.fr\/actualites\/#\/schema\/person\/bc222566d95871b37e597b3ed3ba5e1d"},"headline":"L&#39;international fran\u00e7ais Adrien Rabiot \u00ab exclut \u00bb un transfert en Premier League","datePublished":"2024-09-15T04:48:36+00:00","dateModified":"2024-09-15T04:48:37+00:00","mainEntityOfPage":{"@id":"https:\/\/footdavant.fr\/actualites\/linternational-francais-adrien-rabiot-exclut-un-transfert-en-premier-league\/"},"wordCount":487,"publisher":{"@id":"https:\/\/footdavant.fr\/actualites\/#organization"},"keywords":["Adrien","exclut","fran\u00e7ais","l39international","League","Premier","Rabiot","transfert"],"articleSection":["Premier League"],"inLanguage":"fr-FR"},{"@type":"WebPage","@id":"https:\/\/footdavant.fr\/actualites\/linternational-francais-adrien-rabiot-exclut-un-transfert-en-premier-league\/","url":"https:\/\/footdavant.fr\/actualites\/linternational-francais-adrien-rabiot-exclut-un-transfert-en-premier-league\/","name":"L&#39;international fran\u00e7ais Adrien Rabiot \u00ab exclut \u00bb un transfert en Premier League","isPartOf":{"@id":"https:\/\/footdavant.fr\/actualites\/#website"},"datePublished":"2024-09-15T04:48:36+00:00","dateModified":"2024-09-15T04:48:37+00:00","breadcrumb":{"@id":"https:\/\/footdavant.fr\/actualites\/linternational-francais-adrien-rabiot-exclut-un-transfert-en-premier-league\/#breadcrumb"},"inLanguage":"fr-FR","potentialAction":[{"@type":"ReadAction","target":["https:\/\/footdavant.fr\/actualites\/linternational-francais-adrien-rabiot-exclut-un-transfert-en-premier-league\/"]}]},{"@type":"BreadcrumbList","@id":"https:\/\/footdavant.fr\/actualites\/linternational-francais-adrien-rabiot-exclut-un-transfert-en-premier-league\/#breadcrumb","itemListElement":[{"@type":"ListItem","position":1,"name":"Accueil","item":"https:\/\/footdavant.fr\/actualites\/"},{"@type":"ListItem","position":2,"name":"L&#39;international fran\u00e7ais Adrien Rabiot \u00ab exclut \u00bb un transfert en Premier League"}]},{"@type":"WebSite","@id":"https:\/\/footdavant.fr\/actualites\/#website","url":"https:\/\/footdavant.fr\/actualites\/","name":"Foot d'avant","description":"","publisher":{"@id":"https:\/\/footdavant.fr\/actualites\/#organization"},"potentialAction":[{"@type":"SearchAction","target":{"@type":"EntryPoint","urlTemplate":"https:\/\/footdavant.fr\/actualites\/?s={search_term_string}"},"query-input":"required name=search_term_string"}],"inLanguage":"fr-FR"},{"@type":"Organization","@id":"https:\/\/footdavant.fr\/actualites\/#organization","name":"Foot d'avant","url":"https:\/\/footdavant.fr\/actualites\/","logo":{"@type":"ImageObject","inLanguage":"fr-FR","@id":"https:\/\/footdavant.fr\/actualites\/#\/schema\/logo\/image\/","url":"https:\/\/footdavant.fr\/actualites\/wp-content\/uploads\/2023\/09\/Copy-of-FootDavant-Logo.png","contentUrl":"https:\/\/footdavant.fr\/actualites\/wp-content\/uploads\/2023\/09\/Copy-of-FootDavant-Logo.png","width":936,"height":549,"caption":"Foot d'avant"},"image":{"@id":"https:\/\/footdavant.fr\/actualites\/#\/schema\/logo\/image\/"},"sameAs":["https:\/\/www.facebook.com\/Footdavant\/","https:\/\/twitter.com\/FootdavantFr","https:\/\/www.instagram.com\/footdavant.fr\/"]},{"@type":"Person","@id":"https:\/\/footdavant.fr\/actualites\/#\/schema\/person\/bc222566d95871b37e597b3ed3ba5e1d","name":"Cl\u00e9ment","image":{"@type":"ImageObject","inLanguage":"fr-FR","@id":"https:\/\/footdavant.fr\/actualites\/#\/schema\/person\/image\/","url":"https:\/\/secure.gravatar.com\/avatar\/7728b29aac2719421e1a9159b2254c44?s=96&d=mm&r=g","contentUrl":"https:\/\/secure.gravatar.com\/avatar\/7728b29aac2719421e1a9159b2254c44?s=96&d=mm&r=g","caption":"Cl\u00e9ment"},"sameAs":["https:\/\/footdavant.fr\/"]}]}},"_links":{"self":[{"href":"https:\/\/footdavant.fr\/actualites\/wp-json\/wp\/v2\/posts\/13410"}],"collection":[{"href":"https:\/\/footdavant.fr\/actualites\/wp-json\/wp\/v2\/posts"}],"about":[{"href":"https:\/\/footdavant.fr\/actualites\/wp-json\/wp\/v2\/types\/post"}],"author":[{"embeddable":true,"href":"https:\/\/footdavant.fr\/actualites\/wp-json\/wp\/v2\/users\/1"}],"replies":[{"embeddable":true,"href":"https:\/\/footdavant.fr\/actualites\/wp-json\/wp\/v2\/comments?post=13410"}],"version-history":[{"count":1,"href":"https:\/\/footdavant.fr\/actualites\/wp-json\/wp\/v2\/posts\/13410\/revisions"}],"predecessor-version":[{"id":13412,"href":"https:\/\/footdavant.fr\/actualites\/wp-json\/wp\/v2\/posts\/13410\/revisions\/13412"}],"wp:featuredmedia":[{"embeddable":true,"href":"https:\/\/footdavant.fr\/actualites\/wp-json\/wp\/v2\/media\/13411"}],"wp:attachment":[{"href":"https:\/\/footdavant.fr\/actualites\/wp-json\/wp\/v2\/media?parent=13410"}],"wp:term":[{"taxonomy":"category","embeddable":true,"href":"https:\/\/footdavant.fr\/actualites\/wp-json\/wp\/v2\/categories?post=13410"},{"taxonomy":"post_tag","embeddable":true,"href":"https:\/\/footdavant.fr\/actualites\/wp-json\/wp\/v2\/tags?post=13410"}],"curies":[{"name":"wp","href":"https:\/\/api.w.org\/{rel}","templated":true}]}}