{"id":13425,"date":"2024-09-15T14:48:14","date_gmt":"2024-09-15T12:48:14","guid":{"rendered":"https:\/\/footdavant.fr\/actualites\/le-successeur-de-mkhitaryan-linter-envisage-un-futur-transfert-pour-le-milieu-de-terrain-de-villa\/"},"modified":"2024-09-15T14:48:16","modified_gmt":"2024-09-15T12:48:16","slug":"le-successeur-de-mkhitaryan-linter-envisage-un-futur-transfert-pour-le-milieu-de-terrain-de-villa","status":"publish","type":"post","link":"https:\/\/footdavant.fr\/actualites\/le-successeur-de-mkhitaryan-linter-envisage-un-futur-transfert-pour-le-milieu-de-terrain-de-villa\/","title":{"rendered":"Le successeur de Mkhitaryan ? L&#39;Inter envisage un futur transfert pour le milieu de terrain de Villa"},"content":{"rendered":"<p>Un milieu de terrain d&#39;Aston Villa serait identifi\u00e9 par l&#39;Inter Milan comme un successeur potentiel du meneur de jeu Henrikh Mkhitaryan.<\/p>\n<div id=\"article_body\" itemprop=\"articleBody\">\n<h3 class=\"firstPara\">\n<strong class=\"autotag\">Inter Milan<\/strong> envisageraient une approche future pour un <strong class=\"autotag\">Aston Villa<\/strong> milieu de terrain.<\/h3>\n<p>Les Nerazzurri ont remport\u00e9 deux des quatre derniers titres de Serie A et ont \u00e9galement atteint la finale de la Ligue des champions en 2022-23.<\/p>\n<p>Cependant, bien qu&#39;elle soit devenue la meilleure \u00e9quipe du football italien au cours des quatre derni\u00e8res ann\u00e9es, l&#39;Inter devra bient\u00f4t envisager des changements dans son effectif.<\/p>\n<p>Parmi les 18 joueurs qui ont \u00e9t\u00e9 utilis\u00e9s en Serie A au cours de la premi\u00e8re partie de cette saison, six ont 32 ans ou plus.<\/p>\n<p>Pas moins de quatre d&#39;entre eux ont au moins 35 ans et, m\u00eame si l&#39;\u00e9quipe b\u00e9n\u00e9ficie au final de cette exp\u00e9rience, elle devra bient\u00f4t \u00eatre renforc\u00e9e par de jeunes talents.<\/p>\n<p class=\"imgI\">\n<h2 class=\"k3\">Les admirateurs de l&#39;Inter pour la star de Villa<\/h2>\n<p><strong class=\"autotag\">Henrikh Mkhitaryan<\/strong> est l&#39;un des joueurs qui entre dans cette cat\u00e9gorie, le meneur de jeu restant un homme cl\u00e9 avec trois d\u00e9parts en 2024-25.<\/p>\n<p>La l\u00e9gende arm\u00e9nienne a connu la p\u00e9riode la plus r\u00e9ussie de sa carri\u00e8re \u00e0 San Siro, bien qu&#39;il n&#39;ait contribu\u00e9 qu&#39;\u00e0 sept buts et 14 passes d\u00e9cisives en 98 apparitions toutes comp\u00e9titions confondues.<\/p>\n<p>Bien que l&#39;ancien joueur de Manchester United et d&#39;Arsenal ait un contrat jusqu&#39;en 2026, <em>InterLive<\/em> affirme que <strong class=\"autotag\">Jacob Ramsey<\/strong> a \u00e9t\u00e9 identifi\u00e9 comme un successeur potentiel de Mkhitaryan.<\/p>\n<p>Les responsables de l&#39;Inter seraient d&#39;avis que Ramsey n&#39;a pas encore d\u00e9montr\u00e9 tout son potentiel au cours de son passage dans les rangs seniors \u00e0 Villa Park.<\/p>\n<p>Ramsey a marqu\u00e9 13 buts et effectu\u00e9 13 passes d\u00e9cisives lors de ses 125 apparitions depuis qu&#39;il a progress\u00e9 dans l&#39;acad\u00e9mie de son club d&#39;enfance.<\/p>\n<p>L&#39;ancien joueur anglais des moins de 21 ans a travers\u00e9 une p\u00e9riode frustrante la saison derni\u00e8re, mais il compte une passe d\u00e9cisive \u00e0 son actif en trois sorties en tant que rempla\u00e7ant lors de la Premier League de cette saison.<\/p>\n<p class=\"imgI\"><img decoding=\"async\" loading=\"lazy\" class=\"l\" src=\"https:\/\/footdavant.fr\/actualites\/wp-content\/uploads\/2024\/09\/1726404494_597_Le-successeur-de-Mkhitaryan-L39Inter-envisage-un-futur-transfert.jpg\" title=\"L&#39;entra\u00eeneur-chef d&#39;Aston Villa, Unai Emery, en ao\u00fbt 2024.\" alt=\"L&#39;entra\u00eeneur-chef d&#39;Aston Villa, Unai Emery, en ao\u00fbt 2024.\" width=\"640\" height=\"480\"><\/p>\n<h2 class=\"k3\">La Villa serait-elle pr\u00eate \u00e0 vendre ?<\/h2>\n<p>Villa aurait pu r\u00e9aliser un profit substantiel sur Ramsey pendant la fen\u00eatre de transfert estivale lorsqu&#39;ils auraient d\u00fb s&#39;assurer qu&#39;ils se conformaient aux r\u00e9glementations financi\u00e8res de la Premier League.<\/p>\n<p>Au lieu de cela, ils ont choisi de ne pas tirer profit d&#39;un joueur qui est tr\u00e8s bien not\u00e9 par <strong class=\"autotag\">Unai Emery<\/strong> et qui aura un r\u00f4le \u00e0 jouer cette saison \u00e0 condition de rester en forme.<\/p>\n<p>Avec Ramsey sous contrat jusqu&#39;en 2027, Villa est en position de force pour rejeter toute offre, \u00e0 moins que l&#39;Inter ne soit pr\u00eate \u00e0 payer plus cher pour un joueur qui n&#39;a pas encore fait ses d\u00e9buts complets en Angleterre.<\/p>\n<\/div>\n","protected":false},"excerpt":{"rendered":"<p>Un milieu de terrain d&#39;Aston Villa serait identifi\u00e9 par l&#39;Inter Milan comme un successeur potentiel du meneur de jeu Henrikh Mkhitaryan. Inter Milan envisageraient une<\/p>\n","protected":false},"author":1,"featured_media":13426,"comment_status":"closed","ping_status":"","sticky":false,"template":"","format":"standard","meta":{"footnotes":""},"categories":[5],"tags":[496,3665,5414,441,6422,51,991,442,700,370],"yoast_head":"<!-- This site is optimized with the Yoast SEO plugin v21.0 - https:\/\/yoast.com\/wordpress\/plugins\/seo\/ -->\n<title>Le successeur de Mkhitaryan ? L&#039;Inter envisage un futur transfert pour le milieu de terrain de Villa<\/title>\n<meta name=\"robots\" content=\"index, follow, max-snippet:-1, max-image-preview:large, max-video-preview:-1\" \/>\n<link rel=\"canonical\" href=\"https:\/\/footdavant.fr\/actualites\/le-successeur-de-mkhitaryan-linter-envisage-un-futur-transfert-pour-le-milieu-de-terrain-de-villa\/\" \/>\n<meta property=\"og:locale\" content=\"fr_FR\" \/>\n<meta property=\"og:type\" content=\"article\" \/>\n<meta property=\"og:title\" content=\"Le successeur de Mkhitaryan ? L&#039;Inter envisage un futur transfert pour le milieu de terrain de Villa\" \/>\n<meta property=\"og:description\" content=\"Un milieu de terrain d&#039;Aston Villa serait identifi\u00e9 par l&#039;Inter Milan comme un successeur potentiel du meneur de jeu Henrikh Mkhitaryan. Inter Milan envisageraient une\" \/>\n<meta property=\"og:url\" content=\"https:\/\/footdavant.fr\/actualites\/le-successeur-de-mkhitaryan-linter-envisage-un-futur-transfert-pour-le-milieu-de-terrain-de-villa\/\" \/>\n<meta property=\"og:site_name\" content=\"Foot d&#039;avant\" \/>\n<meta property=\"article:publisher\" content=\"https:\/\/www.facebook.com\/Footdavant\/\" \/>\n<meta property=\"article:published_time\" content=\"2024-09-15T12:48:14+00:00\" \/>\n<meta property=\"article:modified_time\" content=\"2024-09-15T12:48:16+00:00\" \/>\n<meta property=\"og:image\" content=\"https:\/\/footdavant.fr\/actualites\/wp-content\/uploads\/2024\/09\/Le-successeur-de-Mkhitaryan-L39Inter-envisage-un-futur-transfert.jpg\" \/>\n\t<meta property=\"og:image:width\" content=\"640\" \/>\n\t<meta property=\"og:image:height\" content=\"480\" \/>\n\t<meta property=\"og:image:type\" content=\"image\/jpeg\" \/>\n<meta name=\"author\" content=\"Cl\u00e9ment\" \/>\n<meta name=\"twitter:card\" content=\"summary_large_image\" \/>\n<meta name=\"twitter:creator\" content=\"@FootdavantFr\" \/>\n<meta name=\"twitter:site\" content=\"@FootdavantFr\" \/>\n<meta name=\"twitter:label1\" content=\"\u00c9crit par\" \/>\n\t<meta name=\"twitter:data1\" content=\"Cl\u00e9ment\" \/>\n\t<meta name=\"twitter:label2\" content=\"Dur\u00e9e de lecture estim\u00e9e\" \/>\n\t<meta name=\"twitter:data2\" content=\"2 minutes\" \/>\n<script type=\"application\/ld+json\" class=\"yoast-schema-graph\">{\"@context\":\"https:\/\/schema.org\",\"@graph\":[{\"@type\":\"Article\",\"@id\":\"https:\/\/footdavant.fr\/actualites\/le-successeur-de-mkhitaryan-linter-envisage-un-futur-transfert-pour-le-milieu-de-terrain-de-villa\/#article\",\"isPartOf\":{\"@id\":\"https:\/\/footdavant.fr\/actualites\/le-successeur-de-mkhitaryan-linter-envisage-un-futur-transfert-pour-le-milieu-de-terrain-de-villa\/\"},\"author\":{\"name\":\"Cl\u00e9ment\",\"@id\":\"https:\/\/footdavant.fr\/actualites\/#\/schema\/person\/bc222566d95871b37e597b3ed3ba5e1d\"},\"headline\":\"Le successeur de Mkhitaryan ? L&#39;Inter envisage un futur transfert pour le milieu de terrain de Villa\",\"datePublished\":\"2024-09-15T12:48:14+00:00\",\"dateModified\":\"2024-09-15T12:48:16+00:00\",\"mainEntityOfPage\":{\"@id\":\"https:\/\/footdavant.fr\/actualites\/le-successeur-de-mkhitaryan-linter-envisage-un-futur-transfert-pour-le-milieu-de-terrain-de-villa\/\"},\"wordCount\":500,\"publisher\":{\"@id\":\"https:\/\/footdavant.fr\/actualites\/#organization\"},\"keywords\":[\"envisage\",\"futur\",\"l39Inter\",\"milieu\",\"Mkhitaryan\",\"pour\",\"successeur\",\"terrain\",\"transfert\",\"Villa\"],\"articleSection\":[\"Premier League\"],\"inLanguage\":\"fr-FR\"},{\"@type\":\"WebPage\",\"@id\":\"https:\/\/footdavant.fr\/actualites\/le-successeur-de-mkhitaryan-linter-envisage-un-futur-transfert-pour-le-milieu-de-terrain-de-villa\/\",\"url\":\"https:\/\/footdavant.fr\/actualites\/le-successeur-de-mkhitaryan-linter-envisage-un-futur-transfert-pour-le-milieu-de-terrain-de-villa\/\",\"name\":\"Le successeur de Mkhitaryan ? L&#39;Inter envisage un futur transfert pour le milieu de terrain de Villa\",\"isPartOf\":{\"@id\":\"https:\/\/footdavant.fr\/actualites\/#website\"},\"datePublished\":\"2024-09-15T12:48:14+00:00\",\"dateModified\":\"2024-09-15T12:48:16+00:00\",\"breadcrumb\":{\"@id\":\"https:\/\/footdavant.fr\/actualites\/le-successeur-de-mkhitaryan-linter-envisage-un-futur-transfert-pour-le-milieu-de-terrain-de-villa\/#breadcrumb\"},\"inLanguage\":\"fr-FR\",\"potentialAction\":[{\"@type\":\"ReadAction\",\"target\":[\"https:\/\/footdavant.fr\/actualites\/le-successeur-de-mkhitaryan-linter-envisage-un-futur-transfert-pour-le-milieu-de-terrain-de-villa\/\"]}]},{\"@type\":\"BreadcrumbList\",\"@id\":\"https:\/\/footdavant.fr\/actualites\/le-successeur-de-mkhitaryan-linter-envisage-un-futur-transfert-pour-le-milieu-de-terrain-de-villa\/#breadcrumb\",\"itemListElement\":[{\"@type\":\"ListItem\",\"position\":1,\"name\":\"Accueil\",\"item\":\"https:\/\/footdavant.fr\/actualites\/\"},{\"@type\":\"ListItem\",\"position\":2,\"name\":\"Le successeur de Mkhitaryan ? L&#39;Inter envisage un futur transfert pour le milieu de terrain de Villa\"}]},{\"@type\":\"WebSite\",\"@id\":\"https:\/\/footdavant.fr\/actualites\/#website\",\"url\":\"https:\/\/footdavant.fr\/actualites\/\",\"name\":\"Foot d'avant\",\"description\":\"\",\"publisher\":{\"@id\":\"https:\/\/footdavant.fr\/actualites\/#organization\"},\"potentialAction\":[{\"@type\":\"SearchAction\",\"target\":{\"@type\":\"EntryPoint\",\"urlTemplate\":\"https:\/\/footdavant.fr\/actualites\/?s={search_term_string}\"},\"query-input\":\"required name=search_term_string\"}],\"inLanguage\":\"fr-FR\"},{\"@type\":\"Organization\",\"@id\":\"https:\/\/footdavant.fr\/actualites\/#organization\",\"name\":\"Foot d'avant\",\"url\":\"https:\/\/footdavant.fr\/actualites\/\",\"logo\":{\"@type\":\"ImageObject\",\"inLanguage\":\"fr-FR\",\"@id\":\"https:\/\/footdavant.fr\/actualites\/#\/schema\/logo\/image\/\",\"url\":\"https:\/\/footdavant.fr\/actualites\/wp-content\/uploads\/2023\/09\/Copy-of-FootDavant-Logo.png\",\"contentUrl\":\"https:\/\/footdavant.fr\/actualites\/wp-content\/uploads\/2023\/09\/Copy-of-FootDavant-Logo.png\",\"width\":936,\"height\":549,\"caption\":\"Foot d'avant\"},\"image\":{\"@id\":\"https:\/\/footdavant.fr\/actualites\/#\/schema\/logo\/image\/\"},\"sameAs\":[\"https:\/\/www.facebook.com\/Footdavant\/\",\"https:\/\/twitter.com\/FootdavantFr\",\"https:\/\/www.instagram.com\/footdavant.fr\/\"]},{\"@type\":\"Person\",\"@id\":\"https:\/\/footdavant.fr\/actualites\/#\/schema\/person\/bc222566d95871b37e597b3ed3ba5e1d\",\"name\":\"Cl\u00e9ment\",\"image\":{\"@type\":\"ImageObject\",\"inLanguage\":\"fr-FR\",\"@id\":\"https:\/\/footdavant.fr\/actualites\/#\/schema\/person\/image\/\",\"url\":\"https:\/\/secure.gravatar.com\/avatar\/7728b29aac2719421e1a9159b2254c44?s=96&d=mm&r=g\",\"contentUrl\":\"https:\/\/secure.gravatar.com\/avatar\/7728b29aac2719421e1a9159b2254c44?s=96&d=mm&r=g\",\"caption\":\"Cl\u00e9ment\"},\"sameAs\":[\"https:\/\/footdavant.fr\/\"]}]}<\/script>\n<!-- \/ Yoast SEO plugin. -->","yoast_head_json":{"title":"Le successeur de Mkhitaryan ? L&#39;Inter envisage un futur transfert pour le milieu de terrain de Villa","robots":{"index":"index","follow":"follow","max-snippet":"max-snippet:-1","max-image-preview":"max-image-preview:large","max-video-preview":"max-video-preview:-1"},"canonical":"https:\/\/footdavant.fr\/actualites\/le-successeur-de-mkhitaryan-linter-envisage-un-futur-transfert-pour-le-milieu-de-terrain-de-villa\/","og_locale":"fr_FR","og_type":"article","og_title":"Le successeur de Mkhitaryan ? L&#39;Inter envisage un futur transfert pour le milieu de terrain de Villa","og_description":"Un milieu de terrain d&#39;Aston Villa serait identifi\u00e9 par l&#39;Inter Milan comme un successeur potentiel du meneur de jeu Henrikh Mkhitaryan. Inter Milan envisageraient une","og_url":"https:\/\/footdavant.fr\/actualites\/le-successeur-de-mkhitaryan-linter-envisage-un-futur-transfert-pour-le-milieu-de-terrain-de-villa\/","og_site_name":"Foot d&#039;avant","article_publisher":"https:\/\/www.facebook.com\/Footdavant\/","article_published_time":"2024-09-15T12:48:14+00:00","article_modified_time":"2024-09-15T12:48:16+00:00","og_image":[{"width":640,"height":480,"url":"https:\/\/footdavant.fr\/actualites\/wp-content\/uploads\/2024\/09\/Le-successeur-de-Mkhitaryan-L39Inter-envisage-un-futur-transfert.jpg","type":"image\/jpeg"}],"author":"Cl\u00e9ment","twitter_card":"summary_large_image","twitter_creator":"@FootdavantFr","twitter_site":"@FootdavantFr","twitter_misc":{"\u00c9crit par":"Cl\u00e9ment","Dur\u00e9e de lecture estim\u00e9e":"2 minutes"},"schema":{"@context":"https:\/\/schema.org","@graph":[{"@type":"Article","@id":"https:\/\/footdavant.fr\/actualites\/le-successeur-de-mkhitaryan-linter-envisage-un-futur-transfert-pour-le-milieu-de-terrain-de-villa\/#article","isPartOf":{"@id":"https:\/\/footdavant.fr\/actualites\/le-successeur-de-mkhitaryan-linter-envisage-un-futur-transfert-pour-le-milieu-de-terrain-de-villa\/"},"author":{"name":"Cl\u00e9ment","@id":"https:\/\/footdavant.fr\/actualites\/#\/schema\/person\/bc222566d95871b37e597b3ed3ba5e1d"},"headline":"Le successeur de Mkhitaryan ? L&#39;Inter envisage un futur transfert pour le milieu de terrain de Villa","datePublished":"2024-09-15T12:48:14+00:00","dateModified":"2024-09-15T12:48:16+00:00","mainEntityOfPage":{"@id":"https:\/\/footdavant.fr\/actualites\/le-successeur-de-mkhitaryan-linter-envisage-un-futur-transfert-pour-le-milieu-de-terrain-de-villa\/"},"wordCount":500,"publisher":{"@id":"https:\/\/footdavant.fr\/actualites\/#organization"},"keywords":["envisage","futur","l39Inter","milieu","Mkhitaryan","pour","successeur","terrain","transfert","Villa"],"articleSection":["Premier League"],"inLanguage":"fr-FR"},{"@type":"WebPage","@id":"https:\/\/footdavant.fr\/actualites\/le-successeur-de-mkhitaryan-linter-envisage-un-futur-transfert-pour-le-milieu-de-terrain-de-villa\/","url":"https:\/\/footdavant.fr\/actualites\/le-successeur-de-mkhitaryan-linter-envisage-un-futur-transfert-pour-le-milieu-de-terrain-de-villa\/","name":"Le successeur de Mkhitaryan ? L&#39;Inter envisage un futur transfert pour le milieu de terrain de Villa","isPartOf":{"@id":"https:\/\/footdavant.fr\/actualites\/#website"},"datePublished":"2024-09-15T12:48:14+00:00","dateModified":"2024-09-15T12:48:16+00:00","breadcrumb":{"@id":"https:\/\/footdavant.fr\/actualites\/le-successeur-de-mkhitaryan-linter-envisage-un-futur-transfert-pour-le-milieu-de-terrain-de-villa\/#breadcrumb"},"inLanguage":"fr-FR","potentialAction":[{"@type":"ReadAction","target":["https:\/\/footdavant.fr\/actualites\/le-successeur-de-mkhitaryan-linter-envisage-un-futur-transfert-pour-le-milieu-de-terrain-de-villa\/"]}]},{"@type":"BreadcrumbList","@id":"https:\/\/footdavant.fr\/actualites\/le-successeur-de-mkhitaryan-linter-envisage-un-futur-transfert-pour-le-milieu-de-terrain-de-villa\/#breadcrumb","itemListElement":[{"@type":"ListItem","position":1,"name":"Accueil","item":"https:\/\/footdavant.fr\/actualites\/"},{"@type":"ListItem","position":2,"name":"Le successeur de Mkhitaryan ? L&#39;Inter envisage un futur transfert pour le milieu de terrain de Villa"}]},{"@type":"WebSite","@id":"https:\/\/footdavant.fr\/actualites\/#website","url":"https:\/\/footdavant.fr\/actualites\/","name":"Foot d'avant","description":"","publisher":{"@id":"https:\/\/footdavant.fr\/actualites\/#organization"},"potentialAction":[{"@type":"SearchAction","target":{"@type":"EntryPoint","urlTemplate":"https:\/\/footdavant.fr\/actualites\/?s={search_term_string}"},"query-input":"required name=search_term_string"}],"inLanguage":"fr-FR"},{"@type":"Organization","@id":"https:\/\/footdavant.fr\/actualites\/#organization","name":"Foot d'avant","url":"https:\/\/footdavant.fr\/actualites\/","logo":{"@type":"ImageObject","inLanguage":"fr-FR","@id":"https:\/\/footdavant.fr\/actualites\/#\/schema\/logo\/image\/","url":"https:\/\/footdavant.fr\/actualites\/wp-content\/uploads\/2023\/09\/Copy-of-FootDavant-Logo.png","contentUrl":"https:\/\/footdavant.fr\/actualites\/wp-content\/uploads\/2023\/09\/Copy-of-FootDavant-Logo.png","width":936,"height":549,"caption":"Foot d'avant"},"image":{"@id":"https:\/\/footdavant.fr\/actualites\/#\/schema\/logo\/image\/"},"sameAs":["https:\/\/www.facebook.com\/Footdavant\/","https:\/\/twitter.com\/FootdavantFr","https:\/\/www.instagram.com\/footdavant.fr\/"]},{"@type":"Person","@id":"https:\/\/footdavant.fr\/actualites\/#\/schema\/person\/bc222566d95871b37e597b3ed3ba5e1d","name":"Cl\u00e9ment","image":{"@type":"ImageObject","inLanguage":"fr-FR","@id":"https:\/\/footdavant.fr\/actualites\/#\/schema\/person\/image\/","url":"https:\/\/secure.gravatar.com\/avatar\/7728b29aac2719421e1a9159b2254c44?s=96&d=mm&r=g","contentUrl":"https:\/\/secure.gravatar.com\/avatar\/7728b29aac2719421e1a9159b2254c44?s=96&d=mm&r=g","caption":"Cl\u00e9ment"},"sameAs":["https:\/\/footdavant.fr\/"]}]}},"_links":{"self":[{"href":"https:\/\/footdavant.fr\/actualites\/wp-json\/wp\/v2\/posts\/13425"}],"collection":[{"href":"https:\/\/footdavant.fr\/actualites\/wp-json\/wp\/v2\/posts"}],"about":[{"href":"https:\/\/footdavant.fr\/actualites\/wp-json\/wp\/v2\/types\/post"}],"author":[{"embeddable":true,"href":"https:\/\/footdavant.fr\/actualites\/wp-json\/wp\/v2\/users\/1"}],"replies":[{"embeddable":true,"href":"https:\/\/footdavant.fr\/actualites\/wp-json\/wp\/v2\/comments?post=13425"}],"version-history":[{"count":1,"href":"https:\/\/footdavant.fr\/actualites\/wp-json\/wp\/v2\/posts\/13425\/revisions"}],"predecessor-version":[{"id":13427,"href":"https:\/\/footdavant.fr\/actualites\/wp-json\/wp\/v2\/posts\/13425\/revisions\/13427"}],"wp:featuredmedia":[{"embeddable":true,"href":"https:\/\/footdavant.fr\/actualites\/wp-json\/wp\/v2\/media\/13426"}],"wp:attachment":[{"href":"https:\/\/footdavant.fr\/actualites\/wp-json\/wp\/v2\/media?parent=13425"}],"wp:term":[{"taxonomy":"category","embeddable":true,"href":"https:\/\/footdavant.fr\/actualites\/wp-json\/wp\/v2\/categories?post=13425"},{"taxonomy":"post_tag","embeddable":true,"href":"https:\/\/footdavant.fr\/actualites\/wp-json\/wp\/v2\/tags?post=13425"}],"curies":[{"name":"wp","href":"https:\/\/api.w.org\/{rel}","templated":true}]}}