{"id":13428,"date":"2024-09-15T16:48:34","date_gmt":"2024-09-15T14:48:34","guid":{"rendered":"https:\/\/footdavant.fr\/actualites\/un-expert-critique-le-pauvre-as-de-liverpool-pour-une-erreur-quil-a-repetee-contre-forest\/"},"modified":"2024-09-15T16:48:38","modified_gmt":"2024-09-15T14:48:38","slug":"un-expert-critique-le-pauvre-as-de-liverpool-pour-une-erreur-quil-a-repetee-contre-forest","status":"publish","type":"post","link":"https:\/\/footdavant.fr\/actualites\/un-expert-critique-le-pauvre-as-de-liverpool-pour-une-erreur-quil-a-repetee-contre-forest\/","title":{"rendered":"Un expert critique le \u00ab pauvre \u00bb as de Liverpool pour une erreur qu&#39;il a r\u00e9p\u00e9t\u00e9e contre Forest"},"content":{"rendered":"<p><\/p>\n<div id=\"article-body\">\n<!-- Article Start --><\/p>\n<p>Liverpool a subi une d\u00e9faite m\u00e9rit\u00e9e \u00e0 domicile contre Nottingham Forest samedi apr\u00e8s-midi, avec beaucoup trop de joueurs des Reds bien en dessous des niveaux qu&#39;ils avaient affich\u00e9s ces derni\u00e8res semaines.<\/p>\n<p>Ce fut une journ\u00e9e particuli\u00e8rement frustrante pour Mo Salah, dont le record de buts \u00e0 chaque match cette saison a \u00e9t\u00e9 interrompu en raison d&#39;une performance globalement inf\u00e9rieure \u00e0 la moyenne.<\/p>\n<\/p>\n<p>S&#39;exprimant lors d&#39;une conf\u00e9rence de presse pour Premier Sports, Damien Delaney a critiqu\u00e9 le joueur de 32 ans pour ses d\u00e9cisions erron\u00e9es dans le dernier tiers, alors qu&#39;un certain nombre d&#39;ouvertures prometteuses allaient et venaient sans r\u00e9compense.<\/p>\n<p>L&#39;ancien d\u00e9fenseur de Crystal Palace a d\u00e9clar\u00e9 \u00e0 propos de notre num\u00e9ro 11 (via CaughtOffside) : <\/p>\n<\/p>\n<p>Un moment particulier de la deuxi\u00e8me mi-temps de Salah r\u00e9sume son \u00e9trange journ\u00e9e de repos et justifie les critiques de Delaney, lorsque l&#39;attaquant de Liverpool a retard\u00e9 un centre malgr\u00e9 la pr\u00e9sence de plusieurs co\u00e9quipiers en bonne position dans la surface de r\u00e9paration, et que la passe finale a \u00e9t\u00e9 trop frapp\u00e9e.<\/p>\n<p>C&#39;\u00e9tait un passage de jeu qui, selon les mots de la journaliste de Sky Sports Laura Hunter, a suscit\u00e9 des \u00ab g\u00e9missements du Kop \u00bb &#8211; un son qui a \u00e9t\u00e9 entendu trop souvent cet apr\u00e8s-midi, mais on ne pouvait pas reprocher aux fans de se sentir agac\u00e9s par ce qui s&#39;est pass\u00e9 sur le terrain.<\/p>\n<p>L&#39;Egyptien a tent\u00e9 cinq dribbles aujourd&#39;hui et n&#39;en a r\u00e9ussi qu&#39;un seul (Sofascore), un retour m\u00e9diocre qui montre \u00e0 quel point c&#39;\u00e9tait une performance d\u00e9routante pour lui.<\/p>\n<p>On s&#39;attendait \u00e0 beaucoup mieux de la part d&#39;un joueur exp\u00e9riment\u00e9 et de classe mondiale comme Salah, mais esp\u00e9rons que ce n&#39;\u00e9tait rien de plus qu&#39;un rare jour sans pour autant de notre num\u00e9ro 11. L&#39;histoire sugg\u00e8re cependant qu&#39;il va rapidement remonter \u00e0 cheval, et j&#39;esp\u00e8re qu&#39;il pourra \u00e9vacuer sa frustration sur l&#39;AC Milan mardi !<\/p>\n<\/p>\n<p><span class=\"embed-youtube\" style=\"text-align:center; display: block;\"><\/span><\/p>\n<p><!-- Article End -->\t\t\t\t<\/div>\n<p><script async src=\"\/\/www.instagram.com\/embed.js\"><\/script><\/p>\n","protected":false},"excerpt":{"rendered":"<p>Liverpool a subi une d\u00e9faite m\u00e9rit\u00e9e \u00e0 domicile contre Nottingham Forest samedi apr\u00e8s-midi, avec beaucoup trop de joueurs des Reds bien en dessous des niveaux<\/p>\n","protected":false},"author":1,"featured_media":13429,"comment_status":"closed","ping_status":"","sticky":false,"template":"","format":"standard","meta":{"footnotes":""},"categories":[3],"tags":[20,421,1453,847,358,53,6423,51,4290,6424,92],"yoast_head":"<!-- This site is optimized with the Yoast SEO plugin v21.0 - https:\/\/yoast.com\/wordpress\/plugins\/seo\/ -->\n<title>Un expert critique le \u00ab pauvre \u00bb as de Liverpool pour une erreur qu&#039;il a r\u00e9p\u00e9t\u00e9e contre Forest<\/title>\n<meta name=\"robots\" content=\"index, follow, max-snippet:-1, max-image-preview:large, max-video-preview:-1\" \/>\n<link rel=\"canonical\" href=\"https:\/\/footdavant.fr\/actualites\/un-expert-critique-le-pauvre-as-de-liverpool-pour-une-erreur-quil-a-repetee-contre-forest\/\" \/>\n<meta property=\"og:locale\" content=\"fr_FR\" \/>\n<meta property=\"og:type\" content=\"article\" \/>\n<meta property=\"og:title\" content=\"Un expert critique le \u00ab pauvre \u00bb as de Liverpool pour une erreur qu&#039;il a r\u00e9p\u00e9t\u00e9e contre Forest\" \/>\n<meta property=\"og:description\" content=\"Liverpool a subi une d\u00e9faite m\u00e9rit\u00e9e \u00e0 domicile contre Nottingham Forest samedi apr\u00e8s-midi, avec beaucoup trop de joueurs des Reds bien en dessous des niveaux\" \/>\n<meta property=\"og:url\" content=\"https:\/\/footdavant.fr\/actualites\/un-expert-critique-le-pauvre-as-de-liverpool-pour-une-erreur-quil-a-repetee-contre-forest\/\" \/>\n<meta property=\"og:site_name\" content=\"Foot d&#039;avant\" \/>\n<meta property=\"article:publisher\" content=\"https:\/\/www.facebook.com\/Footdavant\/\" \/>\n<meta property=\"article:published_time\" content=\"2024-09-15T14:48:34+00:00\" \/>\n<meta property=\"article:modified_time\" content=\"2024-09-15T14:48:38+00:00\" \/>\n<meta property=\"og:image\" content=\"https:\/\/footdavant.fr\/actualites\/wp-content\/uploads\/2024\/09\/Un-expert-critique-le-pauvre-as-de-Liverpool.jpg\" \/>\n\t<meta property=\"og:image:width\" content=\"1202\" \/>\n\t<meta property=\"og:image:height\" content=\"820\" \/>\n\t<meta property=\"og:image:type\" content=\"image\/jpeg\" \/>\n<meta name=\"author\" content=\"Cl\u00e9ment\" \/>\n<meta name=\"twitter:card\" content=\"summary_large_image\" \/>\n<meta name=\"twitter:creator\" content=\"@FootdavantFr\" \/>\n<meta name=\"twitter:site\" content=\"@FootdavantFr\" \/>\n<meta name=\"twitter:label1\" content=\"\u00c9crit par\" \/>\n\t<meta name=\"twitter:data1\" content=\"Cl\u00e9ment\" \/>\n\t<meta name=\"twitter:label2\" content=\"Dur\u00e9e de lecture estim\u00e9e\" \/>\n\t<meta name=\"twitter:data2\" content=\"2 minutes\" \/>\n<script type=\"application\/ld+json\" class=\"yoast-schema-graph\">{\"@context\":\"https:\/\/schema.org\",\"@graph\":[{\"@type\":\"Article\",\"@id\":\"https:\/\/footdavant.fr\/actualites\/un-expert-critique-le-pauvre-as-de-liverpool-pour-une-erreur-quil-a-repetee-contre-forest\/#article\",\"isPartOf\":{\"@id\":\"https:\/\/footdavant.fr\/actualites\/un-expert-critique-le-pauvre-as-de-liverpool-pour-une-erreur-quil-a-repetee-contre-forest\/\"},\"author\":{\"name\":\"Cl\u00e9ment\",\"@id\":\"https:\/\/footdavant.fr\/actualites\/#\/schema\/person\/bc222566d95871b37e597b3ed3ba5e1d\"},\"headline\":\"Un expert critique le \u00ab pauvre \u00bb as de Liverpool pour une erreur qu&#39;il a r\u00e9p\u00e9t\u00e9e contre Forest\",\"datePublished\":\"2024-09-15T14:48:34+00:00\",\"dateModified\":\"2024-09-15T14:48:38+00:00\",\"mainEntityOfPage\":{\"@id\":\"https:\/\/footdavant.fr\/actualites\/un-expert-critique-le-pauvre-as-de-liverpool-pour-une-erreur-quil-a-repetee-contre-forest\/\"},\"wordCount\":370,\"publisher\":{\"@id\":\"https:\/\/footdavant.fr\/actualites\/#organization\"},\"keywords\":[\"contre\",\"critique\",\"erreur\",\"expert\",\"Forest\",\"Liverpool\",\"pauvre\",\"pour\",\"qu39il\",\"r\u00e9p\u00e9t\u00e9e\",\"une\"],\"articleSection\":[\"Football\"],\"inLanguage\":\"fr-FR\"},{\"@type\":\"WebPage\",\"@id\":\"https:\/\/footdavant.fr\/actualites\/un-expert-critique-le-pauvre-as-de-liverpool-pour-une-erreur-quil-a-repetee-contre-forest\/\",\"url\":\"https:\/\/footdavant.fr\/actualites\/un-expert-critique-le-pauvre-as-de-liverpool-pour-une-erreur-quil-a-repetee-contre-forest\/\",\"name\":\"Un expert critique le \u00ab pauvre \u00bb as de Liverpool pour une erreur qu&#39;il a r\u00e9p\u00e9t\u00e9e contre Forest\",\"isPartOf\":{\"@id\":\"https:\/\/footdavant.fr\/actualites\/#website\"},\"datePublished\":\"2024-09-15T14:48:34+00:00\",\"dateModified\":\"2024-09-15T14:48:38+00:00\",\"breadcrumb\":{\"@id\":\"https:\/\/footdavant.fr\/actualites\/un-expert-critique-le-pauvre-as-de-liverpool-pour-une-erreur-quil-a-repetee-contre-forest\/#breadcrumb\"},\"inLanguage\":\"fr-FR\",\"potentialAction\":[{\"@type\":\"ReadAction\",\"target\":[\"https:\/\/footdavant.fr\/actualites\/un-expert-critique-le-pauvre-as-de-liverpool-pour-une-erreur-quil-a-repetee-contre-forest\/\"]}]},{\"@type\":\"BreadcrumbList\",\"@id\":\"https:\/\/footdavant.fr\/actualites\/un-expert-critique-le-pauvre-as-de-liverpool-pour-une-erreur-quil-a-repetee-contre-forest\/#breadcrumb\",\"itemListElement\":[{\"@type\":\"ListItem\",\"position\":1,\"name\":\"Accueil\",\"item\":\"https:\/\/footdavant.fr\/actualites\/\"},{\"@type\":\"ListItem\",\"position\":2,\"name\":\"Un expert critique le \u00ab pauvre \u00bb as de Liverpool pour une erreur qu&#39;il a r\u00e9p\u00e9t\u00e9e contre Forest\"}]},{\"@type\":\"WebSite\",\"@id\":\"https:\/\/footdavant.fr\/actualites\/#website\",\"url\":\"https:\/\/footdavant.fr\/actualites\/\",\"name\":\"Foot d'avant\",\"description\":\"\",\"publisher\":{\"@id\":\"https:\/\/footdavant.fr\/actualites\/#organization\"},\"potentialAction\":[{\"@type\":\"SearchAction\",\"target\":{\"@type\":\"EntryPoint\",\"urlTemplate\":\"https:\/\/footdavant.fr\/actualites\/?s={search_term_string}\"},\"query-input\":\"required name=search_term_string\"}],\"inLanguage\":\"fr-FR\"},{\"@type\":\"Organization\",\"@id\":\"https:\/\/footdavant.fr\/actualites\/#organization\",\"name\":\"Foot d'avant\",\"url\":\"https:\/\/footdavant.fr\/actualites\/\",\"logo\":{\"@type\":\"ImageObject\",\"inLanguage\":\"fr-FR\",\"@id\":\"https:\/\/footdavant.fr\/actualites\/#\/schema\/logo\/image\/\",\"url\":\"https:\/\/footdavant.fr\/actualites\/wp-content\/uploads\/2023\/09\/Copy-of-FootDavant-Logo.png\",\"contentUrl\":\"https:\/\/footdavant.fr\/actualites\/wp-content\/uploads\/2023\/09\/Copy-of-FootDavant-Logo.png\",\"width\":936,\"height\":549,\"caption\":\"Foot d'avant\"},\"image\":{\"@id\":\"https:\/\/footdavant.fr\/actualites\/#\/schema\/logo\/image\/\"},\"sameAs\":[\"https:\/\/www.facebook.com\/Footdavant\/\",\"https:\/\/twitter.com\/FootdavantFr\",\"https:\/\/www.instagram.com\/footdavant.fr\/\"]},{\"@type\":\"Person\",\"@id\":\"https:\/\/footdavant.fr\/actualites\/#\/schema\/person\/bc222566d95871b37e597b3ed3ba5e1d\",\"name\":\"Cl\u00e9ment\",\"image\":{\"@type\":\"ImageObject\",\"inLanguage\":\"fr-FR\",\"@id\":\"https:\/\/footdavant.fr\/actualites\/#\/schema\/person\/image\/\",\"url\":\"https:\/\/secure.gravatar.com\/avatar\/7728b29aac2719421e1a9159b2254c44?s=96&d=mm&r=g\",\"contentUrl\":\"https:\/\/secure.gravatar.com\/avatar\/7728b29aac2719421e1a9159b2254c44?s=96&d=mm&r=g\",\"caption\":\"Cl\u00e9ment\"},\"sameAs\":[\"https:\/\/footdavant.fr\/\"]}]}<\/script>\n<!-- \/ Yoast SEO plugin. -->","yoast_head_json":{"title":"Un expert critique le \u00ab pauvre \u00bb as de Liverpool pour une erreur qu&#39;il a r\u00e9p\u00e9t\u00e9e contre Forest","robots":{"index":"index","follow":"follow","max-snippet":"max-snippet:-1","max-image-preview":"max-image-preview:large","max-video-preview":"max-video-preview:-1"},"canonical":"https:\/\/footdavant.fr\/actualites\/un-expert-critique-le-pauvre-as-de-liverpool-pour-une-erreur-quil-a-repetee-contre-forest\/","og_locale":"fr_FR","og_type":"article","og_title":"Un expert critique le \u00ab pauvre \u00bb as de Liverpool pour une erreur qu&#39;il a r\u00e9p\u00e9t\u00e9e contre Forest","og_description":"Liverpool a subi une d\u00e9faite m\u00e9rit\u00e9e \u00e0 domicile contre Nottingham Forest samedi apr\u00e8s-midi, avec beaucoup trop de joueurs des Reds bien en dessous des niveaux","og_url":"https:\/\/footdavant.fr\/actualites\/un-expert-critique-le-pauvre-as-de-liverpool-pour-une-erreur-quil-a-repetee-contre-forest\/","og_site_name":"Foot d&#039;avant","article_publisher":"https:\/\/www.facebook.com\/Footdavant\/","article_published_time":"2024-09-15T14:48:34+00:00","article_modified_time":"2024-09-15T14:48:38+00:00","og_image":[{"width":1202,"height":820,"url":"https:\/\/footdavant.fr\/actualites\/wp-content\/uploads\/2024\/09\/Un-expert-critique-le-pauvre-as-de-Liverpool.jpg","type":"image\/jpeg"}],"author":"Cl\u00e9ment","twitter_card":"summary_large_image","twitter_creator":"@FootdavantFr","twitter_site":"@FootdavantFr","twitter_misc":{"\u00c9crit par":"Cl\u00e9ment","Dur\u00e9e de lecture estim\u00e9e":"2 minutes"},"schema":{"@context":"https:\/\/schema.org","@graph":[{"@type":"Article","@id":"https:\/\/footdavant.fr\/actualites\/un-expert-critique-le-pauvre-as-de-liverpool-pour-une-erreur-quil-a-repetee-contre-forest\/#article","isPartOf":{"@id":"https:\/\/footdavant.fr\/actualites\/un-expert-critique-le-pauvre-as-de-liverpool-pour-une-erreur-quil-a-repetee-contre-forest\/"},"author":{"name":"Cl\u00e9ment","@id":"https:\/\/footdavant.fr\/actualites\/#\/schema\/person\/bc222566d95871b37e597b3ed3ba5e1d"},"headline":"Un expert critique le \u00ab pauvre \u00bb as de Liverpool pour une erreur qu&#39;il a r\u00e9p\u00e9t\u00e9e contre Forest","datePublished":"2024-09-15T14:48:34+00:00","dateModified":"2024-09-15T14:48:38+00:00","mainEntityOfPage":{"@id":"https:\/\/footdavant.fr\/actualites\/un-expert-critique-le-pauvre-as-de-liverpool-pour-une-erreur-quil-a-repetee-contre-forest\/"},"wordCount":370,"publisher":{"@id":"https:\/\/footdavant.fr\/actualites\/#organization"},"keywords":["contre","critique","erreur","expert","Forest","Liverpool","pauvre","pour","qu39il","r\u00e9p\u00e9t\u00e9e","une"],"articleSection":["Football"],"inLanguage":"fr-FR"},{"@type":"WebPage","@id":"https:\/\/footdavant.fr\/actualites\/un-expert-critique-le-pauvre-as-de-liverpool-pour-une-erreur-quil-a-repetee-contre-forest\/","url":"https:\/\/footdavant.fr\/actualites\/un-expert-critique-le-pauvre-as-de-liverpool-pour-une-erreur-quil-a-repetee-contre-forest\/","name":"Un expert critique le \u00ab pauvre \u00bb as de Liverpool pour une erreur qu&#39;il a r\u00e9p\u00e9t\u00e9e contre Forest","isPartOf":{"@id":"https:\/\/footdavant.fr\/actualites\/#website"},"datePublished":"2024-09-15T14:48:34+00:00","dateModified":"2024-09-15T14:48:38+00:00","breadcrumb":{"@id":"https:\/\/footdavant.fr\/actualites\/un-expert-critique-le-pauvre-as-de-liverpool-pour-une-erreur-quil-a-repetee-contre-forest\/#breadcrumb"},"inLanguage":"fr-FR","potentialAction":[{"@type":"ReadAction","target":["https:\/\/footdavant.fr\/actualites\/un-expert-critique-le-pauvre-as-de-liverpool-pour-une-erreur-quil-a-repetee-contre-forest\/"]}]},{"@type":"BreadcrumbList","@id":"https:\/\/footdavant.fr\/actualites\/un-expert-critique-le-pauvre-as-de-liverpool-pour-une-erreur-quil-a-repetee-contre-forest\/#breadcrumb","itemListElement":[{"@type":"ListItem","position":1,"name":"Accueil","item":"https:\/\/footdavant.fr\/actualites\/"},{"@type":"ListItem","position":2,"name":"Un expert critique le \u00ab pauvre \u00bb as de Liverpool pour une erreur qu&#39;il a r\u00e9p\u00e9t\u00e9e contre Forest"}]},{"@type":"WebSite","@id":"https:\/\/footdavant.fr\/actualites\/#website","url":"https:\/\/footdavant.fr\/actualites\/","name":"Foot d'avant","description":"","publisher":{"@id":"https:\/\/footdavant.fr\/actualites\/#organization"},"potentialAction":[{"@type":"SearchAction","target":{"@type":"EntryPoint","urlTemplate":"https:\/\/footdavant.fr\/actualites\/?s={search_term_string}"},"query-input":"required name=search_term_string"}],"inLanguage":"fr-FR"},{"@type":"Organization","@id":"https:\/\/footdavant.fr\/actualites\/#organization","name":"Foot d'avant","url":"https:\/\/footdavant.fr\/actualites\/","logo":{"@type":"ImageObject","inLanguage":"fr-FR","@id":"https:\/\/footdavant.fr\/actualites\/#\/schema\/logo\/image\/","url":"https:\/\/footdavant.fr\/actualites\/wp-content\/uploads\/2023\/09\/Copy-of-FootDavant-Logo.png","contentUrl":"https:\/\/footdavant.fr\/actualites\/wp-content\/uploads\/2023\/09\/Copy-of-FootDavant-Logo.png","width":936,"height":549,"caption":"Foot d'avant"},"image":{"@id":"https:\/\/footdavant.fr\/actualites\/#\/schema\/logo\/image\/"},"sameAs":["https:\/\/www.facebook.com\/Footdavant\/","https:\/\/twitter.com\/FootdavantFr","https:\/\/www.instagram.com\/footdavant.fr\/"]},{"@type":"Person","@id":"https:\/\/footdavant.fr\/actualites\/#\/schema\/person\/bc222566d95871b37e597b3ed3ba5e1d","name":"Cl\u00e9ment","image":{"@type":"ImageObject","inLanguage":"fr-FR","@id":"https:\/\/footdavant.fr\/actualites\/#\/schema\/person\/image\/","url":"https:\/\/secure.gravatar.com\/avatar\/7728b29aac2719421e1a9159b2254c44?s=96&d=mm&r=g","contentUrl":"https:\/\/secure.gravatar.com\/avatar\/7728b29aac2719421e1a9159b2254c44?s=96&d=mm&r=g","caption":"Cl\u00e9ment"},"sameAs":["https:\/\/footdavant.fr\/"]}]}},"_links":{"self":[{"href":"https:\/\/footdavant.fr\/actualites\/wp-json\/wp\/v2\/posts\/13428"}],"collection":[{"href":"https:\/\/footdavant.fr\/actualites\/wp-json\/wp\/v2\/posts"}],"about":[{"href":"https:\/\/footdavant.fr\/actualites\/wp-json\/wp\/v2\/types\/post"}],"author":[{"embeddable":true,"href":"https:\/\/footdavant.fr\/actualites\/wp-json\/wp\/v2\/users\/1"}],"replies":[{"embeddable":true,"href":"https:\/\/footdavant.fr\/actualites\/wp-json\/wp\/v2\/comments?post=13428"}],"version-history":[{"count":1,"href":"https:\/\/footdavant.fr\/actualites\/wp-json\/wp\/v2\/posts\/13428\/revisions"}],"predecessor-version":[{"id":13430,"href":"https:\/\/footdavant.fr\/actualites\/wp-json\/wp\/v2\/posts\/13428\/revisions\/13430"}],"wp:featuredmedia":[{"embeddable":true,"href":"https:\/\/footdavant.fr\/actualites\/wp-json\/wp\/v2\/media\/13429"}],"wp:attachment":[{"href":"https:\/\/footdavant.fr\/actualites\/wp-json\/wp\/v2\/media?parent=13428"}],"wp:term":[{"taxonomy":"category","embeddable":true,"href":"https:\/\/footdavant.fr\/actualites\/wp-json\/wp\/v2\/categories?post=13428"},{"taxonomy":"post_tag","embeddable":true,"href":"https:\/\/footdavant.fr\/actualites\/wp-json\/wp\/v2\/tags?post=13428"}],"curies":[{"name":"wp","href":"https:\/\/api.w.org\/{rel}","templated":true}]}}