{"id":13431,"date":"2024-09-15T17:48:04","date_gmt":"2024-09-15T15:48:04","guid":{"rendered":"https:\/\/footdavant.fr\/actualites\/composition-des-equipes-de-liverpool-contre-lac-milan-le-onze-prevu-pour-le-choc-de-la-ligue-des-champions\/"},"modified":"2024-09-15T17:48:07","modified_gmt":"2024-09-15T15:48:07","slug":"composition-des-equipes-de-liverpool-contre-lac-milan-le-onze-prevu-pour-le-choc-de-la-ligue-des-champions","status":"publish","type":"post","link":"https:\/\/footdavant.fr\/actualites\/composition-des-equipes-de-liverpool-contre-lac-milan-le-onze-prevu-pour-le-choc-de-la-ligue-des-champions\/","title":{"rendered":"Composition des \u00e9quipes de Liverpool contre l&#39;AC Milan : le onze pr\u00e9vu pour le choc de la Ligue des champions"},"content":{"rendered":"<p>Sports Mole examine en profondeur la mani\u00e8re dont Liverpool pourrait s&#39;aligner pour le match de phase de championnat de la Ligue des champions de mardi contre l&#39;AC Milan.<\/p>\n<div id=\"article_body\" itemprop=\"articleBody\">\n<p class=\"firstPara\"><strong class=\"autotag\">Liverpool<\/strong> entra\u00eeneur principal <strong class=\"autotag\">Machine \u00e0 sous Arne<\/strong> devrait r\u00e9fl\u00e9chir \u00e0 quelques changements offensifs pour mardi <strong class=\"autotag\">Ligue des Champions<\/strong> ouverture de la phase de championnat contre <strong class=\"autotag\">AC Milan<\/strong> \u00e0 San Siro.<\/p>\n<p>Le N\u00e9erlandais a subi sa premi\u00e8re d\u00e9faite en comp\u00e9tition en tant que manager des Reds samedi, o\u00f9 Nottingham Forest a choqu\u00e9 les g\u00e9ants de la Merseyside 1-0 \u00e0 Anfield alors que Liverpool a d\u00fb regretter son inqui\u00e9tant gaspillage devant le but.<\/p>\n<p>Slot a gard\u00e9 confiance dans le <strong class=\"autotag\">Mohamed Salah<\/strong>&#8211;<strong class=\"autotag\">Diogo Jota<\/strong>&#8211;<strong class=\"autotag\">Luis Diaz<\/strong> trident tout au long de la saison de Premier League jusqu&#39;\u00e0 pr\u00e9sent, mais avec seulement deux jours complets pour r\u00e9cup\u00e9rer, l&#39;ancien patron de Feyenoord devrait maintenant se tourner vers le banc.<\/p>\n<p>Il reste \u00e0 voir si <strong class=\"autotag\">Fr\u00e9d\u00e9ric Chiesa<\/strong> fera enfin ses d\u00e9buts mardi, apr\u00e8s avoir \u00e9t\u00e9 laiss\u00e9 hors de l&#39;\u00e9quipe pour la d\u00e9faite contre Forest en raison de son niveau de forme physique, mais <strong class=\"autotag\">Cody Gakpo<\/strong> et <strong class=\"autotag\">Darwin Nu\u00f1ez<\/strong> sont deux options viables pour le changement.<\/p>\n<p>Aucun des deux hommes n&#39;a eu d&#39;impact positif en tant que rempla\u00e7ants samedi, mais ils devraient n\u00e9anmoins \u00eatre pris en consid\u00e9ration pour remplacer Diaz et Jota, car Salah et <strong class=\"autotag\">Dominik Szoboszlai<\/strong> continuer dans le dernier tiers.<\/p>\n<p><strong class=\"autotag\">Alexis Mac Allister<\/strong> a jou\u00e9 un peu plus d&#39;une heure contre Forest, mais apr\u00e8s son coup sur le terrain international, Slot pourrait souhaiter pr\u00e9senter <strong class=\"autotag\">Wataru Endo<\/strong>donnant <strong class=\"autotag\">Ryan Gravenberch<\/strong> permis de jouer un peu plus haut sur le terrain ; <strong class=\"autotag\">Harvey Elliott<\/strong> (pied) est un absent de longue date.<\/p>\n<p>Cependant, la ligne arri\u00e8re de <strong class=\"autotag\">Alisson Becker<\/strong>, <strong class=\"autotag\">Virgile van Dijk<\/strong>, <strong class=\"autotag\">Ibrahima Konat\u00e9<\/strong>, <strong class=\"autotag\">Andrew Robertson<\/strong> et <strong class=\"autotag\">Trent Alexander-Arnold<\/strong> devrait rester intact, m\u00eame si ce dernier aura la t\u00e2che peu enviable de conserver <strong class=\"autotag\">Rafael Le\u00e3o<\/strong> en \u00e9chec.<\/p>\n<p><strong>Composition possible du onze de d\u00e9part de Liverpool :<\/strong><br \/>Alisson\u00a0; Alexander-Arnold, Konate, Van Dijk, Robertson\u00a0; Endo, Gravenberch; Salah, Szoboszlai, Gakpo\u00a0; Nu\u00f1ez<\/p>\n<p><strong>> Cliquez ici pour voir comment Milan pourrait se positionner pour ce choc<\/strong><\/p>\n<\/div>\n","protected":false},"excerpt":{"rendered":"<p>Sports Mole examine en profondeur la mani\u00e8re dont Liverpool pourrait s&#39;aligner pour le match de phase de championnat de la Ligue des champions de mardi<\/p>\n","protected":false},"author":1,"featured_media":13432,"comment_status":"closed","ping_status":"","sticky":false,"template":"","format":"standard","meta":{"footnotes":""},"categories":[4],"tags":[31,332,2291,20,12,242,4416,30,53,250,2412,51,3924],"yoast_head":"<!-- This site is optimized with the Yoast SEO plugin v21.0 - https:\/\/yoast.com\/wordpress\/plugins\/seo\/ -->\n<title>Composition des \u00e9quipes de Liverpool contre l&#039;AC Milan : le onze pr\u00e9vu pour le choc de la Ligue des champions<\/title>\n<meta name=\"robots\" content=\"index, follow, max-snippet:-1, max-image-preview:large, max-video-preview:-1\" \/>\n<link rel=\"canonical\" href=\"https:\/\/footdavant.fr\/actualites\/composition-des-equipes-de-liverpool-contre-lac-milan-le-onze-prevu-pour-le-choc-de-la-ligue-des-champions\/\" \/>\n<meta property=\"og:locale\" content=\"fr_FR\" \/>\n<meta property=\"og:type\" content=\"article\" \/>\n<meta property=\"og:title\" content=\"Composition des \u00e9quipes de Liverpool contre l&#039;AC Milan : le onze pr\u00e9vu pour le choc de la Ligue des champions\" \/>\n<meta property=\"og:description\" content=\"Sports Mole examine en profondeur la mani\u00e8re dont Liverpool pourrait s&#039;aligner pour le match de phase de championnat de la Ligue des champions de mardi\" \/>\n<meta property=\"og:url\" content=\"https:\/\/footdavant.fr\/actualites\/composition-des-equipes-de-liverpool-contre-lac-milan-le-onze-prevu-pour-le-choc-de-la-ligue-des-champions\/\" \/>\n<meta property=\"og:site_name\" content=\"Foot d&#039;avant\" \/>\n<meta property=\"article:publisher\" content=\"https:\/\/www.facebook.com\/Footdavant\/\" \/>\n<meta property=\"article:published_time\" content=\"2024-09-15T15:48:04+00:00\" \/>\n<meta property=\"article:modified_time\" content=\"2024-09-15T15:48:07+00:00\" \/>\n<meta property=\"og:image\" content=\"https:\/\/footdavant.fr\/actualites\/wp-content\/uploads\/2024\/09\/Composition-des-equipes-de-Liverpool-contre-l39AC-Milan-le.jpg\" \/>\n\t<meta property=\"og:image:width\" content=\"1280\" \/>\n\t<meta property=\"og:image:height\" content=\"960\" \/>\n\t<meta property=\"og:image:type\" content=\"image\/jpeg\" \/>\n<meta name=\"author\" content=\"Cl\u00e9ment\" \/>\n<meta name=\"twitter:card\" content=\"summary_large_image\" \/>\n<meta name=\"twitter:creator\" content=\"@FootdavantFr\" \/>\n<meta name=\"twitter:site\" content=\"@FootdavantFr\" \/>\n<meta name=\"twitter:label1\" content=\"\u00c9crit par\" \/>\n\t<meta name=\"twitter:data1\" content=\"Cl\u00e9ment\" \/>\n\t<meta name=\"twitter:label2\" content=\"Dur\u00e9e de lecture estim\u00e9e\" \/>\n\t<meta name=\"twitter:data2\" content=\"2 minutes\" \/>\n<script type=\"application\/ld+json\" class=\"yoast-schema-graph\">{\"@context\":\"https:\/\/schema.org\",\"@graph\":[{\"@type\":\"Article\",\"@id\":\"https:\/\/footdavant.fr\/actualites\/composition-des-equipes-de-liverpool-contre-lac-milan-le-onze-prevu-pour-le-choc-de-la-ligue-des-champions\/#article\",\"isPartOf\":{\"@id\":\"https:\/\/footdavant.fr\/actualites\/composition-des-equipes-de-liverpool-contre-lac-milan-le-onze-prevu-pour-le-choc-de-la-ligue-des-champions\/\"},\"author\":{\"name\":\"Cl\u00e9ment\",\"@id\":\"https:\/\/footdavant.fr\/actualites\/#\/schema\/person\/bc222566d95871b37e597b3ed3ba5e1d\"},\"headline\":\"Composition des \u00e9quipes de Liverpool contre l&#39;AC Milan : le onze pr\u00e9vu pour le choc de la Ligue des champions\",\"datePublished\":\"2024-09-15T15:48:04+00:00\",\"dateModified\":\"2024-09-15T15:48:07+00:00\",\"mainEntityOfPage\":{\"@id\":\"https:\/\/footdavant.fr\/actualites\/composition-des-equipes-de-liverpool-contre-lac-milan-le-onze-prevu-pour-le-choc-de-la-ligue-des-champions\/\"},\"wordCount\":388,\"publisher\":{\"@id\":\"https:\/\/footdavant.fr\/actualites\/#organization\"},\"keywords\":[\"champions\",\"choc\",\"composition\",\"contre\",\"des\",\"\u00e9quipes\",\"L39AC\",\"Ligue\",\"Liverpool\",\"Milan\",\"onze\",\"pour\",\"pr\u00e9vu\"],\"articleSection\":[\"Champions League\"],\"inLanguage\":\"fr-FR\"},{\"@type\":\"WebPage\",\"@id\":\"https:\/\/footdavant.fr\/actualites\/composition-des-equipes-de-liverpool-contre-lac-milan-le-onze-prevu-pour-le-choc-de-la-ligue-des-champions\/\",\"url\":\"https:\/\/footdavant.fr\/actualites\/composition-des-equipes-de-liverpool-contre-lac-milan-le-onze-prevu-pour-le-choc-de-la-ligue-des-champions\/\",\"name\":\"Composition des \u00e9quipes de Liverpool contre l&#39;AC Milan : le onze pr\u00e9vu pour le choc de la Ligue des champions\",\"isPartOf\":{\"@id\":\"https:\/\/footdavant.fr\/actualites\/#website\"},\"datePublished\":\"2024-09-15T15:48:04+00:00\",\"dateModified\":\"2024-09-15T15:48:07+00:00\",\"breadcrumb\":{\"@id\":\"https:\/\/footdavant.fr\/actualites\/composition-des-equipes-de-liverpool-contre-lac-milan-le-onze-prevu-pour-le-choc-de-la-ligue-des-champions\/#breadcrumb\"},\"inLanguage\":\"fr-FR\",\"potentialAction\":[{\"@type\":\"ReadAction\",\"target\":[\"https:\/\/footdavant.fr\/actualites\/composition-des-equipes-de-liverpool-contre-lac-milan-le-onze-prevu-pour-le-choc-de-la-ligue-des-champions\/\"]}]},{\"@type\":\"BreadcrumbList\",\"@id\":\"https:\/\/footdavant.fr\/actualites\/composition-des-equipes-de-liverpool-contre-lac-milan-le-onze-prevu-pour-le-choc-de-la-ligue-des-champions\/#breadcrumb\",\"itemListElement\":[{\"@type\":\"ListItem\",\"position\":1,\"name\":\"Accueil\",\"item\":\"https:\/\/footdavant.fr\/actualites\/\"},{\"@type\":\"ListItem\",\"position\":2,\"name\":\"Composition des \u00e9quipes de Liverpool contre l&#39;AC Milan : le onze pr\u00e9vu pour le choc de la Ligue des champions\"}]},{\"@type\":\"WebSite\",\"@id\":\"https:\/\/footdavant.fr\/actualites\/#website\",\"url\":\"https:\/\/footdavant.fr\/actualites\/\",\"name\":\"Foot d'avant\",\"description\":\"\",\"publisher\":{\"@id\":\"https:\/\/footdavant.fr\/actualites\/#organization\"},\"potentialAction\":[{\"@type\":\"SearchAction\",\"target\":{\"@type\":\"EntryPoint\",\"urlTemplate\":\"https:\/\/footdavant.fr\/actualites\/?s={search_term_string}\"},\"query-input\":\"required name=search_term_string\"}],\"inLanguage\":\"fr-FR\"},{\"@type\":\"Organization\",\"@id\":\"https:\/\/footdavant.fr\/actualites\/#organization\",\"name\":\"Foot d'avant\",\"url\":\"https:\/\/footdavant.fr\/actualites\/\",\"logo\":{\"@type\":\"ImageObject\",\"inLanguage\":\"fr-FR\",\"@id\":\"https:\/\/footdavant.fr\/actualites\/#\/schema\/logo\/image\/\",\"url\":\"https:\/\/footdavant.fr\/actualites\/wp-content\/uploads\/2023\/09\/Copy-of-FootDavant-Logo.png\",\"contentUrl\":\"https:\/\/footdavant.fr\/actualites\/wp-content\/uploads\/2023\/09\/Copy-of-FootDavant-Logo.png\",\"width\":936,\"height\":549,\"caption\":\"Foot d'avant\"},\"image\":{\"@id\":\"https:\/\/footdavant.fr\/actualites\/#\/schema\/logo\/image\/\"},\"sameAs\":[\"https:\/\/www.facebook.com\/Footdavant\/\",\"https:\/\/twitter.com\/FootdavantFr\",\"https:\/\/www.instagram.com\/footdavant.fr\/\"]},{\"@type\":\"Person\",\"@id\":\"https:\/\/footdavant.fr\/actualites\/#\/schema\/person\/bc222566d95871b37e597b3ed3ba5e1d\",\"name\":\"Cl\u00e9ment\",\"image\":{\"@type\":\"ImageObject\",\"inLanguage\":\"fr-FR\",\"@id\":\"https:\/\/footdavant.fr\/actualites\/#\/schema\/person\/image\/\",\"url\":\"https:\/\/secure.gravatar.com\/avatar\/7728b29aac2719421e1a9159b2254c44?s=96&d=mm&r=g\",\"contentUrl\":\"https:\/\/secure.gravatar.com\/avatar\/7728b29aac2719421e1a9159b2254c44?s=96&d=mm&r=g\",\"caption\":\"Cl\u00e9ment\"},\"sameAs\":[\"https:\/\/footdavant.fr\/\"]}]}<\/script>\n<!-- \/ Yoast SEO plugin. -->","yoast_head_json":{"title":"Composition des \u00e9quipes de Liverpool contre l&#39;AC Milan : le onze pr\u00e9vu pour le choc de la Ligue des champions","robots":{"index":"index","follow":"follow","max-snippet":"max-snippet:-1","max-image-preview":"max-image-preview:large","max-video-preview":"max-video-preview:-1"},"canonical":"https:\/\/footdavant.fr\/actualites\/composition-des-equipes-de-liverpool-contre-lac-milan-le-onze-prevu-pour-le-choc-de-la-ligue-des-champions\/","og_locale":"fr_FR","og_type":"article","og_title":"Composition des \u00e9quipes de Liverpool contre l&#39;AC Milan : le onze pr\u00e9vu pour le choc de la Ligue des champions","og_description":"Sports Mole examine en profondeur la mani\u00e8re dont Liverpool pourrait s&#39;aligner pour le match de phase de championnat de la Ligue des champions de mardi","og_url":"https:\/\/footdavant.fr\/actualites\/composition-des-equipes-de-liverpool-contre-lac-milan-le-onze-prevu-pour-le-choc-de-la-ligue-des-champions\/","og_site_name":"Foot d&#039;avant","article_publisher":"https:\/\/www.facebook.com\/Footdavant\/","article_published_time":"2024-09-15T15:48:04+00:00","article_modified_time":"2024-09-15T15:48:07+00:00","og_image":[{"width":1280,"height":960,"url":"https:\/\/footdavant.fr\/actualites\/wp-content\/uploads\/2024\/09\/Composition-des-equipes-de-Liverpool-contre-l39AC-Milan-le.jpg","type":"image\/jpeg"}],"author":"Cl\u00e9ment","twitter_card":"summary_large_image","twitter_creator":"@FootdavantFr","twitter_site":"@FootdavantFr","twitter_misc":{"\u00c9crit par":"Cl\u00e9ment","Dur\u00e9e de lecture estim\u00e9e":"2 minutes"},"schema":{"@context":"https:\/\/schema.org","@graph":[{"@type":"Article","@id":"https:\/\/footdavant.fr\/actualites\/composition-des-equipes-de-liverpool-contre-lac-milan-le-onze-prevu-pour-le-choc-de-la-ligue-des-champions\/#article","isPartOf":{"@id":"https:\/\/footdavant.fr\/actualites\/composition-des-equipes-de-liverpool-contre-lac-milan-le-onze-prevu-pour-le-choc-de-la-ligue-des-champions\/"},"author":{"name":"Cl\u00e9ment","@id":"https:\/\/footdavant.fr\/actualites\/#\/schema\/person\/bc222566d95871b37e597b3ed3ba5e1d"},"headline":"Composition des \u00e9quipes de Liverpool contre l&#39;AC Milan : le onze pr\u00e9vu pour le choc de la Ligue des champions","datePublished":"2024-09-15T15:48:04+00:00","dateModified":"2024-09-15T15:48:07+00:00","mainEntityOfPage":{"@id":"https:\/\/footdavant.fr\/actualites\/composition-des-equipes-de-liverpool-contre-lac-milan-le-onze-prevu-pour-le-choc-de-la-ligue-des-champions\/"},"wordCount":388,"publisher":{"@id":"https:\/\/footdavant.fr\/actualites\/#organization"},"keywords":["champions","choc","composition","contre","des","\u00e9quipes","L39AC","Ligue","Liverpool","Milan","onze","pour","pr\u00e9vu"],"articleSection":["Champions League"],"inLanguage":"fr-FR"},{"@type":"WebPage","@id":"https:\/\/footdavant.fr\/actualites\/composition-des-equipes-de-liverpool-contre-lac-milan-le-onze-prevu-pour-le-choc-de-la-ligue-des-champions\/","url":"https:\/\/footdavant.fr\/actualites\/composition-des-equipes-de-liverpool-contre-lac-milan-le-onze-prevu-pour-le-choc-de-la-ligue-des-champions\/","name":"Composition des \u00e9quipes de Liverpool contre l&#39;AC Milan : le onze pr\u00e9vu pour le choc de la Ligue des champions","isPartOf":{"@id":"https:\/\/footdavant.fr\/actualites\/#website"},"datePublished":"2024-09-15T15:48:04+00:00","dateModified":"2024-09-15T15:48:07+00:00","breadcrumb":{"@id":"https:\/\/footdavant.fr\/actualites\/composition-des-equipes-de-liverpool-contre-lac-milan-le-onze-prevu-pour-le-choc-de-la-ligue-des-champions\/#breadcrumb"},"inLanguage":"fr-FR","potentialAction":[{"@type":"ReadAction","target":["https:\/\/footdavant.fr\/actualites\/composition-des-equipes-de-liverpool-contre-lac-milan-le-onze-prevu-pour-le-choc-de-la-ligue-des-champions\/"]}]},{"@type":"BreadcrumbList","@id":"https:\/\/footdavant.fr\/actualites\/composition-des-equipes-de-liverpool-contre-lac-milan-le-onze-prevu-pour-le-choc-de-la-ligue-des-champions\/#breadcrumb","itemListElement":[{"@type":"ListItem","position":1,"name":"Accueil","item":"https:\/\/footdavant.fr\/actualites\/"},{"@type":"ListItem","position":2,"name":"Composition des \u00e9quipes de Liverpool contre l&#39;AC Milan : le onze pr\u00e9vu pour le choc de la Ligue des champions"}]},{"@type":"WebSite","@id":"https:\/\/footdavant.fr\/actualites\/#website","url":"https:\/\/footdavant.fr\/actualites\/","name":"Foot d'avant","description":"","publisher":{"@id":"https:\/\/footdavant.fr\/actualites\/#organization"},"potentialAction":[{"@type":"SearchAction","target":{"@type":"EntryPoint","urlTemplate":"https:\/\/footdavant.fr\/actualites\/?s={search_term_string}"},"query-input":"required name=search_term_string"}],"inLanguage":"fr-FR"},{"@type":"Organization","@id":"https:\/\/footdavant.fr\/actualites\/#organization","name":"Foot d'avant","url":"https:\/\/footdavant.fr\/actualites\/","logo":{"@type":"ImageObject","inLanguage":"fr-FR","@id":"https:\/\/footdavant.fr\/actualites\/#\/schema\/logo\/image\/","url":"https:\/\/footdavant.fr\/actualites\/wp-content\/uploads\/2023\/09\/Copy-of-FootDavant-Logo.png","contentUrl":"https:\/\/footdavant.fr\/actualites\/wp-content\/uploads\/2023\/09\/Copy-of-FootDavant-Logo.png","width":936,"height":549,"caption":"Foot d'avant"},"image":{"@id":"https:\/\/footdavant.fr\/actualites\/#\/schema\/logo\/image\/"},"sameAs":["https:\/\/www.facebook.com\/Footdavant\/","https:\/\/twitter.com\/FootdavantFr","https:\/\/www.instagram.com\/footdavant.fr\/"]},{"@type":"Person","@id":"https:\/\/footdavant.fr\/actualites\/#\/schema\/person\/bc222566d95871b37e597b3ed3ba5e1d","name":"Cl\u00e9ment","image":{"@type":"ImageObject","inLanguage":"fr-FR","@id":"https:\/\/footdavant.fr\/actualites\/#\/schema\/person\/image\/","url":"https:\/\/secure.gravatar.com\/avatar\/7728b29aac2719421e1a9159b2254c44?s=96&d=mm&r=g","contentUrl":"https:\/\/secure.gravatar.com\/avatar\/7728b29aac2719421e1a9159b2254c44?s=96&d=mm&r=g","caption":"Cl\u00e9ment"},"sameAs":["https:\/\/footdavant.fr\/"]}]}},"_links":{"self":[{"href":"https:\/\/footdavant.fr\/actualites\/wp-json\/wp\/v2\/posts\/13431"}],"collection":[{"href":"https:\/\/footdavant.fr\/actualites\/wp-json\/wp\/v2\/posts"}],"about":[{"href":"https:\/\/footdavant.fr\/actualites\/wp-json\/wp\/v2\/types\/post"}],"author":[{"embeddable":true,"href":"https:\/\/footdavant.fr\/actualites\/wp-json\/wp\/v2\/users\/1"}],"replies":[{"embeddable":true,"href":"https:\/\/footdavant.fr\/actualites\/wp-json\/wp\/v2\/comments?post=13431"}],"version-history":[{"count":1,"href":"https:\/\/footdavant.fr\/actualites\/wp-json\/wp\/v2\/posts\/13431\/revisions"}],"predecessor-version":[{"id":13433,"href":"https:\/\/footdavant.fr\/actualites\/wp-json\/wp\/v2\/posts\/13431\/revisions\/13433"}],"wp:featuredmedia":[{"embeddable":true,"href":"https:\/\/footdavant.fr\/actualites\/wp-json\/wp\/v2\/media\/13432"}],"wp:attachment":[{"href":"https:\/\/footdavant.fr\/actualites\/wp-json\/wp\/v2\/media?parent=13431"}],"wp:term":[{"taxonomy":"category","embeddable":true,"href":"https:\/\/footdavant.fr\/actualites\/wp-json\/wp\/v2\/categories?post=13431"},{"taxonomy":"post_tag","embeddable":true,"href":"https:\/\/footdavant.fr\/actualites\/wp-json\/wp\/v2\/tags?post=13431"}],"curies":[{"name":"wp","href":"https:\/\/api.w.org\/{rel}","templated":true}]}}