{"id":1344,"date":"2023-11-24T09:52:12","date_gmt":"2023-11-24T08:52:12","guid":{"rendered":"https:\/\/footdavant.fr\/actualites\/linteret-de-liverpool-pour-las-de-la-bundesliga-de-27-ans-est-concret\/"},"modified":"2023-11-24T09:52:12","modified_gmt":"2023-11-24T08:52:12","slug":"linteret-de-liverpool-pour-las-de-la-bundesliga-de-27-ans-est-concret","status":"publish","type":"post","link":"https:\/\/footdavant.fr\/actualites\/linteret-de-liverpool-pour-las-de-la-bundesliga-de-27-ans-est-concret\/","title":{"rendered":"L&rsquo;int\u00e9r\u00eat de Liverpool pour l&rsquo;as de la Bundesliga de 27 ans est \u00ab concret \u00bb"},"content":{"rendered":"<p><\/p>\n<div id=\"article-body\">\n<!-- Article Start --><\/p>\n<p>Christian Falk a r\u00e9v\u00e9l\u00e9 que l&rsquo;int\u00e9r\u00eat de Liverpool pour un as de la Bundesliga est \u00ab\u00a0concret\u00a0\u00bb, l&rsquo;ailier n&rsquo;ayant pas encore accept\u00e9 de prolongation de contrat dans son club actuel.<\/p>\n<p>L&rsquo;accord existant de Leroy San\u00e9 avec le Bayern Munich court jusqu&rsquo;en 2025, ce qui signifie qu&rsquo;il n&rsquo;y a aucun danger imm\u00e9diat de perdre l&rsquo;international allemand lors d&rsquo;un transfert gratuit.<\/p>\n<p>L&rsquo;\u00e9quipe bas\u00e9e \u00e0 l&rsquo;Allianz Arena souhaite cependant s&rsquo;assurer les services de l&rsquo;un des attaquants les plus puissants d&rsquo;Europe, face \u00e0 l&rsquo;int\u00e9r\u00eat, entre autres, de l&rsquo;\u00e9quipe de Jurgen Klopp.<\/p>\n<p>  Falk a d\u00e9clar\u00e9 lors de son briefing quotidien Caught Offside. <\/p>\n<\/p>\n<p>Falk a pr\u00e9c\u00e9demment confirm\u00e9 que Manchester City souhaitait ramener Sane \u00e0 l&rsquo;Etihad apr\u00e8s avoir quitt\u00e9 les Sky Blues pour les champions de Bundesliga \u00e0 l&rsquo;\u00e9t\u00e9 2020.<\/p>\n<p>Le joueur de 27 ans a d\u00e9but\u00e9 la campagne actuelle de fa\u00e7on superbe avec neuf buts et sept passes d\u00e9cisives en 18 apparitions (toutes comp\u00e9titions confondues).<\/p>\n<p>Son style de jeu rapide et direct est similaire \u00e0 celui du favori actuel d&rsquo;Anfield, Mo Salah, comme l&rsquo;a mentionn\u00e9 le journaliste de BILD, et il serait un superbe rempla\u00e7ant pour notre num\u00e9ro 11 qui devrait \u00e0 nouveau susciter l&rsquo;int\u00e9r\u00eat du Saudi Pro. Ligue en fin de saison.<\/p>\n<p>Le Bayern, naturellement, ne veut pas vendre son num\u00e9ro 10 et le joueur serait heureux en Bavi\u00e8re, mais cela pourrait changer en fonction de l&rsquo;issue de leurs n\u00e9gociations contractuelles imminentes.<\/p>\n<\/p>\n<p><span class=\"embed-youtube\" style=\"text-align:center; display: block;\"><\/span><\/p>\n<p><!-- Article End -->\t\t\t\t<\/div>\n","protected":false},"excerpt":{"rendered":"<p>Christian Falk a r\u00e9v\u00e9l\u00e9 que l&rsquo;int\u00e9r\u00eat de Liverpool pour un as de la Bundesliga est \u00ab\u00a0concret\u00a0\u00bb, l&rsquo;ailier n&rsquo;ayant pas encore accept\u00e9 de prolongation de contrat<\/p>\n","protected":false},"author":1,"featured_media":807,"comment_status":"closed","ping_status":"","sticky":false,"template":"","format":"standard","meta":{"footnotes":""},"categories":[3],"tags":[209,1504,1505,217,848,609,53,51],"yoast_head":"<!-- This site is optimized with the Yoast SEO plugin v21.0 - https:\/\/yoast.com\/wordpress\/plugins\/seo\/ -->\n<title>L&#039;int\u00e9r\u00eat de Liverpool pour l&#039;as de la Bundesliga de 27 ans est \u00ab concret \u00bb<\/title>\n<meta name=\"robots\" content=\"index, follow, max-snippet:-1, max-image-preview:large, max-video-preview:-1\" \/>\n<link rel=\"canonical\" href=\"https:\/\/footdavant.fr\/actualites\/linteret-de-liverpool-pour-las-de-la-bundesliga-de-27-ans-est-concret\/\" \/>\n<meta property=\"og:locale\" content=\"fr_FR\" \/>\n<meta property=\"og:type\" content=\"article\" \/>\n<meta property=\"og:title\" content=\"L&#039;int\u00e9r\u00eat de Liverpool pour l&#039;as de la Bundesliga de 27 ans est \u00ab concret \u00bb\" \/>\n<meta property=\"og:description\" content=\"Christian Falk a r\u00e9v\u00e9l\u00e9 que l&rsquo;int\u00e9r\u00eat de Liverpool pour un as de la Bundesliga est \u00ab\u00a0concret\u00a0\u00bb, l&rsquo;ailier n&rsquo;ayant pas encore accept\u00e9 de prolongation de contrat\" \/>\n<meta property=\"og:url\" content=\"https:\/\/footdavant.fr\/actualites\/linteret-de-liverpool-pour-las-de-la-bundesliga-de-27-ans-est-concret\/\" \/>\n<meta property=\"og:site_name\" content=\"Foot d&#039;avant\" \/>\n<meta property=\"article:publisher\" content=\"https:\/\/www.facebook.com\/Footdavant\/\" \/>\n<meta property=\"article:published_time\" content=\"2023-11-24T08:52:12+00:00\" \/>\n<meta property=\"og:image\" content=\"https:\/\/footdavant.fr\/actualites\/wp-content\/uploads\/2023\/11\/Neil-Jones-reagit-a-la-decision-remarquable-de.jpg\" \/>\n\t<meta property=\"og:image:width\" content=\"1265\" \/>\n\t<meta property=\"og:image:height\" content=\"837\" \/>\n\t<meta property=\"og:image:type\" content=\"image\/jpeg\" \/>\n<meta name=\"author\" content=\"Cl\u00e9ment\" \/>\n<meta name=\"twitter:card\" content=\"summary_large_image\" \/>\n<meta name=\"twitter:creator\" content=\"@FootdavantFr\" \/>\n<meta name=\"twitter:site\" content=\"@FootdavantFr\" \/>\n<meta name=\"twitter:label1\" content=\"\u00c9crit par\" \/>\n\t<meta name=\"twitter:data1\" content=\"Cl\u00e9ment\" \/>\n\t<meta name=\"twitter:label2\" content=\"Dur\u00e9e de lecture estim\u00e9e\" \/>\n\t<meta name=\"twitter:data2\" content=\"1 minute\" \/>\n<script type=\"application\/ld+json\" class=\"yoast-schema-graph\">{\"@context\":\"https:\/\/schema.org\",\"@graph\":[{\"@type\":\"Article\",\"@id\":\"https:\/\/footdavant.fr\/actualites\/linteret-de-liverpool-pour-las-de-la-bundesliga-de-27-ans-est-concret\/#article\",\"isPartOf\":{\"@id\":\"https:\/\/footdavant.fr\/actualites\/linteret-de-liverpool-pour-las-de-la-bundesliga-de-27-ans-est-concret\/\"},\"author\":{\"name\":\"Cl\u00e9ment\",\"@id\":\"https:\/\/footdavant.fr\/actualites\/#\/schema\/person\/bc222566d95871b37e597b3ed3ba5e1d\"},\"headline\":\"L&rsquo;int\u00e9r\u00eat de Liverpool pour l&rsquo;as de la Bundesliga de 27 ans est \u00ab concret \u00bb\",\"datePublished\":\"2023-11-24T08:52:12+00:00\",\"dateModified\":\"2023-11-24T08:52:12+00:00\",\"mainEntityOfPage\":{\"@id\":\"https:\/\/footdavant.fr\/actualites\/linteret-de-liverpool-pour-las-de-la-bundesliga-de-27-ans-est-concret\/\"},\"wordCount\":254,\"publisher\":{\"@id\":\"https:\/\/footdavant.fr\/actualites\/#organization\"},\"keywords\":[\"ans\",\"Bundesliga\",\"concret\",\"est\",\"las\",\"lint\u00e9r\u00eat\",\"Liverpool\",\"pour\"],\"articleSection\":[\"Football\"],\"inLanguage\":\"fr-FR\"},{\"@type\":\"WebPage\",\"@id\":\"https:\/\/footdavant.fr\/actualites\/linteret-de-liverpool-pour-las-de-la-bundesliga-de-27-ans-est-concret\/\",\"url\":\"https:\/\/footdavant.fr\/actualites\/linteret-de-liverpool-pour-las-de-la-bundesliga-de-27-ans-est-concret\/\",\"name\":\"L'int\u00e9r\u00eat de Liverpool pour l'as de la Bundesliga de 27 ans est \u00ab concret \u00bb\",\"isPartOf\":{\"@id\":\"https:\/\/footdavant.fr\/actualites\/#website\"},\"datePublished\":\"2023-11-24T08:52:12+00:00\",\"dateModified\":\"2023-11-24T08:52:12+00:00\",\"breadcrumb\":{\"@id\":\"https:\/\/footdavant.fr\/actualites\/linteret-de-liverpool-pour-las-de-la-bundesliga-de-27-ans-est-concret\/#breadcrumb\"},\"inLanguage\":\"fr-FR\",\"potentialAction\":[{\"@type\":\"ReadAction\",\"target\":[\"https:\/\/footdavant.fr\/actualites\/linteret-de-liverpool-pour-las-de-la-bundesliga-de-27-ans-est-concret\/\"]}]},{\"@type\":\"BreadcrumbList\",\"@id\":\"https:\/\/footdavant.fr\/actualites\/linteret-de-liverpool-pour-las-de-la-bundesliga-de-27-ans-est-concret\/#breadcrumb\",\"itemListElement\":[{\"@type\":\"ListItem\",\"position\":1,\"name\":\"Accueil\",\"item\":\"https:\/\/footdavant.fr\/actualites\/\"},{\"@type\":\"ListItem\",\"position\":2,\"name\":\"L&rsquo;int\u00e9r\u00eat de Liverpool pour l&rsquo;as de la Bundesliga de 27 ans est \u00ab concret \u00bb\"}]},{\"@type\":\"WebSite\",\"@id\":\"https:\/\/footdavant.fr\/actualites\/#website\",\"url\":\"https:\/\/footdavant.fr\/actualites\/\",\"name\":\"Foot d'avant\",\"description\":\"\",\"publisher\":{\"@id\":\"https:\/\/footdavant.fr\/actualites\/#organization\"},\"potentialAction\":[{\"@type\":\"SearchAction\",\"target\":{\"@type\":\"EntryPoint\",\"urlTemplate\":\"https:\/\/footdavant.fr\/actualites\/?s={search_term_string}\"},\"query-input\":\"required name=search_term_string\"}],\"inLanguage\":\"fr-FR\"},{\"@type\":\"Organization\",\"@id\":\"https:\/\/footdavant.fr\/actualites\/#organization\",\"name\":\"Foot d'avant\",\"url\":\"https:\/\/footdavant.fr\/actualites\/\",\"logo\":{\"@type\":\"ImageObject\",\"inLanguage\":\"fr-FR\",\"@id\":\"https:\/\/footdavant.fr\/actualites\/#\/schema\/logo\/image\/\",\"url\":\"https:\/\/footdavant.fr\/actualites\/wp-content\/uploads\/2023\/09\/Copy-of-FootDavant-Logo.png\",\"contentUrl\":\"https:\/\/footdavant.fr\/actualites\/wp-content\/uploads\/2023\/09\/Copy-of-FootDavant-Logo.png\",\"width\":936,\"height\":549,\"caption\":\"Foot d'avant\"},\"image\":{\"@id\":\"https:\/\/footdavant.fr\/actualites\/#\/schema\/logo\/image\/\"},\"sameAs\":[\"https:\/\/www.facebook.com\/Footdavant\/\",\"https:\/\/twitter.com\/FootdavantFr\",\"https:\/\/www.instagram.com\/footdavant.fr\/\"]},{\"@type\":\"Person\",\"@id\":\"https:\/\/footdavant.fr\/actualites\/#\/schema\/person\/bc222566d95871b37e597b3ed3ba5e1d\",\"name\":\"Cl\u00e9ment\",\"image\":{\"@type\":\"ImageObject\",\"inLanguage\":\"fr-FR\",\"@id\":\"https:\/\/footdavant.fr\/actualites\/#\/schema\/person\/image\/\",\"url\":\"https:\/\/secure.gravatar.com\/avatar\/7728b29aac2719421e1a9159b2254c44?s=96&d=mm&r=g\",\"contentUrl\":\"https:\/\/secure.gravatar.com\/avatar\/7728b29aac2719421e1a9159b2254c44?s=96&d=mm&r=g\",\"caption\":\"Cl\u00e9ment\"},\"sameAs\":[\"https:\/\/footdavant.fr\/\"]}]}<\/script>\n<!-- \/ Yoast SEO plugin. -->","yoast_head_json":{"title":"L'int\u00e9r\u00eat de Liverpool pour l'as de la Bundesliga de 27 ans est \u00ab concret \u00bb","robots":{"index":"index","follow":"follow","max-snippet":"max-snippet:-1","max-image-preview":"max-image-preview:large","max-video-preview":"max-video-preview:-1"},"canonical":"https:\/\/footdavant.fr\/actualites\/linteret-de-liverpool-pour-las-de-la-bundesliga-de-27-ans-est-concret\/","og_locale":"fr_FR","og_type":"article","og_title":"L'int\u00e9r\u00eat de Liverpool pour l'as de la Bundesliga de 27 ans est \u00ab concret \u00bb","og_description":"Christian Falk a r\u00e9v\u00e9l\u00e9 que l&rsquo;int\u00e9r\u00eat de Liverpool pour un as de la Bundesliga est \u00ab\u00a0concret\u00a0\u00bb, l&rsquo;ailier n&rsquo;ayant pas encore accept\u00e9 de prolongation de contrat","og_url":"https:\/\/footdavant.fr\/actualites\/linteret-de-liverpool-pour-las-de-la-bundesliga-de-27-ans-est-concret\/","og_site_name":"Foot d&#039;avant","article_publisher":"https:\/\/www.facebook.com\/Footdavant\/","article_published_time":"2023-11-24T08:52:12+00:00","og_image":[{"width":1265,"height":837,"url":"https:\/\/footdavant.fr\/actualites\/wp-content\/uploads\/2023\/11\/Neil-Jones-reagit-a-la-decision-remarquable-de.jpg","type":"image\/jpeg"}],"author":"Cl\u00e9ment","twitter_card":"summary_large_image","twitter_creator":"@FootdavantFr","twitter_site":"@FootdavantFr","twitter_misc":{"\u00c9crit par":"Cl\u00e9ment","Dur\u00e9e de lecture estim\u00e9e":"1 minute"},"schema":{"@context":"https:\/\/schema.org","@graph":[{"@type":"Article","@id":"https:\/\/footdavant.fr\/actualites\/linteret-de-liverpool-pour-las-de-la-bundesliga-de-27-ans-est-concret\/#article","isPartOf":{"@id":"https:\/\/footdavant.fr\/actualites\/linteret-de-liverpool-pour-las-de-la-bundesliga-de-27-ans-est-concret\/"},"author":{"name":"Cl\u00e9ment","@id":"https:\/\/footdavant.fr\/actualites\/#\/schema\/person\/bc222566d95871b37e597b3ed3ba5e1d"},"headline":"L&rsquo;int\u00e9r\u00eat de Liverpool pour l&rsquo;as de la Bundesliga de 27 ans est \u00ab concret \u00bb","datePublished":"2023-11-24T08:52:12+00:00","dateModified":"2023-11-24T08:52:12+00:00","mainEntityOfPage":{"@id":"https:\/\/footdavant.fr\/actualites\/linteret-de-liverpool-pour-las-de-la-bundesliga-de-27-ans-est-concret\/"},"wordCount":254,"publisher":{"@id":"https:\/\/footdavant.fr\/actualites\/#organization"},"keywords":["ans","Bundesliga","concret","est","las","lint\u00e9r\u00eat","Liverpool","pour"],"articleSection":["Football"],"inLanguage":"fr-FR"},{"@type":"WebPage","@id":"https:\/\/footdavant.fr\/actualites\/linteret-de-liverpool-pour-las-de-la-bundesliga-de-27-ans-est-concret\/","url":"https:\/\/footdavant.fr\/actualites\/linteret-de-liverpool-pour-las-de-la-bundesliga-de-27-ans-est-concret\/","name":"L'int\u00e9r\u00eat de Liverpool pour l'as de la Bundesliga de 27 ans est \u00ab concret \u00bb","isPartOf":{"@id":"https:\/\/footdavant.fr\/actualites\/#website"},"datePublished":"2023-11-24T08:52:12+00:00","dateModified":"2023-11-24T08:52:12+00:00","breadcrumb":{"@id":"https:\/\/footdavant.fr\/actualites\/linteret-de-liverpool-pour-las-de-la-bundesliga-de-27-ans-est-concret\/#breadcrumb"},"inLanguage":"fr-FR","potentialAction":[{"@type":"ReadAction","target":["https:\/\/footdavant.fr\/actualites\/linteret-de-liverpool-pour-las-de-la-bundesliga-de-27-ans-est-concret\/"]}]},{"@type":"BreadcrumbList","@id":"https:\/\/footdavant.fr\/actualites\/linteret-de-liverpool-pour-las-de-la-bundesliga-de-27-ans-est-concret\/#breadcrumb","itemListElement":[{"@type":"ListItem","position":1,"name":"Accueil","item":"https:\/\/footdavant.fr\/actualites\/"},{"@type":"ListItem","position":2,"name":"L&rsquo;int\u00e9r\u00eat de Liverpool pour l&rsquo;as de la Bundesliga de 27 ans est \u00ab concret \u00bb"}]},{"@type":"WebSite","@id":"https:\/\/footdavant.fr\/actualites\/#website","url":"https:\/\/footdavant.fr\/actualites\/","name":"Foot d'avant","description":"","publisher":{"@id":"https:\/\/footdavant.fr\/actualites\/#organization"},"potentialAction":[{"@type":"SearchAction","target":{"@type":"EntryPoint","urlTemplate":"https:\/\/footdavant.fr\/actualites\/?s={search_term_string}"},"query-input":"required name=search_term_string"}],"inLanguage":"fr-FR"},{"@type":"Organization","@id":"https:\/\/footdavant.fr\/actualites\/#organization","name":"Foot d'avant","url":"https:\/\/footdavant.fr\/actualites\/","logo":{"@type":"ImageObject","inLanguage":"fr-FR","@id":"https:\/\/footdavant.fr\/actualites\/#\/schema\/logo\/image\/","url":"https:\/\/footdavant.fr\/actualites\/wp-content\/uploads\/2023\/09\/Copy-of-FootDavant-Logo.png","contentUrl":"https:\/\/footdavant.fr\/actualites\/wp-content\/uploads\/2023\/09\/Copy-of-FootDavant-Logo.png","width":936,"height":549,"caption":"Foot d'avant"},"image":{"@id":"https:\/\/footdavant.fr\/actualites\/#\/schema\/logo\/image\/"},"sameAs":["https:\/\/www.facebook.com\/Footdavant\/","https:\/\/twitter.com\/FootdavantFr","https:\/\/www.instagram.com\/footdavant.fr\/"]},{"@type":"Person","@id":"https:\/\/footdavant.fr\/actualites\/#\/schema\/person\/bc222566d95871b37e597b3ed3ba5e1d","name":"Cl\u00e9ment","image":{"@type":"ImageObject","inLanguage":"fr-FR","@id":"https:\/\/footdavant.fr\/actualites\/#\/schema\/person\/image\/","url":"https:\/\/secure.gravatar.com\/avatar\/7728b29aac2719421e1a9159b2254c44?s=96&d=mm&r=g","contentUrl":"https:\/\/secure.gravatar.com\/avatar\/7728b29aac2719421e1a9159b2254c44?s=96&d=mm&r=g","caption":"Cl\u00e9ment"},"sameAs":["https:\/\/footdavant.fr\/"]}]}},"_links":{"self":[{"href":"https:\/\/footdavant.fr\/actualites\/wp-json\/wp\/v2\/posts\/1344"}],"collection":[{"href":"https:\/\/footdavant.fr\/actualites\/wp-json\/wp\/v2\/posts"}],"about":[{"href":"https:\/\/footdavant.fr\/actualites\/wp-json\/wp\/v2\/types\/post"}],"author":[{"embeddable":true,"href":"https:\/\/footdavant.fr\/actualites\/wp-json\/wp\/v2\/users\/1"}],"replies":[{"embeddable":true,"href":"https:\/\/footdavant.fr\/actualites\/wp-json\/wp\/v2\/comments?post=1344"}],"version-history":[{"count":1,"href":"https:\/\/footdavant.fr\/actualites\/wp-json\/wp\/v2\/posts\/1344\/revisions"}],"predecessor-version":[{"id":1345,"href":"https:\/\/footdavant.fr\/actualites\/wp-json\/wp\/v2\/posts\/1344\/revisions\/1345"}],"wp:featuredmedia":[{"embeddable":true,"href":"https:\/\/footdavant.fr\/actualites\/wp-json\/wp\/v2\/media\/807"}],"wp:attachment":[{"href":"https:\/\/footdavant.fr\/actualites\/wp-json\/wp\/v2\/media?parent=1344"}],"wp:term":[{"taxonomy":"category","embeddable":true,"href":"https:\/\/footdavant.fr\/actualites\/wp-json\/wp\/v2\/categories?post=1344"},{"taxonomy":"post_tag","embeddable":true,"href":"https:\/\/footdavant.fr\/actualites\/wp-json\/wp\/v2\/tags?post=1344"}],"curies":[{"name":"wp","href":"https:\/\/api.w.org\/{rel}","templated":true}]}}