{"id":13471,"date":"2024-09-16T12:48:44","date_gmt":"2024-09-16T10:48:44","guid":{"rendered":"https:\/\/footdavant.fr\/actualites\/arsenal-travaille-sur-la-prolongation-dun-joueur-cle-malgre-linteret-du-psg\/"},"modified":"2024-09-16T12:48:55","modified_gmt":"2024-09-16T10:48:55","slug":"arsenal-travaille-sur-la-prolongation-dun-joueur-cle-malgre-linteret-du-psg","status":"publish","type":"post","link":"https:\/\/footdavant.fr\/actualites\/arsenal-travaille-sur-la-prolongation-dun-joueur-cle-malgre-linteret-du-psg\/","title":{"rendered":"Arsenal travaille sur la prolongation d&#39;un joueur cl\u00e9 malgr\u00e9 l&#39;int\u00e9r\u00eat du PSG"},"content":{"rendered":"<div>\n<p>Le club d&#39;Arsenal, qui aspire \u00e0 la Premier League, a ouvert des n\u00e9gociations pour prolonger le contrat de Gabriel Magalhaes. Cette information intervient alors que le Paris Saint-Germain (PSG) s&#39;int\u00e9resse de pr\u00e8s au d\u00e9fenseur br\u00e9silien. Le contrat actuel du joueur de 26 ans expire en juin 2027.<\/p>\n<h2>Arsenal veut prolonger le contrat de Gabriel Magalhaes<\/h2>\n<p>Apr\u00e8s avoir \u00e9t\u00e9 tout pr\u00e8s de remporter le titre ces deux derni\u00e8res saisons, Arsenal a h\u00e2te de remporter enfin le titre de Premier League cette saison. Les Gunners n&#39;ont pas r\u00e9ussi \u00e0 le d\u00e9crocher depuis leur saison \u00ab Invincible \u00bb en 2003-2004.<\/p>\n<p>Pour d\u00e9crocher le titre cette ann\u00e9e et rester dans la course au titre dans un avenir proche, Arsenal doit garder ses joueurs importants. L&#39;\u00e9quipe de Mikel Arteta a d\u00e9j\u00e0 commenc\u00e9 \u00e0 travailler sur ce dossier, ayant li\u00e9 Ben White, Takehiro Tomiyasu et Jorginho \u00e0 de nouveaux contrats. D\u00e9sormais, le club a commenc\u00e9 \u00e0 travailler sur la prolongation de Gabriel, sachant que le PSG garde un \u0153il attentif sur le d\u00e9fenseur central.<\/p>\n<p>Selon TBR Football, le PSG a envoy\u00e9 des recruteurs au Tottenham Hotspur Stadium dimanche (15 septembre) pour observer deux joueurs d&#39;Arsenal en action. Comme le Real Madrid et le Bayern Munich, le PSG est \u00e9galement l&#39;un des admirateurs du d\u00e9fenseur central tr\u00e8s appr\u00e9ci\u00e9 William Saliba et a profit\u00e9 de l&#39;occasion pour l&#39;observer. Les champions de France ont \u00e9galement rep\u00e9r\u00e9 Gabriel, qui joue aux c\u00f4t\u00e9s de l&#39;as du PSG Marquinhos en \u00e9quipe nationale br\u00e9silienne. Les tenants du titre de Ligue 1 pourraient \u00eatre enthousiasm\u00e9s par la perspective de r\u00e9unir les deux au Parc des Princes.<\/p>\n<p>Conscient de l&#39;int\u00e9r\u00eat du PSG pour le joueur, Arsenal a entam\u00e9 des n\u00e9gociations contractuelles avec Gabriel. Le joueur ayant suffisamment d&#39;opportunit\u00e9s au sein du club, il n&#39;y a aucune raison pour qu&#39;il quitte l&#39;Angleterre. Un contrat plus lucratif ne ferait toutefois qu&#39;aider Arsenal.<\/p>\n<h2>Gabriel a r\u00e9alis\u00e9 une performance d&#39;homme du match contre Tottenham<\/h2>\n<p>Dans un match o\u00f9 les attaquants \u00e9taient de classe mondiale, c&#39;est un d\u00e9fenseur qui a vol\u00e9 la vedette. Lors du derby du nord de Londres de dimanche (15 septembre), Gabriel a marqu\u00e9 le seul but du match, propulsant les visiteurs vers une victoire 1-0 durement gagn\u00e9e.<\/p>\n<p>Gabriel a marqu\u00e9 le but de la victoire \u00e0 la 64e minute. Bukayo Saka a d\u00e9livr\u00e9 un corner dans la surface de r\u00e9paration de Tottenham, ce qui a incit\u00e9 Gabriel \u00e0 foncer. \u00c9vitant les corps \u00e0 l&#39;int\u00e9rieur de la surface, le d\u00e9fenseur a r\u00e9ussi \u00e0 atteindre le but et a trouv\u00e9 le fond des filets d&#39;une t\u00eate \u00e0 bout portant.<\/p>\n<p>Mis \u00e0 part ce but, Gabriel a effectu\u00e9 quatre passes dans le dernier tiers du terrain, d\u00e9livr\u00e9 deux longs ballons pr\u00e9cis, effectu\u00e9 huit d\u00e9gagements et remport\u00e9 deux duels. Gr\u00e2ce \u00e0 ses prouesses, Gabriel a remport\u00e9 le prix de l&#39;Homme du match.<\/p>\n<\/p><\/div>\n","protected":false},"excerpt":{"rendered":"<p>Le club d&#39;Arsenal, qui aspire \u00e0 la Premier League, a ouvert des n\u00e9gociations pour prolonger le contrat de Gabriel Magalhaes. Cette information intervient alors que<\/p>\n","protected":false},"author":1,"featured_media":13472,"comment_status":"closed","ping_status":"","sticky":false,"template":"","format":"standard","meta":{"footnotes":""},"categories":[3],"tags":[67,443,4260,1221,4310,2520,1613,1656,103,5923],"yoast_head":"<!-- This site is optimized with the Yoast SEO plugin v21.0 - https:\/\/yoast.com\/wordpress\/plugins\/seo\/ -->\n<title>Arsenal travaille sur la prolongation d&#039;un joueur cl\u00e9 malgr\u00e9 l&#039;int\u00e9r\u00eat du PSG<\/title>\n<meta name=\"robots\" content=\"index, follow, max-snippet:-1, max-image-preview:large, max-video-preview:-1\" \/>\n<link rel=\"canonical\" href=\"https:\/\/footdavant.fr\/actualites\/arsenal-travaille-sur-la-prolongation-dun-joueur-cle-malgre-linteret-du-psg\/\" \/>\n<meta property=\"og:locale\" content=\"fr_FR\" \/>\n<meta property=\"og:type\" content=\"article\" \/>\n<meta property=\"og:title\" content=\"Arsenal travaille sur la prolongation d&#039;un joueur cl\u00e9 malgr\u00e9 l&#039;int\u00e9r\u00eat du PSG\" \/>\n<meta property=\"og:description\" content=\"Le club d&#039;Arsenal, qui aspire \u00e0 la Premier League, a ouvert des n\u00e9gociations pour prolonger le contrat de Gabriel Magalhaes. Cette information intervient alors que\" \/>\n<meta property=\"og:url\" content=\"https:\/\/footdavant.fr\/actualites\/arsenal-travaille-sur-la-prolongation-dun-joueur-cle-malgre-linteret-du-psg\/\" \/>\n<meta property=\"og:site_name\" content=\"Foot d&#039;avant\" \/>\n<meta property=\"article:publisher\" content=\"https:\/\/www.facebook.com\/Footdavant\/\" \/>\n<meta property=\"article:published_time\" content=\"2024-09-16T10:48:44+00:00\" \/>\n<meta property=\"article:modified_time\" content=\"2024-09-16T10:48:55+00:00\" \/>\n<meta property=\"og:image\" content=\"https:\/\/footdavant.fr\/actualites\/wp-content\/uploads\/2024\/09\/Arsenal-travaille-sur-la-prolongation-d39un-joueur-cle-malgre-l39interet.jpg\" \/>\n\t<meta property=\"og:image:width\" content=\"2560\" \/>\n\t<meta property=\"og:image:height\" content=\"1792\" \/>\n\t<meta property=\"og:image:type\" content=\"image\/jpeg\" \/>\n<meta name=\"author\" content=\"Cl\u00e9ment\" \/>\n<meta name=\"twitter:card\" content=\"summary_large_image\" \/>\n<meta name=\"twitter:creator\" content=\"@FootdavantFr\" \/>\n<meta name=\"twitter:site\" content=\"@FootdavantFr\" \/>\n<meta name=\"twitter:label1\" content=\"\u00c9crit par\" \/>\n\t<meta name=\"twitter:data1\" content=\"Cl\u00e9ment\" \/>\n\t<meta name=\"twitter:label2\" content=\"Dur\u00e9e de lecture estim\u00e9e\" \/>\n\t<meta name=\"twitter:data2\" content=\"3 minutes\" \/>\n<script type=\"application\/ld+json\" class=\"yoast-schema-graph\">{\"@context\":\"https:\/\/schema.org\",\"@graph\":[{\"@type\":\"Article\",\"@id\":\"https:\/\/footdavant.fr\/actualites\/arsenal-travaille-sur-la-prolongation-dun-joueur-cle-malgre-linteret-du-psg\/#article\",\"isPartOf\":{\"@id\":\"https:\/\/footdavant.fr\/actualites\/arsenal-travaille-sur-la-prolongation-dun-joueur-cle-malgre-linteret-du-psg\/\"},\"author\":{\"name\":\"Cl\u00e9ment\",\"@id\":\"https:\/\/footdavant.fr\/actualites\/#\/schema\/person\/bc222566d95871b37e597b3ed3ba5e1d\"},\"headline\":\"Arsenal travaille sur la prolongation d&#39;un joueur cl\u00e9 malgr\u00e9 l&#39;int\u00e9r\u00eat du PSG\",\"datePublished\":\"2024-09-16T10:48:44+00:00\",\"dateModified\":\"2024-09-16T10:48:55+00:00\",\"mainEntityOfPage\":{\"@id\":\"https:\/\/footdavant.fr\/actualites\/arsenal-travaille-sur-la-prolongation-dun-joueur-cle-malgre-linteret-du-psg\/\"},\"wordCount\":521,\"publisher\":{\"@id\":\"https:\/\/footdavant.fr\/actualites\/#organization\"},\"keywords\":[\"Arsenal\",\"cl\u00e9..\",\"d39un\",\"joueur\",\"l39int\u00e9r\u00eat\",\"malgr\u00e9\",\"prolongation\",\"PSG\",\"sur\",\"travaille\"],\"articleSection\":[\"Football\"],\"inLanguage\":\"fr-FR\"},{\"@type\":\"WebPage\",\"@id\":\"https:\/\/footdavant.fr\/actualites\/arsenal-travaille-sur-la-prolongation-dun-joueur-cle-malgre-linteret-du-psg\/\",\"url\":\"https:\/\/footdavant.fr\/actualites\/arsenal-travaille-sur-la-prolongation-dun-joueur-cle-malgre-linteret-du-psg\/\",\"name\":\"Arsenal travaille sur la prolongation d&#39;un joueur cl\u00e9 malgr\u00e9 l&#39;int\u00e9r\u00eat du PSG\",\"isPartOf\":{\"@id\":\"https:\/\/footdavant.fr\/actualites\/#website\"},\"datePublished\":\"2024-09-16T10:48:44+00:00\",\"dateModified\":\"2024-09-16T10:48:55+00:00\",\"breadcrumb\":{\"@id\":\"https:\/\/footdavant.fr\/actualites\/arsenal-travaille-sur-la-prolongation-dun-joueur-cle-malgre-linteret-du-psg\/#breadcrumb\"},\"inLanguage\":\"fr-FR\",\"potentialAction\":[{\"@type\":\"ReadAction\",\"target\":[\"https:\/\/footdavant.fr\/actualites\/arsenal-travaille-sur-la-prolongation-dun-joueur-cle-malgre-linteret-du-psg\/\"]}]},{\"@type\":\"BreadcrumbList\",\"@id\":\"https:\/\/footdavant.fr\/actualites\/arsenal-travaille-sur-la-prolongation-dun-joueur-cle-malgre-linteret-du-psg\/#breadcrumb\",\"itemListElement\":[{\"@type\":\"ListItem\",\"position\":1,\"name\":\"Accueil\",\"item\":\"https:\/\/footdavant.fr\/actualites\/\"},{\"@type\":\"ListItem\",\"position\":2,\"name\":\"Arsenal travaille sur la prolongation d&#39;un joueur cl\u00e9 malgr\u00e9 l&#39;int\u00e9r\u00eat du PSG\"}]},{\"@type\":\"WebSite\",\"@id\":\"https:\/\/footdavant.fr\/actualites\/#website\",\"url\":\"https:\/\/footdavant.fr\/actualites\/\",\"name\":\"Foot d'avant\",\"description\":\"\",\"publisher\":{\"@id\":\"https:\/\/footdavant.fr\/actualites\/#organization\"},\"potentialAction\":[{\"@type\":\"SearchAction\",\"target\":{\"@type\":\"EntryPoint\",\"urlTemplate\":\"https:\/\/footdavant.fr\/actualites\/?s={search_term_string}\"},\"query-input\":\"required name=search_term_string\"}],\"inLanguage\":\"fr-FR\"},{\"@type\":\"Organization\",\"@id\":\"https:\/\/footdavant.fr\/actualites\/#organization\",\"name\":\"Foot d'avant\",\"url\":\"https:\/\/footdavant.fr\/actualites\/\",\"logo\":{\"@type\":\"ImageObject\",\"inLanguage\":\"fr-FR\",\"@id\":\"https:\/\/footdavant.fr\/actualites\/#\/schema\/logo\/image\/\",\"url\":\"https:\/\/footdavant.fr\/actualites\/wp-content\/uploads\/2023\/09\/Copy-of-FootDavant-Logo.png\",\"contentUrl\":\"https:\/\/footdavant.fr\/actualites\/wp-content\/uploads\/2023\/09\/Copy-of-FootDavant-Logo.png\",\"width\":936,\"height\":549,\"caption\":\"Foot d'avant\"},\"image\":{\"@id\":\"https:\/\/footdavant.fr\/actualites\/#\/schema\/logo\/image\/\"},\"sameAs\":[\"https:\/\/www.facebook.com\/Footdavant\/\",\"https:\/\/twitter.com\/FootdavantFr\",\"https:\/\/www.instagram.com\/footdavant.fr\/\"]},{\"@type\":\"Person\",\"@id\":\"https:\/\/footdavant.fr\/actualites\/#\/schema\/person\/bc222566d95871b37e597b3ed3ba5e1d\",\"name\":\"Cl\u00e9ment\",\"image\":{\"@type\":\"ImageObject\",\"inLanguage\":\"fr-FR\",\"@id\":\"https:\/\/footdavant.fr\/actualites\/#\/schema\/person\/image\/\",\"url\":\"https:\/\/secure.gravatar.com\/avatar\/7728b29aac2719421e1a9159b2254c44?s=96&d=mm&r=g\",\"contentUrl\":\"https:\/\/secure.gravatar.com\/avatar\/7728b29aac2719421e1a9159b2254c44?s=96&d=mm&r=g\",\"caption\":\"Cl\u00e9ment\"},\"sameAs\":[\"https:\/\/footdavant.fr\/\"]}]}<\/script>\n<!-- \/ Yoast SEO plugin. -->","yoast_head_json":{"title":"Arsenal travaille sur la prolongation d&#39;un joueur cl\u00e9 malgr\u00e9 l&#39;int\u00e9r\u00eat du PSG","robots":{"index":"index","follow":"follow","max-snippet":"max-snippet:-1","max-image-preview":"max-image-preview:large","max-video-preview":"max-video-preview:-1"},"canonical":"https:\/\/footdavant.fr\/actualites\/arsenal-travaille-sur-la-prolongation-dun-joueur-cle-malgre-linteret-du-psg\/","og_locale":"fr_FR","og_type":"article","og_title":"Arsenal travaille sur la prolongation d&#39;un joueur cl\u00e9 malgr\u00e9 l&#39;int\u00e9r\u00eat du PSG","og_description":"Le club d&#39;Arsenal, qui aspire \u00e0 la Premier League, a ouvert des n\u00e9gociations pour prolonger le contrat de Gabriel Magalhaes. Cette information intervient alors que","og_url":"https:\/\/footdavant.fr\/actualites\/arsenal-travaille-sur-la-prolongation-dun-joueur-cle-malgre-linteret-du-psg\/","og_site_name":"Foot d&#039;avant","article_publisher":"https:\/\/www.facebook.com\/Footdavant\/","article_published_time":"2024-09-16T10:48:44+00:00","article_modified_time":"2024-09-16T10:48:55+00:00","og_image":[{"width":2560,"height":1792,"url":"https:\/\/footdavant.fr\/actualites\/wp-content\/uploads\/2024\/09\/Arsenal-travaille-sur-la-prolongation-d39un-joueur-cle-malgre-l39interet.jpg","type":"image\/jpeg"}],"author":"Cl\u00e9ment","twitter_card":"summary_large_image","twitter_creator":"@FootdavantFr","twitter_site":"@FootdavantFr","twitter_misc":{"\u00c9crit par":"Cl\u00e9ment","Dur\u00e9e de lecture estim\u00e9e":"3 minutes"},"schema":{"@context":"https:\/\/schema.org","@graph":[{"@type":"Article","@id":"https:\/\/footdavant.fr\/actualites\/arsenal-travaille-sur-la-prolongation-dun-joueur-cle-malgre-linteret-du-psg\/#article","isPartOf":{"@id":"https:\/\/footdavant.fr\/actualites\/arsenal-travaille-sur-la-prolongation-dun-joueur-cle-malgre-linteret-du-psg\/"},"author":{"name":"Cl\u00e9ment","@id":"https:\/\/footdavant.fr\/actualites\/#\/schema\/person\/bc222566d95871b37e597b3ed3ba5e1d"},"headline":"Arsenal travaille sur la prolongation d&#39;un joueur cl\u00e9 malgr\u00e9 l&#39;int\u00e9r\u00eat du PSG","datePublished":"2024-09-16T10:48:44+00:00","dateModified":"2024-09-16T10:48:55+00:00","mainEntityOfPage":{"@id":"https:\/\/footdavant.fr\/actualites\/arsenal-travaille-sur-la-prolongation-dun-joueur-cle-malgre-linteret-du-psg\/"},"wordCount":521,"publisher":{"@id":"https:\/\/footdavant.fr\/actualites\/#organization"},"keywords":["Arsenal","cl\u00e9..","d39un","joueur","l39int\u00e9r\u00eat","malgr\u00e9","prolongation","PSG","sur","travaille"],"articleSection":["Football"],"inLanguage":"fr-FR"},{"@type":"WebPage","@id":"https:\/\/footdavant.fr\/actualites\/arsenal-travaille-sur-la-prolongation-dun-joueur-cle-malgre-linteret-du-psg\/","url":"https:\/\/footdavant.fr\/actualites\/arsenal-travaille-sur-la-prolongation-dun-joueur-cle-malgre-linteret-du-psg\/","name":"Arsenal travaille sur la prolongation d&#39;un joueur cl\u00e9 malgr\u00e9 l&#39;int\u00e9r\u00eat du PSG","isPartOf":{"@id":"https:\/\/footdavant.fr\/actualites\/#website"},"datePublished":"2024-09-16T10:48:44+00:00","dateModified":"2024-09-16T10:48:55+00:00","breadcrumb":{"@id":"https:\/\/footdavant.fr\/actualites\/arsenal-travaille-sur-la-prolongation-dun-joueur-cle-malgre-linteret-du-psg\/#breadcrumb"},"inLanguage":"fr-FR","potentialAction":[{"@type":"ReadAction","target":["https:\/\/footdavant.fr\/actualites\/arsenal-travaille-sur-la-prolongation-dun-joueur-cle-malgre-linteret-du-psg\/"]}]},{"@type":"BreadcrumbList","@id":"https:\/\/footdavant.fr\/actualites\/arsenal-travaille-sur-la-prolongation-dun-joueur-cle-malgre-linteret-du-psg\/#breadcrumb","itemListElement":[{"@type":"ListItem","position":1,"name":"Accueil","item":"https:\/\/footdavant.fr\/actualites\/"},{"@type":"ListItem","position":2,"name":"Arsenal travaille sur la prolongation d&#39;un joueur cl\u00e9 malgr\u00e9 l&#39;int\u00e9r\u00eat du PSG"}]},{"@type":"WebSite","@id":"https:\/\/footdavant.fr\/actualites\/#website","url":"https:\/\/footdavant.fr\/actualites\/","name":"Foot d'avant","description":"","publisher":{"@id":"https:\/\/footdavant.fr\/actualites\/#organization"},"potentialAction":[{"@type":"SearchAction","target":{"@type":"EntryPoint","urlTemplate":"https:\/\/footdavant.fr\/actualites\/?s={search_term_string}"},"query-input":"required name=search_term_string"}],"inLanguage":"fr-FR"},{"@type":"Organization","@id":"https:\/\/footdavant.fr\/actualites\/#organization","name":"Foot d'avant","url":"https:\/\/footdavant.fr\/actualites\/","logo":{"@type":"ImageObject","inLanguage":"fr-FR","@id":"https:\/\/footdavant.fr\/actualites\/#\/schema\/logo\/image\/","url":"https:\/\/footdavant.fr\/actualites\/wp-content\/uploads\/2023\/09\/Copy-of-FootDavant-Logo.png","contentUrl":"https:\/\/footdavant.fr\/actualites\/wp-content\/uploads\/2023\/09\/Copy-of-FootDavant-Logo.png","width":936,"height":549,"caption":"Foot d'avant"},"image":{"@id":"https:\/\/footdavant.fr\/actualites\/#\/schema\/logo\/image\/"},"sameAs":["https:\/\/www.facebook.com\/Footdavant\/","https:\/\/twitter.com\/FootdavantFr","https:\/\/www.instagram.com\/footdavant.fr\/"]},{"@type":"Person","@id":"https:\/\/footdavant.fr\/actualites\/#\/schema\/person\/bc222566d95871b37e597b3ed3ba5e1d","name":"Cl\u00e9ment","image":{"@type":"ImageObject","inLanguage":"fr-FR","@id":"https:\/\/footdavant.fr\/actualites\/#\/schema\/person\/image\/","url":"https:\/\/secure.gravatar.com\/avatar\/7728b29aac2719421e1a9159b2254c44?s=96&d=mm&r=g","contentUrl":"https:\/\/secure.gravatar.com\/avatar\/7728b29aac2719421e1a9159b2254c44?s=96&d=mm&r=g","caption":"Cl\u00e9ment"},"sameAs":["https:\/\/footdavant.fr\/"]}]}},"_links":{"self":[{"href":"https:\/\/footdavant.fr\/actualites\/wp-json\/wp\/v2\/posts\/13471"}],"collection":[{"href":"https:\/\/footdavant.fr\/actualites\/wp-json\/wp\/v2\/posts"}],"about":[{"href":"https:\/\/footdavant.fr\/actualites\/wp-json\/wp\/v2\/types\/post"}],"author":[{"embeddable":true,"href":"https:\/\/footdavant.fr\/actualites\/wp-json\/wp\/v2\/users\/1"}],"replies":[{"embeddable":true,"href":"https:\/\/footdavant.fr\/actualites\/wp-json\/wp\/v2\/comments?post=13471"}],"version-history":[{"count":1,"href":"https:\/\/footdavant.fr\/actualites\/wp-json\/wp\/v2\/posts\/13471\/revisions"}],"predecessor-version":[{"id":13473,"href":"https:\/\/footdavant.fr\/actualites\/wp-json\/wp\/v2\/posts\/13471\/revisions\/13473"}],"wp:featuredmedia":[{"embeddable":true,"href":"https:\/\/footdavant.fr\/actualites\/wp-json\/wp\/v2\/media\/13472"}],"wp:attachment":[{"href":"https:\/\/footdavant.fr\/actualites\/wp-json\/wp\/v2\/media?parent=13471"}],"wp:term":[{"taxonomy":"category","embeddable":true,"href":"https:\/\/footdavant.fr\/actualites\/wp-json\/wp\/v2\/categories?post=13471"},{"taxonomy":"post_tag","embeddable":true,"href":"https:\/\/footdavant.fr\/actualites\/wp-json\/wp\/v2\/tags?post=13471"}],"curies":[{"name":"wp","href":"https:\/\/api.w.org\/{rel}","templated":true}]}}