{"id":13480,"date":"2024-09-16T16:48:30","date_gmt":"2024-09-16T14:48:30","guid":{"rendered":"https:\/\/footdavant.fr\/actualites\/aston-villa-pleure-le-deces-du-heros-de-la-coupe-deurope-gary-shaw\/"},"modified":"2024-09-16T16:48:32","modified_gmt":"2024-09-16T14:48:32","slug":"aston-villa-pleure-le-deces-du-heros-de-la-coupe-deurope-gary-shaw","status":"publish","type":"post","link":"https:\/\/footdavant.fr\/actualites\/aston-villa-pleure-le-deces-du-heros-de-la-coupe-deurope-gary-shaw\/","title":{"rendered":"Aston Villa pleure le d\u00e9c\u00e8s du h\u00e9ros de la Coupe d&#39;Europe Gary Shaw"},"content":{"rendered":"<div>\n<p>Gary Shaw, membre de l&#39;\u00e9quipe d&#39;Aston Villa qui a remport\u00e9 la Coupe d&#39;Europe en 1982, est d\u00e9c\u00e9d\u00e9 \u00e0 l&#39;\u00e2ge de 63 ans.<\/p>\n<p>Shaw a marqu\u00e9 79 buts en 213 matchs pour Villa, dont 18 en championnat lors de la saison 1980-81, alors que le club remportait le titre pour la premi\u00e8re fois en 71 ans.<\/p>\n<p>Il a \u00e9galement marqu\u00e9 trois fois lors du parcours de Villa vers le titre de champion d&#39;Europe l&#39;ann\u00e9e suivante, qui a culmin\u00e9 avec une victoire 1-0 contre le Bayern Munich \u00e0 Rotterdam.<\/p>\n<blockquote class=\"twitter-tweet\">\n<p dir=\"ltr\" lang=\"en\">L&#39;Aston Villa Football Club est profond\u00e9ment choqu\u00e9 et profond\u00e9ment attrist\u00e9 d&#39;apprendre le d\u00e9c\u00e8s de Gary Shaw, l&#39;un de nos h\u00e9ros vainqueurs de la Coupe d&#39;Europe.<\/p>\n<p>Gary \u00e9tait l&#39;un des n\u00f4tres, un attaquant talentueux qui a ravi les supporters avec ses exploits de buteur qui ont aid\u00e9 Villa \u00e0 remporter\u2026 <a rel=\"nofollow\" href=\"https:\/\/t.co\/nVjLb4Blfe\" rel=\"nofollow\">pic.twitter.com\/nVjLb4Blfe<\/a><\/p>\n<p>\u2014 Aston Villa (@AVFCOfficial) <a rel=\"nofollow\" href=\"https:\/\/twitter.com\/AVFCOfficial\/status\/1835658417165271166?ref_src=twsrc%5Etfw\" rel=\"nofollow noopener\">16 septembre 2024<\/a><\/p>\n<\/blockquote>\n<p>Une grave blessure au genou subie en 1983 a fait d\u00e9railler sa carri\u00e8re et il a quitt\u00e9 Villa cinq ans plus tard pour jouer \u00e0 Klagenfurt, Walsall, Kilmarnock et Shrewsbury.<\/p>\n<p>Un communiqu\u00e9 de Villa indique : \u00ab L&#39;Aston Villa Football Club est profond\u00e9ment choqu\u00e9 et profond\u00e9ment attrist\u00e9 d&#39;apprendre que Gary Shaw, l&#39;un de nos h\u00e9ros vainqueurs de la Coupe d&#39;Europe, est d\u00e9c\u00e9d\u00e9.<\/p>\n<p>\u00ab Gary \u00e9tait l&#39;un des n\u00f4tres, un attaquant talentueux qui a enchant\u00e9 les supporters avec ses exploits de buteur qui ont contribu\u00e9 \u00e0 propulser Villa vers le succ\u00e8s dans les ann\u00e9es 1980. Des distinctions individuelles ont \u00e9galement suivi pour un joueur qui \u00e9tait idol\u00e2tr\u00e9 par beaucoup dans les tribunes.<\/p>\n<p>\u00ab Il est d\u00e9c\u00e9d\u00e9 paisiblement plus t\u00f4t dans la journ\u00e9e, entour\u00e9 de sa famille, qui a demand\u00e9 \u00e0 Aston Villa de publier une d\u00e9claration en leur nom.<\/p>\n<p>\u00ab Les pens\u00e9es de tous les membres du club vont \u00e0 la famille et aux proches de Gary dans cette p\u00e9riode extr\u00eamement difficile. \u00bb<\/p>\n<\/p><\/div>\n<p><script async src=\"https:\/\/platform.twitter.com\/widgets.js\" charset=\"utf-8\"><\/script><\/p>\n","protected":false},"excerpt":{"rendered":"<p>Gary Shaw, membre de l&#39;\u00e9quipe d&#39;Aston Villa qui a remport\u00e9 la Coupe d&#39;Europe en 1982, est d\u00e9c\u00e9d\u00e9 \u00e0 l&#39;\u00e2ge de 63 ans. Shaw a marqu\u00e9<\/p>\n","protected":false},"author":1,"featured_media":13481,"comment_status":"closed","ping_status":"","sticky":false,"template":"","format":"standard","meta":{"footnotes":""},"categories":[3],"tags":[369,1946,5184,2685,743,4904,6431,1422,370],"yoast_head":"<!-- This site is optimized with the Yoast SEO plugin v21.0 - https:\/\/yoast.com\/wordpress\/plugins\/seo\/ -->\n<title>Aston Villa pleure le d\u00e9c\u00e8s du h\u00e9ros de la Coupe d&#039;Europe Gary Shaw<\/title>\n<meta name=\"robots\" content=\"index, follow, max-snippet:-1, max-image-preview:large, max-video-preview:-1\" \/>\n<link rel=\"canonical\" href=\"https:\/\/footdavant.fr\/actualites\/aston-villa-pleure-le-deces-du-heros-de-la-coupe-deurope-gary-shaw\/\" \/>\n<meta property=\"og:locale\" content=\"fr_FR\" \/>\n<meta property=\"og:type\" content=\"article\" \/>\n<meta property=\"og:title\" content=\"Aston Villa pleure le d\u00e9c\u00e8s du h\u00e9ros de la Coupe d&#039;Europe Gary Shaw\" \/>\n<meta property=\"og:description\" content=\"Gary Shaw, membre de l&#039;\u00e9quipe d&#039;Aston Villa qui a remport\u00e9 la Coupe d&#039;Europe en 1982, est d\u00e9c\u00e9d\u00e9 \u00e0 l&#039;\u00e2ge de 63 ans. Shaw a marqu\u00e9\" \/>\n<meta property=\"og:url\" content=\"https:\/\/footdavant.fr\/actualites\/aston-villa-pleure-le-deces-du-heros-de-la-coupe-deurope-gary-shaw\/\" \/>\n<meta property=\"og:site_name\" content=\"Foot d&#039;avant\" \/>\n<meta property=\"article:publisher\" content=\"https:\/\/www.facebook.com\/Footdavant\/\" \/>\n<meta property=\"article:published_time\" content=\"2024-09-16T14:48:30+00:00\" \/>\n<meta property=\"article:modified_time\" content=\"2024-09-16T14:48:32+00:00\" \/>\n<meta property=\"og:image\" content=\"https:\/\/footdavant.fr\/actualites\/wp-content\/uploads\/2024\/09\/Aston-Villa-pleure-le-deces-du-heros-de-la-Coupe.jpg\" \/>\n\t<meta property=\"og:image:width\" content=\"1200\" \/>\n\t<meta property=\"og:image:height\" content=\"736\" \/>\n\t<meta property=\"og:image:type\" content=\"image\/jpeg\" \/>\n<meta name=\"author\" content=\"Cl\u00e9ment\" \/>\n<meta name=\"twitter:card\" content=\"summary_large_image\" \/>\n<meta name=\"twitter:creator\" content=\"@FootdavantFr\" \/>\n<meta name=\"twitter:site\" content=\"@FootdavantFr\" \/>\n<meta name=\"twitter:label1\" content=\"\u00c9crit par\" \/>\n\t<meta name=\"twitter:data1\" content=\"Cl\u00e9ment\" \/>\n\t<meta name=\"twitter:label2\" content=\"Dur\u00e9e de lecture estim\u00e9e\" \/>\n\t<meta name=\"twitter:data2\" content=\"2 minutes\" \/>\n<script type=\"application\/ld+json\" class=\"yoast-schema-graph\">{\"@context\":\"https:\/\/schema.org\",\"@graph\":[{\"@type\":\"Article\",\"@id\":\"https:\/\/footdavant.fr\/actualites\/aston-villa-pleure-le-deces-du-heros-de-la-coupe-deurope-gary-shaw\/#article\",\"isPartOf\":{\"@id\":\"https:\/\/footdavant.fr\/actualites\/aston-villa-pleure-le-deces-du-heros-de-la-coupe-deurope-gary-shaw\/\"},\"author\":{\"name\":\"Cl\u00e9ment\",\"@id\":\"https:\/\/footdavant.fr\/actualites\/#\/schema\/person\/bc222566d95871b37e597b3ed3ba5e1d\"},\"headline\":\"Aston Villa pleure le d\u00e9c\u00e8s du h\u00e9ros de la Coupe d&#39;Europe Gary Shaw\",\"datePublished\":\"2024-09-16T14:48:30+00:00\",\"dateModified\":\"2024-09-16T14:48:32+00:00\",\"mainEntityOfPage\":{\"@id\":\"https:\/\/footdavant.fr\/actualites\/aston-villa-pleure-le-deces-du-heros-de-la-coupe-deurope-gary-shaw\/\"},\"wordCount\":348,\"publisher\":{\"@id\":\"https:\/\/footdavant.fr\/actualites\/#organization\"},\"keywords\":[\"Aston\",\"Coupe\",\"d39Europe\",\"d\u00e9c\u00e8s\",\"Gary\",\"h\u00e9ros\",\"pleure\",\"Shaw\",\"Villa\"],\"articleSection\":[\"Football\"],\"inLanguage\":\"fr-FR\"},{\"@type\":\"WebPage\",\"@id\":\"https:\/\/footdavant.fr\/actualites\/aston-villa-pleure-le-deces-du-heros-de-la-coupe-deurope-gary-shaw\/\",\"url\":\"https:\/\/footdavant.fr\/actualites\/aston-villa-pleure-le-deces-du-heros-de-la-coupe-deurope-gary-shaw\/\",\"name\":\"Aston Villa pleure le d\u00e9c\u00e8s du h\u00e9ros de la Coupe d&#39;Europe Gary Shaw\",\"isPartOf\":{\"@id\":\"https:\/\/footdavant.fr\/actualites\/#website\"},\"datePublished\":\"2024-09-16T14:48:30+00:00\",\"dateModified\":\"2024-09-16T14:48:32+00:00\",\"breadcrumb\":{\"@id\":\"https:\/\/footdavant.fr\/actualites\/aston-villa-pleure-le-deces-du-heros-de-la-coupe-deurope-gary-shaw\/#breadcrumb\"},\"inLanguage\":\"fr-FR\",\"potentialAction\":[{\"@type\":\"ReadAction\",\"target\":[\"https:\/\/footdavant.fr\/actualites\/aston-villa-pleure-le-deces-du-heros-de-la-coupe-deurope-gary-shaw\/\"]}]},{\"@type\":\"BreadcrumbList\",\"@id\":\"https:\/\/footdavant.fr\/actualites\/aston-villa-pleure-le-deces-du-heros-de-la-coupe-deurope-gary-shaw\/#breadcrumb\",\"itemListElement\":[{\"@type\":\"ListItem\",\"position\":1,\"name\":\"Accueil\",\"item\":\"https:\/\/footdavant.fr\/actualites\/\"},{\"@type\":\"ListItem\",\"position\":2,\"name\":\"Aston Villa pleure le d\u00e9c\u00e8s du h\u00e9ros de la Coupe d&#39;Europe Gary Shaw\"}]},{\"@type\":\"WebSite\",\"@id\":\"https:\/\/footdavant.fr\/actualites\/#website\",\"url\":\"https:\/\/footdavant.fr\/actualites\/\",\"name\":\"Foot d'avant\",\"description\":\"\",\"publisher\":{\"@id\":\"https:\/\/footdavant.fr\/actualites\/#organization\"},\"potentialAction\":[{\"@type\":\"SearchAction\",\"target\":{\"@type\":\"EntryPoint\",\"urlTemplate\":\"https:\/\/footdavant.fr\/actualites\/?s={search_term_string}\"},\"query-input\":\"required name=search_term_string\"}],\"inLanguage\":\"fr-FR\"},{\"@type\":\"Organization\",\"@id\":\"https:\/\/footdavant.fr\/actualites\/#organization\",\"name\":\"Foot d'avant\",\"url\":\"https:\/\/footdavant.fr\/actualites\/\",\"logo\":{\"@type\":\"ImageObject\",\"inLanguage\":\"fr-FR\",\"@id\":\"https:\/\/footdavant.fr\/actualites\/#\/schema\/logo\/image\/\",\"url\":\"https:\/\/footdavant.fr\/actualites\/wp-content\/uploads\/2023\/09\/Copy-of-FootDavant-Logo.png\",\"contentUrl\":\"https:\/\/footdavant.fr\/actualites\/wp-content\/uploads\/2023\/09\/Copy-of-FootDavant-Logo.png\",\"width\":936,\"height\":549,\"caption\":\"Foot d'avant\"},\"image\":{\"@id\":\"https:\/\/footdavant.fr\/actualites\/#\/schema\/logo\/image\/\"},\"sameAs\":[\"https:\/\/www.facebook.com\/Footdavant\/\",\"https:\/\/twitter.com\/FootdavantFr\",\"https:\/\/www.instagram.com\/footdavant.fr\/\"]},{\"@type\":\"Person\",\"@id\":\"https:\/\/footdavant.fr\/actualites\/#\/schema\/person\/bc222566d95871b37e597b3ed3ba5e1d\",\"name\":\"Cl\u00e9ment\",\"image\":{\"@type\":\"ImageObject\",\"inLanguage\":\"fr-FR\",\"@id\":\"https:\/\/footdavant.fr\/actualites\/#\/schema\/person\/image\/\",\"url\":\"https:\/\/secure.gravatar.com\/avatar\/7728b29aac2719421e1a9159b2254c44?s=96&d=mm&r=g\",\"contentUrl\":\"https:\/\/secure.gravatar.com\/avatar\/7728b29aac2719421e1a9159b2254c44?s=96&d=mm&r=g\",\"caption\":\"Cl\u00e9ment\"},\"sameAs\":[\"https:\/\/footdavant.fr\/\"]}]}<\/script>\n<!-- \/ Yoast SEO plugin. -->","yoast_head_json":{"title":"Aston Villa pleure le d\u00e9c\u00e8s du h\u00e9ros de la Coupe d&#39;Europe Gary Shaw","robots":{"index":"index","follow":"follow","max-snippet":"max-snippet:-1","max-image-preview":"max-image-preview:large","max-video-preview":"max-video-preview:-1"},"canonical":"https:\/\/footdavant.fr\/actualites\/aston-villa-pleure-le-deces-du-heros-de-la-coupe-deurope-gary-shaw\/","og_locale":"fr_FR","og_type":"article","og_title":"Aston Villa pleure le d\u00e9c\u00e8s du h\u00e9ros de la Coupe d&#39;Europe Gary Shaw","og_description":"Gary Shaw, membre de l&#39;\u00e9quipe d&#39;Aston Villa qui a remport\u00e9 la Coupe d&#39;Europe en 1982, est d\u00e9c\u00e9d\u00e9 \u00e0 l&#39;\u00e2ge de 63 ans. Shaw a marqu\u00e9","og_url":"https:\/\/footdavant.fr\/actualites\/aston-villa-pleure-le-deces-du-heros-de-la-coupe-deurope-gary-shaw\/","og_site_name":"Foot d&#039;avant","article_publisher":"https:\/\/www.facebook.com\/Footdavant\/","article_published_time":"2024-09-16T14:48:30+00:00","article_modified_time":"2024-09-16T14:48:32+00:00","og_image":[{"width":1200,"height":736,"url":"https:\/\/footdavant.fr\/actualites\/wp-content\/uploads\/2024\/09\/Aston-Villa-pleure-le-deces-du-heros-de-la-Coupe.jpg","type":"image\/jpeg"}],"author":"Cl\u00e9ment","twitter_card":"summary_large_image","twitter_creator":"@FootdavantFr","twitter_site":"@FootdavantFr","twitter_misc":{"\u00c9crit par":"Cl\u00e9ment","Dur\u00e9e de lecture estim\u00e9e":"2 minutes"},"schema":{"@context":"https:\/\/schema.org","@graph":[{"@type":"Article","@id":"https:\/\/footdavant.fr\/actualites\/aston-villa-pleure-le-deces-du-heros-de-la-coupe-deurope-gary-shaw\/#article","isPartOf":{"@id":"https:\/\/footdavant.fr\/actualites\/aston-villa-pleure-le-deces-du-heros-de-la-coupe-deurope-gary-shaw\/"},"author":{"name":"Cl\u00e9ment","@id":"https:\/\/footdavant.fr\/actualites\/#\/schema\/person\/bc222566d95871b37e597b3ed3ba5e1d"},"headline":"Aston Villa pleure le d\u00e9c\u00e8s du h\u00e9ros de la Coupe d&#39;Europe Gary Shaw","datePublished":"2024-09-16T14:48:30+00:00","dateModified":"2024-09-16T14:48:32+00:00","mainEntityOfPage":{"@id":"https:\/\/footdavant.fr\/actualites\/aston-villa-pleure-le-deces-du-heros-de-la-coupe-deurope-gary-shaw\/"},"wordCount":348,"publisher":{"@id":"https:\/\/footdavant.fr\/actualites\/#organization"},"keywords":["Aston","Coupe","d39Europe","d\u00e9c\u00e8s","Gary","h\u00e9ros","pleure","Shaw","Villa"],"articleSection":["Football"],"inLanguage":"fr-FR"},{"@type":"WebPage","@id":"https:\/\/footdavant.fr\/actualites\/aston-villa-pleure-le-deces-du-heros-de-la-coupe-deurope-gary-shaw\/","url":"https:\/\/footdavant.fr\/actualites\/aston-villa-pleure-le-deces-du-heros-de-la-coupe-deurope-gary-shaw\/","name":"Aston Villa pleure le d\u00e9c\u00e8s du h\u00e9ros de la Coupe d&#39;Europe Gary Shaw","isPartOf":{"@id":"https:\/\/footdavant.fr\/actualites\/#website"},"datePublished":"2024-09-16T14:48:30+00:00","dateModified":"2024-09-16T14:48:32+00:00","breadcrumb":{"@id":"https:\/\/footdavant.fr\/actualites\/aston-villa-pleure-le-deces-du-heros-de-la-coupe-deurope-gary-shaw\/#breadcrumb"},"inLanguage":"fr-FR","potentialAction":[{"@type":"ReadAction","target":["https:\/\/footdavant.fr\/actualites\/aston-villa-pleure-le-deces-du-heros-de-la-coupe-deurope-gary-shaw\/"]}]},{"@type":"BreadcrumbList","@id":"https:\/\/footdavant.fr\/actualites\/aston-villa-pleure-le-deces-du-heros-de-la-coupe-deurope-gary-shaw\/#breadcrumb","itemListElement":[{"@type":"ListItem","position":1,"name":"Accueil","item":"https:\/\/footdavant.fr\/actualites\/"},{"@type":"ListItem","position":2,"name":"Aston Villa pleure le d\u00e9c\u00e8s du h\u00e9ros de la Coupe d&#39;Europe Gary Shaw"}]},{"@type":"WebSite","@id":"https:\/\/footdavant.fr\/actualites\/#website","url":"https:\/\/footdavant.fr\/actualites\/","name":"Foot d'avant","description":"","publisher":{"@id":"https:\/\/footdavant.fr\/actualites\/#organization"},"potentialAction":[{"@type":"SearchAction","target":{"@type":"EntryPoint","urlTemplate":"https:\/\/footdavant.fr\/actualites\/?s={search_term_string}"},"query-input":"required name=search_term_string"}],"inLanguage":"fr-FR"},{"@type":"Organization","@id":"https:\/\/footdavant.fr\/actualites\/#organization","name":"Foot d'avant","url":"https:\/\/footdavant.fr\/actualites\/","logo":{"@type":"ImageObject","inLanguage":"fr-FR","@id":"https:\/\/footdavant.fr\/actualites\/#\/schema\/logo\/image\/","url":"https:\/\/footdavant.fr\/actualites\/wp-content\/uploads\/2023\/09\/Copy-of-FootDavant-Logo.png","contentUrl":"https:\/\/footdavant.fr\/actualites\/wp-content\/uploads\/2023\/09\/Copy-of-FootDavant-Logo.png","width":936,"height":549,"caption":"Foot d'avant"},"image":{"@id":"https:\/\/footdavant.fr\/actualites\/#\/schema\/logo\/image\/"},"sameAs":["https:\/\/www.facebook.com\/Footdavant\/","https:\/\/twitter.com\/FootdavantFr","https:\/\/www.instagram.com\/footdavant.fr\/"]},{"@type":"Person","@id":"https:\/\/footdavant.fr\/actualites\/#\/schema\/person\/bc222566d95871b37e597b3ed3ba5e1d","name":"Cl\u00e9ment","image":{"@type":"ImageObject","inLanguage":"fr-FR","@id":"https:\/\/footdavant.fr\/actualites\/#\/schema\/person\/image\/","url":"https:\/\/secure.gravatar.com\/avatar\/7728b29aac2719421e1a9159b2254c44?s=96&d=mm&r=g","contentUrl":"https:\/\/secure.gravatar.com\/avatar\/7728b29aac2719421e1a9159b2254c44?s=96&d=mm&r=g","caption":"Cl\u00e9ment"},"sameAs":["https:\/\/footdavant.fr\/"]}]}},"_links":{"self":[{"href":"https:\/\/footdavant.fr\/actualites\/wp-json\/wp\/v2\/posts\/13480"}],"collection":[{"href":"https:\/\/footdavant.fr\/actualites\/wp-json\/wp\/v2\/posts"}],"about":[{"href":"https:\/\/footdavant.fr\/actualites\/wp-json\/wp\/v2\/types\/post"}],"author":[{"embeddable":true,"href":"https:\/\/footdavant.fr\/actualites\/wp-json\/wp\/v2\/users\/1"}],"replies":[{"embeddable":true,"href":"https:\/\/footdavant.fr\/actualites\/wp-json\/wp\/v2\/comments?post=13480"}],"version-history":[{"count":1,"href":"https:\/\/footdavant.fr\/actualites\/wp-json\/wp\/v2\/posts\/13480\/revisions"}],"predecessor-version":[{"id":13482,"href":"https:\/\/footdavant.fr\/actualites\/wp-json\/wp\/v2\/posts\/13480\/revisions\/13482"}],"wp:featuredmedia":[{"embeddable":true,"href":"https:\/\/footdavant.fr\/actualites\/wp-json\/wp\/v2\/media\/13481"}],"wp:attachment":[{"href":"https:\/\/footdavant.fr\/actualites\/wp-json\/wp\/v2\/media?parent=13480"}],"wp:term":[{"taxonomy":"category","embeddable":true,"href":"https:\/\/footdavant.fr\/actualites\/wp-json\/wp\/v2\/categories?post=13480"},{"taxonomy":"post_tag","embeddable":true,"href":"https:\/\/footdavant.fr\/actualites\/wp-json\/wp\/v2\/tags?post=13480"}],"curies":[{"name":"wp","href":"https:\/\/api.w.org\/{rel}","templated":true}]}}