{"id":13483,"date":"2024-09-16T18:48:24","date_gmt":"2024-09-16T16:48:24","guid":{"rendered":"https:\/\/footdavant.fr\/actualites\/erik-ten-hag-critique-le-calendrier-de-manchester-united-apres-la-victoire-de-southampton\/"},"modified":"2024-09-16T18:48:28","modified_gmt":"2024-09-16T16:48:28","slug":"erik-ten-hag-critique-le-calendrier-de-manchester-united-apres-la-victoire-de-southampton","status":"publish","type":"post","link":"https:\/\/footdavant.fr\/actualites\/erik-ten-hag-critique-le-calendrier-de-manchester-united-apres-la-victoire-de-southampton\/","title":{"rendered":"Erik ten Hag critique le calendrier de Manchester United apr\u00e8s la victoire de Southampton"},"content":{"rendered":"<p>Le patron de Manchester United, Erik ten Hag, critique le calendrier \u00ab injuste \u00bb de son \u00e9quipe apr\u00e8s la victoire 3-0 de samedi contre Southampton.<\/p>\n<div id=\"article_body\" itemprop=\"articleBody\">\n<h3 class=\"firstPara\">\n<strong class=\"autotag\">Manchester United<\/strong> chef <strong class=\"autotag\">Erik le sorcier<\/strong> a critiqu\u00e9 la Premier League pour le calendrier de son \u00e9quipe apr\u00e8s la victoire 3-0 de samedi contre Southampton.<\/h3>\n<p>Les Red Devils sont revenus de la pause internationale avec un coup d&#39;envoi \u00e0 12h30 (BST) contre les Saints \u00e0 St Mary&#39;s.<\/p>\n<p>Manchester United a d\u00e9marr\u00e9 lentement et s&#39;est presque retrouv\u00e9 men\u00e9 au score lorsque <strong class=\"autotag\">Southampton<\/strong> ont obtenu un penalty juste apr\u00e8s la demi-heure de jeu.<\/p>\n<p>Cependant, <strong class=\"autotag\">Andr\u00e9 Onana<\/strong> a r\u00e9alis\u00e9 un arr\u00eat crucial sur un penalty pour nier <strong class=\"autotag\">Cameron Archer<\/strong> et renverser la tendance en faveur de Manchester United.<\/p>\n<p>Les visiteurs n&#39;ont pas perdu de temps pour ouvrir le score gr\u00e2ce \u00e0 <strong class=\"autotag\">Matthijs de Ligt<\/strong>avant <strong class=\"autotag\">Marcus Rashford<\/strong> a doubl\u00e9 l&#39;avantage \u00e0 la 41e minute.<\/p>\n<p><strong class=\"autotag\">Alejandro Garnacho<\/strong> a ajout\u00e9 un troisi\u00e8me \u00e0 la 96e minute pour conclure une d\u00e9monstration dominante et la deuxi\u00e8me victoire de Manchester United de la saison.<\/p>\n<p class=\"imgI\">\n<h2 class=\"k3\">Ten Hag critique le calendrier de Manchester United<\/h2>\n<p>Bien qu&#39;il soit satisfait du r\u00e9sultat, Ten Hag a critiqu\u00e9 la programmation des coups d&#39;envoi t\u00f4t et tard dans la soir\u00e9e en Premier League.<\/p>\n<p>Ten Hag a d\u00e9clar\u00e9 aux journalistes : \u00ab Tout d&#39;abord, pour les fans, c&#39;est tr\u00e8s injuste de faire face \u00e0 cela, avec des matchs \u00e0 l&#39;ext\u00e9rieur \u00e0 20 heures un samedi soir, \u00e0 12h30, ce n&#39;est pas bien, mais ils sont toujours l\u00e0.<\/p>\n<p>\u00ab Je suis tellement fier de nos fans, ils sont toujours l\u00e0, quoi qu&#39;il arrive sur le terrain, ils soutiennent toujours l&#39;\u00e9quipe et il y a une tr\u00e8s bonne connexion.<\/p>\n<p>\u00ab Ils apportent une tr\u00e8s bonne ambiance \u00e0 Old Trafford et \u00e9galement lors des matchs \u00e0 l&#39;ext\u00e9rieur. Je pense que la Premier League devrait y pr\u00eater attention. \u00bb<\/p>\n<p>Le match de samedi repr\u00e9sentait la deuxi\u00e8me fois cette saison que Manchester United se rendait sur la c\u00f4te sud pour un coup d&#39;envoi \u00e0 l&#39;heure du d\u00e9jeuner apr\u00e8s avoir affront\u00e9 Brighton \u00e0 12h30 le 24 ao\u00fbt.<\/p>\n<p class=\"imgI\"><img decoding=\"async\" loading=\"lazy\" class=\"l\" src=\"https:\/\/footdavant.fr\/actualites\/wp-content\/uploads\/2024\/09\/1726505304_38_Erik-ten-Hag-critique-le-calendrier-de-Manchester-United-apres.jpg\" title=\"Le manager de Manchester United, Erik ten Hag, le 14 septembre 2024\" alt=\"Le manager de Manchester United, Erik ten Hag, le 14 septembre 2024\" width=\"640\" height=\"480\"><\/p>\n<h2 class=\"k3\">Ten Hag d\u00e9plore les d\u00e9savantages li\u00e9s \u00e0 la planification<\/h2>\n<p>Le manager de Manchester United a \u00e9t\u00e9 sans \u00e9quivoque dans sa r\u00e9ponse lorsqu&#39;on lui a demand\u00e9 si le calendrier constituait un inconv\u00e9nient pour son \u00e9quipe. <\/p>\n<p>\u00ab\u00a0C&#39;est un gros d\u00e9savantage\u00a0\u00bb, a ajout\u00e9 Ten Hag. \u00ab\u00a0Mais nous devons faire face \u00e0 cela comme ils l&#39;ont fait aujourd&#39;hui. L&#39;\u00e9quipe est mature, cela n&#39;a pas d&#39;importance, nous devons toujours gagner, nous ne pouvons pas nous excuser\u00a0\u00bb.<\/p>\n<p>Manchester United donnera le coup d&#39;envoi tardif de son prochain match de Premier League le week-end prochain, les Red Devils affronteront Crystal Palace \u00e0 17h30 samedi.<\/p>\n<p>Avant ce match, les Red Devils chercheront \u00e0 n\u00e9gocier le match du troisi\u00e8me tour de la Coupe EFL de mardi contre l&#39;\u00e9quipe de League One Barnsley.<\/p>\n<\/div>\n","protected":false},"excerpt":{"rendered":"<p>Le patron de Manchester United, Erik ten Hag, critique le calendrier \u00ab injuste \u00bb de son \u00e9quipe apr\u00e8s la victoire 3-0 de samedi contre Southampton.<\/p>\n","protected":false},"author":1,"featured_media":13484,"comment_status":"closed","ping_status":"","sticky":false,"template":"","format":"standard","meta":{"footnotes":""},"categories":[5],"tags":[25,634,421,190,192,11,1748,191,13,26],"yoast_head":"<!-- This site is optimized with the Yoast SEO plugin v21.0 - https:\/\/yoast.com\/wordpress\/plugins\/seo\/ -->\n<title>Erik ten Hag critique le calendrier de Manchester United apr\u00e8s la victoire de Southampton<\/title>\n<meta name=\"robots\" content=\"index, follow, max-snippet:-1, max-image-preview:large, max-video-preview:-1\" \/>\n<link rel=\"canonical\" href=\"https:\/\/footdavant.fr\/actualites\/erik-ten-hag-critique-le-calendrier-de-manchester-united-apres-la-victoire-de-southampton\/\" \/>\n<meta property=\"og:locale\" content=\"fr_FR\" \/>\n<meta property=\"og:type\" content=\"article\" \/>\n<meta property=\"og:title\" content=\"Erik ten Hag critique le calendrier de Manchester United apr\u00e8s la victoire de Southampton\" \/>\n<meta property=\"og:description\" content=\"Le patron de Manchester United, Erik ten Hag, critique le calendrier \u00ab injuste \u00bb de son \u00e9quipe apr\u00e8s la victoire 3-0 de samedi contre Southampton.\" \/>\n<meta property=\"og:url\" content=\"https:\/\/footdavant.fr\/actualites\/erik-ten-hag-critique-le-calendrier-de-manchester-united-apres-la-victoire-de-southampton\/\" \/>\n<meta property=\"og:site_name\" content=\"Foot d&#039;avant\" \/>\n<meta property=\"article:publisher\" content=\"https:\/\/www.facebook.com\/Footdavant\/\" \/>\n<meta property=\"article:published_time\" content=\"2024-09-16T16:48:24+00:00\" \/>\n<meta property=\"article:modified_time\" content=\"2024-09-16T16:48:28+00:00\" \/>\n<meta property=\"og:image\" content=\"https:\/\/footdavant.fr\/actualites\/wp-content\/uploads\/2024\/09\/Erik-ten-Hag-critique-le-calendrier-de-Manchester-United-apres.jpg\" \/>\n\t<meta property=\"og:image:width\" content=\"640\" \/>\n\t<meta property=\"og:image:height\" content=\"480\" \/>\n\t<meta property=\"og:image:type\" content=\"image\/jpeg\" \/>\n<meta name=\"author\" content=\"Cl\u00e9ment\" \/>\n<meta name=\"twitter:card\" content=\"summary_large_image\" \/>\n<meta name=\"twitter:creator\" content=\"@FootdavantFr\" \/>\n<meta name=\"twitter:site\" content=\"@FootdavantFr\" \/>\n<meta name=\"twitter:label1\" content=\"\u00c9crit par\" \/>\n\t<meta name=\"twitter:data1\" content=\"Cl\u00e9ment\" \/>\n\t<meta name=\"twitter:label2\" content=\"Dur\u00e9e de lecture estim\u00e9e\" \/>\n\t<meta name=\"twitter:data2\" content=\"2 minutes\" \/>\n<script type=\"application\/ld+json\" class=\"yoast-schema-graph\">{\"@context\":\"https:\/\/schema.org\",\"@graph\":[{\"@type\":\"Article\",\"@id\":\"https:\/\/footdavant.fr\/actualites\/erik-ten-hag-critique-le-calendrier-de-manchester-united-apres-la-victoire-de-southampton\/#article\",\"isPartOf\":{\"@id\":\"https:\/\/footdavant.fr\/actualites\/erik-ten-hag-critique-le-calendrier-de-manchester-united-apres-la-victoire-de-southampton\/\"},\"author\":{\"name\":\"Cl\u00e9ment\",\"@id\":\"https:\/\/footdavant.fr\/actualites\/#\/schema\/person\/bc222566d95871b37e597b3ed3ba5e1d\"},\"headline\":\"Erik ten Hag critique le calendrier de Manchester United apr\u00e8s la victoire de Southampton\",\"datePublished\":\"2024-09-16T16:48:24+00:00\",\"dateModified\":\"2024-09-16T16:48:28+00:00\",\"mainEntityOfPage\":{\"@id\":\"https:\/\/footdavant.fr\/actualites\/erik-ten-hag-critique-le-calendrier-de-manchester-united-apres-la-victoire-de-southampton\/\"},\"wordCount\":510,\"publisher\":{\"@id\":\"https:\/\/footdavant.fr\/actualites\/#organization\"},\"keywords\":[\"apr\u00e8s\",\"calendrier\",\"critique\",\"Erik\",\"Hag\",\"Manchester\",\"Southampton\",\"ten\",\"United\",\"victoire\"],\"articleSection\":[\"Premier League\"],\"inLanguage\":\"fr-FR\"},{\"@type\":\"WebPage\",\"@id\":\"https:\/\/footdavant.fr\/actualites\/erik-ten-hag-critique-le-calendrier-de-manchester-united-apres-la-victoire-de-southampton\/\",\"url\":\"https:\/\/footdavant.fr\/actualites\/erik-ten-hag-critique-le-calendrier-de-manchester-united-apres-la-victoire-de-southampton\/\",\"name\":\"Erik ten Hag critique le calendrier de Manchester United apr\u00e8s la victoire de Southampton\",\"isPartOf\":{\"@id\":\"https:\/\/footdavant.fr\/actualites\/#website\"},\"datePublished\":\"2024-09-16T16:48:24+00:00\",\"dateModified\":\"2024-09-16T16:48:28+00:00\",\"breadcrumb\":{\"@id\":\"https:\/\/footdavant.fr\/actualites\/erik-ten-hag-critique-le-calendrier-de-manchester-united-apres-la-victoire-de-southampton\/#breadcrumb\"},\"inLanguage\":\"fr-FR\",\"potentialAction\":[{\"@type\":\"ReadAction\",\"target\":[\"https:\/\/footdavant.fr\/actualites\/erik-ten-hag-critique-le-calendrier-de-manchester-united-apres-la-victoire-de-southampton\/\"]}]},{\"@type\":\"BreadcrumbList\",\"@id\":\"https:\/\/footdavant.fr\/actualites\/erik-ten-hag-critique-le-calendrier-de-manchester-united-apres-la-victoire-de-southampton\/#breadcrumb\",\"itemListElement\":[{\"@type\":\"ListItem\",\"position\":1,\"name\":\"Accueil\",\"item\":\"https:\/\/footdavant.fr\/actualites\/\"},{\"@type\":\"ListItem\",\"position\":2,\"name\":\"Erik ten Hag critique le calendrier de Manchester United apr\u00e8s la victoire de Southampton\"}]},{\"@type\":\"WebSite\",\"@id\":\"https:\/\/footdavant.fr\/actualites\/#website\",\"url\":\"https:\/\/footdavant.fr\/actualites\/\",\"name\":\"Foot d'avant\",\"description\":\"\",\"publisher\":{\"@id\":\"https:\/\/footdavant.fr\/actualites\/#organization\"},\"potentialAction\":[{\"@type\":\"SearchAction\",\"target\":{\"@type\":\"EntryPoint\",\"urlTemplate\":\"https:\/\/footdavant.fr\/actualites\/?s={search_term_string}\"},\"query-input\":\"required name=search_term_string\"}],\"inLanguage\":\"fr-FR\"},{\"@type\":\"Organization\",\"@id\":\"https:\/\/footdavant.fr\/actualites\/#organization\",\"name\":\"Foot d'avant\",\"url\":\"https:\/\/footdavant.fr\/actualites\/\",\"logo\":{\"@type\":\"ImageObject\",\"inLanguage\":\"fr-FR\",\"@id\":\"https:\/\/footdavant.fr\/actualites\/#\/schema\/logo\/image\/\",\"url\":\"https:\/\/footdavant.fr\/actualites\/wp-content\/uploads\/2023\/09\/Copy-of-FootDavant-Logo.png\",\"contentUrl\":\"https:\/\/footdavant.fr\/actualites\/wp-content\/uploads\/2023\/09\/Copy-of-FootDavant-Logo.png\",\"width\":936,\"height\":549,\"caption\":\"Foot d'avant\"},\"image\":{\"@id\":\"https:\/\/footdavant.fr\/actualites\/#\/schema\/logo\/image\/\"},\"sameAs\":[\"https:\/\/www.facebook.com\/Footdavant\/\",\"https:\/\/twitter.com\/FootdavantFr\",\"https:\/\/www.instagram.com\/footdavant.fr\/\"]},{\"@type\":\"Person\",\"@id\":\"https:\/\/footdavant.fr\/actualites\/#\/schema\/person\/bc222566d95871b37e597b3ed3ba5e1d\",\"name\":\"Cl\u00e9ment\",\"image\":{\"@type\":\"ImageObject\",\"inLanguage\":\"fr-FR\",\"@id\":\"https:\/\/footdavant.fr\/actualites\/#\/schema\/person\/image\/\",\"url\":\"https:\/\/secure.gravatar.com\/avatar\/7728b29aac2719421e1a9159b2254c44?s=96&d=mm&r=g\",\"contentUrl\":\"https:\/\/secure.gravatar.com\/avatar\/7728b29aac2719421e1a9159b2254c44?s=96&d=mm&r=g\",\"caption\":\"Cl\u00e9ment\"},\"sameAs\":[\"https:\/\/footdavant.fr\/\"]}]}<\/script>\n<!-- \/ Yoast SEO plugin. -->","yoast_head_json":{"title":"Erik ten Hag critique le calendrier de Manchester United apr\u00e8s la victoire de Southampton","robots":{"index":"index","follow":"follow","max-snippet":"max-snippet:-1","max-image-preview":"max-image-preview:large","max-video-preview":"max-video-preview:-1"},"canonical":"https:\/\/footdavant.fr\/actualites\/erik-ten-hag-critique-le-calendrier-de-manchester-united-apres-la-victoire-de-southampton\/","og_locale":"fr_FR","og_type":"article","og_title":"Erik ten Hag critique le calendrier de Manchester United apr\u00e8s la victoire de Southampton","og_description":"Le patron de Manchester United, Erik ten Hag, critique le calendrier \u00ab injuste \u00bb de son \u00e9quipe apr\u00e8s la victoire 3-0 de samedi contre Southampton.","og_url":"https:\/\/footdavant.fr\/actualites\/erik-ten-hag-critique-le-calendrier-de-manchester-united-apres-la-victoire-de-southampton\/","og_site_name":"Foot d&#039;avant","article_publisher":"https:\/\/www.facebook.com\/Footdavant\/","article_published_time":"2024-09-16T16:48:24+00:00","article_modified_time":"2024-09-16T16:48:28+00:00","og_image":[{"width":640,"height":480,"url":"https:\/\/footdavant.fr\/actualites\/wp-content\/uploads\/2024\/09\/Erik-ten-Hag-critique-le-calendrier-de-Manchester-United-apres.jpg","type":"image\/jpeg"}],"author":"Cl\u00e9ment","twitter_card":"summary_large_image","twitter_creator":"@FootdavantFr","twitter_site":"@FootdavantFr","twitter_misc":{"\u00c9crit par":"Cl\u00e9ment","Dur\u00e9e de lecture estim\u00e9e":"2 minutes"},"schema":{"@context":"https:\/\/schema.org","@graph":[{"@type":"Article","@id":"https:\/\/footdavant.fr\/actualites\/erik-ten-hag-critique-le-calendrier-de-manchester-united-apres-la-victoire-de-southampton\/#article","isPartOf":{"@id":"https:\/\/footdavant.fr\/actualites\/erik-ten-hag-critique-le-calendrier-de-manchester-united-apres-la-victoire-de-southampton\/"},"author":{"name":"Cl\u00e9ment","@id":"https:\/\/footdavant.fr\/actualites\/#\/schema\/person\/bc222566d95871b37e597b3ed3ba5e1d"},"headline":"Erik ten Hag critique le calendrier de Manchester United apr\u00e8s la victoire de Southampton","datePublished":"2024-09-16T16:48:24+00:00","dateModified":"2024-09-16T16:48:28+00:00","mainEntityOfPage":{"@id":"https:\/\/footdavant.fr\/actualites\/erik-ten-hag-critique-le-calendrier-de-manchester-united-apres-la-victoire-de-southampton\/"},"wordCount":510,"publisher":{"@id":"https:\/\/footdavant.fr\/actualites\/#organization"},"keywords":["apr\u00e8s","calendrier","critique","Erik","Hag","Manchester","Southampton","ten","United","victoire"],"articleSection":["Premier League"],"inLanguage":"fr-FR"},{"@type":"WebPage","@id":"https:\/\/footdavant.fr\/actualites\/erik-ten-hag-critique-le-calendrier-de-manchester-united-apres-la-victoire-de-southampton\/","url":"https:\/\/footdavant.fr\/actualites\/erik-ten-hag-critique-le-calendrier-de-manchester-united-apres-la-victoire-de-southampton\/","name":"Erik ten Hag critique le calendrier de Manchester United apr\u00e8s la victoire de Southampton","isPartOf":{"@id":"https:\/\/footdavant.fr\/actualites\/#website"},"datePublished":"2024-09-16T16:48:24+00:00","dateModified":"2024-09-16T16:48:28+00:00","breadcrumb":{"@id":"https:\/\/footdavant.fr\/actualites\/erik-ten-hag-critique-le-calendrier-de-manchester-united-apres-la-victoire-de-southampton\/#breadcrumb"},"inLanguage":"fr-FR","potentialAction":[{"@type":"ReadAction","target":["https:\/\/footdavant.fr\/actualites\/erik-ten-hag-critique-le-calendrier-de-manchester-united-apres-la-victoire-de-southampton\/"]}]},{"@type":"BreadcrumbList","@id":"https:\/\/footdavant.fr\/actualites\/erik-ten-hag-critique-le-calendrier-de-manchester-united-apres-la-victoire-de-southampton\/#breadcrumb","itemListElement":[{"@type":"ListItem","position":1,"name":"Accueil","item":"https:\/\/footdavant.fr\/actualites\/"},{"@type":"ListItem","position":2,"name":"Erik ten Hag critique le calendrier de Manchester United apr\u00e8s la victoire de Southampton"}]},{"@type":"WebSite","@id":"https:\/\/footdavant.fr\/actualites\/#website","url":"https:\/\/footdavant.fr\/actualites\/","name":"Foot d'avant","description":"","publisher":{"@id":"https:\/\/footdavant.fr\/actualites\/#organization"},"potentialAction":[{"@type":"SearchAction","target":{"@type":"EntryPoint","urlTemplate":"https:\/\/footdavant.fr\/actualites\/?s={search_term_string}"},"query-input":"required name=search_term_string"}],"inLanguage":"fr-FR"},{"@type":"Organization","@id":"https:\/\/footdavant.fr\/actualites\/#organization","name":"Foot d'avant","url":"https:\/\/footdavant.fr\/actualites\/","logo":{"@type":"ImageObject","inLanguage":"fr-FR","@id":"https:\/\/footdavant.fr\/actualites\/#\/schema\/logo\/image\/","url":"https:\/\/footdavant.fr\/actualites\/wp-content\/uploads\/2023\/09\/Copy-of-FootDavant-Logo.png","contentUrl":"https:\/\/footdavant.fr\/actualites\/wp-content\/uploads\/2023\/09\/Copy-of-FootDavant-Logo.png","width":936,"height":549,"caption":"Foot d'avant"},"image":{"@id":"https:\/\/footdavant.fr\/actualites\/#\/schema\/logo\/image\/"},"sameAs":["https:\/\/www.facebook.com\/Footdavant\/","https:\/\/twitter.com\/FootdavantFr","https:\/\/www.instagram.com\/footdavant.fr\/"]},{"@type":"Person","@id":"https:\/\/footdavant.fr\/actualites\/#\/schema\/person\/bc222566d95871b37e597b3ed3ba5e1d","name":"Cl\u00e9ment","image":{"@type":"ImageObject","inLanguage":"fr-FR","@id":"https:\/\/footdavant.fr\/actualites\/#\/schema\/person\/image\/","url":"https:\/\/secure.gravatar.com\/avatar\/7728b29aac2719421e1a9159b2254c44?s=96&d=mm&r=g","contentUrl":"https:\/\/secure.gravatar.com\/avatar\/7728b29aac2719421e1a9159b2254c44?s=96&d=mm&r=g","caption":"Cl\u00e9ment"},"sameAs":["https:\/\/footdavant.fr\/"]}]}},"_links":{"self":[{"href":"https:\/\/footdavant.fr\/actualites\/wp-json\/wp\/v2\/posts\/13483"}],"collection":[{"href":"https:\/\/footdavant.fr\/actualites\/wp-json\/wp\/v2\/posts"}],"about":[{"href":"https:\/\/footdavant.fr\/actualites\/wp-json\/wp\/v2\/types\/post"}],"author":[{"embeddable":true,"href":"https:\/\/footdavant.fr\/actualites\/wp-json\/wp\/v2\/users\/1"}],"replies":[{"embeddable":true,"href":"https:\/\/footdavant.fr\/actualites\/wp-json\/wp\/v2\/comments?post=13483"}],"version-history":[{"count":1,"href":"https:\/\/footdavant.fr\/actualites\/wp-json\/wp\/v2\/posts\/13483\/revisions"}],"predecessor-version":[{"id":13485,"href":"https:\/\/footdavant.fr\/actualites\/wp-json\/wp\/v2\/posts\/13483\/revisions\/13485"}],"wp:featuredmedia":[{"embeddable":true,"href":"https:\/\/footdavant.fr\/actualites\/wp-json\/wp\/v2\/media\/13484"}],"wp:attachment":[{"href":"https:\/\/footdavant.fr\/actualites\/wp-json\/wp\/v2\/media?parent=13483"}],"wp:term":[{"taxonomy":"category","embeddable":true,"href":"https:\/\/footdavant.fr\/actualites\/wp-json\/wp\/v2\/categories?post=13483"},{"taxonomy":"post_tag","embeddable":true,"href":"https:\/\/footdavant.fr\/actualites\/wp-json\/wp\/v2\/tags?post=13483"}],"curies":[{"name":"wp","href":"https:\/\/api.w.org\/{rel}","templated":true}]}}