{"id":13486,"date":"2024-09-16T20:48:07","date_gmt":"2024-09-16T18:48:07","guid":{"rendered":"https:\/\/footdavant.fr\/actualites\/matthijs-de-ligt-et-amad-diallo-nommes-dans-whoscored-apres-leurs-excellentes-performances-contre-southampton\/"},"modified":"2024-09-16T20:48:11","modified_gmt":"2024-09-16T18:48:11","slug":"matthijs-de-ligt-et-amad-diallo-nommes-dans-whoscored-apres-leurs-excellentes-performances-contre-southampton","status":"publish","type":"post","link":"https:\/\/footdavant.fr\/actualites\/matthijs-de-ligt-et-amad-diallo-nommes-dans-whoscored-apres-leurs-excellentes-performances-contre-southampton\/","title":{"rendered":"Matthijs de Ligt et Amad Diallo nomm\u00e9s dans WhoScored apr\u00e8s leurs excellentes performances contre Southampton &#8211;"},"content":{"rendered":"<div id=\"penci-post-entry-inner\">\n<p>\t\t\t<i class=\"penci-post-countview-number-check\" style=\"display:none\">3<\/i><\/p>\n<p><!--Article Start--><br \/>Le duo de Manchester United, Matthijs de Ligt et Amad Diallo, a \u00e9t\u00e9 nomm\u00e9 dans l&#39;\u00e9quipe de la semaine de WhoScored apr\u00e8s leurs performances exceptionnelles contre Southampton.<\/p>\n<p>Manchester United a renou\u00e9 avec la victoire en battant les Saints 3-0 \u00e0 St Mary&#39;s samedi.<\/p>\n<p>De Ligt, qui a connu une tr\u00eave internationale extr\u00eamement difficile et troublante avec les Pays-Bas, a fait taire ses d\u00e9tracteurs de belle mani\u00e8re en ouvrant le score gr\u00e2ce \u00e0 une superbe t\u00eate.<\/p>\n<p>Six minutes plus tard, Marcus Rashford a inscrit le deuxi\u00e8me but du match pour United et est ainsi devenu le cinqui\u00e8me joueur du club \u00e0 marquer en 10 saisons de Premier League, rejoignant ainsi Ryan Giggs, Paul Scholes, Wayne Rooney et Roy Keane.<\/p>\n<p>Alejandro Garnacho est entr\u00e9 en jeu en fin de match pour sceller la victoire des Red Devils et garantir qu&#39;il y avait peu ou pas de chance que Southampton effectue un retour spectaculaire.<\/p>\n<p>Au-del\u00e0 de son but, De Ligt a \u00e9t\u00e9 un roc \u00e0 l&#39;arri\u00e8re pour United.<\/p>\n<p>Le N\u00e9erlandais a r\u00e9ussi un impressionnant 92% de r\u00e9ussite de ses passes et deux tirs cadr\u00e9s. Il a remport\u00e9 trois de ses cinq duels au sol et les trois duels a\u00e9riens auxquels il a particip\u00e9.<\/p>\n<p>WhoScored a attribu\u00e9 \u00e0 De Ligt la note la plus \u00e9lev\u00e9e (8,95) de tous les joueurs de champ de son \u00e9quipe de la semaine.<\/p>\n<p>Le joueur de 25 ans a \u00e9t\u00e9 align\u00e9 dans une d\u00e9fense compos\u00e9e \u00e9galement de Dara O&#39;Shea (Ipswich Town) et Gabriel Magalhaes (Arsenal). Derri\u00e8re eux, le gardien \u00e9tait Arijanet Muric.<\/p>\n<p>Contre Southampton, Amad \u00e9tait la principale source de menace pour United.<\/p>\n<p>Aucun joueur de la quatri\u00e8me journ\u00e9e de Premier League n&#39;a cr\u00e9\u00e9 plus d&#39;occasions que les quatre Ivoiriens.<\/p>\n<blockquote class=\"twitter-tweet\" data-width=\"550\" data-dnt=\"true\">\n<p lang=\"en\" dir=\"ltr\">Aucun joueur de la GW4 de la Premier League n&#39;a cr\u00e9\u00e9 plus d&#39;occasions qu&#39;Amad Diallo contre Southampton (6) \ud83d\udcc8<a rel=\"nofollow\" href=\"https:\/\/twitter.com\/hashtag\/MUFC?src=hash&amp;ref_src=twsrc%5Etfw\">#MUFC<\/a> \ud83d\udd34 <a rel=\"nofollow\" href=\"https:\/\/t.co\/RnQIo33odw\">pic.twitter.com\/RnQIo33odw<\/a><\/p>\n<p>\u2014 PFF FC (@PFF_FC) <a rel=\"nofollow\" href=\"https:\/\/twitter.com\/PFF_FC\/status\/1835714790095769822?ref_src=twsrc%5Etfw\">16 septembre 2024<\/a><\/p>\n<\/blockquote>\n<p>Il a \u00e9t\u00e9 inclus dans le milieu de terrain de WhoScored aux c\u00f4t\u00e9s de Dwight McNeill (Everton), Wilfred Nidid (Leicester City), Gabriel Martinelli (Arsenal) et Harvey Barnes (Newcastle).<\/p>\n<p>Erling Haaland (Manchester City) et Ollie Watkins (Aston Villa) compl\u00e8tent le XI.<\/p>\n<blockquote class=\"twitter-tweet\" data-width=\"550\" data-dnt=\"true\">\n<p lang=\"en\" dir=\"ltr\">\u00c9quipe de la semaine en Premier League <a rel=\"nofollow\" href=\"https:\/\/t.co\/4mPV8IIWW7\">pic.twitter.com\/4mPV8IIWW7<\/a><\/p>\n<p>\u2014 WhoScored.com (@WhoScored) <a rel=\"nofollow\" href=\"https:\/\/twitter.com\/WhoScored\/status\/1835668824022032486?ref_src=twsrc%5Etfw\">16 septembre 2024<\/a><\/p>\n<\/blockquote>\n<p>United revient \u00e0 l&#39;action mardi lorsqu&#39;il affrontera Barnsley au troisi\u00e8me tour de la Coupe EFL.<\/p>\n<hr>\n<p>\n <b>Jouez gratuitement pour gagner le nouveau kit United !<\/b> Nous offrons un nouveau prix \u00e0 chaque semaine de match de la PL, offert par Goat Kits\u00a0! Pour jouer, il vous suffit de (1) rejoindre la toute nouvelle ligue PL Challenge de cette semaine ici avec notre code de ligue puu1tk et d&#39;inscrire votre \u00e9quipe. (2) <a rel=\"nofollow noopener\" href=\"https:\/\/twitter.com\/intent\/user?screen_name=_peoplesperson_\" target=\"_blank\">Suivez The Peoples Person sur X<\/a> et r\u00e9pondez \u00e0 la question d\u00e9cisive. Instructions et r\u00e8gles compl\u00e8tes ici.<br \/>\nVous pouvez \u00e9galement visiter Goat Kits sur goatkitstore.com et utiliser le code de r\u00e9duction TPP30 pour obtenir 30 % de r\u00e9duction sur votre premier achat !<br \/>\n<!--Article End--><\/p>\n<p><!-- CONTENT END 3 --><\/p><\/div>\n<p><script async src=\"https:\/\/platform.twitter.com\/widgets.js\" charset=\"utf-8\"><\/script><\/p>\n","protected":false},"excerpt":{"rendered":"<p>3 Le duo de Manchester United, Matthijs de Ligt et Amad Diallo, a \u00e9t\u00e9 nomm\u00e9 dans l&#39;\u00e9quipe de la semaine de WhoScored apr\u00e8s leurs performances<\/p>\n","protected":false},"author":1,"featured_media":13487,"comment_status":"closed","ping_status":"","sticky":false,"template":"","format":"standard","meta":{"footnotes":""},"categories":[3],"tags":[833,25,20,19,834,6434,1434,5304,5303,6432,1966,1748,6433],"yoast_head":"<!-- This site is optimized with the Yoast SEO plugin v21.0 - https:\/\/yoast.com\/wordpress\/plugins\/seo\/ -->\n<title>Matthijs de Ligt et Amad Diallo nomm\u00e9s dans WhoScored apr\u00e8s leurs excellentes performances contre Southampton -<\/title>\n<meta name=\"robots\" content=\"index, follow, max-snippet:-1, max-image-preview:large, max-video-preview:-1\" \/>\n<link rel=\"canonical\" href=\"https:\/\/footdavant.fr\/actualites\/matthijs-de-ligt-et-amad-diallo-nommes-dans-whoscored-apres-leurs-excellentes-performances-contre-southampton\/\" \/>\n<meta property=\"og:locale\" content=\"fr_FR\" \/>\n<meta property=\"og:type\" content=\"article\" \/>\n<meta property=\"og:title\" content=\"Matthijs de Ligt et Amad Diallo nomm\u00e9s dans WhoScored apr\u00e8s leurs excellentes performances contre Southampton -\" \/>\n<meta property=\"og:description\" content=\"3 Le duo de Manchester United, Matthijs de Ligt et Amad Diallo, a \u00e9t\u00e9 nomm\u00e9 dans l&#039;\u00e9quipe de la semaine de WhoScored apr\u00e8s leurs performances\" \/>\n<meta property=\"og:url\" content=\"https:\/\/footdavant.fr\/actualites\/matthijs-de-ligt-et-amad-diallo-nommes-dans-whoscored-apres-leurs-excellentes-performances-contre-southampton\/\" \/>\n<meta property=\"og:site_name\" content=\"Foot d&#039;avant\" \/>\n<meta property=\"article:publisher\" content=\"https:\/\/www.facebook.com\/Footdavant\/\" \/>\n<meta property=\"article:published_time\" content=\"2024-09-16T18:48:07+00:00\" \/>\n<meta property=\"article:modified_time\" content=\"2024-09-16T18:48:11+00:00\" \/>\n<meta property=\"og:image\" content=\"https:\/\/footdavant.fr\/actualites\/wp-content\/uploads\/2024\/09\/Matthijs-de-Ligt-et-Amad-Diallo-nommes-dans-WhoScored-apres.jpg\" \/>\n\t<meta property=\"og:image:width\" content=\"1600\" \/>\n\t<meta property=\"og:image:height\" content=\"707\" \/>\n\t<meta property=\"og:image:type\" content=\"image\/jpeg\" \/>\n<meta name=\"author\" content=\"Cl\u00e9ment\" \/>\n<meta name=\"twitter:card\" content=\"summary_large_image\" \/>\n<meta name=\"twitter:creator\" content=\"@FootdavantFr\" \/>\n<meta name=\"twitter:site\" content=\"@FootdavantFr\" \/>\n<meta name=\"twitter:label1\" content=\"\u00c9crit par\" \/>\n\t<meta name=\"twitter:data1\" content=\"Cl\u00e9ment\" \/>\n\t<meta name=\"twitter:label2\" content=\"Dur\u00e9e de lecture estim\u00e9e\" \/>\n\t<meta name=\"twitter:data2\" content=\"3 minutes\" \/>\n<script type=\"application\/ld+json\" class=\"yoast-schema-graph\">{\"@context\":\"https:\/\/schema.org\",\"@graph\":[{\"@type\":\"Article\",\"@id\":\"https:\/\/footdavant.fr\/actualites\/matthijs-de-ligt-et-amad-diallo-nommes-dans-whoscored-apres-leurs-excellentes-performances-contre-southampton\/#article\",\"isPartOf\":{\"@id\":\"https:\/\/footdavant.fr\/actualites\/matthijs-de-ligt-et-amad-diallo-nommes-dans-whoscored-apres-leurs-excellentes-performances-contre-southampton\/\"},\"author\":{\"name\":\"Cl\u00e9ment\",\"@id\":\"https:\/\/footdavant.fr\/actualites\/#\/schema\/person\/bc222566d95871b37e597b3ed3ba5e1d\"},\"headline\":\"Matthijs de Ligt et Amad Diallo nomm\u00e9s dans WhoScored apr\u00e8s leurs excellentes performances contre Southampton &#8211;\",\"datePublished\":\"2024-09-16T18:48:07+00:00\",\"dateModified\":\"2024-09-16T18:48:11+00:00\",\"mainEntityOfPage\":{\"@id\":\"https:\/\/footdavant.fr\/actualites\/matthijs-de-ligt-et-amad-diallo-nommes-dans-whoscored-apres-leurs-excellentes-performances-contre-southampton\/\"},\"wordCount\":524,\"publisher\":{\"@id\":\"https:\/\/footdavant.fr\/actualites\/#organization\"},\"keywords\":[\"Amad\",\"apr\u00e8s\",\"contre\",\"dans\",\"Diallo\",\"excellentes\",\"leurs\",\"Ligt\",\"Matthijs\",\"nomm\u00e9s\",\"performances\",\"Southampton\",\"WhoScored\"],\"articleSection\":[\"Football\"],\"inLanguage\":\"fr-FR\"},{\"@type\":\"WebPage\",\"@id\":\"https:\/\/footdavant.fr\/actualites\/matthijs-de-ligt-et-amad-diallo-nommes-dans-whoscored-apres-leurs-excellentes-performances-contre-southampton\/\",\"url\":\"https:\/\/footdavant.fr\/actualites\/matthijs-de-ligt-et-amad-diallo-nommes-dans-whoscored-apres-leurs-excellentes-performances-contre-southampton\/\",\"name\":\"Matthijs de Ligt et Amad Diallo nomm\u00e9s dans WhoScored apr\u00e8s leurs excellentes performances contre Southampton -\",\"isPartOf\":{\"@id\":\"https:\/\/footdavant.fr\/actualites\/#website\"},\"datePublished\":\"2024-09-16T18:48:07+00:00\",\"dateModified\":\"2024-09-16T18:48:11+00:00\",\"breadcrumb\":{\"@id\":\"https:\/\/footdavant.fr\/actualites\/matthijs-de-ligt-et-amad-diallo-nommes-dans-whoscored-apres-leurs-excellentes-performances-contre-southampton\/#breadcrumb\"},\"inLanguage\":\"fr-FR\",\"potentialAction\":[{\"@type\":\"ReadAction\",\"target\":[\"https:\/\/footdavant.fr\/actualites\/matthijs-de-ligt-et-amad-diallo-nommes-dans-whoscored-apres-leurs-excellentes-performances-contre-southampton\/\"]}]},{\"@type\":\"BreadcrumbList\",\"@id\":\"https:\/\/footdavant.fr\/actualites\/matthijs-de-ligt-et-amad-diallo-nommes-dans-whoscored-apres-leurs-excellentes-performances-contre-southampton\/#breadcrumb\",\"itemListElement\":[{\"@type\":\"ListItem\",\"position\":1,\"name\":\"Accueil\",\"item\":\"https:\/\/footdavant.fr\/actualites\/\"},{\"@type\":\"ListItem\",\"position\":2,\"name\":\"Matthijs de Ligt et Amad Diallo nomm\u00e9s dans WhoScored apr\u00e8s leurs excellentes performances contre Southampton &#8211;\"}]},{\"@type\":\"WebSite\",\"@id\":\"https:\/\/footdavant.fr\/actualites\/#website\",\"url\":\"https:\/\/footdavant.fr\/actualites\/\",\"name\":\"Foot d'avant\",\"description\":\"\",\"publisher\":{\"@id\":\"https:\/\/footdavant.fr\/actualites\/#organization\"},\"potentialAction\":[{\"@type\":\"SearchAction\",\"target\":{\"@type\":\"EntryPoint\",\"urlTemplate\":\"https:\/\/footdavant.fr\/actualites\/?s={search_term_string}\"},\"query-input\":\"required name=search_term_string\"}],\"inLanguage\":\"fr-FR\"},{\"@type\":\"Organization\",\"@id\":\"https:\/\/footdavant.fr\/actualites\/#organization\",\"name\":\"Foot d'avant\",\"url\":\"https:\/\/footdavant.fr\/actualites\/\",\"logo\":{\"@type\":\"ImageObject\",\"inLanguage\":\"fr-FR\",\"@id\":\"https:\/\/footdavant.fr\/actualites\/#\/schema\/logo\/image\/\",\"url\":\"https:\/\/footdavant.fr\/actualites\/wp-content\/uploads\/2023\/09\/Copy-of-FootDavant-Logo.png\",\"contentUrl\":\"https:\/\/footdavant.fr\/actualites\/wp-content\/uploads\/2023\/09\/Copy-of-FootDavant-Logo.png\",\"width\":936,\"height\":549,\"caption\":\"Foot d'avant\"},\"image\":{\"@id\":\"https:\/\/footdavant.fr\/actualites\/#\/schema\/logo\/image\/\"},\"sameAs\":[\"https:\/\/www.facebook.com\/Footdavant\/\",\"https:\/\/twitter.com\/FootdavantFr\",\"https:\/\/www.instagram.com\/footdavant.fr\/\"]},{\"@type\":\"Person\",\"@id\":\"https:\/\/footdavant.fr\/actualites\/#\/schema\/person\/bc222566d95871b37e597b3ed3ba5e1d\",\"name\":\"Cl\u00e9ment\",\"image\":{\"@type\":\"ImageObject\",\"inLanguage\":\"fr-FR\",\"@id\":\"https:\/\/footdavant.fr\/actualites\/#\/schema\/person\/image\/\",\"url\":\"https:\/\/secure.gravatar.com\/avatar\/7728b29aac2719421e1a9159b2254c44?s=96&d=mm&r=g\",\"contentUrl\":\"https:\/\/secure.gravatar.com\/avatar\/7728b29aac2719421e1a9159b2254c44?s=96&d=mm&r=g\",\"caption\":\"Cl\u00e9ment\"},\"sameAs\":[\"https:\/\/footdavant.fr\/\"]}]}<\/script>\n<!-- \/ Yoast SEO plugin. -->","yoast_head_json":{"title":"Matthijs de Ligt et Amad Diallo nomm\u00e9s dans WhoScored apr\u00e8s leurs excellentes performances contre Southampton -","robots":{"index":"index","follow":"follow","max-snippet":"max-snippet:-1","max-image-preview":"max-image-preview:large","max-video-preview":"max-video-preview:-1"},"canonical":"https:\/\/footdavant.fr\/actualites\/matthijs-de-ligt-et-amad-diallo-nommes-dans-whoscored-apres-leurs-excellentes-performances-contre-southampton\/","og_locale":"fr_FR","og_type":"article","og_title":"Matthijs de Ligt et Amad Diallo nomm\u00e9s dans WhoScored apr\u00e8s leurs excellentes performances contre Southampton -","og_description":"3 Le duo de Manchester United, Matthijs de Ligt et Amad Diallo, a \u00e9t\u00e9 nomm\u00e9 dans l&#39;\u00e9quipe de la semaine de WhoScored apr\u00e8s leurs performances","og_url":"https:\/\/footdavant.fr\/actualites\/matthijs-de-ligt-et-amad-diallo-nommes-dans-whoscored-apres-leurs-excellentes-performances-contre-southampton\/","og_site_name":"Foot d&#039;avant","article_publisher":"https:\/\/www.facebook.com\/Footdavant\/","article_published_time":"2024-09-16T18:48:07+00:00","article_modified_time":"2024-09-16T18:48:11+00:00","og_image":[{"width":1600,"height":707,"url":"https:\/\/footdavant.fr\/actualites\/wp-content\/uploads\/2024\/09\/Matthijs-de-Ligt-et-Amad-Diallo-nommes-dans-WhoScored-apres.jpg","type":"image\/jpeg"}],"author":"Cl\u00e9ment","twitter_card":"summary_large_image","twitter_creator":"@FootdavantFr","twitter_site":"@FootdavantFr","twitter_misc":{"\u00c9crit par":"Cl\u00e9ment","Dur\u00e9e de lecture estim\u00e9e":"3 minutes"},"schema":{"@context":"https:\/\/schema.org","@graph":[{"@type":"Article","@id":"https:\/\/footdavant.fr\/actualites\/matthijs-de-ligt-et-amad-diallo-nommes-dans-whoscored-apres-leurs-excellentes-performances-contre-southampton\/#article","isPartOf":{"@id":"https:\/\/footdavant.fr\/actualites\/matthijs-de-ligt-et-amad-diallo-nommes-dans-whoscored-apres-leurs-excellentes-performances-contre-southampton\/"},"author":{"name":"Cl\u00e9ment","@id":"https:\/\/footdavant.fr\/actualites\/#\/schema\/person\/bc222566d95871b37e597b3ed3ba5e1d"},"headline":"Matthijs de Ligt et Amad Diallo nomm\u00e9s dans WhoScored apr\u00e8s leurs excellentes performances contre Southampton &#8211;","datePublished":"2024-09-16T18:48:07+00:00","dateModified":"2024-09-16T18:48:11+00:00","mainEntityOfPage":{"@id":"https:\/\/footdavant.fr\/actualites\/matthijs-de-ligt-et-amad-diallo-nommes-dans-whoscored-apres-leurs-excellentes-performances-contre-southampton\/"},"wordCount":524,"publisher":{"@id":"https:\/\/footdavant.fr\/actualites\/#organization"},"keywords":["Amad","apr\u00e8s","contre","dans","Diallo","excellentes","leurs","Ligt","Matthijs","nomm\u00e9s","performances","Southampton","WhoScored"],"articleSection":["Football"],"inLanguage":"fr-FR"},{"@type":"WebPage","@id":"https:\/\/footdavant.fr\/actualites\/matthijs-de-ligt-et-amad-diallo-nommes-dans-whoscored-apres-leurs-excellentes-performances-contre-southampton\/","url":"https:\/\/footdavant.fr\/actualites\/matthijs-de-ligt-et-amad-diallo-nommes-dans-whoscored-apres-leurs-excellentes-performances-contre-southampton\/","name":"Matthijs de Ligt et Amad Diallo nomm\u00e9s dans WhoScored apr\u00e8s leurs excellentes performances contre Southampton -","isPartOf":{"@id":"https:\/\/footdavant.fr\/actualites\/#website"},"datePublished":"2024-09-16T18:48:07+00:00","dateModified":"2024-09-16T18:48:11+00:00","breadcrumb":{"@id":"https:\/\/footdavant.fr\/actualites\/matthijs-de-ligt-et-amad-diallo-nommes-dans-whoscored-apres-leurs-excellentes-performances-contre-southampton\/#breadcrumb"},"inLanguage":"fr-FR","potentialAction":[{"@type":"ReadAction","target":["https:\/\/footdavant.fr\/actualites\/matthijs-de-ligt-et-amad-diallo-nommes-dans-whoscored-apres-leurs-excellentes-performances-contre-southampton\/"]}]},{"@type":"BreadcrumbList","@id":"https:\/\/footdavant.fr\/actualites\/matthijs-de-ligt-et-amad-diallo-nommes-dans-whoscored-apres-leurs-excellentes-performances-contre-southampton\/#breadcrumb","itemListElement":[{"@type":"ListItem","position":1,"name":"Accueil","item":"https:\/\/footdavant.fr\/actualites\/"},{"@type":"ListItem","position":2,"name":"Matthijs de Ligt et Amad Diallo nomm\u00e9s dans WhoScored apr\u00e8s leurs excellentes performances contre Southampton &#8211;"}]},{"@type":"WebSite","@id":"https:\/\/footdavant.fr\/actualites\/#website","url":"https:\/\/footdavant.fr\/actualites\/","name":"Foot d'avant","description":"","publisher":{"@id":"https:\/\/footdavant.fr\/actualites\/#organization"},"potentialAction":[{"@type":"SearchAction","target":{"@type":"EntryPoint","urlTemplate":"https:\/\/footdavant.fr\/actualites\/?s={search_term_string}"},"query-input":"required name=search_term_string"}],"inLanguage":"fr-FR"},{"@type":"Organization","@id":"https:\/\/footdavant.fr\/actualites\/#organization","name":"Foot d'avant","url":"https:\/\/footdavant.fr\/actualites\/","logo":{"@type":"ImageObject","inLanguage":"fr-FR","@id":"https:\/\/footdavant.fr\/actualites\/#\/schema\/logo\/image\/","url":"https:\/\/footdavant.fr\/actualites\/wp-content\/uploads\/2023\/09\/Copy-of-FootDavant-Logo.png","contentUrl":"https:\/\/footdavant.fr\/actualites\/wp-content\/uploads\/2023\/09\/Copy-of-FootDavant-Logo.png","width":936,"height":549,"caption":"Foot d'avant"},"image":{"@id":"https:\/\/footdavant.fr\/actualites\/#\/schema\/logo\/image\/"},"sameAs":["https:\/\/www.facebook.com\/Footdavant\/","https:\/\/twitter.com\/FootdavantFr","https:\/\/www.instagram.com\/footdavant.fr\/"]},{"@type":"Person","@id":"https:\/\/footdavant.fr\/actualites\/#\/schema\/person\/bc222566d95871b37e597b3ed3ba5e1d","name":"Cl\u00e9ment","image":{"@type":"ImageObject","inLanguage":"fr-FR","@id":"https:\/\/footdavant.fr\/actualites\/#\/schema\/person\/image\/","url":"https:\/\/secure.gravatar.com\/avatar\/7728b29aac2719421e1a9159b2254c44?s=96&d=mm&r=g","contentUrl":"https:\/\/secure.gravatar.com\/avatar\/7728b29aac2719421e1a9159b2254c44?s=96&d=mm&r=g","caption":"Cl\u00e9ment"},"sameAs":["https:\/\/footdavant.fr\/"]}]}},"_links":{"self":[{"href":"https:\/\/footdavant.fr\/actualites\/wp-json\/wp\/v2\/posts\/13486"}],"collection":[{"href":"https:\/\/footdavant.fr\/actualites\/wp-json\/wp\/v2\/posts"}],"about":[{"href":"https:\/\/footdavant.fr\/actualites\/wp-json\/wp\/v2\/types\/post"}],"author":[{"embeddable":true,"href":"https:\/\/footdavant.fr\/actualites\/wp-json\/wp\/v2\/users\/1"}],"replies":[{"embeddable":true,"href":"https:\/\/footdavant.fr\/actualites\/wp-json\/wp\/v2\/comments?post=13486"}],"version-history":[{"count":1,"href":"https:\/\/footdavant.fr\/actualites\/wp-json\/wp\/v2\/posts\/13486\/revisions"}],"predecessor-version":[{"id":13488,"href":"https:\/\/footdavant.fr\/actualites\/wp-json\/wp\/v2\/posts\/13486\/revisions\/13488"}],"wp:featuredmedia":[{"embeddable":true,"href":"https:\/\/footdavant.fr\/actualites\/wp-json\/wp\/v2\/media\/13487"}],"wp:attachment":[{"href":"https:\/\/footdavant.fr\/actualites\/wp-json\/wp\/v2\/media?parent=13486"}],"wp:term":[{"taxonomy":"category","embeddable":true,"href":"https:\/\/footdavant.fr\/actualites\/wp-json\/wp\/v2\/categories?post=13486"},{"taxonomy":"post_tag","embeddable":true,"href":"https:\/\/footdavant.fr\/actualites\/wp-json\/wp\/v2\/tags?post=13486"}],"curies":[{"name":"wp","href":"https:\/\/api.w.org\/{rel}","templated":true}]}}