{"id":13489,"date":"2024-09-16T21:48:02","date_gmt":"2024-09-16T19:48:02","guid":{"rendered":"https:\/\/footdavant.fr\/actualites\/jessaie-detre-intelligent-emery-admet-que-la-rotation-de-lequipe-de-villa-est-une-possibilite\/"},"modified":"2024-09-16T21:48:05","modified_gmt":"2024-09-16T19:48:05","slug":"jessaie-detre-intelligent-emery-admet-que-la-rotation-de-lequipe-de-villa-est-une-possibilite","status":"publish","type":"post","link":"https:\/\/footdavant.fr\/actualites\/jessaie-detre-intelligent-emery-admet-que-la-rotation-de-lequipe-de-villa-est-une-possibilite\/","title":{"rendered":"\u00ab J&#39;essaie d&#39;\u00eatre intelligent \u00bb : Emery admet que la rotation de l&#39;\u00e9quipe de Villa est une possibilit\u00e9"},"content":{"rendered":"<p>L&#39;entra\u00eeneur-chef d&#39;Aston Villa, Unai Emery, reconna\u00eet qu&#39;il doit \u00eatre ouvert d&#39;esprit en ce qui concerne la rotation des \u00e9quipes en Ligue des champions.<\/p>\n<div id=\"article_body\" itemprop=\"articleBody\">\n<h3 class=\"firstPara\">\n<strong class=\"autotag\">Aston Villa<\/strong> entra\u00eeneur principal <strong class=\"autotag\">Unai Emery<\/strong> a admis qu&#39;il envisagerait d&#39;apporter des changements \u00e0 son onze de d\u00e9part pour le match de mardi <strong class=\"autotag\">Ligue des Champions<\/strong> match d&#39;ouverture contre les Young Boys.<\/h3>\n<p>Ayant atteint les demi-finales de la Ligue Europa Conf\u00e9rence la saison derni\u00e8re, Emery et son \u00e9quipe ne sont pas \u00e9trangers \u00e0 la rotation des effectifs.<\/p>\n<p>Cependant, compte tenu de leur r\u00e9cent \u00e9chec avec les r\u00e9glementations de la Premier League en mati\u00e8re de profit et de durabilit\u00e9 et de leur d\u00e9sir de s&#39;\u00e9tablir \u00e0 la fois sur le plan national et continental, il est plus que jamais n\u00e9cessaire de performer sur tous les fronts.<\/p>\n<p>Villa peut \u00eatre ravi de ses efforts lors des premi\u00e8res phases de l&#39;\u00e9lite anglaise, accumulant neuf points en quatre matches et ne perdant que contre Arsenal.<\/p>\n<p>Cela a jet\u00e9 les bases du d\u00e9but de leur toute premi\u00e8re campagne en Ligue des champions, Emery et ses joueurs \u00e9tant confront\u00e9s \u00e0 huit matches de phase de groupes de mardi jusqu&#39;\u00e0 fin janvier.<\/p>\n<p class=\"imgI\">\n<h2 class=\"k3\">Emery conscient du risque de blessure<\/h2>\n<p>Neuf joueurs ont d\u00e9but\u00e9 chaque match jusqu&#39;\u00e0 pr\u00e9sent, avec quatre joueurs de champ ayant termin\u00e9 les 90 minutes \u00e0 chaque fois.<\/p>\n<p>C&#39;est un sujet de discussion naturel avant le voyage en Suisse pour affronter les Young Boys, en particulier lorsque le derby des West Midlands contre les Wolves aura lieu samedi apr\u00e8s-midi.<\/p>\n<p>L&#39;Espagnol devra trouver un \u00e9quilibre pour aller de l&#39;avant, ce qu&#39;il reconna\u00eet \u00e9tant donn\u00e9 que de nombreux membres de son \u00e9quipe ont \u00e9galement repr\u00e9sent\u00e9 leur pays ce mois-ci.<\/p>\n<p>S&#39;exprimant lors d&#39;une conf\u00e9rence de presse, comme cit\u00e9 par le <em>Courrier de Birmingham<\/em>Emery a d\u00e9clar\u00e9 : \u00ab J&#39;essaie d&#39;\u00eatre intelligent et d&#39;aider les joueurs autant que possible. Nous ajoutons plus de joueurs qui ont fait partie de l&#39;\u00e9quipe internationale et c&#39;est un bon exemple de la fa\u00e7on dont nous avons augment\u00e9 notre niveau.<\/p>\n<p>\u00ab\u00a0Ils jouent plus de matches et cela augmente le risque de blessure. J&#39;essaie d&#39;utiliser l&#39;intelligence des joueurs et de leur donner une pause s&#39;ils sont fatigu\u00e9s. Une chose est s\u00fbre, ils jouent beaucoup de matches.\u00a0\u00bb<\/p>\n<p>\u00ab\u00a0Je pense que cette comp\u00e9tition est meilleure, c&#39;est la meilleure comp\u00e9tition du monde. Les clubs de la Ligue des Champions sont les meilleurs et nous devons en profiter, c&#39;est la plus grande r\u00e9compense de tous les championnats que de se qualifier pour la Ligue des Champions, cette comp\u00e9tition est la meilleure comp\u00e9tition pour tout le monde.\u00a0\u00bb<\/p>\n<p class=\"imgI\">\n<h2 class=\"k3\">Quels changements pourraient \u00eatre apport\u00e9s par Emery ?<\/h2>\n<p>Apr\u00e8s avoir marqu\u00e9 de mani\u00e8re incroyable le but vainqueur lors de trois de ses quatre apparitions en tant que rempla\u00e7ant cette saison, <strong class=\"autotag\">Jhon Duran<\/strong> fait pression pour une opportunit\u00e9 devant <strong class=\"autotag\">Ollie Watkins<\/strong>.<\/p>\n<p><strong class=\"autotag\">Ian Maatsen<\/strong>, <strong class=\"autotag\">Ross Barkley<\/strong> et <strong class=\"autotag\">Jacob Ramsey<\/strong> se sentiront \u00e9galement en lice pour une chance dans le premier XI, mais des joueurs comme Jaden Philogene et <strong class=\"autotag\">Emiliano Buendia<\/strong> devra peut-\u00eatre se contenter d&#39;une place parmi les rempla\u00e7ants.<\/p>\n<p>Jeune arri\u00e8re droit <strong class=\"autotag\">Kosta Nedeljkovic<\/strong> peut \u00e9galement obtenir le feu vert <strong class=\"autotag\">Lamare Bogarde<\/strong> \u00e0 l&#39;arri\u00e8re droit.<\/p>\n<\/div>\n","protected":false},"excerpt":{"rendered":"<p>L&#39;entra\u00eeneur-chef d&#39;Aston Villa, Unai Emery, reconna\u00eet qu&#39;il doit \u00eatre ouvert d&#39;esprit en ce qui concerne la rotation des \u00e9quipes en Ligue des champions. Aston Villa<\/p>\n","protected":false},"author":1,"featured_media":13490,"comment_status":"closed","ping_status":"","sticky":false,"template":"","format":"standard","meta":{"footnotes":""},"categories":[4],"tags":[1266,4328,641,217,3573,6435,4219,1182,290,92,370],"yoast_head":"<!-- This site is optimized with the Yoast SEO plugin v21.0 - https:\/\/yoast.com\/wordpress\/plugins\/seo\/ -->\n<title>\u00ab J&#039;essaie d&#039;\u00eatre intelligent \u00bb : Emery admet que la rotation de l&#039;\u00e9quipe de Villa est une possibilit\u00e9<\/title>\n<meta name=\"robots\" content=\"index, follow, max-snippet:-1, max-image-preview:large, max-video-preview:-1\" \/>\n<link rel=\"canonical\" href=\"https:\/\/footdavant.fr\/actualites\/jessaie-detre-intelligent-emery-admet-que-la-rotation-de-lequipe-de-villa-est-une-possibilite\/\" \/>\n<meta property=\"og:locale\" content=\"fr_FR\" \/>\n<meta property=\"og:type\" content=\"article\" \/>\n<meta property=\"og:title\" content=\"\u00ab J&#039;essaie d&#039;\u00eatre intelligent \u00bb : Emery admet que la rotation de l&#039;\u00e9quipe de Villa est une possibilit\u00e9\" \/>\n<meta property=\"og:description\" content=\"L&#039;entra\u00eeneur-chef d&#039;Aston Villa, Unai Emery, reconna\u00eet qu&#039;il doit \u00eatre ouvert d&#039;esprit en ce qui concerne la rotation des \u00e9quipes en Ligue des champions. Aston Villa\" \/>\n<meta property=\"og:url\" content=\"https:\/\/footdavant.fr\/actualites\/jessaie-detre-intelligent-emery-admet-que-la-rotation-de-lequipe-de-villa-est-une-possibilite\/\" \/>\n<meta property=\"og:site_name\" content=\"Foot d&#039;avant\" \/>\n<meta property=\"article:publisher\" content=\"https:\/\/www.facebook.com\/Footdavant\/\" \/>\n<meta property=\"article:published_time\" content=\"2024-09-16T19:48:02+00:00\" \/>\n<meta property=\"article:modified_time\" content=\"2024-09-16T19:48:05+00:00\" \/>\n<meta property=\"og:image\" content=\"https:\/\/footdavant.fr\/actualites\/wp-content\/uploads\/2024\/09\/J39essaie-d39etre-intelligent-Emery-admet-que-la.jpg\" \/>\n\t<meta property=\"og:image:width\" content=\"1280\" \/>\n\t<meta property=\"og:image:height\" content=\"960\" \/>\n\t<meta property=\"og:image:type\" content=\"image\/jpeg\" \/>\n<meta name=\"author\" content=\"Cl\u00e9ment\" \/>\n<meta name=\"twitter:card\" content=\"summary_large_image\" \/>\n<meta name=\"twitter:creator\" content=\"@FootdavantFr\" \/>\n<meta name=\"twitter:site\" content=\"@FootdavantFr\" \/>\n<meta name=\"twitter:label1\" content=\"\u00c9crit par\" \/>\n\t<meta name=\"twitter:data1\" content=\"Cl\u00e9ment\" \/>\n\t<meta name=\"twitter:label2\" content=\"Dur\u00e9e de lecture estim\u00e9e\" \/>\n\t<meta name=\"twitter:data2\" content=\"3 minutes\" \/>\n<script type=\"application\/ld+json\" class=\"yoast-schema-graph\">{\"@context\":\"https:\/\/schema.org\",\"@graph\":[{\"@type\":\"Article\",\"@id\":\"https:\/\/footdavant.fr\/actualites\/jessaie-detre-intelligent-emery-admet-que-la-rotation-de-lequipe-de-villa-est-une-possibilite\/#article\",\"isPartOf\":{\"@id\":\"https:\/\/footdavant.fr\/actualites\/jessaie-detre-intelligent-emery-admet-que-la-rotation-de-lequipe-de-villa-est-une-possibilite\/\"},\"author\":{\"name\":\"Cl\u00e9ment\",\"@id\":\"https:\/\/footdavant.fr\/actualites\/#\/schema\/person\/bc222566d95871b37e597b3ed3ba5e1d\"},\"headline\":\"\u00ab J&#39;essaie d&#39;\u00eatre intelligent \u00bb : Emery admet que la rotation de l&#39;\u00e9quipe de Villa est une possibilit\u00e9\",\"datePublished\":\"2024-09-16T19:48:02+00:00\",\"dateModified\":\"2024-09-16T19:48:05+00:00\",\"mainEntityOfPage\":{\"@id\":\"https:\/\/footdavant.fr\/actualites\/jessaie-detre-intelligent-emery-admet-que-la-rotation-de-lequipe-de-villa-est-une-possibilite\/\"},\"wordCount\":585,\"publisher\":{\"@id\":\"https:\/\/footdavant.fr\/actualites\/#organization\"},\"keywords\":[\"admet\",\"d39\u00eatre\",\"Emery\",\"est\",\"intelligent\",\"J39essaie\",\"l39\u00e9quipe\",\"possibilit\u00e9\",\"rotation\",\"une\",\"Villa\"],\"articleSection\":[\"Champions League\"],\"inLanguage\":\"fr-FR\"},{\"@type\":\"WebPage\",\"@id\":\"https:\/\/footdavant.fr\/actualites\/jessaie-detre-intelligent-emery-admet-que-la-rotation-de-lequipe-de-villa-est-une-possibilite\/\",\"url\":\"https:\/\/footdavant.fr\/actualites\/jessaie-detre-intelligent-emery-admet-que-la-rotation-de-lequipe-de-villa-est-une-possibilite\/\",\"name\":\"\u00ab J&#39;essaie d&#39;\u00eatre intelligent \u00bb : Emery admet que la rotation de l&#39;\u00e9quipe de Villa est une possibilit\u00e9\",\"isPartOf\":{\"@id\":\"https:\/\/footdavant.fr\/actualites\/#website\"},\"datePublished\":\"2024-09-16T19:48:02+00:00\",\"dateModified\":\"2024-09-16T19:48:05+00:00\",\"breadcrumb\":{\"@id\":\"https:\/\/footdavant.fr\/actualites\/jessaie-detre-intelligent-emery-admet-que-la-rotation-de-lequipe-de-villa-est-une-possibilite\/#breadcrumb\"},\"inLanguage\":\"fr-FR\",\"potentialAction\":[{\"@type\":\"ReadAction\",\"target\":[\"https:\/\/footdavant.fr\/actualites\/jessaie-detre-intelligent-emery-admet-que-la-rotation-de-lequipe-de-villa-est-une-possibilite\/\"]}]},{\"@type\":\"BreadcrumbList\",\"@id\":\"https:\/\/footdavant.fr\/actualites\/jessaie-detre-intelligent-emery-admet-que-la-rotation-de-lequipe-de-villa-est-une-possibilite\/#breadcrumb\",\"itemListElement\":[{\"@type\":\"ListItem\",\"position\":1,\"name\":\"Accueil\",\"item\":\"https:\/\/footdavant.fr\/actualites\/\"},{\"@type\":\"ListItem\",\"position\":2,\"name\":\"\u00ab J&#39;essaie d&#39;\u00eatre intelligent \u00bb : Emery admet que la rotation de l&#39;\u00e9quipe de Villa est une possibilit\u00e9\"}]},{\"@type\":\"WebSite\",\"@id\":\"https:\/\/footdavant.fr\/actualites\/#website\",\"url\":\"https:\/\/footdavant.fr\/actualites\/\",\"name\":\"Foot d'avant\",\"description\":\"\",\"publisher\":{\"@id\":\"https:\/\/footdavant.fr\/actualites\/#organization\"},\"potentialAction\":[{\"@type\":\"SearchAction\",\"target\":{\"@type\":\"EntryPoint\",\"urlTemplate\":\"https:\/\/footdavant.fr\/actualites\/?s={search_term_string}\"},\"query-input\":\"required name=search_term_string\"}],\"inLanguage\":\"fr-FR\"},{\"@type\":\"Organization\",\"@id\":\"https:\/\/footdavant.fr\/actualites\/#organization\",\"name\":\"Foot d'avant\",\"url\":\"https:\/\/footdavant.fr\/actualites\/\",\"logo\":{\"@type\":\"ImageObject\",\"inLanguage\":\"fr-FR\",\"@id\":\"https:\/\/footdavant.fr\/actualites\/#\/schema\/logo\/image\/\",\"url\":\"https:\/\/footdavant.fr\/actualites\/wp-content\/uploads\/2023\/09\/Copy-of-FootDavant-Logo.png\",\"contentUrl\":\"https:\/\/footdavant.fr\/actualites\/wp-content\/uploads\/2023\/09\/Copy-of-FootDavant-Logo.png\",\"width\":936,\"height\":549,\"caption\":\"Foot d'avant\"},\"image\":{\"@id\":\"https:\/\/footdavant.fr\/actualites\/#\/schema\/logo\/image\/\"},\"sameAs\":[\"https:\/\/www.facebook.com\/Footdavant\/\",\"https:\/\/twitter.com\/FootdavantFr\",\"https:\/\/www.instagram.com\/footdavant.fr\/\"]},{\"@type\":\"Person\",\"@id\":\"https:\/\/footdavant.fr\/actualites\/#\/schema\/person\/bc222566d95871b37e597b3ed3ba5e1d\",\"name\":\"Cl\u00e9ment\",\"image\":{\"@type\":\"ImageObject\",\"inLanguage\":\"fr-FR\",\"@id\":\"https:\/\/footdavant.fr\/actualites\/#\/schema\/person\/image\/\",\"url\":\"https:\/\/secure.gravatar.com\/avatar\/7728b29aac2719421e1a9159b2254c44?s=96&d=mm&r=g\",\"contentUrl\":\"https:\/\/secure.gravatar.com\/avatar\/7728b29aac2719421e1a9159b2254c44?s=96&d=mm&r=g\",\"caption\":\"Cl\u00e9ment\"},\"sameAs\":[\"https:\/\/footdavant.fr\/\"]}]}<\/script>\n<!-- \/ Yoast SEO plugin. -->","yoast_head_json":{"title":"\u00ab J&#39;essaie d&#39;\u00eatre intelligent \u00bb : Emery admet que la rotation de l&#39;\u00e9quipe de Villa est une possibilit\u00e9","robots":{"index":"index","follow":"follow","max-snippet":"max-snippet:-1","max-image-preview":"max-image-preview:large","max-video-preview":"max-video-preview:-1"},"canonical":"https:\/\/footdavant.fr\/actualites\/jessaie-detre-intelligent-emery-admet-que-la-rotation-de-lequipe-de-villa-est-une-possibilite\/","og_locale":"fr_FR","og_type":"article","og_title":"\u00ab J&#39;essaie d&#39;\u00eatre intelligent \u00bb : Emery admet que la rotation de l&#39;\u00e9quipe de Villa est une possibilit\u00e9","og_description":"L&#39;entra\u00eeneur-chef d&#39;Aston Villa, Unai Emery, reconna\u00eet qu&#39;il doit \u00eatre ouvert d&#39;esprit en ce qui concerne la rotation des \u00e9quipes en Ligue des champions. Aston Villa","og_url":"https:\/\/footdavant.fr\/actualites\/jessaie-detre-intelligent-emery-admet-que-la-rotation-de-lequipe-de-villa-est-une-possibilite\/","og_site_name":"Foot d&#039;avant","article_publisher":"https:\/\/www.facebook.com\/Footdavant\/","article_published_time":"2024-09-16T19:48:02+00:00","article_modified_time":"2024-09-16T19:48:05+00:00","og_image":[{"width":1280,"height":960,"url":"https:\/\/footdavant.fr\/actualites\/wp-content\/uploads\/2024\/09\/J39essaie-d39etre-intelligent-Emery-admet-que-la.jpg","type":"image\/jpeg"}],"author":"Cl\u00e9ment","twitter_card":"summary_large_image","twitter_creator":"@FootdavantFr","twitter_site":"@FootdavantFr","twitter_misc":{"\u00c9crit par":"Cl\u00e9ment","Dur\u00e9e de lecture estim\u00e9e":"3 minutes"},"schema":{"@context":"https:\/\/schema.org","@graph":[{"@type":"Article","@id":"https:\/\/footdavant.fr\/actualites\/jessaie-detre-intelligent-emery-admet-que-la-rotation-de-lequipe-de-villa-est-une-possibilite\/#article","isPartOf":{"@id":"https:\/\/footdavant.fr\/actualites\/jessaie-detre-intelligent-emery-admet-que-la-rotation-de-lequipe-de-villa-est-une-possibilite\/"},"author":{"name":"Cl\u00e9ment","@id":"https:\/\/footdavant.fr\/actualites\/#\/schema\/person\/bc222566d95871b37e597b3ed3ba5e1d"},"headline":"\u00ab J&#39;essaie d&#39;\u00eatre intelligent \u00bb : Emery admet que la rotation de l&#39;\u00e9quipe de Villa est une possibilit\u00e9","datePublished":"2024-09-16T19:48:02+00:00","dateModified":"2024-09-16T19:48:05+00:00","mainEntityOfPage":{"@id":"https:\/\/footdavant.fr\/actualites\/jessaie-detre-intelligent-emery-admet-que-la-rotation-de-lequipe-de-villa-est-une-possibilite\/"},"wordCount":585,"publisher":{"@id":"https:\/\/footdavant.fr\/actualites\/#organization"},"keywords":["admet","d39\u00eatre","Emery","est","intelligent","J39essaie","l39\u00e9quipe","possibilit\u00e9","rotation","une","Villa"],"articleSection":["Champions League"],"inLanguage":"fr-FR"},{"@type":"WebPage","@id":"https:\/\/footdavant.fr\/actualites\/jessaie-detre-intelligent-emery-admet-que-la-rotation-de-lequipe-de-villa-est-une-possibilite\/","url":"https:\/\/footdavant.fr\/actualites\/jessaie-detre-intelligent-emery-admet-que-la-rotation-de-lequipe-de-villa-est-une-possibilite\/","name":"\u00ab J&#39;essaie d&#39;\u00eatre intelligent \u00bb : Emery admet que la rotation de l&#39;\u00e9quipe de Villa est une possibilit\u00e9","isPartOf":{"@id":"https:\/\/footdavant.fr\/actualites\/#website"},"datePublished":"2024-09-16T19:48:02+00:00","dateModified":"2024-09-16T19:48:05+00:00","breadcrumb":{"@id":"https:\/\/footdavant.fr\/actualites\/jessaie-detre-intelligent-emery-admet-que-la-rotation-de-lequipe-de-villa-est-une-possibilite\/#breadcrumb"},"inLanguage":"fr-FR","potentialAction":[{"@type":"ReadAction","target":["https:\/\/footdavant.fr\/actualites\/jessaie-detre-intelligent-emery-admet-que-la-rotation-de-lequipe-de-villa-est-une-possibilite\/"]}]},{"@type":"BreadcrumbList","@id":"https:\/\/footdavant.fr\/actualites\/jessaie-detre-intelligent-emery-admet-que-la-rotation-de-lequipe-de-villa-est-une-possibilite\/#breadcrumb","itemListElement":[{"@type":"ListItem","position":1,"name":"Accueil","item":"https:\/\/footdavant.fr\/actualites\/"},{"@type":"ListItem","position":2,"name":"\u00ab J&#39;essaie d&#39;\u00eatre intelligent \u00bb : Emery admet que la rotation de l&#39;\u00e9quipe de Villa est une possibilit\u00e9"}]},{"@type":"WebSite","@id":"https:\/\/footdavant.fr\/actualites\/#website","url":"https:\/\/footdavant.fr\/actualites\/","name":"Foot d'avant","description":"","publisher":{"@id":"https:\/\/footdavant.fr\/actualites\/#organization"},"potentialAction":[{"@type":"SearchAction","target":{"@type":"EntryPoint","urlTemplate":"https:\/\/footdavant.fr\/actualites\/?s={search_term_string}"},"query-input":"required name=search_term_string"}],"inLanguage":"fr-FR"},{"@type":"Organization","@id":"https:\/\/footdavant.fr\/actualites\/#organization","name":"Foot d'avant","url":"https:\/\/footdavant.fr\/actualites\/","logo":{"@type":"ImageObject","inLanguage":"fr-FR","@id":"https:\/\/footdavant.fr\/actualites\/#\/schema\/logo\/image\/","url":"https:\/\/footdavant.fr\/actualites\/wp-content\/uploads\/2023\/09\/Copy-of-FootDavant-Logo.png","contentUrl":"https:\/\/footdavant.fr\/actualites\/wp-content\/uploads\/2023\/09\/Copy-of-FootDavant-Logo.png","width":936,"height":549,"caption":"Foot d'avant"},"image":{"@id":"https:\/\/footdavant.fr\/actualites\/#\/schema\/logo\/image\/"},"sameAs":["https:\/\/www.facebook.com\/Footdavant\/","https:\/\/twitter.com\/FootdavantFr","https:\/\/www.instagram.com\/footdavant.fr\/"]},{"@type":"Person","@id":"https:\/\/footdavant.fr\/actualites\/#\/schema\/person\/bc222566d95871b37e597b3ed3ba5e1d","name":"Cl\u00e9ment","image":{"@type":"ImageObject","inLanguage":"fr-FR","@id":"https:\/\/footdavant.fr\/actualites\/#\/schema\/person\/image\/","url":"https:\/\/secure.gravatar.com\/avatar\/7728b29aac2719421e1a9159b2254c44?s=96&d=mm&r=g","contentUrl":"https:\/\/secure.gravatar.com\/avatar\/7728b29aac2719421e1a9159b2254c44?s=96&d=mm&r=g","caption":"Cl\u00e9ment"},"sameAs":["https:\/\/footdavant.fr\/"]}]}},"_links":{"self":[{"href":"https:\/\/footdavant.fr\/actualites\/wp-json\/wp\/v2\/posts\/13489"}],"collection":[{"href":"https:\/\/footdavant.fr\/actualites\/wp-json\/wp\/v2\/posts"}],"about":[{"href":"https:\/\/footdavant.fr\/actualites\/wp-json\/wp\/v2\/types\/post"}],"author":[{"embeddable":true,"href":"https:\/\/footdavant.fr\/actualites\/wp-json\/wp\/v2\/users\/1"}],"replies":[{"embeddable":true,"href":"https:\/\/footdavant.fr\/actualites\/wp-json\/wp\/v2\/comments?post=13489"}],"version-history":[{"count":1,"href":"https:\/\/footdavant.fr\/actualites\/wp-json\/wp\/v2\/posts\/13489\/revisions"}],"predecessor-version":[{"id":13491,"href":"https:\/\/footdavant.fr\/actualites\/wp-json\/wp\/v2\/posts\/13489\/revisions\/13491"}],"wp:featuredmedia":[{"embeddable":true,"href":"https:\/\/footdavant.fr\/actualites\/wp-json\/wp\/v2\/media\/13490"}],"wp:attachment":[{"href":"https:\/\/footdavant.fr\/actualites\/wp-json\/wp\/v2\/media?parent=13489"}],"wp:term":[{"taxonomy":"category","embeddable":true,"href":"https:\/\/footdavant.fr\/actualites\/wp-json\/wp\/v2\/categories?post=13489"},{"taxonomy":"post_tag","embeddable":true,"href":"https:\/\/footdavant.fr\/actualites\/wp-json\/wp\/v2\/tags?post=13489"}],"curies":[{"name":"wp","href":"https:\/\/api.w.org\/{rel}","templated":true}]}}