{"id":13492,"date":"2024-09-16T22:51:41","date_gmt":"2024-09-16T20:51:41","guid":{"rendered":"https:\/\/footdavant.fr\/actualites\/aston-villa-3-2-everton-faits-marquants-homme-du-match-statistiques-et-double-de-watkins\/"},"modified":"2024-09-16T22:51:42","modified_gmt":"2024-09-16T20:51:42","slug":"aston-villa-3-2-everton-faits-marquants-homme-du-match-statistiques-et-double-de-watkins","status":"publish","type":"post","link":"https:\/\/footdavant.fr\/actualites\/aston-villa-3-2-everton-faits-marquants-homme-du-match-statistiques-et-double-de-watkins\/","title":{"rendered":"Aston Villa 3-2 Everton : faits marquants, homme du match, statistiques et doubl\u00e9 de Watkins"},"content":{"rendered":"<p>Ollie Watkins inscrit un doubl\u00e9 et Jhon Duran marque un superbe but \u00e0 longue distance alors qu&#39;Aston Villa revient de deux buts de retard pour battre Everton 3-2 \u00e0 Villa Park.<\/p>\n<div id=\"article_body\" itemprop=\"articleBody\">\n<p class=\"firstPara\"><strong class=\"autotag\">Aston Villa<\/strong> a remont\u00e9 un retard de deux buts pour remporter une victoire sensationnelle face \u00e0 des adversaires en difficult\u00e9 <strong class=\"autotag\">Everton<\/strong>.<\/p>\n<p>Les Toffees n&#39;auraient pas pu esp\u00e9rer un meilleur d\u00e9part car <strong class=\"autotag\">Dwight McNeil<\/strong> a ouvert le score \u00e0 la 16e minute avant <strong class=\"autotag\">Dominique Calvert-Lewin<\/strong> a doubl\u00e9 l&#39;avantage des visiteurs.<\/p>\n<p>Cependant, Everton \u00e9tait plus conscient que la plupart des \u00e9quipes de la pr\u00e9carit\u00e9 d&#39;une avance de deux buts apr\u00e8s avoir encaiss\u00e9 trois buts en fin de match pour perdre 3-2 contre Bournemouth avant la tr\u00eave internationale.<\/p>\n<p>Malheureusement pour les fid\u00e8les d&#39;Everton, ils ont quitt\u00e9 Villa Park avec un sentiment de d\u00e9j\u00e0-vu alors que les h\u00f4tes ont fait preuve d&#39;un grand caract\u00e8re pour renverser la situation.<\/p>\n<p><strong class=\"autotag\">Ollie Watkins<\/strong> a marqu\u00e9 son premier but en Premier League depuis avril pour donner <strong class=\"autotag\">Unai Emery<\/strong>L&#39;\u00e9quipe de Manchester United a pris pied avant la mi-temps.<\/p>\n<p>L&#39;international anglais a ensuite inscrit son deuxi\u00e8me but et celui de Villa \u00e0 la 58e minute, en sautant sur <strong class=\"autotag\">Jack Harrison<\/strong>L&#39;erreur de &#39;est de tirer le c\u00f4t\u00e9 \u00e0 \u00e9galit\u00e9.<\/p>\n<p>L&#39;accolade de Watkins s&#39;est finalement av\u00e9r\u00e9e \u00eatre l&#39;ap\u00e9ritif pour <strong class=\"autotag\">Jhon Duran<\/strong> pour produire le moment embl\u00e9matique du match, en d\u00e9clenchant un tir longue distance imparable dans le coin sup\u00e9rieur pour remporter les trois points pour les Villans.<\/p>\n<p>Cette victoire permet \u00e0 Villa de terminer la journ\u00e9e en troisi\u00e8me position, tandis qu&#39;Everton languit au bas du tableau sans un point \u00e0 son actif apr\u00e8s quatre matches. <\/p>\n<hr>\n<p><\/p>\n<h2>FAITS MARQUANTS DU MATCH ASTON VILLA VS EVERTON<\/h2>\n<h3>But de McNeil contre Aston Villa (16e minute, Aston Villa 0-1 Everton)<\/h3>\n<blockquote class=\"twitter-tweet\">\n<p lang=\"en\" dir=\"ltr\">\u00ab\u00a0ET IL MARQUE !\u00a0\u00bb <\/p>\n<p>Dwight McNeil donne l&#39;avantage \u00e0 Everton \u00e0 Villa Park ! \ud83d\udd35 <a rel=\"nofollow\" href=\"https:\/\/t.co\/KknRxGMFij\">pic.twitter.com\/KknRxGMFij<\/a><\/p>\n<p>\u2014 Sky Sports Premier League (@SkySportsPL) <a rel=\"nofollow\" href=\"https:\/\/twitter.com\/SkySportsPL\/status\/1834998251503726765?ref_src=twsrc%5Etfw\">14 septembre 2024<\/a>\n<\/p><\/blockquote>\n<p>Everton prend l&#39;avantage contre le cours du jeu. McNeil vole la possession \u00e0 son ancien co\u00e9quipier <strong class=\"autotag\">Amadou Onana<\/strong>avant de se diriger vers le bord de la surface et de tirer une frappe \u00e0 ras de terre dans le coin inf\u00e9rieur pour d\u00e9clencher des sc\u00e8nes de jubilation parmi les supporters en d\u00e9placement.<\/p>\n<h3>But de Calvert-Lewin contre Aston Villa (27e minute, Aston Villa 0-2 Everton)<\/h3>\n<blockquote class=\"twitter-tweet\">\n<p lang=\"en\" dir=\"ltr\">Dominic Calvert-Lewin double l&#39;avance d&#39;Everton \u00e0 Villa Park ! \ud83d\ude32<\/p>\n<p>Les Toffees parviendront-ils \u00e0 conserver leur avance de deux buts cette fois-ci ? \ud83d\udcad <a rel=\"nofollow\" href=\"https:\/\/t.co\/gkQMXLc6d3\">pic.twitter.com\/gkQMXLc6d3<\/a><\/p>\n<p>\u2014 Sky Sports Premier League (@SkySportsPL) <a rel=\"nofollow\" href=\"https:\/\/twitter.com\/SkySportsPL\/status\/1835000689291903201?ref_src=twsrc%5Etfw\">14 septembre 2024<\/a>\n<\/p><\/blockquote>\n<p>Everton double son avantage avant la demi-heure de jeu. Apr\u00e8s avoir ouvert le score, McNeil, confiant, envoie un coup franc rentrant dans la zone dangereuse pour Calvert-Lewin qui envoie une t\u00eate vers le bas dans le but adverse. <strong class=\"autotag\">Emiliano Martinez<\/strong>Le but est maintenu apr\u00e8s une v\u00e9rification VAR pour un potentiel hors-jeu.<\/p>\n<h3>Watkins contre Everton (36e minute, Aston Villa 1-2 Everton)<\/h3>\n<blockquote class=\"twitter-tweet\">\n<p lang=\"en\" dir=\"ltr\">Ollie Watkins marque son but \ud83c\udfaf<\/p>\n<p>Le jeu commence \u00e0 Villa Park ! \u26bd <a rel=\"nofollow\" href=\"https:\/\/t.co\/b27wJsPxWA\">pic.twitter.com\/b27wJsPxWA<\/a><\/p>\n<p>\u2014 Sky Sports Premier League (@SkySportsPL) <a rel=\"nofollow\" href=\"https:\/\/twitter.com\/SkySportsPL\/status\/1835003005499809845?ref_src=twsrc%5Etfw\">14 septembre 2024<\/a>\n<\/p><\/blockquote>\n<p>Villa a \u00e9tabli un point d&#39;appui crucial gr\u00e2ce \u00e0 Watkins. L&#39;international anglais domine <strong class=\"autotag\">Michael Keane<\/strong> au deuxi\u00e8me poteau pour diriger le ballon de la t\u00eate <strong class=\"autotag\">Lucas Digne<\/strong>croix sur\u00e9lev\u00e9e.<\/p>\n<h3>But de Watkins contre Everton (58e minute, Aston Villa 2-2 Everton)<\/h3>\n<blockquote class=\"twitter-tweet\">\n<p lang=\"en\" dir=\"ltr\">Au bon endroit au bon moment pour Ollie Watkins et Aston Villa \u00e9galise juste avant l&#39;heure de jeu ! \ud83c\udfaf <a rel=\"nofollow\" href=\"https:\/\/t.co\/0RR7oa19eo\">pic.twitter.com\/0RR7oa19eo<\/a><\/p>\n<p>\u2014 Sky Sports Premier League (@SkySportsPL) <a rel=\"nofollow\" href=\"https:\/\/twitter.com\/SkySportsPL\/status\/1835014365000466519?ref_src=twsrc%5Etfw\">14 septembre 2024<\/a>\n<\/p><\/blockquote>\n<p>Villa \u00e9galise avant l&#39;heure de jeu. Dans sa tentative d&#39;intercepter une passe, Harrison ne parvient qu&#39;\u00e0 d\u00e9tourner le ballon vers Watkins, qui n&#39;a pas besoin d&#39;invitation pour tirer du premier coup franc devant Pickford, impuissant.<\/p>\n<h3>But de Duran contre Aston Villa (77e minute, Aston Villa 3-2 Everton)<\/h3>\n<blockquote class=\"twitter-tweet\">\n<p lang=\"en\" dir=\"ltr\">\u00ab\u00a0C&#39;est un objectif \u00e0 couper le souffle !\u00a0\u00bb \ud83d\ude31<\/p>\n<p>Quelle frappe de Jhon Dur\u00e1n ! \ud83d\ude80 <a rel=\"nofollow\" href=\"https:\/\/t.co\/QSVcn8AUQt\">pic.twitter.com\/QSVcn8AUQt<\/a><\/p>\n<p>\u2014 Sky Sports Premier League (@SkySportsPL) <a rel=\"nofollow\" href=\"https:\/\/twitter.com\/SkySportsPL\/status\/1835019053850632217?ref_src=twsrc%5Etfw\">14 septembre 2024<\/a>\n<\/p><\/blockquote>\n<p>Quelle frappe ! Quelle mani\u00e8re de remporter le match ! Le rempla\u00e7ant Duran produit une frappe longue distance spectaculaire pour assurer les trois points. La frappe imparable se d\u00e9robe \u00e0 Pickford, qui est \u00e9tir\u00e9, et trouve sa place dans la lucarne. <\/p>\n<hr>\n<p><\/p>\n<h2>L&#39;HOMME DU MATCH &#8211; OLLIE WATKINS<\/h2>\n<p class=\"imgI\">\n<p>Alors que Duran a produit le moment magique du match, Watkins a sans aucun doute \u00e9t\u00e9 l&#39;interpr\u00e8te le plus remarquable du thriller \u00e0 cinq buts \u00e0 Villa Park.<\/p>\n<p>Watkins est revenu \u00e0 son meilleur niveau clinique en mettant fin \u00e0 sa s\u00e9cheresse de buts en Premier League avec un doubl\u00e9, marquant de la t\u00eate et du pied droit pour d\u00e9montrer ses qualit\u00e9s d&#39;attaquant principal de Villa.<\/p>\n<p>Le joueur de 28 ans n&#39;a peut-\u00eatre eu que 19 touches de ballon dans la comp\u00e9tition, mais son doubl\u00e9 a finalement chang\u00e9 le cours du match et a pos\u00e9 les bases pour que Duran puisse marquer le but vainqueur.<\/p>\n<hr>\n<h2>Statistiques du match ASTON VILLA VS. EVERTON<\/h2>\n<p><strong>Possession:<\/strong> Aston Villa 73%-26% Everton<br \/><strong>Coups:<\/strong> Aston Villa 8-2 Everton<br \/><strong>Tirs cadr\u00e9s :<\/strong> Aston Villa 6-3 Everton<br \/><strong>Coins :<\/strong> Aston Villa 6-2 Everton<br \/><strong>Fautes :<\/strong> Aston Villa 10-12 Everton<\/p>\n<hr>\n<p><\/p>\n<h2>MEILLEURES STATISTIQUES<\/h2>\n<blockquote class=\"twitter-tweet\">\n<p lang=\"en\" dir=\"ltr\">Dwight \u00e9tincelle&#8230;<\/p>\n<p>Dwight McNeil a marqu\u00e9 et a maintenant obtenu une passe d\u00e9cisive pour Dominic Calvert-Lewin alors qu&#39;Everton m\u00e8ne 2-0 \u00e0 Aston Villa.<\/p>\n<p>McNeil a \u00e9t\u00e9 impliqu\u00e9 dans plus de buts en Premier League pour Everton depuis que Sean Dyche a rejoint l&#39;\u00e9quipe en tant que manager que tout autre joueur (19 &#8211; 9B 10A). <a rel=\"nofollow\" href=\"https:\/\/t.co\/WX6tO8vFeO\">pic.twitter.com\/WX6tO8vFeO<\/a><\/p>\n<p>\u2014 Opta Analyst (@OptaAnalyst) <a rel=\"nofollow\" href=\"https:\/\/twitter.com\/OptaAnalyst\/status\/1835001477552538091?ref_src=twsrc%5Etfw\">14 septembre 2024<\/a>\n<\/p><\/blockquote>\n<blockquote class=\"twitter-tweet\">\n<p lang=\"en\" dir=\"ltr\">Aston Villa est de retour dans le coup. <\/p>\n<p>Ollie Watkins marque son premier but en Premier League depuis le 14 avril.<\/p>\n<p>Avant aujourd&#39;hui, Watkins avait le chiffre xG le plus \u00e9lev\u00e9 (1,58) de tous les joueurs qui n&#39;avaient pas encore marqu\u00e9 dans la comp\u00e9tition cette saison. <a rel=\"nofollow\" href=\"https:\/\/t.co\/oDcImP2LJU\">pic.twitter.com\/oDcImP2LJU<\/a><\/p>\n<p>\u2014 Opta Analyst (@OptaAnalyst) <a rel=\"nofollow\" href=\"https:\/\/twitter.com\/OptaAnalyst\/status\/1835003879794090269?ref_src=twsrc%5Etfw\">14 septembre 2024<\/a>\n<\/p><\/blockquote>\n<p><\/p>\n<hr>\n<p><\/p>\n<h2>ET APR\u00c8S?<\/h2>\n<p>Apr\u00e8s avoir r\u00e9ussi \u00e0 revenir au score, Aston Villa va d\u00e9sormais se concentrer sur son match d&#39;ouverture tant attendu de la Ligue des champions contre les Young Boys.<\/p>\n<p>Quant \u00e0 Everton, ils auront d\u00e9sesp\u00e9r\u00e9ment envie de remporter une victoire lors de leur rencontre en milieu de semaine en Coupe EFL contre Southampton \u00e0 Goodison Park.<\/p>\n<hr>\n<\/div>\n<p><script async src=\"https:\/\/platform.twitter.com\/widgets.js\" charset=\"utf-8\"><\/script><\/p>\n","protected":false},"excerpt":{"rendered":"<p>Ollie Watkins inscrit un doubl\u00e9 et Jhon Duran marque un superbe but \u00e0 longue distance alors qu&#39;Aston Villa revient de deux buts de retard pour<\/p>\n","protected":false},"author":1,"featured_media":13493,"comment_status":"closed","ping_status":"","sticky":false,"template":"","format":"standard","meta":{"footnotes":""},"categories":[5],"tags":[369,317,310,119,1245,3396,257,4115,370,869],"yoast_head":"<!-- This site is optimized with the Yoast SEO plugin v21.0 - https:\/\/yoast.com\/wordpress\/plugins\/seo\/ -->\n<title>Aston Villa 3-2 Everton : faits marquants, homme du match, statistiques et doubl\u00e9 de Watkins<\/title>\n<meta name=\"robots\" content=\"index, follow, max-snippet:-1, max-image-preview:large, max-video-preview:-1\" \/>\n<link rel=\"canonical\" href=\"https:\/\/footdavant.fr\/actualites\/aston-villa-3-2-everton-faits-marquants-homme-du-match-statistiques-et-double-de-watkins\/\" \/>\n<meta property=\"og:locale\" content=\"fr_FR\" \/>\n<meta property=\"og:type\" content=\"article\" \/>\n<meta property=\"og:title\" content=\"Aston Villa 3-2 Everton : faits marquants, homme du match, statistiques et doubl\u00e9 de Watkins\" \/>\n<meta property=\"og:description\" content=\"Ollie Watkins inscrit un doubl\u00e9 et Jhon Duran marque un superbe but \u00e0 longue distance alors qu&#039;Aston Villa revient de deux buts de retard pour\" \/>\n<meta property=\"og:url\" content=\"https:\/\/footdavant.fr\/actualites\/aston-villa-3-2-everton-faits-marquants-homme-du-match-statistiques-et-double-de-watkins\/\" \/>\n<meta property=\"og:site_name\" content=\"Foot d&#039;avant\" \/>\n<meta property=\"article:publisher\" content=\"https:\/\/www.facebook.com\/Footdavant\/\" \/>\n<meta property=\"article:published_time\" content=\"2024-09-16T20:51:41+00:00\" \/>\n<meta property=\"article:modified_time\" content=\"2024-09-16T20:51:42+00:00\" \/>\n<meta property=\"og:image\" content=\"https:\/\/footdavant.fr\/actualites\/wp-content\/uploads\/2024\/09\/Aston-Villa-3-2-Everton-faits-marquants-homme-du-match.jpg\" \/>\n\t<meta property=\"og:image:width\" content=\"640\" \/>\n\t<meta property=\"og:image:height\" content=\"480\" \/>\n\t<meta property=\"og:image:type\" content=\"image\/jpeg\" \/>\n<meta name=\"author\" content=\"Cl\u00e9ment\" \/>\n<meta name=\"twitter:card\" content=\"summary_large_image\" \/>\n<meta name=\"twitter:creator\" content=\"@FootdavantFr\" \/>\n<meta name=\"twitter:site\" content=\"@FootdavantFr\" \/>\n<meta name=\"twitter:label1\" content=\"\u00c9crit par\" \/>\n\t<meta name=\"twitter:data1\" content=\"Cl\u00e9ment\" \/>\n\t<meta name=\"twitter:label2\" content=\"Dur\u00e9e de lecture estim\u00e9e\" \/>\n\t<meta name=\"twitter:data2\" content=\"5 minutes\" \/>\n<script type=\"application\/ld+json\" class=\"yoast-schema-graph\">{\"@context\":\"https:\/\/schema.org\",\"@graph\":[{\"@type\":\"Article\",\"@id\":\"https:\/\/footdavant.fr\/actualites\/aston-villa-3-2-everton-faits-marquants-homme-du-match-statistiques-et-double-de-watkins\/#article\",\"isPartOf\":{\"@id\":\"https:\/\/footdavant.fr\/actualites\/aston-villa-3-2-everton-faits-marquants-homme-du-match-statistiques-et-double-de-watkins\/\"},\"author\":{\"name\":\"Cl\u00e9ment\",\"@id\":\"https:\/\/footdavant.fr\/actualites\/#\/schema\/person\/bc222566d95871b37e597b3ed3ba5e1d\"},\"headline\":\"Aston Villa 3-2 Everton : faits marquants, homme du match, statistiques et doubl\u00e9 de Watkins\",\"datePublished\":\"2024-09-16T20:51:41+00:00\",\"dateModified\":\"2024-09-16T20:51:42+00:00\",\"mainEntityOfPage\":{\"@id\":\"https:\/\/footdavant.fr\/actualites\/aston-villa-3-2-everton-faits-marquants-homme-du-match-statistiques-et-double-de-watkins\/\"},\"wordCount\":1058,\"publisher\":{\"@id\":\"https:\/\/footdavant.fr\/actualites\/#organization\"},\"keywords\":[\"Aston\",\"doubl\u00e9\",\"Everton\",\"faits\",\"homme\",\"marquants\",\"match\",\"statistiques\",\"Villa\",\"Watkins\"],\"articleSection\":[\"Premier League\"],\"inLanguage\":\"fr-FR\"},{\"@type\":\"WebPage\",\"@id\":\"https:\/\/footdavant.fr\/actualites\/aston-villa-3-2-everton-faits-marquants-homme-du-match-statistiques-et-double-de-watkins\/\",\"url\":\"https:\/\/footdavant.fr\/actualites\/aston-villa-3-2-everton-faits-marquants-homme-du-match-statistiques-et-double-de-watkins\/\",\"name\":\"Aston Villa 3-2 Everton : faits marquants, homme du match, statistiques et doubl\u00e9 de Watkins\",\"isPartOf\":{\"@id\":\"https:\/\/footdavant.fr\/actualites\/#website\"},\"datePublished\":\"2024-09-16T20:51:41+00:00\",\"dateModified\":\"2024-09-16T20:51:42+00:00\",\"breadcrumb\":{\"@id\":\"https:\/\/footdavant.fr\/actualites\/aston-villa-3-2-everton-faits-marquants-homme-du-match-statistiques-et-double-de-watkins\/#breadcrumb\"},\"inLanguage\":\"fr-FR\",\"potentialAction\":[{\"@type\":\"ReadAction\",\"target\":[\"https:\/\/footdavant.fr\/actualites\/aston-villa-3-2-everton-faits-marquants-homme-du-match-statistiques-et-double-de-watkins\/\"]}]},{\"@type\":\"BreadcrumbList\",\"@id\":\"https:\/\/footdavant.fr\/actualites\/aston-villa-3-2-everton-faits-marquants-homme-du-match-statistiques-et-double-de-watkins\/#breadcrumb\",\"itemListElement\":[{\"@type\":\"ListItem\",\"position\":1,\"name\":\"Accueil\",\"item\":\"https:\/\/footdavant.fr\/actualites\/\"},{\"@type\":\"ListItem\",\"position\":2,\"name\":\"Aston Villa 3-2 Everton : faits marquants, homme du match, statistiques et doubl\u00e9 de Watkins\"}]},{\"@type\":\"WebSite\",\"@id\":\"https:\/\/footdavant.fr\/actualites\/#website\",\"url\":\"https:\/\/footdavant.fr\/actualites\/\",\"name\":\"Foot d'avant\",\"description\":\"\",\"publisher\":{\"@id\":\"https:\/\/footdavant.fr\/actualites\/#organization\"},\"potentialAction\":[{\"@type\":\"SearchAction\",\"target\":{\"@type\":\"EntryPoint\",\"urlTemplate\":\"https:\/\/footdavant.fr\/actualites\/?s={search_term_string}\"},\"query-input\":\"required name=search_term_string\"}],\"inLanguage\":\"fr-FR\"},{\"@type\":\"Organization\",\"@id\":\"https:\/\/footdavant.fr\/actualites\/#organization\",\"name\":\"Foot d'avant\",\"url\":\"https:\/\/footdavant.fr\/actualites\/\",\"logo\":{\"@type\":\"ImageObject\",\"inLanguage\":\"fr-FR\",\"@id\":\"https:\/\/footdavant.fr\/actualites\/#\/schema\/logo\/image\/\",\"url\":\"https:\/\/footdavant.fr\/actualites\/wp-content\/uploads\/2023\/09\/Copy-of-FootDavant-Logo.png\",\"contentUrl\":\"https:\/\/footdavant.fr\/actualites\/wp-content\/uploads\/2023\/09\/Copy-of-FootDavant-Logo.png\",\"width\":936,\"height\":549,\"caption\":\"Foot d'avant\"},\"image\":{\"@id\":\"https:\/\/footdavant.fr\/actualites\/#\/schema\/logo\/image\/\"},\"sameAs\":[\"https:\/\/www.facebook.com\/Footdavant\/\",\"https:\/\/twitter.com\/FootdavantFr\",\"https:\/\/www.instagram.com\/footdavant.fr\/\"]},{\"@type\":\"Person\",\"@id\":\"https:\/\/footdavant.fr\/actualites\/#\/schema\/person\/bc222566d95871b37e597b3ed3ba5e1d\",\"name\":\"Cl\u00e9ment\",\"image\":{\"@type\":\"ImageObject\",\"inLanguage\":\"fr-FR\",\"@id\":\"https:\/\/footdavant.fr\/actualites\/#\/schema\/person\/image\/\",\"url\":\"https:\/\/secure.gravatar.com\/avatar\/7728b29aac2719421e1a9159b2254c44?s=96&d=mm&r=g\",\"contentUrl\":\"https:\/\/secure.gravatar.com\/avatar\/7728b29aac2719421e1a9159b2254c44?s=96&d=mm&r=g\",\"caption\":\"Cl\u00e9ment\"},\"sameAs\":[\"https:\/\/footdavant.fr\/\"]}]}<\/script>\n<!-- \/ Yoast SEO plugin. -->","yoast_head_json":{"title":"Aston Villa 3-2 Everton : faits marquants, homme du match, statistiques et doubl\u00e9 de Watkins","robots":{"index":"index","follow":"follow","max-snippet":"max-snippet:-1","max-image-preview":"max-image-preview:large","max-video-preview":"max-video-preview:-1"},"canonical":"https:\/\/footdavant.fr\/actualites\/aston-villa-3-2-everton-faits-marquants-homme-du-match-statistiques-et-double-de-watkins\/","og_locale":"fr_FR","og_type":"article","og_title":"Aston Villa 3-2 Everton : faits marquants, homme du match, statistiques et doubl\u00e9 de Watkins","og_description":"Ollie Watkins inscrit un doubl\u00e9 et Jhon Duran marque un superbe but \u00e0 longue distance alors qu&#39;Aston Villa revient de deux buts de retard pour","og_url":"https:\/\/footdavant.fr\/actualites\/aston-villa-3-2-everton-faits-marquants-homme-du-match-statistiques-et-double-de-watkins\/","og_site_name":"Foot d&#039;avant","article_publisher":"https:\/\/www.facebook.com\/Footdavant\/","article_published_time":"2024-09-16T20:51:41+00:00","article_modified_time":"2024-09-16T20:51:42+00:00","og_image":[{"width":640,"height":480,"url":"https:\/\/footdavant.fr\/actualites\/wp-content\/uploads\/2024\/09\/Aston-Villa-3-2-Everton-faits-marquants-homme-du-match.jpg","type":"image\/jpeg"}],"author":"Cl\u00e9ment","twitter_card":"summary_large_image","twitter_creator":"@FootdavantFr","twitter_site":"@FootdavantFr","twitter_misc":{"\u00c9crit par":"Cl\u00e9ment","Dur\u00e9e de lecture estim\u00e9e":"5 minutes"},"schema":{"@context":"https:\/\/schema.org","@graph":[{"@type":"Article","@id":"https:\/\/footdavant.fr\/actualites\/aston-villa-3-2-everton-faits-marquants-homme-du-match-statistiques-et-double-de-watkins\/#article","isPartOf":{"@id":"https:\/\/footdavant.fr\/actualites\/aston-villa-3-2-everton-faits-marquants-homme-du-match-statistiques-et-double-de-watkins\/"},"author":{"name":"Cl\u00e9ment","@id":"https:\/\/footdavant.fr\/actualites\/#\/schema\/person\/bc222566d95871b37e597b3ed3ba5e1d"},"headline":"Aston Villa 3-2 Everton : faits marquants, homme du match, statistiques et doubl\u00e9 de Watkins","datePublished":"2024-09-16T20:51:41+00:00","dateModified":"2024-09-16T20:51:42+00:00","mainEntityOfPage":{"@id":"https:\/\/footdavant.fr\/actualites\/aston-villa-3-2-everton-faits-marquants-homme-du-match-statistiques-et-double-de-watkins\/"},"wordCount":1058,"publisher":{"@id":"https:\/\/footdavant.fr\/actualites\/#organization"},"keywords":["Aston","doubl\u00e9","Everton","faits","homme","marquants","match","statistiques","Villa","Watkins"],"articleSection":["Premier League"],"inLanguage":"fr-FR"},{"@type":"WebPage","@id":"https:\/\/footdavant.fr\/actualites\/aston-villa-3-2-everton-faits-marquants-homme-du-match-statistiques-et-double-de-watkins\/","url":"https:\/\/footdavant.fr\/actualites\/aston-villa-3-2-everton-faits-marquants-homme-du-match-statistiques-et-double-de-watkins\/","name":"Aston Villa 3-2 Everton : faits marquants, homme du match, statistiques et doubl\u00e9 de Watkins","isPartOf":{"@id":"https:\/\/footdavant.fr\/actualites\/#website"},"datePublished":"2024-09-16T20:51:41+00:00","dateModified":"2024-09-16T20:51:42+00:00","breadcrumb":{"@id":"https:\/\/footdavant.fr\/actualites\/aston-villa-3-2-everton-faits-marquants-homme-du-match-statistiques-et-double-de-watkins\/#breadcrumb"},"inLanguage":"fr-FR","potentialAction":[{"@type":"ReadAction","target":["https:\/\/footdavant.fr\/actualites\/aston-villa-3-2-everton-faits-marquants-homme-du-match-statistiques-et-double-de-watkins\/"]}]},{"@type":"BreadcrumbList","@id":"https:\/\/footdavant.fr\/actualites\/aston-villa-3-2-everton-faits-marquants-homme-du-match-statistiques-et-double-de-watkins\/#breadcrumb","itemListElement":[{"@type":"ListItem","position":1,"name":"Accueil","item":"https:\/\/footdavant.fr\/actualites\/"},{"@type":"ListItem","position":2,"name":"Aston Villa 3-2 Everton : faits marquants, homme du match, statistiques et doubl\u00e9 de Watkins"}]},{"@type":"WebSite","@id":"https:\/\/footdavant.fr\/actualites\/#website","url":"https:\/\/footdavant.fr\/actualites\/","name":"Foot d'avant","description":"","publisher":{"@id":"https:\/\/footdavant.fr\/actualites\/#organization"},"potentialAction":[{"@type":"SearchAction","target":{"@type":"EntryPoint","urlTemplate":"https:\/\/footdavant.fr\/actualites\/?s={search_term_string}"},"query-input":"required name=search_term_string"}],"inLanguage":"fr-FR"},{"@type":"Organization","@id":"https:\/\/footdavant.fr\/actualites\/#organization","name":"Foot d'avant","url":"https:\/\/footdavant.fr\/actualites\/","logo":{"@type":"ImageObject","inLanguage":"fr-FR","@id":"https:\/\/footdavant.fr\/actualites\/#\/schema\/logo\/image\/","url":"https:\/\/footdavant.fr\/actualites\/wp-content\/uploads\/2023\/09\/Copy-of-FootDavant-Logo.png","contentUrl":"https:\/\/footdavant.fr\/actualites\/wp-content\/uploads\/2023\/09\/Copy-of-FootDavant-Logo.png","width":936,"height":549,"caption":"Foot d'avant"},"image":{"@id":"https:\/\/footdavant.fr\/actualites\/#\/schema\/logo\/image\/"},"sameAs":["https:\/\/www.facebook.com\/Footdavant\/","https:\/\/twitter.com\/FootdavantFr","https:\/\/www.instagram.com\/footdavant.fr\/"]},{"@type":"Person","@id":"https:\/\/footdavant.fr\/actualites\/#\/schema\/person\/bc222566d95871b37e597b3ed3ba5e1d","name":"Cl\u00e9ment","image":{"@type":"ImageObject","inLanguage":"fr-FR","@id":"https:\/\/footdavant.fr\/actualites\/#\/schema\/person\/image\/","url":"https:\/\/secure.gravatar.com\/avatar\/7728b29aac2719421e1a9159b2254c44?s=96&d=mm&r=g","contentUrl":"https:\/\/secure.gravatar.com\/avatar\/7728b29aac2719421e1a9159b2254c44?s=96&d=mm&r=g","caption":"Cl\u00e9ment"},"sameAs":["https:\/\/footdavant.fr\/"]}]}},"_links":{"self":[{"href":"https:\/\/footdavant.fr\/actualites\/wp-json\/wp\/v2\/posts\/13492"}],"collection":[{"href":"https:\/\/footdavant.fr\/actualites\/wp-json\/wp\/v2\/posts"}],"about":[{"href":"https:\/\/footdavant.fr\/actualites\/wp-json\/wp\/v2\/types\/post"}],"author":[{"embeddable":true,"href":"https:\/\/footdavant.fr\/actualites\/wp-json\/wp\/v2\/users\/1"}],"replies":[{"embeddable":true,"href":"https:\/\/footdavant.fr\/actualites\/wp-json\/wp\/v2\/comments?post=13492"}],"version-history":[{"count":1,"href":"https:\/\/footdavant.fr\/actualites\/wp-json\/wp\/v2\/posts\/13492\/revisions"}],"predecessor-version":[{"id":13494,"href":"https:\/\/footdavant.fr\/actualites\/wp-json\/wp\/v2\/posts\/13492\/revisions\/13494"}],"wp:featuredmedia":[{"embeddable":true,"href":"https:\/\/footdavant.fr\/actualites\/wp-json\/wp\/v2\/media\/13493"}],"wp:attachment":[{"href":"https:\/\/footdavant.fr\/actualites\/wp-json\/wp\/v2\/media?parent=13492"}],"wp:term":[{"taxonomy":"category","embeddable":true,"href":"https:\/\/footdavant.fr\/actualites\/wp-json\/wp\/v2\/categories?post=13492"},{"taxonomy":"post_tag","embeddable":true,"href":"https:\/\/footdavant.fr\/actualites\/wp-json\/wp\/v2\/tags?post=13492"}],"curies":[{"name":"wp","href":"https:\/\/api.w.org\/{rel}","templated":true}]}}