{"id":1355,"date":"2023-11-24T15:59:41","date_gmt":"2023-11-24T14:59:41","guid":{"rendered":"https:\/\/footdavant.fr\/actualites\/les-joueurs-de-manchester-united-attribuent-un-mauvais-depart-au-surmenage-de-pre-saison\/"},"modified":"2023-11-24T15:59:42","modified_gmt":"2023-11-24T14:59:42","slug":"les-joueurs-de-manchester-united-attribuent-un-mauvais-depart-au-surmenage-de-pre-saison","status":"publish","type":"post","link":"https:\/\/footdavant.fr\/actualites\/les-joueurs-de-manchester-united-attribuent-un-mauvais-depart-au-surmenage-de-pre-saison\/","title":{"rendered":"Les joueurs de Manchester United \u00ab\u00a0attribuent un mauvais d\u00e9part au surmenage de pr\u00e9-saison\u00a0\u00bb"},"content":{"rendered":"<p>Le manager de Manchester United, Erik ten Hag, serait sous le feu des critiques de ses propres joueurs pour avoir travaill\u00e9 trop dur pendant la pr\u00e9-saison, contribuant ainsi \u00e0 leur mauvais d\u00e9part.<\/p>\n<div id=\"article_body\" itemprop=\"articleBody\">\n<h3 class=\"firstPara\">Certains membres du <strong class=\"autotag\">Manchester United<\/strong> L&rsquo;\u00e9quipe aurait imput\u00e9 le surmenage de la pr\u00e9-saison \u00e0 l&rsquo;origine de son mauvais d\u00e9but de saison.<\/h3>\n<p>Les Diables Rouges ont perdu la moiti\u00e9 de leurs 18 matches toutes comp\u00e9titions confondues jusqu&rsquo;\u00e0 pr\u00e9sent, leur position en championnat et en coupe en souffrant lourdement.<\/p>\n<p><strong class=\"autotag\">Erik Ten Hag<\/strong>L&rsquo;\u00e9quipe de Premier League occupe la sixi\u00e8me place du classement, \u00e0 cinq points des quatre premiers et avec une diff\u00e9rence de buts n\u00e9gative, apr\u00e8s avoir marqu\u00e9 seulement 13 buts lors de ses 12 premiers matchs.<\/p>\n<p>United est \u00e9galement sur le point d&rsquo;\u00eatre \u00e9limin\u00e9 dans son groupe de Ligue des champions, apr\u00e8s avoir d\u00e9j\u00e0 perdu contre les trois \u00e9quipes du groupe, avec seulement trois points \u00e0 son actif apr\u00e8s quatre matchs.<\/p>\n<p>Apr\u00e8s avoir perdu 4-3 \u00e0 Copenhague, United a franchi la ligne d&rsquo;arriv\u00e9e en boitant avec un score serr\u00e9 de 1-0 \u00e0 Old Trafford contre le nouveau promu Luton Town avant la tr\u00eave internationale.<\/p>\n<p>Le manager et les joueurs ont fait l\u2019objet d\u2019un examen minutieux \u00e0 la suite de certaines performances et r\u00e9sultats de cette saison.<\/p>\n<p>Des d\u00e9faites cons\u00e9cutives 3-0 \u00e0 domicile lors du derby de Manchester puis en Coupe EFL contre Newcastle United ont fait monter la pression sur Ten Hag de mani\u00e8re exponentielle.<\/p>\n<p class=\"imgI\">\n<p>Maintenant, <em>Le gardien<\/em> affirme que certains des membres seniors de l&rsquo;\u00e9quipe de United se sont plaints des m\u00e9thodes de Ten Hag lors de la pr\u00e9-saison, all\u00e9guant qu&rsquo;il avait trop travaill\u00e9 avec les joueurs.<\/p>\n<p>Le rapport indique que certains joueurs se sentaient plus fatigu\u00e9s au d\u00e9but de cette saison qu&rsquo;\u00e0 la fin de la pr\u00e9c\u00e9dente, ce qui est encore plus remarquable si l&rsquo;on consid\u00e8re que United a disput\u00e9 62 matches en 2022-23 avec une Coupe du monde coinc\u00e9e. entre.<\/p>\n<p>On pense qu&rsquo;aucun des joueurs concern\u00e9s n&rsquo;a fait part de ses r\u00e9flexions directement au manager, car Ten Hag reste cat\u00e9gorique sur le fait qu&rsquo;il b\u00e9n\u00e9ficie du soutien de son \u00e9quipe.<\/p>\n<p>Malgr\u00e9 une saison prolong\u00e9e en raison de la Coupe du monde au Qatar, Ten Hag a encore augment\u00e9 l&rsquo;intensit\u00e9 lors de la pr\u00e9-saison, alors que la premi\u00e8re \u00e9quipe de United a disput\u00e9 huit matchs amicaux, avec d&rsquo;autres membres de l&rsquo;\u00e9quipe participant \u00e9galement \u00e0 une tourn\u00e9e aux \u00c9tats-Unis.<\/p>\n<p>En plus de cela, les blessures se sont accumul\u00e9es dans les rangs de United, avec <strong class=\"autotag\">Marcus Rashford<\/strong> et <strong class=\"autotag\">Andr\u00e9 Onana<\/strong> tous deux doutent du voyage \u00e0 Everton apr\u00e8s avoir re\u00e7u des coups en mission internationale.<\/p>\n<p>Le duo pourrait rejoindre une longue liste d&rsquo;absents qui comprend notamment <strong class=\"autotag\">Lisandro Martinez<\/strong>, <strong class=\"autotag\">Luc Shaw<\/strong>, <strong class=\"autotag\">Casemiro<\/strong> et les bannis <strong class=\"autotag\">Jadon Sancho<\/strong>.<\/p>\n<\/div>\n","protected":false},"excerpt":{"rendered":"<p>Le manager de Manchester United, Erik ten Hag, serait sous le feu des critiques de ses propres joueurs pour avoir travaill\u00e9 trop dur pendant la<\/p>\n","protected":false},"author":1,"featured_media":1356,"comment_status":"closed","ping_status":"","sticky":false,"template":"","format":"standard","meta":{"footnotes":""},"categories":[5],"tags":[1514,560,220,93,11,1515,1517,1516,13],"yoast_head":"<!-- This site is optimized with the Yoast SEO plugin v21.0 - https:\/\/yoast.com\/wordpress\/plugins\/seo\/ -->\n<title>Les joueurs de Manchester United &quot;attribuent un mauvais d\u00e9part au surmenage de pr\u00e9-saison&quot;<\/title>\n<meta name=\"robots\" content=\"index, follow, max-snippet:-1, max-image-preview:large, max-video-preview:-1\" \/>\n<link rel=\"canonical\" href=\"https:\/\/footdavant.fr\/actualites\/les-joueurs-de-manchester-united-attribuent-un-mauvais-depart-au-surmenage-de-pre-saison\/\" \/>\n<meta property=\"og:locale\" content=\"fr_FR\" \/>\n<meta property=\"og:type\" content=\"article\" \/>\n<meta property=\"og:title\" content=\"Les joueurs de Manchester United &quot;attribuent un mauvais d\u00e9part au surmenage de pr\u00e9-saison&quot;\" \/>\n<meta property=\"og:description\" content=\"Le manager de Manchester United, Erik ten Hag, serait sous le feu des critiques de ses propres joueurs pour avoir travaill\u00e9 trop dur pendant la\" \/>\n<meta property=\"og:url\" content=\"https:\/\/footdavant.fr\/actualites\/les-joueurs-de-manchester-united-attribuent-un-mauvais-depart-au-surmenage-de-pre-saison\/\" \/>\n<meta property=\"og:site_name\" content=\"Foot d&#039;avant\" \/>\n<meta property=\"article:publisher\" content=\"https:\/\/www.facebook.com\/Footdavant\/\" \/>\n<meta property=\"article:published_time\" content=\"2023-11-24T14:59:41+00:00\" \/>\n<meta property=\"article:modified_time\" content=\"2023-11-24T14:59:42+00:00\" \/>\n<meta property=\"og:image\" content=\"https:\/\/footdavant.fr\/actualites\/wp-content\/uploads\/2023\/11\/Les-joueurs-de-Manchester-United-attribuent-un-mauvais-depart-au.JPG\" \/>\n\t<meta property=\"og:image:width\" content=\"640\" \/>\n\t<meta property=\"og:image:height\" content=\"480\" \/>\n\t<meta property=\"og:image:type\" content=\"image\/jpeg\" \/>\n<meta name=\"author\" content=\"Cl\u00e9ment\" \/>\n<meta name=\"twitter:card\" content=\"summary_large_image\" \/>\n<meta name=\"twitter:creator\" content=\"@FootdavantFr\" \/>\n<meta name=\"twitter:site\" content=\"@FootdavantFr\" \/>\n<meta name=\"twitter:label1\" content=\"\u00c9crit par\" \/>\n\t<meta name=\"twitter:data1\" content=\"Cl\u00e9ment\" \/>\n\t<meta name=\"twitter:label2\" content=\"Dur\u00e9e de lecture estim\u00e9e\" \/>\n\t<meta name=\"twitter:data2\" content=\"2 minutes\" \/>\n<script type=\"application\/ld+json\" class=\"yoast-schema-graph\">{\"@context\":\"https:\/\/schema.org\",\"@graph\":[{\"@type\":\"Article\",\"@id\":\"https:\/\/footdavant.fr\/actualites\/les-joueurs-de-manchester-united-attribuent-un-mauvais-depart-au-surmenage-de-pre-saison\/#article\",\"isPartOf\":{\"@id\":\"https:\/\/footdavant.fr\/actualites\/les-joueurs-de-manchester-united-attribuent-un-mauvais-depart-au-surmenage-de-pre-saison\/\"},\"author\":{\"name\":\"Cl\u00e9ment\",\"@id\":\"https:\/\/footdavant.fr\/actualites\/#\/schema\/person\/bc222566d95871b37e597b3ed3ba5e1d\"},\"headline\":\"Les joueurs de Manchester United \u00ab\u00a0attribuent un mauvais d\u00e9part au surmenage de pr\u00e9-saison\u00a0\u00bb\",\"datePublished\":\"2023-11-24T14:59:41+00:00\",\"dateModified\":\"2023-11-24T14:59:42+00:00\",\"mainEntityOfPage\":{\"@id\":\"https:\/\/footdavant.fr\/actualites\/les-joueurs-de-manchester-united-attribuent-un-mauvais-depart-au-surmenage-de-pre-saison\/\"},\"wordCount\":495,\"publisher\":{\"@id\":\"https:\/\/footdavant.fr\/actualites\/#organization\"},\"keywords\":[\"attribuent\",\"d\u00e9part\",\"joueurs\",\"les\",\"Manchester\",\"mauvais\",\"pr\u00e9saison\",\"surmenage\",\"United\"],\"articleSection\":[\"Premier League\"],\"inLanguage\":\"fr-FR\"},{\"@type\":\"WebPage\",\"@id\":\"https:\/\/footdavant.fr\/actualites\/les-joueurs-de-manchester-united-attribuent-un-mauvais-depart-au-surmenage-de-pre-saison\/\",\"url\":\"https:\/\/footdavant.fr\/actualites\/les-joueurs-de-manchester-united-attribuent-un-mauvais-depart-au-surmenage-de-pre-saison\/\",\"name\":\"Les joueurs de Manchester United \\\"attribuent un mauvais d\u00e9part au surmenage de pr\u00e9-saison\\\"\",\"isPartOf\":{\"@id\":\"https:\/\/footdavant.fr\/actualites\/#website\"},\"datePublished\":\"2023-11-24T14:59:41+00:00\",\"dateModified\":\"2023-11-24T14:59:42+00:00\",\"breadcrumb\":{\"@id\":\"https:\/\/footdavant.fr\/actualites\/les-joueurs-de-manchester-united-attribuent-un-mauvais-depart-au-surmenage-de-pre-saison\/#breadcrumb\"},\"inLanguage\":\"fr-FR\",\"potentialAction\":[{\"@type\":\"ReadAction\",\"target\":[\"https:\/\/footdavant.fr\/actualites\/les-joueurs-de-manchester-united-attribuent-un-mauvais-depart-au-surmenage-de-pre-saison\/\"]}]},{\"@type\":\"BreadcrumbList\",\"@id\":\"https:\/\/footdavant.fr\/actualites\/les-joueurs-de-manchester-united-attribuent-un-mauvais-depart-au-surmenage-de-pre-saison\/#breadcrumb\",\"itemListElement\":[{\"@type\":\"ListItem\",\"position\":1,\"name\":\"Accueil\",\"item\":\"https:\/\/footdavant.fr\/actualites\/\"},{\"@type\":\"ListItem\",\"position\":2,\"name\":\"Les joueurs de Manchester United \u00ab\u00a0attribuent un mauvais d\u00e9part au surmenage de pr\u00e9-saison\u00a0\u00bb\"}]},{\"@type\":\"WebSite\",\"@id\":\"https:\/\/footdavant.fr\/actualites\/#website\",\"url\":\"https:\/\/footdavant.fr\/actualites\/\",\"name\":\"Foot d'avant\",\"description\":\"\",\"publisher\":{\"@id\":\"https:\/\/footdavant.fr\/actualites\/#organization\"},\"potentialAction\":[{\"@type\":\"SearchAction\",\"target\":{\"@type\":\"EntryPoint\",\"urlTemplate\":\"https:\/\/footdavant.fr\/actualites\/?s={search_term_string}\"},\"query-input\":\"required name=search_term_string\"}],\"inLanguage\":\"fr-FR\"},{\"@type\":\"Organization\",\"@id\":\"https:\/\/footdavant.fr\/actualites\/#organization\",\"name\":\"Foot d'avant\",\"url\":\"https:\/\/footdavant.fr\/actualites\/\",\"logo\":{\"@type\":\"ImageObject\",\"inLanguage\":\"fr-FR\",\"@id\":\"https:\/\/footdavant.fr\/actualites\/#\/schema\/logo\/image\/\",\"url\":\"https:\/\/footdavant.fr\/actualites\/wp-content\/uploads\/2023\/09\/Copy-of-FootDavant-Logo.png\",\"contentUrl\":\"https:\/\/footdavant.fr\/actualites\/wp-content\/uploads\/2023\/09\/Copy-of-FootDavant-Logo.png\",\"width\":936,\"height\":549,\"caption\":\"Foot d'avant\"},\"image\":{\"@id\":\"https:\/\/footdavant.fr\/actualites\/#\/schema\/logo\/image\/\"},\"sameAs\":[\"https:\/\/www.facebook.com\/Footdavant\/\",\"https:\/\/twitter.com\/FootdavantFr\",\"https:\/\/www.instagram.com\/footdavant.fr\/\"]},{\"@type\":\"Person\",\"@id\":\"https:\/\/footdavant.fr\/actualites\/#\/schema\/person\/bc222566d95871b37e597b3ed3ba5e1d\",\"name\":\"Cl\u00e9ment\",\"image\":{\"@type\":\"ImageObject\",\"inLanguage\":\"fr-FR\",\"@id\":\"https:\/\/footdavant.fr\/actualites\/#\/schema\/person\/image\/\",\"url\":\"https:\/\/secure.gravatar.com\/avatar\/7728b29aac2719421e1a9159b2254c44?s=96&d=mm&r=g\",\"contentUrl\":\"https:\/\/secure.gravatar.com\/avatar\/7728b29aac2719421e1a9159b2254c44?s=96&d=mm&r=g\",\"caption\":\"Cl\u00e9ment\"},\"sameAs\":[\"https:\/\/footdavant.fr\/\"]}]}<\/script>\n<!-- \/ Yoast SEO plugin. -->","yoast_head_json":{"title":"Les joueurs de Manchester United \"attribuent un mauvais d\u00e9part au surmenage de pr\u00e9-saison\"","robots":{"index":"index","follow":"follow","max-snippet":"max-snippet:-1","max-image-preview":"max-image-preview:large","max-video-preview":"max-video-preview:-1"},"canonical":"https:\/\/footdavant.fr\/actualites\/les-joueurs-de-manchester-united-attribuent-un-mauvais-depart-au-surmenage-de-pre-saison\/","og_locale":"fr_FR","og_type":"article","og_title":"Les joueurs de Manchester United \"attribuent un mauvais d\u00e9part au surmenage de pr\u00e9-saison\"","og_description":"Le manager de Manchester United, Erik ten Hag, serait sous le feu des critiques de ses propres joueurs pour avoir travaill\u00e9 trop dur pendant la","og_url":"https:\/\/footdavant.fr\/actualites\/les-joueurs-de-manchester-united-attribuent-un-mauvais-depart-au-surmenage-de-pre-saison\/","og_site_name":"Foot d&#039;avant","article_publisher":"https:\/\/www.facebook.com\/Footdavant\/","article_published_time":"2023-11-24T14:59:41+00:00","article_modified_time":"2023-11-24T14:59:42+00:00","og_image":[{"width":640,"height":480,"url":"https:\/\/footdavant.fr\/actualites\/wp-content\/uploads\/2023\/11\/Les-joueurs-de-Manchester-United-attribuent-un-mauvais-depart-au.JPG","type":"image\/jpeg"}],"author":"Cl\u00e9ment","twitter_card":"summary_large_image","twitter_creator":"@FootdavantFr","twitter_site":"@FootdavantFr","twitter_misc":{"\u00c9crit par":"Cl\u00e9ment","Dur\u00e9e de lecture estim\u00e9e":"2 minutes"},"schema":{"@context":"https:\/\/schema.org","@graph":[{"@type":"Article","@id":"https:\/\/footdavant.fr\/actualites\/les-joueurs-de-manchester-united-attribuent-un-mauvais-depart-au-surmenage-de-pre-saison\/#article","isPartOf":{"@id":"https:\/\/footdavant.fr\/actualites\/les-joueurs-de-manchester-united-attribuent-un-mauvais-depart-au-surmenage-de-pre-saison\/"},"author":{"name":"Cl\u00e9ment","@id":"https:\/\/footdavant.fr\/actualites\/#\/schema\/person\/bc222566d95871b37e597b3ed3ba5e1d"},"headline":"Les joueurs de Manchester United \u00ab\u00a0attribuent un mauvais d\u00e9part au surmenage de pr\u00e9-saison\u00a0\u00bb","datePublished":"2023-11-24T14:59:41+00:00","dateModified":"2023-11-24T14:59:42+00:00","mainEntityOfPage":{"@id":"https:\/\/footdavant.fr\/actualites\/les-joueurs-de-manchester-united-attribuent-un-mauvais-depart-au-surmenage-de-pre-saison\/"},"wordCount":495,"publisher":{"@id":"https:\/\/footdavant.fr\/actualites\/#organization"},"keywords":["attribuent","d\u00e9part","joueurs","les","Manchester","mauvais","pr\u00e9saison","surmenage","United"],"articleSection":["Premier League"],"inLanguage":"fr-FR"},{"@type":"WebPage","@id":"https:\/\/footdavant.fr\/actualites\/les-joueurs-de-manchester-united-attribuent-un-mauvais-depart-au-surmenage-de-pre-saison\/","url":"https:\/\/footdavant.fr\/actualites\/les-joueurs-de-manchester-united-attribuent-un-mauvais-depart-au-surmenage-de-pre-saison\/","name":"Les joueurs de Manchester United \"attribuent un mauvais d\u00e9part au surmenage de pr\u00e9-saison\"","isPartOf":{"@id":"https:\/\/footdavant.fr\/actualites\/#website"},"datePublished":"2023-11-24T14:59:41+00:00","dateModified":"2023-11-24T14:59:42+00:00","breadcrumb":{"@id":"https:\/\/footdavant.fr\/actualites\/les-joueurs-de-manchester-united-attribuent-un-mauvais-depart-au-surmenage-de-pre-saison\/#breadcrumb"},"inLanguage":"fr-FR","potentialAction":[{"@type":"ReadAction","target":["https:\/\/footdavant.fr\/actualites\/les-joueurs-de-manchester-united-attribuent-un-mauvais-depart-au-surmenage-de-pre-saison\/"]}]},{"@type":"BreadcrumbList","@id":"https:\/\/footdavant.fr\/actualites\/les-joueurs-de-manchester-united-attribuent-un-mauvais-depart-au-surmenage-de-pre-saison\/#breadcrumb","itemListElement":[{"@type":"ListItem","position":1,"name":"Accueil","item":"https:\/\/footdavant.fr\/actualites\/"},{"@type":"ListItem","position":2,"name":"Les joueurs de Manchester United \u00ab\u00a0attribuent un mauvais d\u00e9part au surmenage de pr\u00e9-saison\u00a0\u00bb"}]},{"@type":"WebSite","@id":"https:\/\/footdavant.fr\/actualites\/#website","url":"https:\/\/footdavant.fr\/actualites\/","name":"Foot d'avant","description":"","publisher":{"@id":"https:\/\/footdavant.fr\/actualites\/#organization"},"potentialAction":[{"@type":"SearchAction","target":{"@type":"EntryPoint","urlTemplate":"https:\/\/footdavant.fr\/actualites\/?s={search_term_string}"},"query-input":"required name=search_term_string"}],"inLanguage":"fr-FR"},{"@type":"Organization","@id":"https:\/\/footdavant.fr\/actualites\/#organization","name":"Foot d'avant","url":"https:\/\/footdavant.fr\/actualites\/","logo":{"@type":"ImageObject","inLanguage":"fr-FR","@id":"https:\/\/footdavant.fr\/actualites\/#\/schema\/logo\/image\/","url":"https:\/\/footdavant.fr\/actualites\/wp-content\/uploads\/2023\/09\/Copy-of-FootDavant-Logo.png","contentUrl":"https:\/\/footdavant.fr\/actualites\/wp-content\/uploads\/2023\/09\/Copy-of-FootDavant-Logo.png","width":936,"height":549,"caption":"Foot d'avant"},"image":{"@id":"https:\/\/footdavant.fr\/actualites\/#\/schema\/logo\/image\/"},"sameAs":["https:\/\/www.facebook.com\/Footdavant\/","https:\/\/twitter.com\/FootdavantFr","https:\/\/www.instagram.com\/footdavant.fr\/"]},{"@type":"Person","@id":"https:\/\/footdavant.fr\/actualites\/#\/schema\/person\/bc222566d95871b37e597b3ed3ba5e1d","name":"Cl\u00e9ment","image":{"@type":"ImageObject","inLanguage":"fr-FR","@id":"https:\/\/footdavant.fr\/actualites\/#\/schema\/person\/image\/","url":"https:\/\/secure.gravatar.com\/avatar\/7728b29aac2719421e1a9159b2254c44?s=96&d=mm&r=g","contentUrl":"https:\/\/secure.gravatar.com\/avatar\/7728b29aac2719421e1a9159b2254c44?s=96&d=mm&r=g","caption":"Cl\u00e9ment"},"sameAs":["https:\/\/footdavant.fr\/"]}]}},"_links":{"self":[{"href":"https:\/\/footdavant.fr\/actualites\/wp-json\/wp\/v2\/posts\/1355"}],"collection":[{"href":"https:\/\/footdavant.fr\/actualites\/wp-json\/wp\/v2\/posts"}],"about":[{"href":"https:\/\/footdavant.fr\/actualites\/wp-json\/wp\/v2\/types\/post"}],"author":[{"embeddable":true,"href":"https:\/\/footdavant.fr\/actualites\/wp-json\/wp\/v2\/users\/1"}],"replies":[{"embeddable":true,"href":"https:\/\/footdavant.fr\/actualites\/wp-json\/wp\/v2\/comments?post=1355"}],"version-history":[{"count":1,"href":"https:\/\/footdavant.fr\/actualites\/wp-json\/wp\/v2\/posts\/1355\/revisions"}],"predecessor-version":[{"id":1357,"href":"https:\/\/footdavant.fr\/actualites\/wp-json\/wp\/v2\/posts\/1355\/revisions\/1357"}],"wp:featuredmedia":[{"embeddable":true,"href":"https:\/\/footdavant.fr\/actualites\/wp-json\/wp\/v2\/media\/1356"}],"wp:attachment":[{"href":"https:\/\/footdavant.fr\/actualites\/wp-json\/wp\/v2\/media?parent=1355"}],"wp:term":[{"taxonomy":"category","embeddable":true,"href":"https:\/\/footdavant.fr\/actualites\/wp-json\/wp\/v2\/categories?post=1355"},{"taxonomy":"post_tag","embeddable":true,"href":"https:\/\/footdavant.fr\/actualites\/wp-json\/wp\/v2\/tags?post=1355"}],"curies":[{"name":"wp","href":"https:\/\/api.w.org\/{rel}","templated":true}]}}