{"id":13563,"date":"2024-09-18T01:51:16","date_gmt":"2024-09-17T23:51:16","guid":{"rendered":"https:\/\/footdavant.fr\/actualites\/blessures-de-barcelone-pour-le-choc-de-la-ligue-des-champions-de-monaco-gavi-et-ansu-fati-font-le-point\/"},"modified":"2024-09-18T01:51:19","modified_gmt":"2024-09-17T23:51:19","slug":"blessures-de-barcelone-pour-le-choc-de-la-ligue-des-champions-de-monaco-gavi-et-ansu-fati-font-le-point","status":"publish","type":"post","link":"https:\/\/footdavant.fr\/actualites\/blessures-de-barcelone-pour-le-choc-de-la-ligue-des-champions-de-monaco-gavi-et-ansu-fati-font-le-point\/","title":{"rendered":"Blessures de Barcelone pour le choc de la Ligue des champions de Monaco : Gavi et Ansu Fati font le point"},"content":{"rendered":"<p>Sports Mole fait le point sur les blessures et les suspensions de Barcelone avant le choc de la Ligue des champions de jeudi contre Monaco.<\/p>\n<div id=\"article_body\" itemprop=\"articleBody\">\n<p class=\"firstPara\"><strong class=\"autotag\">Barcelone<\/strong> retour \u00e0 l&#39;action jeudi soir lorsqu&#39;ils affronteront <strong class=\"autotag\">Monaco<\/strong> lors de leur match d&#39;ouverture de cette saison <strong class=\"autotag\">Ligue des Champions<\/strong>.<\/p>\n<p>Les g\u00e9ants catalans n&#39;auraient pas pu esp\u00e9rer un meilleur d\u00e9but de vie sous <strong class=\"autotag\">Hansi Flick<\/strong>enregistrant cinq victoires cons\u00e9cutives en Liga pour se placer en t\u00eate du classement.<\/p>\n<p>Flick a vu son \u00e9quipe vaincre G\u00e9rone, autre participant \u00e0 la Ligue des champions, ce week-end, mais l&#39;Allemand doit encore faire face \u00e0 de nombreux probl\u00e8mes de blessures avant ce match.<\/p>\n<p>Ici, <strong>Taupe sportive<\/strong> fait le point sur les blessures et les suspensions du FC Barcelone avant le d\u00e9placement au Stade Louis II pour affronter les g\u00e9ants de la Ligue 1.<\/p>\n<hr>\n<p class=\"imgI\">\n<p><strong>Statut:<\/strong> Un doute mineur<br \/><strong>Type de blessure :<\/strong> Pied<br \/><strong>Date de retour possible :<\/strong> 19 septembre (contre Monaco)<\/p>\n<p>Fati a bien progress\u00e9 dans sa convalescence apr\u00e8s une blessure au pied contract\u00e9e fin juillet. M\u00eame si Fati \u00e9tait en lice pour figurer dans le groupe de dimanche, Barcelone a d\u00e9cid\u00e9 d&#39;adopter une approche prudente et de reporter son retour au moins jusqu&#39;\u00e0 jeudi prochain face \u00e0 Monaco.<\/p>\n<hr>\n<p class=\"imgI\">\n<p><strong>Statut:<\/strong> Dehors<br \/><strong>Type de blessure :<\/strong> Genou<br \/><strong>Date de retour possible :<\/strong> Inconnu<\/p>\n<p>Gavi est hors jeu depuis qu&#39;il a subi une grave blessure au genou alors qu&#39;il repr\u00e9sentait l&#39;Espagne en novembre 2023. Le milieu de terrain a acc\u00e9l\u00e9r\u00e9 sa r\u00e9cup\u00e9ration en revenant \u00e0 l&#39;entra\u00eenement, mais il n&#39;y a toujours pas de date pour son retour \u00e0 la comp\u00e9tition.<\/p>\n<hr>\n<p class=\"imgI\">\n<p><strong>Statut:<\/strong> Dehors<br \/><strong>Type de blessure :<\/strong> Tendon<br \/><strong>Date de retour possible :<\/strong> 25 septembre (contre Getafe)<\/p>\n<p>L\u00f3pez s&#39;est bless\u00e9 aux ischio-jambiers lors de la derni\u00e8re p\u00e9riode internationale. Le milieu de terrain s&#39;est bless\u00e9 lors de son premier entra\u00eenement avec l&#39;\u00e9quipe d&#39;Espagne Espoirs, et Barcelone a confirm\u00e9 qu&#39;il serait \u00e9loign\u00e9 des terrains pendant trois semaines.<\/p>\n<hr>\n<p class=\"imgI\">\n<p><strong>Statut:<\/strong> Dehors<br \/><strong>Type de blessure :<\/strong> Genou<br \/><strong>Date de retour possible :<\/strong> Inconnu<\/p>\n<p>Le joueur de 17 ans a souffert d&#39;une blessure au ligament crois\u00e9 ant\u00e9rieur lors du d\u00e9placement contre le Rayo le mois dernier. Le club a r\u00e9cemment confirm\u00e9 que Bernal avait subi une op\u00e9ration r\u00e9ussie et devrait \u00eatre \u00e9loign\u00e9 des terrains pendant 12 mois.<\/p>\n<hr>\n<p class=\"imgI\">\n<p><strong>Statut:<\/strong> Dehors<br \/><strong>Type de blessure :<\/strong> Tendon<br \/><strong>Date de retour possible :<\/strong> Inconnu<\/p>\n<p>Araujo a manqu\u00e9 le d\u00e9but de la saison apr\u00e8s avoir subi une op\u00e9ration aux ischio-jambiers en juillet, et il ne devrait pas revenir \u00e0 la comp\u00e9tition avant la fin de 2024.<\/p>\n<hr>\n<p class=\"imgI\">\n<p><strong>Statut:<\/strong> Dehors<br \/><strong>Type de blessure :<\/strong> Cheville<br \/><strong>Date de retour possible :<\/strong> Inconnu<\/p>\n<p>De Jong souffre toujours d&#39;une blessure \u00e0 la cheville contract\u00e9e lors du Clasico contre le Real Madrid en avril. Le club aurait recommand\u00e9 une op\u00e9ration, mais le milieu de terrain est r\u00e9ticent \u00e0 l&#39;id\u00e9e de se faire op\u00e9rer.<\/p>\n<hr>\n<p><strong><\/strong><\/p>\n<p class=\"imgI\">\n<p><strong>Statut:<\/strong> Dehors<br \/><strong>Type de blessure :<\/strong> Achille<br \/><strong>Date de retour possible :<\/strong> Inconnu<\/p>\n<p>Christensen reste indisponible pour la s\u00e9lection apr\u00e8s avoir manqu\u00e9 les quatre derniers matches et les r\u00e9cents matches internationaux du Danemark en raison d&#39;un probl\u00e8me d&#39;Achille.<\/p>\n<hr>\n<p class=\"imgI\">\n<p><strong>Statut:<\/strong> Dehors<br \/><strong>Type de blessure :<\/strong> Cuisse<br \/><strong>Date de retour possible :<\/strong> Inconnu<\/p>\n<p>Le FC Barcelone a subi un coup dur dimanche en raison d&#39;une blessure \u00e0 la cuisse de Dani Olmo. Le club espagnol a depuis annonc\u00e9 que le meneur de jeu ne reviendrait pas avant la tr\u00eave internationale d&#39;octobre.<\/p>\n<hr>\n<p><strong><\/p>\n<h2>LISTE DES SUSPENSIONN\u00c9S DE BARCELONE<\/h2>\n<p><\/strong><\/p>\n<p>Bien qu&#39;Araujo soit suspendu pour ce match en raison du carton rouge re\u00e7u contre le Paris Saint-Germain lors du match retour des quarts de finale de la saison derni\u00e8re, le d\u00e9fenseur est indisponible pour cause de blessure.<\/p>\n<hr>\n<\/div>\n","protected":false},"excerpt":{"rendered":"<p>Sports Mole fait le point sur les blessures et les suspensions de Barcelone avant le choc de la Ligue des champions de jeudi contre Monaco.<\/p>\n","protected":false},"author":1,"featured_media":13564,"comment_status":"closed","ping_status":"","sticky":false,"template":"","format":"standard","meta":{"footnotes":""},"categories":[4],"tags":[908,130,155,31,332,12,909,999,472,30,2808,153,51],"yoast_head":"<!-- This site is optimized with the Yoast SEO plugin v21.0 - https:\/\/yoast.com\/wordpress\/plugins\/seo\/ -->\n<title>Blessures de Barcelone pour le choc de la Ligue des champions de Monaco : Gavi et Ansu Fati font le point<\/title>\n<meta name=\"robots\" content=\"index, follow, max-snippet:-1, max-image-preview:large, max-video-preview:-1\" \/>\n<link rel=\"canonical\" href=\"https:\/\/footdavant.fr\/actualites\/blessures-de-barcelone-pour-le-choc-de-la-ligue-des-champions-de-monaco-gavi-et-ansu-fati-font-le-point\/\" \/>\n<meta property=\"og:locale\" content=\"fr_FR\" \/>\n<meta property=\"og:type\" content=\"article\" \/>\n<meta property=\"og:title\" content=\"Blessures de Barcelone pour le choc de la Ligue des champions de Monaco : Gavi et Ansu Fati font le point\" \/>\n<meta property=\"og:description\" content=\"Sports Mole fait le point sur les blessures et les suspensions de Barcelone avant le choc de la Ligue des champions de jeudi contre Monaco.\" \/>\n<meta property=\"og:url\" content=\"https:\/\/footdavant.fr\/actualites\/blessures-de-barcelone-pour-le-choc-de-la-ligue-des-champions-de-monaco-gavi-et-ansu-fati-font-le-point\/\" \/>\n<meta property=\"og:site_name\" content=\"Foot d&#039;avant\" \/>\n<meta property=\"article:publisher\" content=\"https:\/\/www.facebook.com\/Footdavant\/\" \/>\n<meta property=\"article:published_time\" content=\"2024-09-17T23:51:16+00:00\" \/>\n<meta property=\"article:modified_time\" content=\"2024-09-17T23:51:19+00:00\" \/>\n<meta property=\"og:image\" content=\"https:\/\/footdavant.fr\/actualites\/wp-content\/uploads\/2024\/09\/Blessures-de-Barcelone-pour-le-choc-de-la-Ligue-des.jpg\" \/>\n\t<meta property=\"og:image:width\" content=\"1280\" \/>\n\t<meta property=\"og:image:height\" content=\"960\" \/>\n\t<meta property=\"og:image:type\" content=\"image\/jpeg\" \/>\n<meta name=\"author\" content=\"Cl\u00e9ment\" \/>\n<meta name=\"twitter:card\" content=\"summary_large_image\" \/>\n<meta name=\"twitter:creator\" content=\"@FootdavantFr\" \/>\n<meta name=\"twitter:site\" content=\"@FootdavantFr\" \/>\n<meta name=\"twitter:label1\" content=\"\u00c9crit par\" \/>\n\t<meta name=\"twitter:data1\" content=\"Cl\u00e9ment\" \/>\n\t<meta name=\"twitter:label2\" content=\"Dur\u00e9e de lecture estim\u00e9e\" \/>\n\t<meta name=\"twitter:data2\" content=\"3 minutes\" \/>\n<script type=\"application\/ld+json\" class=\"yoast-schema-graph\">{\"@context\":\"https:\/\/schema.org\",\"@graph\":[{\"@type\":\"Article\",\"@id\":\"https:\/\/footdavant.fr\/actualites\/blessures-de-barcelone-pour-le-choc-de-la-ligue-des-champions-de-monaco-gavi-et-ansu-fati-font-le-point\/#article\",\"isPartOf\":{\"@id\":\"https:\/\/footdavant.fr\/actualites\/blessures-de-barcelone-pour-le-choc-de-la-ligue-des-champions-de-monaco-gavi-et-ansu-fati-font-le-point\/\"},\"author\":{\"name\":\"Cl\u00e9ment\",\"@id\":\"https:\/\/footdavant.fr\/actualites\/#\/schema\/person\/bc222566d95871b37e597b3ed3ba5e1d\"},\"headline\":\"Blessures de Barcelone pour le choc de la Ligue des champions de Monaco : Gavi et Ansu Fati font le point\",\"datePublished\":\"2024-09-17T23:51:16+00:00\",\"dateModified\":\"2024-09-17T23:51:19+00:00\",\"mainEntityOfPage\":{\"@id\":\"https:\/\/footdavant.fr\/actualites\/blessures-de-barcelone-pour-le-choc-de-la-ligue-des-champions-de-monaco-gavi-et-ansu-fati-font-le-point\/\"},\"wordCount\":652,\"publisher\":{\"@id\":\"https:\/\/footdavant.fr\/actualites\/#organization\"},\"keywords\":[\"Ansu\",\"Barcelone\",\"blessures\",\"champions\",\"choc\",\"des\",\"Fati\",\"font\",\"Gavi\",\"Ligue\",\"Monaco\",\"point\",\"pour\"],\"articleSection\":[\"Champions League\"],\"inLanguage\":\"fr-FR\"},{\"@type\":\"WebPage\",\"@id\":\"https:\/\/footdavant.fr\/actualites\/blessures-de-barcelone-pour-le-choc-de-la-ligue-des-champions-de-monaco-gavi-et-ansu-fati-font-le-point\/\",\"url\":\"https:\/\/footdavant.fr\/actualites\/blessures-de-barcelone-pour-le-choc-de-la-ligue-des-champions-de-monaco-gavi-et-ansu-fati-font-le-point\/\",\"name\":\"Blessures de Barcelone pour le choc de la Ligue des champions de Monaco : Gavi et Ansu Fati font le point\",\"isPartOf\":{\"@id\":\"https:\/\/footdavant.fr\/actualites\/#website\"},\"datePublished\":\"2024-09-17T23:51:16+00:00\",\"dateModified\":\"2024-09-17T23:51:19+00:00\",\"breadcrumb\":{\"@id\":\"https:\/\/footdavant.fr\/actualites\/blessures-de-barcelone-pour-le-choc-de-la-ligue-des-champions-de-monaco-gavi-et-ansu-fati-font-le-point\/#breadcrumb\"},\"inLanguage\":\"fr-FR\",\"potentialAction\":[{\"@type\":\"ReadAction\",\"target\":[\"https:\/\/footdavant.fr\/actualites\/blessures-de-barcelone-pour-le-choc-de-la-ligue-des-champions-de-monaco-gavi-et-ansu-fati-font-le-point\/\"]}]},{\"@type\":\"BreadcrumbList\",\"@id\":\"https:\/\/footdavant.fr\/actualites\/blessures-de-barcelone-pour-le-choc-de-la-ligue-des-champions-de-monaco-gavi-et-ansu-fati-font-le-point\/#breadcrumb\",\"itemListElement\":[{\"@type\":\"ListItem\",\"position\":1,\"name\":\"Accueil\",\"item\":\"https:\/\/footdavant.fr\/actualites\/\"},{\"@type\":\"ListItem\",\"position\":2,\"name\":\"Blessures de Barcelone pour le choc de la Ligue des champions de Monaco : Gavi et Ansu Fati font le point\"}]},{\"@type\":\"WebSite\",\"@id\":\"https:\/\/footdavant.fr\/actualites\/#website\",\"url\":\"https:\/\/footdavant.fr\/actualites\/\",\"name\":\"Foot d'avant\",\"description\":\"\",\"publisher\":{\"@id\":\"https:\/\/footdavant.fr\/actualites\/#organization\"},\"potentialAction\":[{\"@type\":\"SearchAction\",\"target\":{\"@type\":\"EntryPoint\",\"urlTemplate\":\"https:\/\/footdavant.fr\/actualites\/?s={search_term_string}\"},\"query-input\":\"required name=search_term_string\"}],\"inLanguage\":\"fr-FR\"},{\"@type\":\"Organization\",\"@id\":\"https:\/\/footdavant.fr\/actualites\/#organization\",\"name\":\"Foot d'avant\",\"url\":\"https:\/\/footdavant.fr\/actualites\/\",\"logo\":{\"@type\":\"ImageObject\",\"inLanguage\":\"fr-FR\",\"@id\":\"https:\/\/footdavant.fr\/actualites\/#\/schema\/logo\/image\/\",\"url\":\"https:\/\/footdavant.fr\/actualites\/wp-content\/uploads\/2023\/09\/Copy-of-FootDavant-Logo.png\",\"contentUrl\":\"https:\/\/footdavant.fr\/actualites\/wp-content\/uploads\/2023\/09\/Copy-of-FootDavant-Logo.png\",\"width\":936,\"height\":549,\"caption\":\"Foot d'avant\"},\"image\":{\"@id\":\"https:\/\/footdavant.fr\/actualites\/#\/schema\/logo\/image\/\"},\"sameAs\":[\"https:\/\/www.facebook.com\/Footdavant\/\",\"https:\/\/twitter.com\/FootdavantFr\",\"https:\/\/www.instagram.com\/footdavant.fr\/\"]},{\"@type\":\"Person\",\"@id\":\"https:\/\/footdavant.fr\/actualites\/#\/schema\/person\/bc222566d95871b37e597b3ed3ba5e1d\",\"name\":\"Cl\u00e9ment\",\"image\":{\"@type\":\"ImageObject\",\"inLanguage\":\"fr-FR\",\"@id\":\"https:\/\/footdavant.fr\/actualites\/#\/schema\/person\/image\/\",\"url\":\"https:\/\/secure.gravatar.com\/avatar\/7728b29aac2719421e1a9159b2254c44?s=96&d=mm&r=g\",\"contentUrl\":\"https:\/\/secure.gravatar.com\/avatar\/7728b29aac2719421e1a9159b2254c44?s=96&d=mm&r=g\",\"caption\":\"Cl\u00e9ment\"},\"sameAs\":[\"https:\/\/footdavant.fr\/\"]}]}<\/script>\n<!-- \/ Yoast SEO plugin. -->","yoast_head_json":{"title":"Blessures de Barcelone pour le choc de la Ligue des champions de Monaco : Gavi et Ansu Fati font le point","robots":{"index":"index","follow":"follow","max-snippet":"max-snippet:-1","max-image-preview":"max-image-preview:large","max-video-preview":"max-video-preview:-1"},"canonical":"https:\/\/footdavant.fr\/actualites\/blessures-de-barcelone-pour-le-choc-de-la-ligue-des-champions-de-monaco-gavi-et-ansu-fati-font-le-point\/","og_locale":"fr_FR","og_type":"article","og_title":"Blessures de Barcelone pour le choc de la Ligue des champions de Monaco : Gavi et Ansu Fati font le point","og_description":"Sports Mole fait le point sur les blessures et les suspensions de Barcelone avant le choc de la Ligue des champions de jeudi contre Monaco.","og_url":"https:\/\/footdavant.fr\/actualites\/blessures-de-barcelone-pour-le-choc-de-la-ligue-des-champions-de-monaco-gavi-et-ansu-fati-font-le-point\/","og_site_name":"Foot d&#039;avant","article_publisher":"https:\/\/www.facebook.com\/Footdavant\/","article_published_time":"2024-09-17T23:51:16+00:00","article_modified_time":"2024-09-17T23:51:19+00:00","og_image":[{"width":1280,"height":960,"url":"https:\/\/footdavant.fr\/actualites\/wp-content\/uploads\/2024\/09\/Blessures-de-Barcelone-pour-le-choc-de-la-Ligue-des.jpg","type":"image\/jpeg"}],"author":"Cl\u00e9ment","twitter_card":"summary_large_image","twitter_creator":"@FootdavantFr","twitter_site":"@FootdavantFr","twitter_misc":{"\u00c9crit par":"Cl\u00e9ment","Dur\u00e9e de lecture estim\u00e9e":"3 minutes"},"schema":{"@context":"https:\/\/schema.org","@graph":[{"@type":"Article","@id":"https:\/\/footdavant.fr\/actualites\/blessures-de-barcelone-pour-le-choc-de-la-ligue-des-champions-de-monaco-gavi-et-ansu-fati-font-le-point\/#article","isPartOf":{"@id":"https:\/\/footdavant.fr\/actualites\/blessures-de-barcelone-pour-le-choc-de-la-ligue-des-champions-de-monaco-gavi-et-ansu-fati-font-le-point\/"},"author":{"name":"Cl\u00e9ment","@id":"https:\/\/footdavant.fr\/actualites\/#\/schema\/person\/bc222566d95871b37e597b3ed3ba5e1d"},"headline":"Blessures de Barcelone pour le choc de la Ligue des champions de Monaco : Gavi et Ansu Fati font le point","datePublished":"2024-09-17T23:51:16+00:00","dateModified":"2024-09-17T23:51:19+00:00","mainEntityOfPage":{"@id":"https:\/\/footdavant.fr\/actualites\/blessures-de-barcelone-pour-le-choc-de-la-ligue-des-champions-de-monaco-gavi-et-ansu-fati-font-le-point\/"},"wordCount":652,"publisher":{"@id":"https:\/\/footdavant.fr\/actualites\/#organization"},"keywords":["Ansu","Barcelone","blessures","champions","choc","des","Fati","font","Gavi","Ligue","Monaco","point","pour"],"articleSection":["Champions League"],"inLanguage":"fr-FR"},{"@type":"WebPage","@id":"https:\/\/footdavant.fr\/actualites\/blessures-de-barcelone-pour-le-choc-de-la-ligue-des-champions-de-monaco-gavi-et-ansu-fati-font-le-point\/","url":"https:\/\/footdavant.fr\/actualites\/blessures-de-barcelone-pour-le-choc-de-la-ligue-des-champions-de-monaco-gavi-et-ansu-fati-font-le-point\/","name":"Blessures de Barcelone pour le choc de la Ligue des champions de Monaco : Gavi et Ansu Fati font le point","isPartOf":{"@id":"https:\/\/footdavant.fr\/actualites\/#website"},"datePublished":"2024-09-17T23:51:16+00:00","dateModified":"2024-09-17T23:51:19+00:00","breadcrumb":{"@id":"https:\/\/footdavant.fr\/actualites\/blessures-de-barcelone-pour-le-choc-de-la-ligue-des-champions-de-monaco-gavi-et-ansu-fati-font-le-point\/#breadcrumb"},"inLanguage":"fr-FR","potentialAction":[{"@type":"ReadAction","target":["https:\/\/footdavant.fr\/actualites\/blessures-de-barcelone-pour-le-choc-de-la-ligue-des-champions-de-monaco-gavi-et-ansu-fati-font-le-point\/"]}]},{"@type":"BreadcrumbList","@id":"https:\/\/footdavant.fr\/actualites\/blessures-de-barcelone-pour-le-choc-de-la-ligue-des-champions-de-monaco-gavi-et-ansu-fati-font-le-point\/#breadcrumb","itemListElement":[{"@type":"ListItem","position":1,"name":"Accueil","item":"https:\/\/footdavant.fr\/actualites\/"},{"@type":"ListItem","position":2,"name":"Blessures de Barcelone pour le choc de la Ligue des champions de Monaco : Gavi et Ansu Fati font le point"}]},{"@type":"WebSite","@id":"https:\/\/footdavant.fr\/actualites\/#website","url":"https:\/\/footdavant.fr\/actualites\/","name":"Foot d'avant","description":"","publisher":{"@id":"https:\/\/footdavant.fr\/actualites\/#organization"},"potentialAction":[{"@type":"SearchAction","target":{"@type":"EntryPoint","urlTemplate":"https:\/\/footdavant.fr\/actualites\/?s={search_term_string}"},"query-input":"required name=search_term_string"}],"inLanguage":"fr-FR"},{"@type":"Organization","@id":"https:\/\/footdavant.fr\/actualites\/#organization","name":"Foot d'avant","url":"https:\/\/footdavant.fr\/actualites\/","logo":{"@type":"ImageObject","inLanguage":"fr-FR","@id":"https:\/\/footdavant.fr\/actualites\/#\/schema\/logo\/image\/","url":"https:\/\/footdavant.fr\/actualites\/wp-content\/uploads\/2023\/09\/Copy-of-FootDavant-Logo.png","contentUrl":"https:\/\/footdavant.fr\/actualites\/wp-content\/uploads\/2023\/09\/Copy-of-FootDavant-Logo.png","width":936,"height":549,"caption":"Foot d'avant"},"image":{"@id":"https:\/\/footdavant.fr\/actualites\/#\/schema\/logo\/image\/"},"sameAs":["https:\/\/www.facebook.com\/Footdavant\/","https:\/\/twitter.com\/FootdavantFr","https:\/\/www.instagram.com\/footdavant.fr\/"]},{"@type":"Person","@id":"https:\/\/footdavant.fr\/actualites\/#\/schema\/person\/bc222566d95871b37e597b3ed3ba5e1d","name":"Cl\u00e9ment","image":{"@type":"ImageObject","inLanguage":"fr-FR","@id":"https:\/\/footdavant.fr\/actualites\/#\/schema\/person\/image\/","url":"https:\/\/secure.gravatar.com\/avatar\/7728b29aac2719421e1a9159b2254c44?s=96&d=mm&r=g","contentUrl":"https:\/\/secure.gravatar.com\/avatar\/7728b29aac2719421e1a9159b2254c44?s=96&d=mm&r=g","caption":"Cl\u00e9ment"},"sameAs":["https:\/\/footdavant.fr\/"]}]}},"_links":{"self":[{"href":"https:\/\/footdavant.fr\/actualites\/wp-json\/wp\/v2\/posts\/13563"}],"collection":[{"href":"https:\/\/footdavant.fr\/actualites\/wp-json\/wp\/v2\/posts"}],"about":[{"href":"https:\/\/footdavant.fr\/actualites\/wp-json\/wp\/v2\/types\/post"}],"author":[{"embeddable":true,"href":"https:\/\/footdavant.fr\/actualites\/wp-json\/wp\/v2\/users\/1"}],"replies":[{"embeddable":true,"href":"https:\/\/footdavant.fr\/actualites\/wp-json\/wp\/v2\/comments?post=13563"}],"version-history":[{"count":1,"href":"https:\/\/footdavant.fr\/actualites\/wp-json\/wp\/v2\/posts\/13563\/revisions"}],"predecessor-version":[{"id":13565,"href":"https:\/\/footdavant.fr\/actualites\/wp-json\/wp\/v2\/posts\/13563\/revisions\/13565"}],"wp:featuredmedia":[{"embeddable":true,"href":"https:\/\/footdavant.fr\/actualites\/wp-json\/wp\/v2\/media\/13564"}],"wp:attachment":[{"href":"https:\/\/footdavant.fr\/actualites\/wp-json\/wp\/v2\/media?parent=13563"}],"wp:term":[{"taxonomy":"category","embeddable":true,"href":"https:\/\/footdavant.fr\/actualites\/wp-json\/wp\/v2\/categories?post=13563"},{"taxonomy":"post_tag","embeddable":true,"href":"https:\/\/footdavant.fr\/actualites\/wp-json\/wp\/v2\/tags?post=13563"}],"curies":[{"name":"wp","href":"https:\/\/api.w.org\/{rel}","templated":true}]}}