{"id":13566,"date":"2024-09-18T02:48:05","date_gmt":"2024-09-18T00:48:05","guid":{"rendered":"https:\/\/footdavant.fr\/actualites\/transferts-de-manchester-united-les-red-devils-recoivent-un-coup-de-pouce-dans-leur-quete-de-la-star-neerlandaise\/"},"modified":"2024-09-18T02:48:06","modified_gmt":"2024-09-18T00:48:06","slug":"transferts-de-manchester-united-les-red-devils-recoivent-un-coup-de-pouce-dans-leur-quete-de-la-star-neerlandaise","status":"publish","type":"post","link":"https:\/\/footdavant.fr\/actualites\/transferts-de-manchester-united-les-red-devils-recoivent-un-coup-de-pouce-dans-leur-quete-de-la-star-neerlandaise\/","title":{"rendered":"Transferts de Manchester United : les Red Devils \u00ab re\u00e7oivent un coup de pouce \u00bb dans leur qu\u00eate de la star n\u00e9erlandaise"},"content":{"rendered":"<p>Manchester United a re\u00e7u un coup de pouce dans sa poursuite de Xavi Simons, car le joueur de 21 ans ne verrait apparemment plus d&#39;avenir au Paris Saint-Germain. <\/p>\n<div id=\"article_body\" itemprop=\"articleBody\">\n<h3 class=\"firstPara\">\n<strong class=\"autotag\">Manchester United<\/strong> ont re\u00e7u un coup de pouce dans leur qu\u00eate de <strong class=\"autotag\">Xavi Simons<\/strong>car le jeune homme de 21 ans ne verrait apparemment plus d&#39;avenir \u00e0 <strong class=\"autotag\">Paris Saint-Germain<\/strong>. <\/h3>\n<p>Simons, produit de l&#39;acad\u00e9mie de Barcelone, a rejoint le PSG en 2021 avant de retourner aux Pays-Bas pour rejoindre le PSV Eindhoven, o\u00f9 il a marqu\u00e9 22 buts lors de la saison de championnat 2022-23. <\/p>\n<p>Les performances impressionnantes du joueur de 21 ans en Eredivisie ont incit\u00e9 les champions de Ligue 1 \u00e0 activer une clause de rachat de 5 millions de livres sterling avant son pr\u00eat \u00e0 <strong class=\"autotag\">RB Leipzig<\/strong>o\u00f9 il a marqu\u00e9 huit buts et r\u00e9alis\u00e9 11 passes d\u00e9cisives en Bundesliga la saison derni\u00e8re.<\/p>\n<p>Cependant, l&#39;avenir du N\u00e9erlandais reste incertain car il n&#39;a pas encore r\u00e9ussi \u00e0 s&#39;imposer au PSG et les sp\u00e9culations se multiplient selon lesquelles il pourrait \u00eatre pr\u00eat pour un transfert tr\u00e8s m\u00e9diatis\u00e9 loin du Parc des Princes lors de la prochaine fen\u00eatre de transfert.<\/p>\n<p class=\"imgI\">\n<h2 class=\"k3\">Simons cherche \u00e0 quitter d\u00e9finitivement le Parc des Princes<\/h2>\n<p>Manchester United faisait partie des nombreux clubs de Premier League li\u00e9s \u00e0 Simons au cours de l&#39;\u00e9t\u00e9, mais la star du PSG a finalement rejoint le RB Leipzig pour un pr\u00eat d&#39;une saison.<\/p>\n<p>Cependant, les Red Devils ont maintenant re\u00e7u un coup de pouce significatif dans la poursuite du joueur de 21 ans, avec <em>Photo de sport<\/em> rapportant que l&#39;attaquant n\u00e9erlandais est \u00ab d\u00e9sireux \u00bb de rejoindre la Premier League. <\/p>\n<p>Le rapport ajoute que le joueur est \u00e9valu\u00e9 \u00e0 environ 68 millions de livres sterling par le PSG, et il est d\u00e9sormais pr\u00eat \u00e0 trouver un transfert permanent loin de la capitale fran\u00e7aise, n&#39;ayant pas r\u00e9ussi \u00e0 d\u00e9crocher une place dans l&#39;\u00e9quipe premi\u00e8re. <\/p>\n<p>Il est entendu que United devra faire face \u00e0 une rude concurrence pour obtenir la signature de Simons, cependant, avec <strong class=\"autotag\">Arsenal<\/strong>, <strong class=\"autotag\">Chelsea<\/strong> et <strong class=\"autotag\">Borussia Dortmund<\/strong> se montrant \u00e9galement int\u00e9ress\u00e9 \u00e0 acqu\u00e9rir ses services.<\/p>\n<p>Le joueur de 21 ans a particip\u00e9 aux trois matches de championnat de Leipzig cette saison et son contrat actuel avec le PSG court jusqu&#39;\u00e0 l&#39;\u00e9t\u00e9 2027. <\/p>\n<p class=\"imgI\"><img decoding=\"async\" loading=\"lazy\" class=\"l\" src=\"https:\/\/footdavant.fr\/actualites\/wp-content\/uploads\/2024\/09\/Transferts-de-Manchester-United-les-Red-Devils-recoivent.JPG\" title=\"Le patron du RB Leipzig, Oliver Mintzlaff, photographi\u00e9 avant le match du 1er f\u00e9vrier 2020\" alt=\"Le patron du RB Leipzig, Oliver Mintzlaff, photographi\u00e9 avant le match du 1er f\u00e9vrier 2020\" width=\"640\" height=\"480\"><\/p>\n<h2 class=\"k3\">Leipzig peine \u00e0 se payer le recrutement de Simons<\/h2>\n<p>Le RB Leipzig souhaite conserver les services de Simons de mani\u00e8re permanente, mais le prix demand\u00e9 par le PSG serait sup\u00e9rieur \u00e0 ce que la Bundesliga peut se permettre. <\/p>\n<p>S&#39;adressant aux m\u00e9dias, le directeur g\u00e9n\u00e9ral de Leipzig <strong class=\"autotag\">Olivier Mintzlaff<\/strong> a d\u00e9clar\u00e9 aux journalistes : \u00ab Notre direction doit n\u00e9gocier cela avec le PSG.<\/p>\n<p>\u00ab\u00a0Pour l&#39;instant, il est pr\u00eat\u00e9. Mais notre objectif est bien s\u00fbr de garder des joueurs de haut niveau comme lui sur le long terme. Nous avons d\u00e9sormais montr\u00e9 que c&#39;\u00e9tait possible, m\u00eame face \u00e0 une forte concurrence.\u00a0\u00bb<\/p>\n<p>Mintzlaff a ajout\u00e9 : \u00ab (Benjamin) Sesko a re\u00e7u des offres substantielles, notamment de la Premier League, mais il a choisi de rester avec nous et a m\u00eame prolong\u00e9 son contrat. \u00bb<\/p>\n<p>Dans l&#39;\u00e9tat actuel des choses, le joueur le plus cher de Leipzig est <strong class=\"autotag\">Lois Openda<\/strong>qui leur a co\u00fbt\u00e9 environ 38 millions de livres sterling, ce qui signifie qu&#39;ils devraient presque doubler le montant record de la signature du club pour obtenir un accord pour Simons. <\/p>\n<\/div>\n","protected":false},"excerpt":{"rendered":"<p>Manchester United a re\u00e7u un coup de pouce dans sa poursuite de Xavi Simons, car le joueur de 21 ans ne verrait apparemment plus d&#39;avenir<\/p>\n","protected":false},"author":1,"featured_media":13567,"comment_status":"closed","ping_status":"","sticky":false,"template":"","format":"standard","meta":{"footnotes":""},"categories":[5],"tags":[489,19,265,93,486,11,5515,490,3206,1153,536,1621,1376,13],"yoast_head":"<!-- This site is optimized with the Yoast SEO plugin v21.0 - https:\/\/yoast.com\/wordpress\/plugins\/seo\/ -->\n<title>Transferts de Manchester United : les Red Devils \u00ab re\u00e7oivent un coup de pouce \u00bb dans leur qu\u00eate de la star n\u00e9erlandaise<\/title>\n<meta name=\"robots\" content=\"index, follow, max-snippet:-1, max-image-preview:large, max-video-preview:-1\" \/>\n<link rel=\"canonical\" href=\"https:\/\/footdavant.fr\/actualites\/transferts-de-manchester-united-les-red-devils-recoivent-un-coup-de-pouce-dans-leur-quete-de-la-star-neerlandaise\/\" \/>\n<meta property=\"og:locale\" content=\"fr_FR\" \/>\n<meta property=\"og:type\" content=\"article\" \/>\n<meta property=\"og:title\" content=\"Transferts de Manchester United : les Red Devils \u00ab re\u00e7oivent un coup de pouce \u00bb dans leur qu\u00eate de la star n\u00e9erlandaise\" \/>\n<meta property=\"og:description\" content=\"Manchester United a re\u00e7u un coup de pouce dans sa poursuite de Xavi Simons, car le joueur de 21 ans ne verrait apparemment plus d&#039;avenir\" \/>\n<meta property=\"og:url\" content=\"https:\/\/footdavant.fr\/actualites\/transferts-de-manchester-united-les-red-devils-recoivent-un-coup-de-pouce-dans-leur-quete-de-la-star-neerlandaise\/\" \/>\n<meta property=\"og:site_name\" content=\"Foot d&#039;avant\" \/>\n<meta property=\"article:publisher\" content=\"https:\/\/www.facebook.com\/Footdavant\/\" \/>\n<meta property=\"article:published_time\" content=\"2024-09-18T00:48:05+00:00\" \/>\n<meta property=\"article:modified_time\" content=\"2024-09-18T00:48:06+00:00\" \/>\n<meta property=\"og:image\" content=\"https:\/\/footdavant.fr\/actualites\/wp-content\/uploads\/2024\/09\/Transferts-de-Manchester-United-les-Red-Devils-recoivent.jpg\" \/>\n\t<meta property=\"og:image:width\" content=\"640\" \/>\n\t<meta property=\"og:image:height\" content=\"480\" \/>\n\t<meta property=\"og:image:type\" content=\"image\/jpeg\" \/>\n<meta name=\"author\" content=\"Cl\u00e9ment\" \/>\n<meta name=\"twitter:card\" content=\"summary_large_image\" \/>\n<meta name=\"twitter:creator\" content=\"@FootdavantFr\" \/>\n<meta name=\"twitter:site\" content=\"@FootdavantFr\" \/>\n<meta name=\"twitter:label1\" content=\"\u00c9crit par\" \/>\n\t<meta name=\"twitter:data1\" content=\"Cl\u00e9ment\" \/>\n\t<meta name=\"twitter:label2\" content=\"Dur\u00e9e de lecture estim\u00e9e\" \/>\n\t<meta name=\"twitter:data2\" content=\"3 minutes\" \/>\n<script type=\"application\/ld+json\" class=\"yoast-schema-graph\">{\"@context\":\"https:\/\/schema.org\",\"@graph\":[{\"@type\":\"Article\",\"@id\":\"https:\/\/footdavant.fr\/actualites\/transferts-de-manchester-united-les-red-devils-recoivent-un-coup-de-pouce-dans-leur-quete-de-la-star-neerlandaise\/#article\",\"isPartOf\":{\"@id\":\"https:\/\/footdavant.fr\/actualites\/transferts-de-manchester-united-les-red-devils-recoivent-un-coup-de-pouce-dans-leur-quete-de-la-star-neerlandaise\/\"},\"author\":{\"name\":\"Cl\u00e9ment\",\"@id\":\"https:\/\/footdavant.fr\/actualites\/#\/schema\/person\/bc222566d95871b37e597b3ed3ba5e1d\"},\"headline\":\"Transferts de Manchester United : les Red Devils \u00ab re\u00e7oivent un coup de pouce \u00bb dans leur qu\u00eate de la star n\u00e9erlandaise\",\"datePublished\":\"2024-09-18T00:48:05+00:00\",\"dateModified\":\"2024-09-18T00:48:06+00:00\",\"mainEntityOfPage\":{\"@id\":\"https:\/\/footdavant.fr\/actualites\/transferts-de-manchester-united-les-red-devils-recoivent-un-coup-de-pouce-dans-leur-quete-de-la-star-neerlandaise\/\"},\"wordCount\":591,\"publisher\":{\"@id\":\"https:\/\/footdavant.fr\/actualites\/#organization\"},\"keywords\":[\"coup\",\"dans\",\"Devils\",\"les\",\"leur\",\"Manchester\",\"n\u00e9erlandaise\",\"pouce\",\"qu\u00eate\",\"re\u00e7oivent\",\"Red\",\"Star\",\"transferts\",\"United\"],\"articleSection\":[\"Premier League\"],\"inLanguage\":\"fr-FR\"},{\"@type\":\"WebPage\",\"@id\":\"https:\/\/footdavant.fr\/actualites\/transferts-de-manchester-united-les-red-devils-recoivent-un-coup-de-pouce-dans-leur-quete-de-la-star-neerlandaise\/\",\"url\":\"https:\/\/footdavant.fr\/actualites\/transferts-de-manchester-united-les-red-devils-recoivent-un-coup-de-pouce-dans-leur-quete-de-la-star-neerlandaise\/\",\"name\":\"Transferts de Manchester United : les Red Devils \u00ab re\u00e7oivent un coup de pouce \u00bb dans leur qu\u00eate de la star n\u00e9erlandaise\",\"isPartOf\":{\"@id\":\"https:\/\/footdavant.fr\/actualites\/#website\"},\"datePublished\":\"2024-09-18T00:48:05+00:00\",\"dateModified\":\"2024-09-18T00:48:06+00:00\",\"breadcrumb\":{\"@id\":\"https:\/\/footdavant.fr\/actualites\/transferts-de-manchester-united-les-red-devils-recoivent-un-coup-de-pouce-dans-leur-quete-de-la-star-neerlandaise\/#breadcrumb\"},\"inLanguage\":\"fr-FR\",\"potentialAction\":[{\"@type\":\"ReadAction\",\"target\":[\"https:\/\/footdavant.fr\/actualites\/transferts-de-manchester-united-les-red-devils-recoivent-un-coup-de-pouce-dans-leur-quete-de-la-star-neerlandaise\/\"]}]},{\"@type\":\"BreadcrumbList\",\"@id\":\"https:\/\/footdavant.fr\/actualites\/transferts-de-manchester-united-les-red-devils-recoivent-un-coup-de-pouce-dans-leur-quete-de-la-star-neerlandaise\/#breadcrumb\",\"itemListElement\":[{\"@type\":\"ListItem\",\"position\":1,\"name\":\"Accueil\",\"item\":\"https:\/\/footdavant.fr\/actualites\/\"},{\"@type\":\"ListItem\",\"position\":2,\"name\":\"Transferts de Manchester United : les Red Devils \u00ab re\u00e7oivent un coup de pouce \u00bb dans leur qu\u00eate de la star n\u00e9erlandaise\"}]},{\"@type\":\"WebSite\",\"@id\":\"https:\/\/footdavant.fr\/actualites\/#website\",\"url\":\"https:\/\/footdavant.fr\/actualites\/\",\"name\":\"Foot d'avant\",\"description\":\"\",\"publisher\":{\"@id\":\"https:\/\/footdavant.fr\/actualites\/#organization\"},\"potentialAction\":[{\"@type\":\"SearchAction\",\"target\":{\"@type\":\"EntryPoint\",\"urlTemplate\":\"https:\/\/footdavant.fr\/actualites\/?s={search_term_string}\"},\"query-input\":\"required name=search_term_string\"}],\"inLanguage\":\"fr-FR\"},{\"@type\":\"Organization\",\"@id\":\"https:\/\/footdavant.fr\/actualites\/#organization\",\"name\":\"Foot d'avant\",\"url\":\"https:\/\/footdavant.fr\/actualites\/\",\"logo\":{\"@type\":\"ImageObject\",\"inLanguage\":\"fr-FR\",\"@id\":\"https:\/\/footdavant.fr\/actualites\/#\/schema\/logo\/image\/\",\"url\":\"https:\/\/footdavant.fr\/actualites\/wp-content\/uploads\/2023\/09\/Copy-of-FootDavant-Logo.png\",\"contentUrl\":\"https:\/\/footdavant.fr\/actualites\/wp-content\/uploads\/2023\/09\/Copy-of-FootDavant-Logo.png\",\"width\":936,\"height\":549,\"caption\":\"Foot d'avant\"},\"image\":{\"@id\":\"https:\/\/footdavant.fr\/actualites\/#\/schema\/logo\/image\/\"},\"sameAs\":[\"https:\/\/www.facebook.com\/Footdavant\/\",\"https:\/\/twitter.com\/FootdavantFr\",\"https:\/\/www.instagram.com\/footdavant.fr\/\"]},{\"@type\":\"Person\",\"@id\":\"https:\/\/footdavant.fr\/actualites\/#\/schema\/person\/bc222566d95871b37e597b3ed3ba5e1d\",\"name\":\"Cl\u00e9ment\",\"image\":{\"@type\":\"ImageObject\",\"inLanguage\":\"fr-FR\",\"@id\":\"https:\/\/footdavant.fr\/actualites\/#\/schema\/person\/image\/\",\"url\":\"https:\/\/secure.gravatar.com\/avatar\/7728b29aac2719421e1a9159b2254c44?s=96&d=mm&r=g\",\"contentUrl\":\"https:\/\/secure.gravatar.com\/avatar\/7728b29aac2719421e1a9159b2254c44?s=96&d=mm&r=g\",\"caption\":\"Cl\u00e9ment\"},\"sameAs\":[\"https:\/\/footdavant.fr\/\"]}]}<\/script>\n<!-- \/ Yoast SEO plugin. -->","yoast_head_json":{"title":"Transferts de Manchester United : les Red Devils \u00ab re\u00e7oivent un coup de pouce \u00bb dans leur qu\u00eate de la star n\u00e9erlandaise","robots":{"index":"index","follow":"follow","max-snippet":"max-snippet:-1","max-image-preview":"max-image-preview:large","max-video-preview":"max-video-preview:-1"},"canonical":"https:\/\/footdavant.fr\/actualites\/transferts-de-manchester-united-les-red-devils-recoivent-un-coup-de-pouce-dans-leur-quete-de-la-star-neerlandaise\/","og_locale":"fr_FR","og_type":"article","og_title":"Transferts de Manchester United : les Red Devils \u00ab re\u00e7oivent un coup de pouce \u00bb dans leur qu\u00eate de la star n\u00e9erlandaise","og_description":"Manchester United a re\u00e7u un coup de pouce dans sa poursuite de Xavi Simons, car le joueur de 21 ans ne verrait apparemment plus d&#39;avenir","og_url":"https:\/\/footdavant.fr\/actualites\/transferts-de-manchester-united-les-red-devils-recoivent-un-coup-de-pouce-dans-leur-quete-de-la-star-neerlandaise\/","og_site_name":"Foot d&#039;avant","article_publisher":"https:\/\/www.facebook.com\/Footdavant\/","article_published_time":"2024-09-18T00:48:05+00:00","article_modified_time":"2024-09-18T00:48:06+00:00","og_image":[{"width":640,"height":480,"url":"https:\/\/footdavant.fr\/actualites\/wp-content\/uploads\/2024\/09\/Transferts-de-Manchester-United-les-Red-Devils-recoivent.jpg","type":"image\/jpeg"}],"author":"Cl\u00e9ment","twitter_card":"summary_large_image","twitter_creator":"@FootdavantFr","twitter_site":"@FootdavantFr","twitter_misc":{"\u00c9crit par":"Cl\u00e9ment","Dur\u00e9e de lecture estim\u00e9e":"3 minutes"},"schema":{"@context":"https:\/\/schema.org","@graph":[{"@type":"Article","@id":"https:\/\/footdavant.fr\/actualites\/transferts-de-manchester-united-les-red-devils-recoivent-un-coup-de-pouce-dans-leur-quete-de-la-star-neerlandaise\/#article","isPartOf":{"@id":"https:\/\/footdavant.fr\/actualites\/transferts-de-manchester-united-les-red-devils-recoivent-un-coup-de-pouce-dans-leur-quete-de-la-star-neerlandaise\/"},"author":{"name":"Cl\u00e9ment","@id":"https:\/\/footdavant.fr\/actualites\/#\/schema\/person\/bc222566d95871b37e597b3ed3ba5e1d"},"headline":"Transferts de Manchester United : les Red Devils \u00ab re\u00e7oivent un coup de pouce \u00bb dans leur qu\u00eate de la star n\u00e9erlandaise","datePublished":"2024-09-18T00:48:05+00:00","dateModified":"2024-09-18T00:48:06+00:00","mainEntityOfPage":{"@id":"https:\/\/footdavant.fr\/actualites\/transferts-de-manchester-united-les-red-devils-recoivent-un-coup-de-pouce-dans-leur-quete-de-la-star-neerlandaise\/"},"wordCount":591,"publisher":{"@id":"https:\/\/footdavant.fr\/actualites\/#organization"},"keywords":["coup","dans","Devils","les","leur","Manchester","n\u00e9erlandaise","pouce","qu\u00eate","re\u00e7oivent","Red","Star","transferts","United"],"articleSection":["Premier League"],"inLanguage":"fr-FR"},{"@type":"WebPage","@id":"https:\/\/footdavant.fr\/actualites\/transferts-de-manchester-united-les-red-devils-recoivent-un-coup-de-pouce-dans-leur-quete-de-la-star-neerlandaise\/","url":"https:\/\/footdavant.fr\/actualites\/transferts-de-manchester-united-les-red-devils-recoivent-un-coup-de-pouce-dans-leur-quete-de-la-star-neerlandaise\/","name":"Transferts de Manchester United : les Red Devils \u00ab re\u00e7oivent un coup de pouce \u00bb dans leur qu\u00eate de la star n\u00e9erlandaise","isPartOf":{"@id":"https:\/\/footdavant.fr\/actualites\/#website"},"datePublished":"2024-09-18T00:48:05+00:00","dateModified":"2024-09-18T00:48:06+00:00","breadcrumb":{"@id":"https:\/\/footdavant.fr\/actualites\/transferts-de-manchester-united-les-red-devils-recoivent-un-coup-de-pouce-dans-leur-quete-de-la-star-neerlandaise\/#breadcrumb"},"inLanguage":"fr-FR","potentialAction":[{"@type":"ReadAction","target":["https:\/\/footdavant.fr\/actualites\/transferts-de-manchester-united-les-red-devils-recoivent-un-coup-de-pouce-dans-leur-quete-de-la-star-neerlandaise\/"]}]},{"@type":"BreadcrumbList","@id":"https:\/\/footdavant.fr\/actualites\/transferts-de-manchester-united-les-red-devils-recoivent-un-coup-de-pouce-dans-leur-quete-de-la-star-neerlandaise\/#breadcrumb","itemListElement":[{"@type":"ListItem","position":1,"name":"Accueil","item":"https:\/\/footdavant.fr\/actualites\/"},{"@type":"ListItem","position":2,"name":"Transferts de Manchester United : les Red Devils \u00ab re\u00e7oivent un coup de pouce \u00bb dans leur qu\u00eate de la star n\u00e9erlandaise"}]},{"@type":"WebSite","@id":"https:\/\/footdavant.fr\/actualites\/#website","url":"https:\/\/footdavant.fr\/actualites\/","name":"Foot d'avant","description":"","publisher":{"@id":"https:\/\/footdavant.fr\/actualites\/#organization"},"potentialAction":[{"@type":"SearchAction","target":{"@type":"EntryPoint","urlTemplate":"https:\/\/footdavant.fr\/actualites\/?s={search_term_string}"},"query-input":"required name=search_term_string"}],"inLanguage":"fr-FR"},{"@type":"Organization","@id":"https:\/\/footdavant.fr\/actualites\/#organization","name":"Foot d'avant","url":"https:\/\/footdavant.fr\/actualites\/","logo":{"@type":"ImageObject","inLanguage":"fr-FR","@id":"https:\/\/footdavant.fr\/actualites\/#\/schema\/logo\/image\/","url":"https:\/\/footdavant.fr\/actualites\/wp-content\/uploads\/2023\/09\/Copy-of-FootDavant-Logo.png","contentUrl":"https:\/\/footdavant.fr\/actualites\/wp-content\/uploads\/2023\/09\/Copy-of-FootDavant-Logo.png","width":936,"height":549,"caption":"Foot d'avant"},"image":{"@id":"https:\/\/footdavant.fr\/actualites\/#\/schema\/logo\/image\/"},"sameAs":["https:\/\/www.facebook.com\/Footdavant\/","https:\/\/twitter.com\/FootdavantFr","https:\/\/www.instagram.com\/footdavant.fr\/"]},{"@type":"Person","@id":"https:\/\/footdavant.fr\/actualites\/#\/schema\/person\/bc222566d95871b37e597b3ed3ba5e1d","name":"Cl\u00e9ment","image":{"@type":"ImageObject","inLanguage":"fr-FR","@id":"https:\/\/footdavant.fr\/actualites\/#\/schema\/person\/image\/","url":"https:\/\/secure.gravatar.com\/avatar\/7728b29aac2719421e1a9159b2254c44?s=96&d=mm&r=g","contentUrl":"https:\/\/secure.gravatar.com\/avatar\/7728b29aac2719421e1a9159b2254c44?s=96&d=mm&r=g","caption":"Cl\u00e9ment"},"sameAs":["https:\/\/footdavant.fr\/"]}]}},"_links":{"self":[{"href":"https:\/\/footdavant.fr\/actualites\/wp-json\/wp\/v2\/posts\/13566"}],"collection":[{"href":"https:\/\/footdavant.fr\/actualites\/wp-json\/wp\/v2\/posts"}],"about":[{"href":"https:\/\/footdavant.fr\/actualites\/wp-json\/wp\/v2\/types\/post"}],"author":[{"embeddable":true,"href":"https:\/\/footdavant.fr\/actualites\/wp-json\/wp\/v2\/users\/1"}],"replies":[{"embeddable":true,"href":"https:\/\/footdavant.fr\/actualites\/wp-json\/wp\/v2\/comments?post=13566"}],"version-history":[{"count":1,"href":"https:\/\/footdavant.fr\/actualites\/wp-json\/wp\/v2\/posts\/13566\/revisions"}],"predecessor-version":[{"id":13568,"href":"https:\/\/footdavant.fr\/actualites\/wp-json\/wp\/v2\/posts\/13566\/revisions\/13568"}],"wp:featuredmedia":[{"embeddable":true,"href":"https:\/\/footdavant.fr\/actualites\/wp-json\/wp\/v2\/media\/13567"}],"wp:attachment":[{"href":"https:\/\/footdavant.fr\/actualites\/wp-json\/wp\/v2\/media?parent=13566"}],"wp:term":[{"taxonomy":"category","embeddable":true,"href":"https:\/\/footdavant.fr\/actualites\/wp-json\/wp\/v2\/categories?post=13566"},{"taxonomy":"post_tag","embeddable":true,"href":"https:\/\/footdavant.fr\/actualites\/wp-json\/wp\/v2\/tags?post=13566"}],"curies":[{"name":"wp","href":"https:\/\/api.w.org\/{rel}","templated":true}]}}