{"id":13572,"date":"2024-09-18T05:49:00","date_gmt":"2024-09-18T03:49:00","guid":{"rendered":"https:\/\/footdavant.fr\/actualites\/blessures-a-arsenal-suspensions-et-dates-de-retour-pour-latalanta-bc-odegaard-saka\/"},"modified":"2024-09-18T05:49:03","modified_gmt":"2024-09-18T03:49:03","slug":"blessures-a-arsenal-suspensions-et-dates-de-retour-pour-latalanta-bc-odegaard-saka","status":"publish","type":"post","link":"https:\/\/footdavant.fr\/actualites\/blessures-a-arsenal-suspensions-et-dates-de-retour-pour-latalanta-bc-odegaard-saka\/","title":{"rendered":"Blessures \u00e0 Arsenal, suspensions et dates de retour pour l&#39;Atalanta BC : Odegaard, Saka"},"content":{"rendered":"<p>Sports Mole r\u00e9sume toutes les nouvelles sur les blessures et les suspensions d&#39;Arsenal avant le match de Ligue des champions de jeudi \u00e0 l&#39;Atalanta BC.<\/p>\n<div id=\"article_body\" itemprop=\"articleBody\">\n<p class=\"firstPara\"><strong class=\"autotag\">Arsenal<\/strong> retour \u00e0 l&#39;action jeudi soir lorsqu&#39;ils commenceront leur <strong class=\"autotag\">Ligue des Champions<\/strong> campagne avec une confrontation contre les vainqueurs de la Ligue Europa 2023-24 <strong class=\"autotag\">Atalante BC<\/strong>.<\/p>\n<p>Les Gunners ont entam\u00e9 une s\u00e9rie difficile de trois matchs en l&#39;espace d&#39;une semaine en \u00e9liminant Tottenham Hotspur lors du derby du nord de Londres dimanche.<\/p>\n<p>Cependant, alors que <strong class=\"autotag\">Mikel Arteta<\/strong> pourra accueillir \u00e0 nouveau <strong class=\"autotag\">Declan Rice<\/strong>qui avait \u00e9t\u00e9 suspendu pour ce match, l&#39;Espagnol a encore plus de soucis de blessures avant le voyage en Italie.<\/p>\n<p>Ici, <strong>Taupe sportive<\/strong> r\u00e9sume toutes les derni\u00e8res nouvelles sur les blessures et les suspensions d&#39;Arsenal avant leur affrontement avec l&#39;Atalanta, qui a connu un d\u00e9but de saison mitig\u00e9 en Serie A.<\/p>\n<hr>\n<p class=\"imgI\">\n<p><strong>Statut:<\/strong> Doute majeur<br \/><strong>Type de blessure :<\/strong> Cheville<br \/><strong>Date de retour possible :<\/strong> 19 septembre (contre Atalanta)<\/p>\n<p>Victime d&#39;une vilaine entorse \u00e0 la cheville lors du match de Ligue des Nations entre la Norv\u00e8ge et l&#39;Autriche, le capitaine Martin Odegaard devrait passer au moins trois semaines hors des terrains, mais Arteta ne l&#39;a curieusement pas exclu du derby de ce week-end. Odegaard, comme pr\u00e9vu, a manqu\u00e9 ce match, et cela devrait rester le cas ici.<\/p>\n<hr>\n<p class=\"imgI\">\n<p><strong>Statut:<\/strong> Un doute mineur<br \/><strong>Type de blessure :<\/strong> Veau<br \/><strong>Date de retour possible :<\/strong> 19 septembre (contre Atalanta)<\/p>\n<p>Deuxi\u00e8me victime de la tr\u00eave internationale pour Arsenal, Riccardo Calafiori a \u00e9t\u00e9 victime d&#39;une \u00e9trange blessure au mollet lorsque le Fran\u00e7ais Ousmane Demb\u00e9l\u00e9 l&#39;a frapp\u00e9 involontairement apr\u00e8s avoir \u00e9t\u00e9 lui-m\u00eame tacl\u00e9. L&#39;ancien joueur de Bologne a d\u00e9clar\u00e9 forfait pour la saison prochaine, mais il s&#39;agissait plus d&#39;une mesure de pr\u00e9caution que d&#39;autre chose. Bien qu&#39;il ait manqu\u00e9 le derby du nord de Londres, il pourrait revenir ici.<\/p>\n<hr>\n<p class=\"imgI\">\n<p><strong>Statut:<\/strong> Dehors<br \/><strong>Type de blessure :<\/strong> \u00c9paule<br \/><strong>Date de retour possible :<\/strong> Inconnu<\/p>\n<p>En parlant de blessures inhabituelles, Mikel Merino s&#39;est fractur\u00e9 l&#39;\u00e9paule lors de sa premi\u00e8re s\u00e9ance d&#39;entra\u00eenement \u00e0 Arsenal apr\u00e8s avoir ressenti toute la force de Gabriel Magalhaes atterrir sur lui, et il faudra quelques semaines avant qu&#39;il ne soit consid\u00e9r\u00e9 pour ses d\u00e9buts.<\/p>\n<hr>\n<p class=\"imgI\">\n<p><strong>Statut:<\/strong> Doute majeur<br \/><strong>Type de blessure :<\/strong> Inconnu<br \/><strong>Date de retour possible :<\/strong> 19 septembre (contre Atalanta)<\/p>\n<p>Bukayo Saka est devenu la derni\u00e8re victime d&#39;Arsenal en date, ayant d\u00fb quitter le terrain lors du derby du nord de Londres. Les d\u00e9tails de la blessure n&#39;ont pas encore \u00e9t\u00e9 enti\u00e8rement d\u00e9voil\u00e9s, mais l&#39;international anglais est tr\u00e8s incertain pour faire le voyage en Italie. <\/p>\n<hr>\n<p class=\"imgI\">\n<p><strong>Statut:<\/strong> Dehors<br \/><strong>Type de blessure :<\/strong> Genou<br \/><strong>Date de retour possible :<\/strong> Inconnu<\/p>\n<p>Le malchanceux Takehiro Tomiyasu est en salle de traitement en raison d&#39;un probl\u00e8me au genou depuis le d\u00e9but de la pr\u00e9-saison, et comme il n&#39;a pas encore repris l&#39;entra\u00eenement, il n&#39;y a pas de calendrier pour son retour.<\/p>\n<hr>\n<p class=\"imgI\">\n<p><strong>Statut:<\/strong> Dehors<br \/><strong>Type de blessure :<\/strong> Tendon<br \/><strong>Date de retour possible :<\/strong> Inconnu<\/p>\n<p>De m\u00eame, Kieran Tierney, dont le d\u00e9part \u00e9tait pr\u00e9vu cet \u00e9t\u00e9, se remet encore du probl\u00e8me aux ischio-jambiers qu&#39;il a contract\u00e9 lors de l&#39;Euro, et on ne sait pas encore quand il pourrait \u00eatre de retour en action.<\/p>\n<hr>\n<p class=\"imgI\">\n<p><strong>Statut:<\/strong> Doute majeur<br \/><strong>Type de blessure :<\/strong> Veau<br \/><strong>Date de retour possible :<\/strong> Inconnu<\/p>\n<p>Oleksandr Zinchenko aurait pu jouer le r\u00f4le de rempla\u00e7ant au milieu de terrain ce week-end, mais il est revenu de s\u00e9lection avec l&#39;Ukraine en raison d&#39;une blessure au mollet. Pour l&#39;instant, on ne sait pas quand il pourra revenir.<\/p>\n<hr>\n<h2 class=\"k3\">LISTE DES JOUEURS SUSPENS\u00c9S D&#39;ARSENAL<\/h2>\n<p>Arsenal ne compte aucun joueur suspendu pour son premier match europ\u00e9en de la saison.<\/p>\n<hr>\n<\/div>\n","protected":false},"excerpt":{"rendered":"<p>Sports Mole r\u00e9sume toutes les nouvelles sur les blessures et les suspensions d&#39;Arsenal avant le match de Ligue des champions de jeudi \u00e0 l&#39;Atalanta BC.<\/p>\n","protected":false},"author":1,"featured_media":13573,"comment_status":"closed","ping_status":"","sticky":false,"template":"","format":"standard","meta":{"footnotes":""},"categories":[4],"tags":[67,155,2867,4547,186,51,393,185,2177],"yoast_head":"<!-- This site is optimized with the Yoast SEO plugin v21.0 - https:\/\/yoast.com\/wordpress\/plugins\/seo\/ -->\n<title>Blessures \u00e0 Arsenal, suspensions et dates de retour pour l&#039;Atalanta BC : Odegaard, Saka<\/title>\n<meta name=\"robots\" content=\"index, follow, max-snippet:-1, max-image-preview:large, max-video-preview:-1\" \/>\n<link rel=\"canonical\" href=\"https:\/\/footdavant.fr\/actualites\/blessures-a-arsenal-suspensions-et-dates-de-retour-pour-latalanta-bc-odegaard-saka\/\" \/>\n<meta property=\"og:locale\" content=\"fr_FR\" \/>\n<meta property=\"og:type\" content=\"article\" \/>\n<meta property=\"og:title\" content=\"Blessures \u00e0 Arsenal, suspensions et dates de retour pour l&#039;Atalanta BC : Odegaard, Saka\" \/>\n<meta property=\"og:description\" content=\"Sports Mole r\u00e9sume toutes les nouvelles sur les blessures et les suspensions d&#039;Arsenal avant le match de Ligue des champions de jeudi \u00e0 l&#039;Atalanta BC.\" \/>\n<meta property=\"og:url\" content=\"https:\/\/footdavant.fr\/actualites\/blessures-a-arsenal-suspensions-et-dates-de-retour-pour-latalanta-bc-odegaard-saka\/\" \/>\n<meta property=\"og:site_name\" content=\"Foot d&#039;avant\" \/>\n<meta property=\"article:publisher\" content=\"https:\/\/www.facebook.com\/Footdavant\/\" \/>\n<meta property=\"article:published_time\" content=\"2024-09-18T03:49:00+00:00\" \/>\n<meta property=\"article:modified_time\" content=\"2024-09-18T03:49:03+00:00\" \/>\n<meta property=\"og:image\" content=\"https:\/\/footdavant.fr\/actualites\/wp-content\/uploads\/2024\/09\/Blessures-a-Arsenal-suspensions-et-dates-de-retour-pour-l39Atalanta.jpg\" \/>\n\t<meta property=\"og:image:width\" content=\"1280\" \/>\n\t<meta property=\"og:image:height\" content=\"960\" \/>\n\t<meta property=\"og:image:type\" content=\"image\/jpeg\" \/>\n<meta name=\"author\" content=\"Cl\u00e9ment\" \/>\n<meta name=\"twitter:card\" content=\"summary_large_image\" \/>\n<meta name=\"twitter:creator\" content=\"@FootdavantFr\" \/>\n<meta name=\"twitter:site\" content=\"@FootdavantFr\" \/>\n<meta name=\"twitter:label1\" content=\"\u00c9crit par\" \/>\n\t<meta name=\"twitter:data1\" content=\"Cl\u00e9ment\" \/>\n\t<meta name=\"twitter:label2\" content=\"Dur\u00e9e de lecture estim\u00e9e\" \/>\n\t<meta name=\"twitter:data2\" content=\"3 minutes\" \/>\n<script type=\"application\/ld+json\" class=\"yoast-schema-graph\">{\"@context\":\"https:\/\/schema.org\",\"@graph\":[{\"@type\":\"Article\",\"@id\":\"https:\/\/footdavant.fr\/actualites\/blessures-a-arsenal-suspensions-et-dates-de-retour-pour-latalanta-bc-odegaard-saka\/#article\",\"isPartOf\":{\"@id\":\"https:\/\/footdavant.fr\/actualites\/blessures-a-arsenal-suspensions-et-dates-de-retour-pour-latalanta-bc-odegaard-saka\/\"},\"author\":{\"name\":\"Cl\u00e9ment\",\"@id\":\"https:\/\/footdavant.fr\/actualites\/#\/schema\/person\/bc222566d95871b37e597b3ed3ba5e1d\"},\"headline\":\"Blessures \u00e0 Arsenal, suspensions et dates de retour pour l&#39;Atalanta BC : Odegaard, Saka\",\"datePublished\":\"2024-09-18T03:49:00+00:00\",\"dateModified\":\"2024-09-18T03:49:03+00:00\",\"mainEntityOfPage\":{\"@id\":\"https:\/\/footdavant.fr\/actualites\/blessures-a-arsenal-suspensions-et-dates-de-retour-pour-latalanta-bc-odegaard-saka\/\"},\"wordCount\":657,\"publisher\":{\"@id\":\"https:\/\/footdavant.fr\/actualites\/#organization\"},\"keywords\":[\"Arsenal\",\"blessures\",\"Dates\",\"l39Atalanta\",\"Odegaard\",\"pour\",\"retour\",\"Saka\",\"suspensions\"],\"articleSection\":[\"Champions League\"],\"inLanguage\":\"fr-FR\"},{\"@type\":\"WebPage\",\"@id\":\"https:\/\/footdavant.fr\/actualites\/blessures-a-arsenal-suspensions-et-dates-de-retour-pour-latalanta-bc-odegaard-saka\/\",\"url\":\"https:\/\/footdavant.fr\/actualites\/blessures-a-arsenal-suspensions-et-dates-de-retour-pour-latalanta-bc-odegaard-saka\/\",\"name\":\"Blessures \u00e0 Arsenal, suspensions et dates de retour pour l&#39;Atalanta BC : Odegaard, Saka\",\"isPartOf\":{\"@id\":\"https:\/\/footdavant.fr\/actualites\/#website\"},\"datePublished\":\"2024-09-18T03:49:00+00:00\",\"dateModified\":\"2024-09-18T03:49:03+00:00\",\"breadcrumb\":{\"@id\":\"https:\/\/footdavant.fr\/actualites\/blessures-a-arsenal-suspensions-et-dates-de-retour-pour-latalanta-bc-odegaard-saka\/#breadcrumb\"},\"inLanguage\":\"fr-FR\",\"potentialAction\":[{\"@type\":\"ReadAction\",\"target\":[\"https:\/\/footdavant.fr\/actualites\/blessures-a-arsenal-suspensions-et-dates-de-retour-pour-latalanta-bc-odegaard-saka\/\"]}]},{\"@type\":\"BreadcrumbList\",\"@id\":\"https:\/\/footdavant.fr\/actualites\/blessures-a-arsenal-suspensions-et-dates-de-retour-pour-latalanta-bc-odegaard-saka\/#breadcrumb\",\"itemListElement\":[{\"@type\":\"ListItem\",\"position\":1,\"name\":\"Accueil\",\"item\":\"https:\/\/footdavant.fr\/actualites\/\"},{\"@type\":\"ListItem\",\"position\":2,\"name\":\"Blessures \u00e0 Arsenal, suspensions et dates de retour pour l&#39;Atalanta BC : Odegaard, Saka\"}]},{\"@type\":\"WebSite\",\"@id\":\"https:\/\/footdavant.fr\/actualites\/#website\",\"url\":\"https:\/\/footdavant.fr\/actualites\/\",\"name\":\"Foot d'avant\",\"description\":\"\",\"publisher\":{\"@id\":\"https:\/\/footdavant.fr\/actualites\/#organization\"},\"potentialAction\":[{\"@type\":\"SearchAction\",\"target\":{\"@type\":\"EntryPoint\",\"urlTemplate\":\"https:\/\/footdavant.fr\/actualites\/?s={search_term_string}\"},\"query-input\":\"required name=search_term_string\"}],\"inLanguage\":\"fr-FR\"},{\"@type\":\"Organization\",\"@id\":\"https:\/\/footdavant.fr\/actualites\/#organization\",\"name\":\"Foot d'avant\",\"url\":\"https:\/\/footdavant.fr\/actualites\/\",\"logo\":{\"@type\":\"ImageObject\",\"inLanguage\":\"fr-FR\",\"@id\":\"https:\/\/footdavant.fr\/actualites\/#\/schema\/logo\/image\/\",\"url\":\"https:\/\/footdavant.fr\/actualites\/wp-content\/uploads\/2023\/09\/Copy-of-FootDavant-Logo.png\",\"contentUrl\":\"https:\/\/footdavant.fr\/actualites\/wp-content\/uploads\/2023\/09\/Copy-of-FootDavant-Logo.png\",\"width\":936,\"height\":549,\"caption\":\"Foot d'avant\"},\"image\":{\"@id\":\"https:\/\/footdavant.fr\/actualites\/#\/schema\/logo\/image\/\"},\"sameAs\":[\"https:\/\/www.facebook.com\/Footdavant\/\",\"https:\/\/twitter.com\/FootdavantFr\",\"https:\/\/www.instagram.com\/footdavant.fr\/\"]},{\"@type\":\"Person\",\"@id\":\"https:\/\/footdavant.fr\/actualites\/#\/schema\/person\/bc222566d95871b37e597b3ed3ba5e1d\",\"name\":\"Cl\u00e9ment\",\"image\":{\"@type\":\"ImageObject\",\"inLanguage\":\"fr-FR\",\"@id\":\"https:\/\/footdavant.fr\/actualites\/#\/schema\/person\/image\/\",\"url\":\"https:\/\/secure.gravatar.com\/avatar\/7728b29aac2719421e1a9159b2254c44?s=96&d=mm&r=g\",\"contentUrl\":\"https:\/\/secure.gravatar.com\/avatar\/7728b29aac2719421e1a9159b2254c44?s=96&d=mm&r=g\",\"caption\":\"Cl\u00e9ment\"},\"sameAs\":[\"https:\/\/footdavant.fr\/\"]}]}<\/script>\n<!-- \/ Yoast SEO plugin. -->","yoast_head_json":{"title":"Blessures \u00e0 Arsenal, suspensions et dates de retour pour l&#39;Atalanta BC : Odegaard, Saka","robots":{"index":"index","follow":"follow","max-snippet":"max-snippet:-1","max-image-preview":"max-image-preview:large","max-video-preview":"max-video-preview:-1"},"canonical":"https:\/\/footdavant.fr\/actualites\/blessures-a-arsenal-suspensions-et-dates-de-retour-pour-latalanta-bc-odegaard-saka\/","og_locale":"fr_FR","og_type":"article","og_title":"Blessures \u00e0 Arsenal, suspensions et dates de retour pour l&#39;Atalanta BC : Odegaard, Saka","og_description":"Sports Mole r\u00e9sume toutes les nouvelles sur les blessures et les suspensions d&#39;Arsenal avant le match de Ligue des champions de jeudi \u00e0 l&#39;Atalanta BC.","og_url":"https:\/\/footdavant.fr\/actualites\/blessures-a-arsenal-suspensions-et-dates-de-retour-pour-latalanta-bc-odegaard-saka\/","og_site_name":"Foot d&#039;avant","article_publisher":"https:\/\/www.facebook.com\/Footdavant\/","article_published_time":"2024-09-18T03:49:00+00:00","article_modified_time":"2024-09-18T03:49:03+00:00","og_image":[{"width":1280,"height":960,"url":"https:\/\/footdavant.fr\/actualites\/wp-content\/uploads\/2024\/09\/Blessures-a-Arsenal-suspensions-et-dates-de-retour-pour-l39Atalanta.jpg","type":"image\/jpeg"}],"author":"Cl\u00e9ment","twitter_card":"summary_large_image","twitter_creator":"@FootdavantFr","twitter_site":"@FootdavantFr","twitter_misc":{"\u00c9crit par":"Cl\u00e9ment","Dur\u00e9e de lecture estim\u00e9e":"3 minutes"},"schema":{"@context":"https:\/\/schema.org","@graph":[{"@type":"Article","@id":"https:\/\/footdavant.fr\/actualites\/blessures-a-arsenal-suspensions-et-dates-de-retour-pour-latalanta-bc-odegaard-saka\/#article","isPartOf":{"@id":"https:\/\/footdavant.fr\/actualites\/blessures-a-arsenal-suspensions-et-dates-de-retour-pour-latalanta-bc-odegaard-saka\/"},"author":{"name":"Cl\u00e9ment","@id":"https:\/\/footdavant.fr\/actualites\/#\/schema\/person\/bc222566d95871b37e597b3ed3ba5e1d"},"headline":"Blessures \u00e0 Arsenal, suspensions et dates de retour pour l&#39;Atalanta BC : Odegaard, Saka","datePublished":"2024-09-18T03:49:00+00:00","dateModified":"2024-09-18T03:49:03+00:00","mainEntityOfPage":{"@id":"https:\/\/footdavant.fr\/actualites\/blessures-a-arsenal-suspensions-et-dates-de-retour-pour-latalanta-bc-odegaard-saka\/"},"wordCount":657,"publisher":{"@id":"https:\/\/footdavant.fr\/actualites\/#organization"},"keywords":["Arsenal","blessures","Dates","l39Atalanta","Odegaard","pour","retour","Saka","suspensions"],"articleSection":["Champions League"],"inLanguage":"fr-FR"},{"@type":"WebPage","@id":"https:\/\/footdavant.fr\/actualites\/blessures-a-arsenal-suspensions-et-dates-de-retour-pour-latalanta-bc-odegaard-saka\/","url":"https:\/\/footdavant.fr\/actualites\/blessures-a-arsenal-suspensions-et-dates-de-retour-pour-latalanta-bc-odegaard-saka\/","name":"Blessures \u00e0 Arsenal, suspensions et dates de retour pour l&#39;Atalanta BC : Odegaard, Saka","isPartOf":{"@id":"https:\/\/footdavant.fr\/actualites\/#website"},"datePublished":"2024-09-18T03:49:00+00:00","dateModified":"2024-09-18T03:49:03+00:00","breadcrumb":{"@id":"https:\/\/footdavant.fr\/actualites\/blessures-a-arsenal-suspensions-et-dates-de-retour-pour-latalanta-bc-odegaard-saka\/#breadcrumb"},"inLanguage":"fr-FR","potentialAction":[{"@type":"ReadAction","target":["https:\/\/footdavant.fr\/actualites\/blessures-a-arsenal-suspensions-et-dates-de-retour-pour-latalanta-bc-odegaard-saka\/"]}]},{"@type":"BreadcrumbList","@id":"https:\/\/footdavant.fr\/actualites\/blessures-a-arsenal-suspensions-et-dates-de-retour-pour-latalanta-bc-odegaard-saka\/#breadcrumb","itemListElement":[{"@type":"ListItem","position":1,"name":"Accueil","item":"https:\/\/footdavant.fr\/actualites\/"},{"@type":"ListItem","position":2,"name":"Blessures \u00e0 Arsenal, suspensions et dates de retour pour l&#39;Atalanta BC : Odegaard, Saka"}]},{"@type":"WebSite","@id":"https:\/\/footdavant.fr\/actualites\/#website","url":"https:\/\/footdavant.fr\/actualites\/","name":"Foot d'avant","description":"","publisher":{"@id":"https:\/\/footdavant.fr\/actualites\/#organization"},"potentialAction":[{"@type":"SearchAction","target":{"@type":"EntryPoint","urlTemplate":"https:\/\/footdavant.fr\/actualites\/?s={search_term_string}"},"query-input":"required name=search_term_string"}],"inLanguage":"fr-FR"},{"@type":"Organization","@id":"https:\/\/footdavant.fr\/actualites\/#organization","name":"Foot d'avant","url":"https:\/\/footdavant.fr\/actualites\/","logo":{"@type":"ImageObject","inLanguage":"fr-FR","@id":"https:\/\/footdavant.fr\/actualites\/#\/schema\/logo\/image\/","url":"https:\/\/footdavant.fr\/actualites\/wp-content\/uploads\/2023\/09\/Copy-of-FootDavant-Logo.png","contentUrl":"https:\/\/footdavant.fr\/actualites\/wp-content\/uploads\/2023\/09\/Copy-of-FootDavant-Logo.png","width":936,"height":549,"caption":"Foot d'avant"},"image":{"@id":"https:\/\/footdavant.fr\/actualites\/#\/schema\/logo\/image\/"},"sameAs":["https:\/\/www.facebook.com\/Footdavant\/","https:\/\/twitter.com\/FootdavantFr","https:\/\/www.instagram.com\/footdavant.fr\/"]},{"@type":"Person","@id":"https:\/\/footdavant.fr\/actualites\/#\/schema\/person\/bc222566d95871b37e597b3ed3ba5e1d","name":"Cl\u00e9ment","image":{"@type":"ImageObject","inLanguage":"fr-FR","@id":"https:\/\/footdavant.fr\/actualites\/#\/schema\/person\/image\/","url":"https:\/\/secure.gravatar.com\/avatar\/7728b29aac2719421e1a9159b2254c44?s=96&d=mm&r=g","contentUrl":"https:\/\/secure.gravatar.com\/avatar\/7728b29aac2719421e1a9159b2254c44?s=96&d=mm&r=g","caption":"Cl\u00e9ment"},"sameAs":["https:\/\/footdavant.fr\/"]}]}},"_links":{"self":[{"href":"https:\/\/footdavant.fr\/actualites\/wp-json\/wp\/v2\/posts\/13572"}],"collection":[{"href":"https:\/\/footdavant.fr\/actualites\/wp-json\/wp\/v2\/posts"}],"about":[{"href":"https:\/\/footdavant.fr\/actualites\/wp-json\/wp\/v2\/types\/post"}],"author":[{"embeddable":true,"href":"https:\/\/footdavant.fr\/actualites\/wp-json\/wp\/v2\/users\/1"}],"replies":[{"embeddable":true,"href":"https:\/\/footdavant.fr\/actualites\/wp-json\/wp\/v2\/comments?post=13572"}],"version-history":[{"count":1,"href":"https:\/\/footdavant.fr\/actualites\/wp-json\/wp\/v2\/posts\/13572\/revisions"}],"predecessor-version":[{"id":13574,"href":"https:\/\/footdavant.fr\/actualites\/wp-json\/wp\/v2\/posts\/13572\/revisions\/13574"}],"wp:featuredmedia":[{"embeddable":true,"href":"https:\/\/footdavant.fr\/actualites\/wp-json\/wp\/v2\/media\/13573"}],"wp:attachment":[{"href":"https:\/\/footdavant.fr\/actualites\/wp-json\/wp\/v2\/media?parent=13572"}],"wp:term":[{"taxonomy":"category","embeddable":true,"href":"https:\/\/footdavant.fr\/actualites\/wp-json\/wp\/v2\/categories?post=13572"},{"taxonomy":"post_tag","embeddable":true,"href":"https:\/\/footdavant.fr\/actualites\/wp-json\/wp\/v2\/tags?post=13572"}],"curies":[{"name":"wp","href":"https:\/\/api.w.org\/{rel}","templated":true}]}}