{"id":13581,"date":"2024-09-18T09:48:53","date_gmt":"2024-09-18T07:48:53","guid":{"rendered":"https:\/\/footdavant.fr\/actualites\/liste-des-blesses-du-real-madrid-pour-le-choc-de-stuttgart-dates-de-retour-de-bellingham-et-tchouameni\/"},"modified":"2024-09-18T09:48:56","modified_gmt":"2024-09-18T07:48:56","slug":"liste-des-blesses-du-real-madrid-pour-le-choc-de-stuttgart-dates-de-retour-de-bellingham-et-tchouameni","status":"publish","type":"post","link":"https:\/\/footdavant.fr\/actualites\/liste-des-blesses-du-real-madrid-pour-le-choc-de-stuttgart-dates-de-retour-de-bellingham-et-tchouameni\/","title":{"rendered":"Liste des bless\u00e9s du Real Madrid pour le choc de Stuttgart : dates de retour de Bellingham et Tchouameni"},"content":{"rendered":"<p>Sports Mole fait le point sur les blessures et les suspensions du Real Madrid avant son affrontement en Ligue des champions contre Stuttgart mardi.<\/p>\n<div id=\"article_body\" itemprop=\"articleBody\">\n<p class=\"firstPara\"><strong class=\"autotag\">Real Madrid<\/strong> chercheront \u00e0 faire un bon d\u00e9part alors qu&#39;ils entament leur qu\u00eate d&#39;une 16e place <strong class=\"autotag\">Ligue des Champions<\/strong> couronne cette saison lorsqu&#39;ils affronteront <strong class=\"autotag\">Stuttgart<\/strong> le mardi.<\/p>\n<p>La rencontre au Santiago Bernab\u00e9u sera la premi\u00e8re de l&#39;histoire entre les deux \u00e9quipes, alors que les visiteurs de Stuttgart reviennent au premier rang du football europ\u00e9en apr\u00e8s une absence de 15 ans.<\/p>\n<p>L&#39;\u00e9quipe allemande a remport\u00e9 sa premi\u00e8re victoire en championnat de la saison samedi, en se d\u00e9pla\u00e7ant sur le terrain du Borussia M\u00f6nchengladbach et en s&#39;imposant 3-1, se pr\u00e9parant parfaitement pour ce match \u00e9norme.<\/p>\n<p>Ici, <strong>Taupe sportive<\/strong> r\u00e9sume toutes les derni\u00e8res nouvelles du Real Madrid <strong class=\"autotag\">nouvelles sur les blessures<\/strong> avant le choc de mardi, apr\u00e8s <strong class=\"autotag\">Carlo Ancelotti<\/strong>L&#39;\u00e9quipe de s&#39;est impos\u00e9e 2-0 \u00e0 l&#39;ext\u00e9rieur contre la Real Sociedad ce week-end, conservant ainsi son invincibilit\u00e9.<\/p>\n<hr>\n<p class=\"imgI\">\n<p><strong>Statut:<\/strong> Un doute mineur<br \/><strong>Type de blessure :<\/strong> Muscle<br \/><strong>Date de retour possible :<\/strong> 17 septembre (contre Stuttgart)<\/p>\n<p>Bellingham a manqu\u00e9 le mois dernier en raison d&#39;une blessure musculaire, qui l&#39;a \u00e9galement forc\u00e9 \u00e0 manquer le match contre l&#39;Angleterre la semaine derni\u00e8re, mais le milieu de terrain est de retour \u00e0 l&#39;entra\u00eenement et pourrait figurer ici d\u00e8s le d\u00e9but.<\/p>\n<hr>\n<p class=\"imgI\">\n<p><strong>Statut:<\/strong> Dehors<br \/><strong>Type de blessure :<\/strong> Genou<br \/><strong>Date de retour possible :<\/strong> Inconnu<\/p>\n<p>Alaba est absent en raison d&#39;une blessure au LCA depuis la fin de la saison 2023, ce qui lui a fait manquer le reste de la saison derni\u00e8re et l&#39;Euro 2024 avec l&#39;Autriche, et le d\u00e9fenseur central a subi de nombreux revers dans sa r\u00e9cup\u00e9ration qui pourraient ne pas avoir lieu avant la nouvelle ann\u00e9e. <\/p>\n<hr>\n<p class=\"imgI\">\n<p><strong>Statut:<\/strong> Dehors<br \/><strong>Type de blessure :<\/strong> Genou<br \/><strong>Date de retour possible :<\/strong> 21 septembre (contre l&#39;Espanyol)<\/p>\n<p>Camavinga est absent depuis la mi-ao\u00fbt apr\u00e8s s&#39;\u00eatre bless\u00e9 au genou \u00e0 l&#39;entra\u00eenement et l&#39;international fran\u00e7ais manquera \u00e0 nouveau les matchs ce week-end, mais il devrait revenir avant la fin du mois.<\/p>\n<hr>\n<p class=\"imgI\">\n<p><strong>Statut:<\/strong> Dehors<br \/><strong>Type de blessure :<\/strong> Cheville<br \/><strong>Date de retour possible :<\/strong> Inconnu<\/p>\n<p>Ceballos s&#39;est bless\u00e9 \u00e0 la cheville lors du choc des Los Blancos contre le Real Betis avant la tr\u00eave internationale, et n&#39;est pas encore pr\u00eat \u00e0 revenir, octobre \u00e9tant \u00e9voqu\u00e9 comme date de retour potentielle.<\/p>\n<hr>\n<p class=\"imgI\">\n<p><strong>Statut:<\/strong> Doute majeur<br \/><strong>Type de blessure :<\/strong> Pied<br \/><strong>Date de retour possible :<\/strong> 17 septembre (contre Stuttgart)<\/p>\n<p>Apr\u00e8s avoir manqu\u00e9 les deux matchs de la France en Ligue des Nations de l&#39;UEFA la semaine derni\u00e8re, Tchouameni n&#39;a pas non plus jou\u00e9 contre la Real Sociedad ce week-end, mais le milieu de terrain est de retour \u00e0 l&#39;entra\u00eenement et sera \u00e9valu\u00e9 avant celui-ci.<\/p>\n<hr>\n<p class=\"imgI\">\n<p><strong>Statut:<\/strong> Dehors<br \/><strong>Type de blessure :<\/strong> Muscle<br \/><strong>Date de retour possible :<\/strong> Inconnu<\/p>\n<p>Brahim a \u00e9t\u00e9 contraint de quitter le terrain apr\u00e8s 25 minutes de jeu lors de la victoire du week-end contre la Real Sociedad, et il a \u00e9t\u00e9 rapport\u00e9 qu&#39;il pourrait manquer deux ou trois mois en raison d&#39;une blessure au muscle adducteur.<\/p>\n<hr>\n<p><strong><\/p>\n<h2>LISTE DES SUSPENSIONN\u00c9S DU REAL MADRID<\/h2>\n<p><\/strong><\/p>\n<p>Le Real Madrid ne compte aucun joueur suspendu pour le prochain choc contre Stuttgart.<\/p>\n<hr>\n<\/div>\n","protected":false},"excerpt":{"rendered":"<p>Sports Mole fait le point sur les blessures et les suspensions du Real Madrid avant son affrontement en Ligue des champions contre Stuttgart mardi. Real<\/p>\n","protected":false},"author":1,"featured_media":13582,"comment_status":"closed","ping_status":"","sticky":false,"template":"","format":"standard","meta":{"footnotes":""},"categories":[4],"tags":[454,46,332,2867,12,17,303,51,302,393,1760,417],"yoast_head":"<!-- This site is optimized with the Yoast SEO plugin v21.0 - https:\/\/yoast.com\/wordpress\/plugins\/seo\/ -->\n<title>Liste des bless\u00e9s du Real Madrid pour le choc de Stuttgart : dates de retour de Bellingham et Tchouameni<\/title>\n<meta name=\"robots\" content=\"index, follow, max-snippet:-1, max-image-preview:large, max-video-preview:-1\" \/>\n<link rel=\"canonical\" href=\"https:\/\/footdavant.fr\/actualites\/liste-des-blesses-du-real-madrid-pour-le-choc-de-stuttgart-dates-de-retour-de-bellingham-et-tchouameni\/\" \/>\n<meta property=\"og:locale\" content=\"fr_FR\" \/>\n<meta property=\"og:type\" content=\"article\" \/>\n<meta property=\"og:title\" content=\"Liste des bless\u00e9s du Real Madrid pour le choc de Stuttgart : dates de retour de Bellingham et Tchouameni\" \/>\n<meta property=\"og:description\" content=\"Sports Mole fait le point sur les blessures et les suspensions du Real Madrid avant son affrontement en Ligue des champions contre Stuttgart mardi. Real\" \/>\n<meta property=\"og:url\" content=\"https:\/\/footdavant.fr\/actualites\/liste-des-blesses-du-real-madrid-pour-le-choc-de-stuttgart-dates-de-retour-de-bellingham-et-tchouameni\/\" \/>\n<meta property=\"og:site_name\" content=\"Foot d&#039;avant\" \/>\n<meta property=\"article:publisher\" content=\"https:\/\/www.facebook.com\/Footdavant\/\" \/>\n<meta property=\"article:published_time\" content=\"2024-09-18T07:48:53+00:00\" \/>\n<meta property=\"article:modified_time\" content=\"2024-09-18T07:48:56+00:00\" \/>\n<meta property=\"og:image\" content=\"https:\/\/footdavant.fr\/actualites\/wp-content\/uploads\/2024\/09\/Liste-des-blesses-du-Real-Madrid-pour-le-choc-de.jpg\" \/>\n\t<meta property=\"og:image:width\" content=\"1280\" \/>\n\t<meta property=\"og:image:height\" content=\"960\" \/>\n\t<meta property=\"og:image:type\" content=\"image\/jpeg\" \/>\n<meta name=\"author\" content=\"Cl\u00e9ment\" \/>\n<meta name=\"twitter:card\" content=\"summary_large_image\" \/>\n<meta name=\"twitter:creator\" content=\"@FootdavantFr\" \/>\n<meta name=\"twitter:site\" content=\"@FootdavantFr\" \/>\n<meta name=\"twitter:label1\" content=\"\u00c9crit par\" \/>\n\t<meta name=\"twitter:data1\" content=\"Cl\u00e9ment\" \/>\n\t<meta name=\"twitter:label2\" content=\"Dur\u00e9e de lecture estim\u00e9e\" \/>\n\t<meta name=\"twitter:data2\" content=\"3 minutes\" \/>\n<script type=\"application\/ld+json\" class=\"yoast-schema-graph\">{\"@context\":\"https:\/\/schema.org\",\"@graph\":[{\"@type\":\"Article\",\"@id\":\"https:\/\/footdavant.fr\/actualites\/liste-des-blesses-du-real-madrid-pour-le-choc-de-stuttgart-dates-de-retour-de-bellingham-et-tchouameni\/#article\",\"isPartOf\":{\"@id\":\"https:\/\/footdavant.fr\/actualites\/liste-des-blesses-du-real-madrid-pour-le-choc-de-stuttgart-dates-de-retour-de-bellingham-et-tchouameni\/\"},\"author\":{\"name\":\"Cl\u00e9ment\",\"@id\":\"https:\/\/footdavant.fr\/actualites\/#\/schema\/person\/bc222566d95871b37e597b3ed3ba5e1d\"},\"headline\":\"Liste des bless\u00e9s du Real Madrid pour le choc de Stuttgart : dates de retour de Bellingham et Tchouameni\",\"datePublished\":\"2024-09-18T07:48:53+00:00\",\"dateModified\":\"2024-09-18T07:48:56+00:00\",\"mainEntityOfPage\":{\"@id\":\"https:\/\/footdavant.fr\/actualites\/liste-des-blesses-du-real-madrid-pour-le-choc-de-stuttgart-dates-de-retour-de-bellingham-et-tchouameni\/\"},\"wordCount\":570,\"publisher\":{\"@id\":\"https:\/\/footdavant.fr\/actualites\/#organization\"},\"keywords\":[\"Bellingham\",\"bless\u00e9s\",\"choc\",\"Dates\",\"des\",\"liste\",\"Madrid\",\"pour\",\"Real\",\"retour\",\"Stuttgart\",\"Tchouameni\"],\"articleSection\":[\"Champions League\"],\"inLanguage\":\"fr-FR\"},{\"@type\":\"WebPage\",\"@id\":\"https:\/\/footdavant.fr\/actualites\/liste-des-blesses-du-real-madrid-pour-le-choc-de-stuttgart-dates-de-retour-de-bellingham-et-tchouameni\/\",\"url\":\"https:\/\/footdavant.fr\/actualites\/liste-des-blesses-du-real-madrid-pour-le-choc-de-stuttgart-dates-de-retour-de-bellingham-et-tchouameni\/\",\"name\":\"Liste des bless\u00e9s du Real Madrid pour le choc de Stuttgart : dates de retour de Bellingham et Tchouameni\",\"isPartOf\":{\"@id\":\"https:\/\/footdavant.fr\/actualites\/#website\"},\"datePublished\":\"2024-09-18T07:48:53+00:00\",\"dateModified\":\"2024-09-18T07:48:56+00:00\",\"breadcrumb\":{\"@id\":\"https:\/\/footdavant.fr\/actualites\/liste-des-blesses-du-real-madrid-pour-le-choc-de-stuttgart-dates-de-retour-de-bellingham-et-tchouameni\/#breadcrumb\"},\"inLanguage\":\"fr-FR\",\"potentialAction\":[{\"@type\":\"ReadAction\",\"target\":[\"https:\/\/footdavant.fr\/actualites\/liste-des-blesses-du-real-madrid-pour-le-choc-de-stuttgart-dates-de-retour-de-bellingham-et-tchouameni\/\"]}]},{\"@type\":\"BreadcrumbList\",\"@id\":\"https:\/\/footdavant.fr\/actualites\/liste-des-blesses-du-real-madrid-pour-le-choc-de-stuttgart-dates-de-retour-de-bellingham-et-tchouameni\/#breadcrumb\",\"itemListElement\":[{\"@type\":\"ListItem\",\"position\":1,\"name\":\"Accueil\",\"item\":\"https:\/\/footdavant.fr\/actualites\/\"},{\"@type\":\"ListItem\",\"position\":2,\"name\":\"Liste des bless\u00e9s du Real Madrid pour le choc de Stuttgart : dates de retour de Bellingham et Tchouameni\"}]},{\"@type\":\"WebSite\",\"@id\":\"https:\/\/footdavant.fr\/actualites\/#website\",\"url\":\"https:\/\/footdavant.fr\/actualites\/\",\"name\":\"Foot d'avant\",\"description\":\"\",\"publisher\":{\"@id\":\"https:\/\/footdavant.fr\/actualites\/#organization\"},\"potentialAction\":[{\"@type\":\"SearchAction\",\"target\":{\"@type\":\"EntryPoint\",\"urlTemplate\":\"https:\/\/footdavant.fr\/actualites\/?s={search_term_string}\"},\"query-input\":\"required name=search_term_string\"}],\"inLanguage\":\"fr-FR\"},{\"@type\":\"Organization\",\"@id\":\"https:\/\/footdavant.fr\/actualites\/#organization\",\"name\":\"Foot d'avant\",\"url\":\"https:\/\/footdavant.fr\/actualites\/\",\"logo\":{\"@type\":\"ImageObject\",\"inLanguage\":\"fr-FR\",\"@id\":\"https:\/\/footdavant.fr\/actualites\/#\/schema\/logo\/image\/\",\"url\":\"https:\/\/footdavant.fr\/actualites\/wp-content\/uploads\/2023\/09\/Copy-of-FootDavant-Logo.png\",\"contentUrl\":\"https:\/\/footdavant.fr\/actualites\/wp-content\/uploads\/2023\/09\/Copy-of-FootDavant-Logo.png\",\"width\":936,\"height\":549,\"caption\":\"Foot d'avant\"},\"image\":{\"@id\":\"https:\/\/footdavant.fr\/actualites\/#\/schema\/logo\/image\/\"},\"sameAs\":[\"https:\/\/www.facebook.com\/Footdavant\/\",\"https:\/\/twitter.com\/FootdavantFr\",\"https:\/\/www.instagram.com\/footdavant.fr\/\"]},{\"@type\":\"Person\",\"@id\":\"https:\/\/footdavant.fr\/actualites\/#\/schema\/person\/bc222566d95871b37e597b3ed3ba5e1d\",\"name\":\"Cl\u00e9ment\",\"image\":{\"@type\":\"ImageObject\",\"inLanguage\":\"fr-FR\",\"@id\":\"https:\/\/footdavant.fr\/actualites\/#\/schema\/person\/image\/\",\"url\":\"https:\/\/secure.gravatar.com\/avatar\/7728b29aac2719421e1a9159b2254c44?s=96&d=mm&r=g\",\"contentUrl\":\"https:\/\/secure.gravatar.com\/avatar\/7728b29aac2719421e1a9159b2254c44?s=96&d=mm&r=g\",\"caption\":\"Cl\u00e9ment\"},\"sameAs\":[\"https:\/\/footdavant.fr\/\"]}]}<\/script>\n<!-- \/ Yoast SEO plugin. -->","yoast_head_json":{"title":"Liste des bless\u00e9s du Real Madrid pour le choc de Stuttgart : dates de retour de Bellingham et Tchouameni","robots":{"index":"index","follow":"follow","max-snippet":"max-snippet:-1","max-image-preview":"max-image-preview:large","max-video-preview":"max-video-preview:-1"},"canonical":"https:\/\/footdavant.fr\/actualites\/liste-des-blesses-du-real-madrid-pour-le-choc-de-stuttgart-dates-de-retour-de-bellingham-et-tchouameni\/","og_locale":"fr_FR","og_type":"article","og_title":"Liste des bless\u00e9s du Real Madrid pour le choc de Stuttgart : dates de retour de Bellingham et Tchouameni","og_description":"Sports Mole fait le point sur les blessures et les suspensions du Real Madrid avant son affrontement en Ligue des champions contre Stuttgart mardi. Real","og_url":"https:\/\/footdavant.fr\/actualites\/liste-des-blesses-du-real-madrid-pour-le-choc-de-stuttgart-dates-de-retour-de-bellingham-et-tchouameni\/","og_site_name":"Foot d&#039;avant","article_publisher":"https:\/\/www.facebook.com\/Footdavant\/","article_published_time":"2024-09-18T07:48:53+00:00","article_modified_time":"2024-09-18T07:48:56+00:00","og_image":[{"width":1280,"height":960,"url":"https:\/\/footdavant.fr\/actualites\/wp-content\/uploads\/2024\/09\/Liste-des-blesses-du-Real-Madrid-pour-le-choc-de.jpg","type":"image\/jpeg"}],"author":"Cl\u00e9ment","twitter_card":"summary_large_image","twitter_creator":"@FootdavantFr","twitter_site":"@FootdavantFr","twitter_misc":{"\u00c9crit par":"Cl\u00e9ment","Dur\u00e9e de lecture estim\u00e9e":"3 minutes"},"schema":{"@context":"https:\/\/schema.org","@graph":[{"@type":"Article","@id":"https:\/\/footdavant.fr\/actualites\/liste-des-blesses-du-real-madrid-pour-le-choc-de-stuttgart-dates-de-retour-de-bellingham-et-tchouameni\/#article","isPartOf":{"@id":"https:\/\/footdavant.fr\/actualites\/liste-des-blesses-du-real-madrid-pour-le-choc-de-stuttgart-dates-de-retour-de-bellingham-et-tchouameni\/"},"author":{"name":"Cl\u00e9ment","@id":"https:\/\/footdavant.fr\/actualites\/#\/schema\/person\/bc222566d95871b37e597b3ed3ba5e1d"},"headline":"Liste des bless\u00e9s du Real Madrid pour le choc de Stuttgart : dates de retour de Bellingham et Tchouameni","datePublished":"2024-09-18T07:48:53+00:00","dateModified":"2024-09-18T07:48:56+00:00","mainEntityOfPage":{"@id":"https:\/\/footdavant.fr\/actualites\/liste-des-blesses-du-real-madrid-pour-le-choc-de-stuttgart-dates-de-retour-de-bellingham-et-tchouameni\/"},"wordCount":570,"publisher":{"@id":"https:\/\/footdavant.fr\/actualites\/#organization"},"keywords":["Bellingham","bless\u00e9s","choc","Dates","des","liste","Madrid","pour","Real","retour","Stuttgart","Tchouameni"],"articleSection":["Champions League"],"inLanguage":"fr-FR"},{"@type":"WebPage","@id":"https:\/\/footdavant.fr\/actualites\/liste-des-blesses-du-real-madrid-pour-le-choc-de-stuttgart-dates-de-retour-de-bellingham-et-tchouameni\/","url":"https:\/\/footdavant.fr\/actualites\/liste-des-blesses-du-real-madrid-pour-le-choc-de-stuttgart-dates-de-retour-de-bellingham-et-tchouameni\/","name":"Liste des bless\u00e9s du Real Madrid pour le choc de Stuttgart : dates de retour de Bellingham et Tchouameni","isPartOf":{"@id":"https:\/\/footdavant.fr\/actualites\/#website"},"datePublished":"2024-09-18T07:48:53+00:00","dateModified":"2024-09-18T07:48:56+00:00","breadcrumb":{"@id":"https:\/\/footdavant.fr\/actualites\/liste-des-blesses-du-real-madrid-pour-le-choc-de-stuttgart-dates-de-retour-de-bellingham-et-tchouameni\/#breadcrumb"},"inLanguage":"fr-FR","potentialAction":[{"@type":"ReadAction","target":["https:\/\/footdavant.fr\/actualites\/liste-des-blesses-du-real-madrid-pour-le-choc-de-stuttgart-dates-de-retour-de-bellingham-et-tchouameni\/"]}]},{"@type":"BreadcrumbList","@id":"https:\/\/footdavant.fr\/actualites\/liste-des-blesses-du-real-madrid-pour-le-choc-de-stuttgart-dates-de-retour-de-bellingham-et-tchouameni\/#breadcrumb","itemListElement":[{"@type":"ListItem","position":1,"name":"Accueil","item":"https:\/\/footdavant.fr\/actualites\/"},{"@type":"ListItem","position":2,"name":"Liste des bless\u00e9s du Real Madrid pour le choc de Stuttgart : dates de retour de Bellingham et Tchouameni"}]},{"@type":"WebSite","@id":"https:\/\/footdavant.fr\/actualites\/#website","url":"https:\/\/footdavant.fr\/actualites\/","name":"Foot d'avant","description":"","publisher":{"@id":"https:\/\/footdavant.fr\/actualites\/#organization"},"potentialAction":[{"@type":"SearchAction","target":{"@type":"EntryPoint","urlTemplate":"https:\/\/footdavant.fr\/actualites\/?s={search_term_string}"},"query-input":"required name=search_term_string"}],"inLanguage":"fr-FR"},{"@type":"Organization","@id":"https:\/\/footdavant.fr\/actualites\/#organization","name":"Foot d'avant","url":"https:\/\/footdavant.fr\/actualites\/","logo":{"@type":"ImageObject","inLanguage":"fr-FR","@id":"https:\/\/footdavant.fr\/actualites\/#\/schema\/logo\/image\/","url":"https:\/\/footdavant.fr\/actualites\/wp-content\/uploads\/2023\/09\/Copy-of-FootDavant-Logo.png","contentUrl":"https:\/\/footdavant.fr\/actualites\/wp-content\/uploads\/2023\/09\/Copy-of-FootDavant-Logo.png","width":936,"height":549,"caption":"Foot d'avant"},"image":{"@id":"https:\/\/footdavant.fr\/actualites\/#\/schema\/logo\/image\/"},"sameAs":["https:\/\/www.facebook.com\/Footdavant\/","https:\/\/twitter.com\/FootdavantFr","https:\/\/www.instagram.com\/footdavant.fr\/"]},{"@type":"Person","@id":"https:\/\/footdavant.fr\/actualites\/#\/schema\/person\/bc222566d95871b37e597b3ed3ba5e1d","name":"Cl\u00e9ment","image":{"@type":"ImageObject","inLanguage":"fr-FR","@id":"https:\/\/footdavant.fr\/actualites\/#\/schema\/person\/image\/","url":"https:\/\/secure.gravatar.com\/avatar\/7728b29aac2719421e1a9159b2254c44?s=96&d=mm&r=g","contentUrl":"https:\/\/secure.gravatar.com\/avatar\/7728b29aac2719421e1a9159b2254c44?s=96&d=mm&r=g","caption":"Cl\u00e9ment"},"sameAs":["https:\/\/footdavant.fr\/"]}]}},"_links":{"self":[{"href":"https:\/\/footdavant.fr\/actualites\/wp-json\/wp\/v2\/posts\/13581"}],"collection":[{"href":"https:\/\/footdavant.fr\/actualites\/wp-json\/wp\/v2\/posts"}],"about":[{"href":"https:\/\/footdavant.fr\/actualites\/wp-json\/wp\/v2\/types\/post"}],"author":[{"embeddable":true,"href":"https:\/\/footdavant.fr\/actualites\/wp-json\/wp\/v2\/users\/1"}],"replies":[{"embeddable":true,"href":"https:\/\/footdavant.fr\/actualites\/wp-json\/wp\/v2\/comments?post=13581"}],"version-history":[{"count":1,"href":"https:\/\/footdavant.fr\/actualites\/wp-json\/wp\/v2\/posts\/13581\/revisions"}],"predecessor-version":[{"id":13583,"href":"https:\/\/footdavant.fr\/actualites\/wp-json\/wp\/v2\/posts\/13581\/revisions\/13583"}],"wp:featuredmedia":[{"embeddable":true,"href":"https:\/\/footdavant.fr\/actualites\/wp-json\/wp\/v2\/media\/13582"}],"wp:attachment":[{"href":"https:\/\/footdavant.fr\/actualites\/wp-json\/wp\/v2\/media?parent=13581"}],"wp:term":[{"taxonomy":"category","embeddable":true,"href":"https:\/\/footdavant.fr\/actualites\/wp-json\/wp\/v2\/categories?post=13581"},{"taxonomy":"post_tag","embeddable":true,"href":"https:\/\/footdavant.fr\/actualites\/wp-json\/wp\/v2\/tags?post=13581"}],"curies":[{"name":"wp","href":"https:\/\/api.w.org\/{rel}","templated":true}]}}