{"id":13587,"date":"2024-09-18T12:48:45","date_gmt":"2024-09-18T10:48:45","guid":{"rendered":"https:\/\/footdavant.fr\/actualites\/mbappe-marque-lors-de-la-victoire-en-ligue-des-champions\/"},"modified":"2024-09-18T12:48:48","modified_gmt":"2024-09-18T10:48:48","slug":"mbappe-marque-lors-de-la-victoire-en-ligue-des-champions","status":"publish","type":"post","link":"https:\/\/footdavant.fr\/actualites\/mbappe-marque-lors-de-la-victoire-en-ligue-des-champions\/","title":{"rendered":"Mbapp\u00e9 marque lors de la victoire en Ligue des champions"},"content":{"rendered":"<div>\n<p>Le Real Madrid, champion en titre, a commenc\u00e9 la d\u00e9fense de son titre par un affrontement contre l&#39;\u00e9quipe allemande du VfB Stuttgart au stade Santiago Bernabeu lors de la premi\u00e8re journ\u00e9e de la saison 2024-25 de l&#39;UEFA Champions League.<\/p>\n<p>Avec les superstars Kylian Mbappe, Vinicius Jr., Rodrygo et Jude Bellingham, Los Blancos \u00e9taient les grands favoris pour obtenir le maximum de points mardi 17 septembre. Le score de 3-1 pourrait sugg\u00e9rer qu&#39;il s&#39;agissait d&#39;une victoire facile pour les All-Whites, mais en r\u00e9alit\u00e9, c&#39;\u00e9tait trop serr\u00e9 pour \u00eatre confortable.<\/p>\n<h2>Le VfB Stuttgart domine le Real Madrid en premi\u00e8re mi-temps<\/h2>\n<p>Stuttgart a bien entam\u00e9 sa rencontre au Santiago Bernab\u00e9u, ne se laissant pas abattre par l&#39;ampleur du match. Les visiteurs ont cadr\u00e9 leur premi\u00e8re tentative d\u00e8s la deuxi\u00e8me minute, par Jamie Leweling, qui a mis \u00e0 mal Thibaut Courtois dans un angle ferm\u00e9. Six minutes plus tard, Lucas Vazquez a c\u00e9d\u00e9 le ballon dans sa moiti\u00e9 de terrain, et Deniz Undav a r\u00e9cup\u00e9r\u00e9 le ballon devant le d\u00e9fenseur central improvis\u00e9 Dani Carvajal. L&#39;avant-centre a ensuite pass\u00e9 le ballon \u00e0 Enzo Millot, qui \u00e9tait en t\u00eate-\u00e0-t\u00eate avec Courtois. Heureusement pour les locaux, l&#39;ailier droit n&#39;a pas r\u00e9ussi \u00e0 cadrer sa frappe.<\/p>\n<p>Aux 14e et 16e minutes, Courtois a r\u00e9alis\u00e9 deux superbes arr\u00eats, coup sur coup face \u00e0 Millot et Angelo Stiller. Juste avant la demi-heure de jeu, Stuttgart a lanc\u00e9 une contre-attaque en avantage num\u00e9rique. L&#39;attaquant Undav avait du soutien de chaque c\u00f4t\u00e9 mais a choisi de tenter seul le coup. C&#39;\u00e9tait une belle frappe, mais Carvajal a lu ses intentions et a effectu\u00e9 un blocage crucial qui a port\u00e9 le ballon sur la barre transversale et derri\u00e8re en corner. Sans le brillant Courtois, les Merengues auraient eu une montagne \u00e0 gravir en deuxi\u00e8me mi-temps.<\/p>\n<h2>Les d\u00e9butants Kylian Mbapp\u00e9 et Endrick scellent la victoire \u00e0 Madrid<\/h2>\n<p>Carlo Ancelotti a sembl\u00e9 donner du fil \u00e0 retordre \u00e0 ses joueurs pendant la pause, mais ils ont sembl\u00e9 beaucoup plus \u00e0 l&#39;\u00e9coute en seconde p\u00e9riode. Seulement 20 secondes apr\u00e8s le d\u00e9but de la premi\u00e8re p\u00e9riode, Madrid a pris l&#39;avantage, gr\u00e2ce \u00e0 Mbapp\u00e9 qui a repris au second poteau une passe de Rodrygo. Ce fut un moment sp\u00e9cial pour Mbapp\u00e9, qui a d\u00e9but\u00e9 son parcours en Ligue des champions avec le Real Madrid avec un superbe but.<\/p>\n<p>Stuttgart a \u00e9galis\u00e9 \u00e0 la 68e minute gr\u00e2ce \u00e0 Undav, mais les locaux n&#39;\u00e9taient pas d&#39;humeur \u00e0 se contenter d&#39;un match nul 1-1. Quinze minutes plus tard, Luka Modric a d\u00e9livr\u00e9 un corner parfait, qui a permis \u00e0 Antonio Rudiger de marquer de la t\u00eate.<\/p>\n<p>C&#39;est \u00e0 la cinqui\u00e8me minute du temps additionnel qu&#39;un autre d\u00e9butant en Ligue des champions, Endrick, a inscrit le but d&#39;assurance. Le joueur de 18 ans a envoy\u00e9 sa frappe avec beaucoup de puissance, mais Alexander Nubel a \u00e9t\u00e9 surpris, et le gardien n&#39;a pu que repousser sa frappe dans le coin inf\u00e9rieur gauche du but.<\/p>\n<p>Le Real Madrid a obtenu le r\u00e9sultat qu&#39;il souhaitait lors de la premi\u00e8re journ\u00e9e de la Ligue des champions, mais Ancelotti doit retourner \u00e0 la planche \u00e0 dessin pour lib\u00e9rer le v\u00e9ritable potentiel de son \u00e9quipe remplie de stars.<\/p>\n<\/p><\/div>\n","protected":false},"excerpt":{"rendered":"<p>Le Real Madrid, champion en titre, a commenc\u00e9 la d\u00e9fense de son titre par un affrontement contre l&#39;\u00e9quipe allemande du VfB Stuttgart au stade Santiago<\/p>\n","protected":false},"author":1,"featured_media":13588,"comment_status":"closed","ping_status":"","sticky":false,"template":"","format":"standard","meta":{"footnotes":""},"categories":[3],"tags":[31,12,30,64,274,63,26],"yoast_head":"<!-- This site is optimized with the Yoast SEO plugin v21.0 - https:\/\/yoast.com\/wordpress\/plugins\/seo\/ -->\n<title>Mbapp\u00e9 marque lors de la victoire en Ligue des champions<\/title>\n<meta name=\"robots\" content=\"index, follow, max-snippet:-1, max-image-preview:large, max-video-preview:-1\" \/>\n<link rel=\"canonical\" href=\"https:\/\/footdavant.fr\/actualites\/mbappe-marque-lors-de-la-victoire-en-ligue-des-champions\/\" \/>\n<meta property=\"og:locale\" content=\"fr_FR\" \/>\n<meta property=\"og:type\" content=\"article\" \/>\n<meta property=\"og:title\" content=\"Mbapp\u00e9 marque lors de la victoire en Ligue des champions\" \/>\n<meta property=\"og:description\" content=\"Le Real Madrid, champion en titre, a commenc\u00e9 la d\u00e9fense de son titre par un affrontement contre l&#039;\u00e9quipe allemande du VfB Stuttgart au stade Santiago\" \/>\n<meta property=\"og:url\" content=\"https:\/\/footdavant.fr\/actualites\/mbappe-marque-lors-de-la-victoire-en-ligue-des-champions\/\" \/>\n<meta property=\"og:site_name\" content=\"Foot d&#039;avant\" \/>\n<meta property=\"article:publisher\" content=\"https:\/\/www.facebook.com\/Footdavant\/\" \/>\n<meta property=\"article:published_time\" content=\"2024-09-18T10:48:45+00:00\" \/>\n<meta property=\"article:modified_time\" content=\"2024-09-18T10:48:48+00:00\" \/>\n<meta property=\"og:image\" content=\"https:\/\/footdavant.fr\/actualites\/wp-content\/uploads\/2024\/09\/Mbappe-marque-lors-de-la-victoire-en-Ligue-des-champions.jpg\" \/>\n\t<meta property=\"og:image:width\" content=\"1240\" \/>\n\t<meta property=\"og:image:height\" content=\"759\" \/>\n\t<meta property=\"og:image:type\" content=\"image\/jpeg\" \/>\n<meta name=\"author\" content=\"Cl\u00e9ment\" \/>\n<meta name=\"twitter:card\" content=\"summary_large_image\" \/>\n<meta name=\"twitter:creator\" content=\"@FootdavantFr\" \/>\n<meta name=\"twitter:site\" content=\"@FootdavantFr\" \/>\n<meta name=\"twitter:label1\" content=\"\u00c9crit par\" \/>\n\t<meta name=\"twitter:data1\" content=\"Cl\u00e9ment\" \/>\n\t<meta name=\"twitter:label2\" content=\"Dur\u00e9e de lecture estim\u00e9e\" \/>\n\t<meta name=\"twitter:data2\" content=\"3 minutes\" \/>\n<script type=\"application\/ld+json\" class=\"yoast-schema-graph\">{\"@context\":\"https:\/\/schema.org\",\"@graph\":[{\"@type\":\"Article\",\"@id\":\"https:\/\/footdavant.fr\/actualites\/mbappe-marque-lors-de-la-victoire-en-ligue-des-champions\/#article\",\"isPartOf\":{\"@id\":\"https:\/\/footdavant.fr\/actualites\/mbappe-marque-lors-de-la-victoire-en-ligue-des-champions\/\"},\"author\":{\"name\":\"Cl\u00e9ment\",\"@id\":\"https:\/\/footdavant.fr\/actualites\/#\/schema\/person\/bc222566d95871b37e597b3ed3ba5e1d\"},\"headline\":\"Mbapp\u00e9 marque lors de la victoire en Ligue des champions\",\"datePublished\":\"2024-09-18T10:48:45+00:00\",\"dateModified\":\"2024-09-18T10:48:48+00:00\",\"mainEntityOfPage\":{\"@id\":\"https:\/\/footdavant.fr\/actualites\/mbappe-marque-lors-de-la-victoire-en-ligue-des-champions\/\"},\"wordCount\":576,\"publisher\":{\"@id\":\"https:\/\/footdavant.fr\/actualites\/#organization\"},\"keywords\":[\"champions\",\"des\",\"Ligue\",\"lors\",\"marqu\u00e9\",\"Mbappe\",\"victoire\"],\"articleSection\":[\"Football\"],\"inLanguage\":\"fr-FR\"},{\"@type\":\"WebPage\",\"@id\":\"https:\/\/footdavant.fr\/actualites\/mbappe-marque-lors-de-la-victoire-en-ligue-des-champions\/\",\"url\":\"https:\/\/footdavant.fr\/actualites\/mbappe-marque-lors-de-la-victoire-en-ligue-des-champions\/\",\"name\":\"Mbapp\u00e9 marque lors de la victoire en Ligue des champions\",\"isPartOf\":{\"@id\":\"https:\/\/footdavant.fr\/actualites\/#website\"},\"datePublished\":\"2024-09-18T10:48:45+00:00\",\"dateModified\":\"2024-09-18T10:48:48+00:00\",\"breadcrumb\":{\"@id\":\"https:\/\/footdavant.fr\/actualites\/mbappe-marque-lors-de-la-victoire-en-ligue-des-champions\/#breadcrumb\"},\"inLanguage\":\"fr-FR\",\"potentialAction\":[{\"@type\":\"ReadAction\",\"target\":[\"https:\/\/footdavant.fr\/actualites\/mbappe-marque-lors-de-la-victoire-en-ligue-des-champions\/\"]}]},{\"@type\":\"BreadcrumbList\",\"@id\":\"https:\/\/footdavant.fr\/actualites\/mbappe-marque-lors-de-la-victoire-en-ligue-des-champions\/#breadcrumb\",\"itemListElement\":[{\"@type\":\"ListItem\",\"position\":1,\"name\":\"Accueil\",\"item\":\"https:\/\/footdavant.fr\/actualites\/\"},{\"@type\":\"ListItem\",\"position\":2,\"name\":\"Mbapp\u00e9 marque lors de la victoire en Ligue des champions\"}]},{\"@type\":\"WebSite\",\"@id\":\"https:\/\/footdavant.fr\/actualites\/#website\",\"url\":\"https:\/\/footdavant.fr\/actualites\/\",\"name\":\"Foot d'avant\",\"description\":\"\",\"publisher\":{\"@id\":\"https:\/\/footdavant.fr\/actualites\/#organization\"},\"potentialAction\":[{\"@type\":\"SearchAction\",\"target\":{\"@type\":\"EntryPoint\",\"urlTemplate\":\"https:\/\/footdavant.fr\/actualites\/?s={search_term_string}\"},\"query-input\":\"required name=search_term_string\"}],\"inLanguage\":\"fr-FR\"},{\"@type\":\"Organization\",\"@id\":\"https:\/\/footdavant.fr\/actualites\/#organization\",\"name\":\"Foot d'avant\",\"url\":\"https:\/\/footdavant.fr\/actualites\/\",\"logo\":{\"@type\":\"ImageObject\",\"inLanguage\":\"fr-FR\",\"@id\":\"https:\/\/footdavant.fr\/actualites\/#\/schema\/logo\/image\/\",\"url\":\"https:\/\/footdavant.fr\/actualites\/wp-content\/uploads\/2023\/09\/Copy-of-FootDavant-Logo.png\",\"contentUrl\":\"https:\/\/footdavant.fr\/actualites\/wp-content\/uploads\/2023\/09\/Copy-of-FootDavant-Logo.png\",\"width\":936,\"height\":549,\"caption\":\"Foot d'avant\"},\"image\":{\"@id\":\"https:\/\/footdavant.fr\/actualites\/#\/schema\/logo\/image\/\"},\"sameAs\":[\"https:\/\/www.facebook.com\/Footdavant\/\",\"https:\/\/twitter.com\/FootdavantFr\",\"https:\/\/www.instagram.com\/footdavant.fr\/\"]},{\"@type\":\"Person\",\"@id\":\"https:\/\/footdavant.fr\/actualites\/#\/schema\/person\/bc222566d95871b37e597b3ed3ba5e1d\",\"name\":\"Cl\u00e9ment\",\"image\":{\"@type\":\"ImageObject\",\"inLanguage\":\"fr-FR\",\"@id\":\"https:\/\/footdavant.fr\/actualites\/#\/schema\/person\/image\/\",\"url\":\"https:\/\/secure.gravatar.com\/avatar\/7728b29aac2719421e1a9159b2254c44?s=96&d=mm&r=g\",\"contentUrl\":\"https:\/\/secure.gravatar.com\/avatar\/7728b29aac2719421e1a9159b2254c44?s=96&d=mm&r=g\",\"caption\":\"Cl\u00e9ment\"},\"sameAs\":[\"https:\/\/footdavant.fr\/\"]}]}<\/script>\n<!-- \/ Yoast SEO plugin. -->","yoast_head_json":{"title":"Mbapp\u00e9 marque lors de la victoire en Ligue des champions","robots":{"index":"index","follow":"follow","max-snippet":"max-snippet:-1","max-image-preview":"max-image-preview:large","max-video-preview":"max-video-preview:-1"},"canonical":"https:\/\/footdavant.fr\/actualites\/mbappe-marque-lors-de-la-victoire-en-ligue-des-champions\/","og_locale":"fr_FR","og_type":"article","og_title":"Mbapp\u00e9 marque lors de la victoire en Ligue des champions","og_description":"Le Real Madrid, champion en titre, a commenc\u00e9 la d\u00e9fense de son titre par un affrontement contre l&#39;\u00e9quipe allemande du VfB Stuttgart au stade Santiago","og_url":"https:\/\/footdavant.fr\/actualites\/mbappe-marque-lors-de-la-victoire-en-ligue-des-champions\/","og_site_name":"Foot d&#039;avant","article_publisher":"https:\/\/www.facebook.com\/Footdavant\/","article_published_time":"2024-09-18T10:48:45+00:00","article_modified_time":"2024-09-18T10:48:48+00:00","og_image":[{"width":1240,"height":759,"url":"https:\/\/footdavant.fr\/actualites\/wp-content\/uploads\/2024\/09\/Mbappe-marque-lors-de-la-victoire-en-Ligue-des-champions.jpg","type":"image\/jpeg"}],"author":"Cl\u00e9ment","twitter_card":"summary_large_image","twitter_creator":"@FootdavantFr","twitter_site":"@FootdavantFr","twitter_misc":{"\u00c9crit par":"Cl\u00e9ment","Dur\u00e9e de lecture estim\u00e9e":"3 minutes"},"schema":{"@context":"https:\/\/schema.org","@graph":[{"@type":"Article","@id":"https:\/\/footdavant.fr\/actualites\/mbappe-marque-lors-de-la-victoire-en-ligue-des-champions\/#article","isPartOf":{"@id":"https:\/\/footdavant.fr\/actualites\/mbappe-marque-lors-de-la-victoire-en-ligue-des-champions\/"},"author":{"name":"Cl\u00e9ment","@id":"https:\/\/footdavant.fr\/actualites\/#\/schema\/person\/bc222566d95871b37e597b3ed3ba5e1d"},"headline":"Mbapp\u00e9 marque lors de la victoire en Ligue des champions","datePublished":"2024-09-18T10:48:45+00:00","dateModified":"2024-09-18T10:48:48+00:00","mainEntityOfPage":{"@id":"https:\/\/footdavant.fr\/actualites\/mbappe-marque-lors-de-la-victoire-en-ligue-des-champions\/"},"wordCount":576,"publisher":{"@id":"https:\/\/footdavant.fr\/actualites\/#organization"},"keywords":["champions","des","Ligue","lors","marqu\u00e9","Mbappe","victoire"],"articleSection":["Football"],"inLanguage":"fr-FR"},{"@type":"WebPage","@id":"https:\/\/footdavant.fr\/actualites\/mbappe-marque-lors-de-la-victoire-en-ligue-des-champions\/","url":"https:\/\/footdavant.fr\/actualites\/mbappe-marque-lors-de-la-victoire-en-ligue-des-champions\/","name":"Mbapp\u00e9 marque lors de la victoire en Ligue des champions","isPartOf":{"@id":"https:\/\/footdavant.fr\/actualites\/#website"},"datePublished":"2024-09-18T10:48:45+00:00","dateModified":"2024-09-18T10:48:48+00:00","breadcrumb":{"@id":"https:\/\/footdavant.fr\/actualites\/mbappe-marque-lors-de-la-victoire-en-ligue-des-champions\/#breadcrumb"},"inLanguage":"fr-FR","potentialAction":[{"@type":"ReadAction","target":["https:\/\/footdavant.fr\/actualites\/mbappe-marque-lors-de-la-victoire-en-ligue-des-champions\/"]}]},{"@type":"BreadcrumbList","@id":"https:\/\/footdavant.fr\/actualites\/mbappe-marque-lors-de-la-victoire-en-ligue-des-champions\/#breadcrumb","itemListElement":[{"@type":"ListItem","position":1,"name":"Accueil","item":"https:\/\/footdavant.fr\/actualites\/"},{"@type":"ListItem","position":2,"name":"Mbapp\u00e9 marque lors de la victoire en Ligue des champions"}]},{"@type":"WebSite","@id":"https:\/\/footdavant.fr\/actualites\/#website","url":"https:\/\/footdavant.fr\/actualites\/","name":"Foot d'avant","description":"","publisher":{"@id":"https:\/\/footdavant.fr\/actualites\/#organization"},"potentialAction":[{"@type":"SearchAction","target":{"@type":"EntryPoint","urlTemplate":"https:\/\/footdavant.fr\/actualites\/?s={search_term_string}"},"query-input":"required name=search_term_string"}],"inLanguage":"fr-FR"},{"@type":"Organization","@id":"https:\/\/footdavant.fr\/actualites\/#organization","name":"Foot d'avant","url":"https:\/\/footdavant.fr\/actualites\/","logo":{"@type":"ImageObject","inLanguage":"fr-FR","@id":"https:\/\/footdavant.fr\/actualites\/#\/schema\/logo\/image\/","url":"https:\/\/footdavant.fr\/actualites\/wp-content\/uploads\/2023\/09\/Copy-of-FootDavant-Logo.png","contentUrl":"https:\/\/footdavant.fr\/actualites\/wp-content\/uploads\/2023\/09\/Copy-of-FootDavant-Logo.png","width":936,"height":549,"caption":"Foot d'avant"},"image":{"@id":"https:\/\/footdavant.fr\/actualites\/#\/schema\/logo\/image\/"},"sameAs":["https:\/\/www.facebook.com\/Footdavant\/","https:\/\/twitter.com\/FootdavantFr","https:\/\/www.instagram.com\/footdavant.fr\/"]},{"@type":"Person","@id":"https:\/\/footdavant.fr\/actualites\/#\/schema\/person\/bc222566d95871b37e597b3ed3ba5e1d","name":"Cl\u00e9ment","image":{"@type":"ImageObject","inLanguage":"fr-FR","@id":"https:\/\/footdavant.fr\/actualites\/#\/schema\/person\/image\/","url":"https:\/\/secure.gravatar.com\/avatar\/7728b29aac2719421e1a9159b2254c44?s=96&d=mm&r=g","contentUrl":"https:\/\/secure.gravatar.com\/avatar\/7728b29aac2719421e1a9159b2254c44?s=96&d=mm&r=g","caption":"Cl\u00e9ment"},"sameAs":["https:\/\/footdavant.fr\/"]}]}},"_links":{"self":[{"href":"https:\/\/footdavant.fr\/actualites\/wp-json\/wp\/v2\/posts\/13587"}],"collection":[{"href":"https:\/\/footdavant.fr\/actualites\/wp-json\/wp\/v2\/posts"}],"about":[{"href":"https:\/\/footdavant.fr\/actualites\/wp-json\/wp\/v2\/types\/post"}],"author":[{"embeddable":true,"href":"https:\/\/footdavant.fr\/actualites\/wp-json\/wp\/v2\/users\/1"}],"replies":[{"embeddable":true,"href":"https:\/\/footdavant.fr\/actualites\/wp-json\/wp\/v2\/comments?post=13587"}],"version-history":[{"count":1,"href":"https:\/\/footdavant.fr\/actualites\/wp-json\/wp\/v2\/posts\/13587\/revisions"}],"predecessor-version":[{"id":13589,"href":"https:\/\/footdavant.fr\/actualites\/wp-json\/wp\/v2\/posts\/13587\/revisions\/13589"}],"wp:featuredmedia":[{"embeddable":true,"href":"https:\/\/footdavant.fr\/actualites\/wp-json\/wp\/v2\/media\/13588"}],"wp:attachment":[{"href":"https:\/\/footdavant.fr\/actualites\/wp-json\/wp\/v2\/media?parent=13587"}],"wp:term":[{"taxonomy":"category","embeddable":true,"href":"https:\/\/footdavant.fr\/actualites\/wp-json\/wp\/v2\/categories?post=13587"},{"taxonomy":"post_tag","embeddable":true,"href":"https:\/\/footdavant.fr\/actualites\/wp-json\/wp\/v2\/tags?post=13587"}],"curies":[{"name":"wp","href":"https:\/\/api.w.org\/{rel}","templated":true}]}}