{"id":13590,"date":"2024-09-18T13:48:07","date_gmt":"2024-09-18T11:48:07","guid":{"rendered":"https:\/\/footdavant.fr\/actualites\/composition-des-equipes-du-real-madrid-contre-stuttgart-le-onze-prevu-pour-la-rencontre-de-ligue-des-champions\/"},"modified":"2024-09-18T13:48:10","modified_gmt":"2024-09-18T11:48:10","slug":"composition-des-equipes-du-real-madrid-contre-stuttgart-le-onze-prevu-pour-la-rencontre-de-ligue-des-champions","status":"publish","type":"post","link":"https:\/\/footdavant.fr\/actualites\/composition-des-equipes-du-real-madrid-contre-stuttgart-le-onze-prevu-pour-la-rencontre-de-ligue-des-champions\/","title":{"rendered":"Composition des \u00e9quipes du Real Madrid contre Stuttgart : le onze pr\u00e9vu pour la rencontre de Ligue des champions"},"content":{"rendered":"<p>Sports Mole examine en profondeur la mani\u00e8re dont le Real Madrid pourrait s&#39;aligner pour son affrontement en Ligue des champions contre Stuttgart au Bernabeu mardi.<\/p>\n<div id=\"article_body\" itemprop=\"articleBody\">\n<p class=\"firstPara\"><strong class=\"autotag\">Jude Bellingham<\/strong> est de retour \u00e0 l&#39;entra\u00eenement avant <strong class=\"autotag\">Real Madrid<\/strong>ouverture de <strong class=\"autotag\">Ligue des Champions<\/strong> match de la saison contre <strong class=\"autotag\">Stuttgart<\/strong> le mardi.<\/p>\n<p>Le milieu de terrain anglais a manqu\u00e9 les quatre derniers matchs en raison d&#39;une blessure musculaire et n&#39;\u00e9tait pas non plus disponible pour la s\u00e9lection des Three Lions lors de la r\u00e9cente s\u00e9rie de matches de l&#39;UEFA Nations League.<\/p>\n<p>Cependant, Bellingham a \u00e9t\u00e9 photographi\u00e9 \u00e0 l&#39;entra\u00eenement avant la visite des finalistes de Bundesliga ce milieu de semaine lors de la premi\u00e8re journ\u00e9e du nouveau format de phase de championnat dans la comp\u00e9tition de premier plan de l&#39;UEFA.<\/p>\n<p>Une autre nouvelle tr\u00e8s notable de l&#39;\u00e9quipe est que <strong class=\"autotag\">Kylian Mbapp\u00e9<\/strong> est sur le point de faire ses d\u00e9buts en Ligue des champions pour Los Blancos apr\u00e8s son transfert du Paris Saint-Germain au cours de l&#39;\u00e9t\u00e9.<\/p>\n<p>Mbapp\u00e9 a d\u00e9j\u00e0 un objectif europ\u00e9en pour le club, apr\u00e8s avoir marqu\u00e9 lors de la finale de la Super Coupe de l&#39;UEFA contre l&#39;Atalanta, et il cherchera \u00e0 ajouter \u00e0 son total de 48 buts en Ligue des champions lors de son passage au PSG et \u00e0 Monaco.<\/p>\n<p>Entrer dans l&#39;\u00e9quipe pour flanquer Mbapp\u00e9 devrait \u00eatre <strong class=\"autotag\">Rodrygo<\/strong>qui a \u00e9t\u00e9 laiss\u00e9 sur le banc apr\u00e8s son retour du Br\u00e9sil apr\u00e8s la pause internationale samedi.<\/p>\n<p>Cependant, le joueur de 23 ans a quand m\u00eame jou\u00e9 plus d&#39;une heure car il a \u00e9t\u00e9 contraint de remplacer le bless\u00e9. <strong class=\"autotag\">Brahim Diaz<\/strong> \u00e0 mi-chemin de la premi\u00e8re mi-temps contre la Real Sociedad.<\/p>\n<p>Avec un Real presque \u00e0 nouveau au maximum de ses capacit\u00e9s offensives, <strong class=\"autotag\">Aur\u00e9lien Tchouameni<\/strong> est \u00e9galement de retour \u00e0 l&#39;entra\u00eenement apr\u00e8s une blessure au pied qui l&#39;a vu manquer les deux matches de la France pendant la pause, et il pourrait jouer un r\u00f4le plus profond au milieu de terrain.<\/p>\n<p>Dans la salle des machines, <strong class=\"autotag\">Carlo Ancelotti<\/strong> ne pourra pas encore faire appel \u00e0 <strong class=\"autotag\">Eduardo Camavinga<\/strong> et <strong class=\"autotag\">Dani Ceballos<\/strong> Cependant, avec des retours \u00e0 la fin du mois plus probables pour le duo, et leurs \u00e9ventuels retours seront les bienvenus pour le manager, qui n&#39;a pu nommer que huit rempla\u00e7ants au lieu de 12, dont deux gardiens de but, \u00e0 Saint-S\u00e9bastien ce week-end, compte tenu des probl\u00e8mes de blessures du Real.<\/p>\n<p><strong>Composition possible du onze de d\u00e9part du Real Madrid :<\/strong><br \/>Courtois, Carvajal, Eder Militao, Rudiger, Mendy, Valverde, Modric, Rodrygo, Bellingham, Vinicius Junior, Mbapp\u00e9<\/p>\n<\/div>\n","protected":false},"excerpt":{"rendered":"<p>Sports Mole examine en profondeur la mani\u00e8re dont le Real Madrid pourrait s&#39;aligner pour son affrontement en Ligue des champions contre Stuttgart au Bernabeu mardi.<\/p>\n","protected":false},"author":1,"featured_media":13591,"comment_status":"closed","ping_status":"","sticky":false,"template":"","format":"standard","meta":{"footnotes":""},"categories":[4],"tags":[31,2291,20,12,242,30,303,2412,51,3924,302,1937,1760],"yoast_head":"<!-- This site is optimized with the Yoast SEO plugin v21.0 - https:\/\/yoast.com\/wordpress\/plugins\/seo\/ -->\n<title>Composition des \u00e9quipes du Real Madrid contre Stuttgart : le onze pr\u00e9vu pour la rencontre de Ligue des champions<\/title>\n<meta name=\"robots\" content=\"index, follow, max-snippet:-1, max-image-preview:large, max-video-preview:-1\" \/>\n<link rel=\"canonical\" href=\"https:\/\/footdavant.fr\/actualites\/composition-des-equipes-du-real-madrid-contre-stuttgart-le-onze-prevu-pour-la-rencontre-de-ligue-des-champions\/\" \/>\n<meta property=\"og:locale\" content=\"fr_FR\" \/>\n<meta property=\"og:type\" content=\"article\" \/>\n<meta property=\"og:title\" content=\"Composition des \u00e9quipes du Real Madrid contre Stuttgart : le onze pr\u00e9vu pour la rencontre de Ligue des champions\" \/>\n<meta property=\"og:description\" content=\"Sports Mole examine en profondeur la mani\u00e8re dont le Real Madrid pourrait s&#039;aligner pour son affrontement en Ligue des champions contre Stuttgart au Bernabeu mardi.\" \/>\n<meta property=\"og:url\" content=\"https:\/\/footdavant.fr\/actualites\/composition-des-equipes-du-real-madrid-contre-stuttgart-le-onze-prevu-pour-la-rencontre-de-ligue-des-champions\/\" \/>\n<meta property=\"og:site_name\" content=\"Foot d&#039;avant\" \/>\n<meta property=\"article:publisher\" content=\"https:\/\/www.facebook.com\/Footdavant\/\" \/>\n<meta property=\"article:published_time\" content=\"2024-09-18T11:48:07+00:00\" \/>\n<meta property=\"article:modified_time\" content=\"2024-09-18T11:48:10+00:00\" \/>\n<meta property=\"og:image\" content=\"https:\/\/footdavant.fr\/actualites\/wp-content\/uploads\/2024\/09\/Composition-des-equipes-du-Real-Madrid-contre-Stuttgart-le.jpg\" \/>\n\t<meta property=\"og:image:width\" content=\"1280\" \/>\n\t<meta property=\"og:image:height\" content=\"960\" \/>\n\t<meta property=\"og:image:type\" content=\"image\/jpeg\" \/>\n<meta name=\"author\" content=\"Cl\u00e9ment\" \/>\n<meta name=\"twitter:card\" content=\"summary_large_image\" \/>\n<meta name=\"twitter:creator\" content=\"@FootdavantFr\" \/>\n<meta name=\"twitter:site\" content=\"@FootdavantFr\" \/>\n<meta name=\"twitter:label1\" content=\"\u00c9crit par\" \/>\n\t<meta name=\"twitter:data1\" content=\"Cl\u00e9ment\" \/>\n\t<meta name=\"twitter:label2\" content=\"Dur\u00e9e de lecture estim\u00e9e\" \/>\n\t<meta name=\"twitter:data2\" content=\"2 minutes\" \/>\n<script type=\"application\/ld+json\" class=\"yoast-schema-graph\">{\"@context\":\"https:\/\/schema.org\",\"@graph\":[{\"@type\":\"Article\",\"@id\":\"https:\/\/footdavant.fr\/actualites\/composition-des-equipes-du-real-madrid-contre-stuttgart-le-onze-prevu-pour-la-rencontre-de-ligue-des-champions\/#article\",\"isPartOf\":{\"@id\":\"https:\/\/footdavant.fr\/actualites\/composition-des-equipes-du-real-madrid-contre-stuttgart-le-onze-prevu-pour-la-rencontre-de-ligue-des-champions\/\"},\"author\":{\"name\":\"Cl\u00e9ment\",\"@id\":\"https:\/\/footdavant.fr\/actualites\/#\/schema\/person\/bc222566d95871b37e597b3ed3ba5e1d\"},\"headline\":\"Composition des \u00e9quipes du Real Madrid contre Stuttgart : le onze pr\u00e9vu pour la rencontre de Ligue des champions\",\"datePublished\":\"2024-09-18T11:48:07+00:00\",\"dateModified\":\"2024-09-18T11:48:10+00:00\",\"mainEntityOfPage\":{\"@id\":\"https:\/\/footdavant.fr\/actualites\/composition-des-equipes-du-real-madrid-contre-stuttgart-le-onze-prevu-pour-la-rencontre-de-ligue-des-champions\/\"},\"wordCount\":460,\"publisher\":{\"@id\":\"https:\/\/footdavant.fr\/actualites\/#organization\"},\"keywords\":[\"champions\",\"composition\",\"contre\",\"des\",\"\u00e9quipes\",\"Ligue\",\"Madrid\",\"onze\",\"pour\",\"pr\u00e9vu\",\"Real\",\"rencontre\",\"Stuttgart\"],\"articleSection\":[\"Champions League\"],\"inLanguage\":\"fr-FR\"},{\"@type\":\"WebPage\",\"@id\":\"https:\/\/footdavant.fr\/actualites\/composition-des-equipes-du-real-madrid-contre-stuttgart-le-onze-prevu-pour-la-rencontre-de-ligue-des-champions\/\",\"url\":\"https:\/\/footdavant.fr\/actualites\/composition-des-equipes-du-real-madrid-contre-stuttgart-le-onze-prevu-pour-la-rencontre-de-ligue-des-champions\/\",\"name\":\"Composition des \u00e9quipes du Real Madrid contre Stuttgart : le onze pr\u00e9vu pour la rencontre de Ligue des champions\",\"isPartOf\":{\"@id\":\"https:\/\/footdavant.fr\/actualites\/#website\"},\"datePublished\":\"2024-09-18T11:48:07+00:00\",\"dateModified\":\"2024-09-18T11:48:10+00:00\",\"breadcrumb\":{\"@id\":\"https:\/\/footdavant.fr\/actualites\/composition-des-equipes-du-real-madrid-contre-stuttgart-le-onze-prevu-pour-la-rencontre-de-ligue-des-champions\/#breadcrumb\"},\"inLanguage\":\"fr-FR\",\"potentialAction\":[{\"@type\":\"ReadAction\",\"target\":[\"https:\/\/footdavant.fr\/actualites\/composition-des-equipes-du-real-madrid-contre-stuttgart-le-onze-prevu-pour-la-rencontre-de-ligue-des-champions\/\"]}]},{\"@type\":\"BreadcrumbList\",\"@id\":\"https:\/\/footdavant.fr\/actualites\/composition-des-equipes-du-real-madrid-contre-stuttgart-le-onze-prevu-pour-la-rencontre-de-ligue-des-champions\/#breadcrumb\",\"itemListElement\":[{\"@type\":\"ListItem\",\"position\":1,\"name\":\"Accueil\",\"item\":\"https:\/\/footdavant.fr\/actualites\/\"},{\"@type\":\"ListItem\",\"position\":2,\"name\":\"Composition des \u00e9quipes du Real Madrid contre Stuttgart : le onze pr\u00e9vu pour la rencontre de Ligue des champions\"}]},{\"@type\":\"WebSite\",\"@id\":\"https:\/\/footdavant.fr\/actualites\/#website\",\"url\":\"https:\/\/footdavant.fr\/actualites\/\",\"name\":\"Foot d'avant\",\"description\":\"\",\"publisher\":{\"@id\":\"https:\/\/footdavant.fr\/actualites\/#organization\"},\"potentialAction\":[{\"@type\":\"SearchAction\",\"target\":{\"@type\":\"EntryPoint\",\"urlTemplate\":\"https:\/\/footdavant.fr\/actualites\/?s={search_term_string}\"},\"query-input\":\"required name=search_term_string\"}],\"inLanguage\":\"fr-FR\"},{\"@type\":\"Organization\",\"@id\":\"https:\/\/footdavant.fr\/actualites\/#organization\",\"name\":\"Foot d'avant\",\"url\":\"https:\/\/footdavant.fr\/actualites\/\",\"logo\":{\"@type\":\"ImageObject\",\"inLanguage\":\"fr-FR\",\"@id\":\"https:\/\/footdavant.fr\/actualites\/#\/schema\/logo\/image\/\",\"url\":\"https:\/\/footdavant.fr\/actualites\/wp-content\/uploads\/2023\/09\/Copy-of-FootDavant-Logo.png\",\"contentUrl\":\"https:\/\/footdavant.fr\/actualites\/wp-content\/uploads\/2023\/09\/Copy-of-FootDavant-Logo.png\",\"width\":936,\"height\":549,\"caption\":\"Foot d'avant\"},\"image\":{\"@id\":\"https:\/\/footdavant.fr\/actualites\/#\/schema\/logo\/image\/\"},\"sameAs\":[\"https:\/\/www.facebook.com\/Footdavant\/\",\"https:\/\/twitter.com\/FootdavantFr\",\"https:\/\/www.instagram.com\/footdavant.fr\/\"]},{\"@type\":\"Person\",\"@id\":\"https:\/\/footdavant.fr\/actualites\/#\/schema\/person\/bc222566d95871b37e597b3ed3ba5e1d\",\"name\":\"Cl\u00e9ment\",\"image\":{\"@type\":\"ImageObject\",\"inLanguage\":\"fr-FR\",\"@id\":\"https:\/\/footdavant.fr\/actualites\/#\/schema\/person\/image\/\",\"url\":\"https:\/\/secure.gravatar.com\/avatar\/7728b29aac2719421e1a9159b2254c44?s=96&d=mm&r=g\",\"contentUrl\":\"https:\/\/secure.gravatar.com\/avatar\/7728b29aac2719421e1a9159b2254c44?s=96&d=mm&r=g\",\"caption\":\"Cl\u00e9ment\"},\"sameAs\":[\"https:\/\/footdavant.fr\/\"]}]}<\/script>\n<!-- \/ Yoast SEO plugin. -->","yoast_head_json":{"title":"Composition des \u00e9quipes du Real Madrid contre Stuttgart : le onze pr\u00e9vu pour la rencontre de Ligue des champions","robots":{"index":"index","follow":"follow","max-snippet":"max-snippet:-1","max-image-preview":"max-image-preview:large","max-video-preview":"max-video-preview:-1"},"canonical":"https:\/\/footdavant.fr\/actualites\/composition-des-equipes-du-real-madrid-contre-stuttgart-le-onze-prevu-pour-la-rencontre-de-ligue-des-champions\/","og_locale":"fr_FR","og_type":"article","og_title":"Composition des \u00e9quipes du Real Madrid contre Stuttgart : le onze pr\u00e9vu pour la rencontre de Ligue des champions","og_description":"Sports Mole examine en profondeur la mani\u00e8re dont le Real Madrid pourrait s&#39;aligner pour son affrontement en Ligue des champions contre Stuttgart au Bernabeu mardi.","og_url":"https:\/\/footdavant.fr\/actualites\/composition-des-equipes-du-real-madrid-contre-stuttgart-le-onze-prevu-pour-la-rencontre-de-ligue-des-champions\/","og_site_name":"Foot d&#039;avant","article_publisher":"https:\/\/www.facebook.com\/Footdavant\/","article_published_time":"2024-09-18T11:48:07+00:00","article_modified_time":"2024-09-18T11:48:10+00:00","og_image":[{"width":1280,"height":960,"url":"https:\/\/footdavant.fr\/actualites\/wp-content\/uploads\/2024\/09\/Composition-des-equipes-du-Real-Madrid-contre-Stuttgart-le.jpg","type":"image\/jpeg"}],"author":"Cl\u00e9ment","twitter_card":"summary_large_image","twitter_creator":"@FootdavantFr","twitter_site":"@FootdavantFr","twitter_misc":{"\u00c9crit par":"Cl\u00e9ment","Dur\u00e9e de lecture estim\u00e9e":"2 minutes"},"schema":{"@context":"https:\/\/schema.org","@graph":[{"@type":"Article","@id":"https:\/\/footdavant.fr\/actualites\/composition-des-equipes-du-real-madrid-contre-stuttgart-le-onze-prevu-pour-la-rencontre-de-ligue-des-champions\/#article","isPartOf":{"@id":"https:\/\/footdavant.fr\/actualites\/composition-des-equipes-du-real-madrid-contre-stuttgart-le-onze-prevu-pour-la-rencontre-de-ligue-des-champions\/"},"author":{"name":"Cl\u00e9ment","@id":"https:\/\/footdavant.fr\/actualites\/#\/schema\/person\/bc222566d95871b37e597b3ed3ba5e1d"},"headline":"Composition des \u00e9quipes du Real Madrid contre Stuttgart : le onze pr\u00e9vu pour la rencontre de Ligue des champions","datePublished":"2024-09-18T11:48:07+00:00","dateModified":"2024-09-18T11:48:10+00:00","mainEntityOfPage":{"@id":"https:\/\/footdavant.fr\/actualites\/composition-des-equipes-du-real-madrid-contre-stuttgart-le-onze-prevu-pour-la-rencontre-de-ligue-des-champions\/"},"wordCount":460,"publisher":{"@id":"https:\/\/footdavant.fr\/actualites\/#organization"},"keywords":["champions","composition","contre","des","\u00e9quipes","Ligue","Madrid","onze","pour","pr\u00e9vu","Real","rencontre","Stuttgart"],"articleSection":["Champions League"],"inLanguage":"fr-FR"},{"@type":"WebPage","@id":"https:\/\/footdavant.fr\/actualites\/composition-des-equipes-du-real-madrid-contre-stuttgart-le-onze-prevu-pour-la-rencontre-de-ligue-des-champions\/","url":"https:\/\/footdavant.fr\/actualites\/composition-des-equipes-du-real-madrid-contre-stuttgart-le-onze-prevu-pour-la-rencontre-de-ligue-des-champions\/","name":"Composition des \u00e9quipes du Real Madrid contre Stuttgart : le onze pr\u00e9vu pour la rencontre de Ligue des champions","isPartOf":{"@id":"https:\/\/footdavant.fr\/actualites\/#website"},"datePublished":"2024-09-18T11:48:07+00:00","dateModified":"2024-09-18T11:48:10+00:00","breadcrumb":{"@id":"https:\/\/footdavant.fr\/actualites\/composition-des-equipes-du-real-madrid-contre-stuttgart-le-onze-prevu-pour-la-rencontre-de-ligue-des-champions\/#breadcrumb"},"inLanguage":"fr-FR","potentialAction":[{"@type":"ReadAction","target":["https:\/\/footdavant.fr\/actualites\/composition-des-equipes-du-real-madrid-contre-stuttgart-le-onze-prevu-pour-la-rencontre-de-ligue-des-champions\/"]}]},{"@type":"BreadcrumbList","@id":"https:\/\/footdavant.fr\/actualites\/composition-des-equipes-du-real-madrid-contre-stuttgart-le-onze-prevu-pour-la-rencontre-de-ligue-des-champions\/#breadcrumb","itemListElement":[{"@type":"ListItem","position":1,"name":"Accueil","item":"https:\/\/footdavant.fr\/actualites\/"},{"@type":"ListItem","position":2,"name":"Composition des \u00e9quipes du Real Madrid contre Stuttgart : le onze pr\u00e9vu pour la rencontre de Ligue des champions"}]},{"@type":"WebSite","@id":"https:\/\/footdavant.fr\/actualites\/#website","url":"https:\/\/footdavant.fr\/actualites\/","name":"Foot d'avant","description":"","publisher":{"@id":"https:\/\/footdavant.fr\/actualites\/#organization"},"potentialAction":[{"@type":"SearchAction","target":{"@type":"EntryPoint","urlTemplate":"https:\/\/footdavant.fr\/actualites\/?s={search_term_string}"},"query-input":"required name=search_term_string"}],"inLanguage":"fr-FR"},{"@type":"Organization","@id":"https:\/\/footdavant.fr\/actualites\/#organization","name":"Foot d'avant","url":"https:\/\/footdavant.fr\/actualites\/","logo":{"@type":"ImageObject","inLanguage":"fr-FR","@id":"https:\/\/footdavant.fr\/actualites\/#\/schema\/logo\/image\/","url":"https:\/\/footdavant.fr\/actualites\/wp-content\/uploads\/2023\/09\/Copy-of-FootDavant-Logo.png","contentUrl":"https:\/\/footdavant.fr\/actualites\/wp-content\/uploads\/2023\/09\/Copy-of-FootDavant-Logo.png","width":936,"height":549,"caption":"Foot d'avant"},"image":{"@id":"https:\/\/footdavant.fr\/actualites\/#\/schema\/logo\/image\/"},"sameAs":["https:\/\/www.facebook.com\/Footdavant\/","https:\/\/twitter.com\/FootdavantFr","https:\/\/www.instagram.com\/footdavant.fr\/"]},{"@type":"Person","@id":"https:\/\/footdavant.fr\/actualites\/#\/schema\/person\/bc222566d95871b37e597b3ed3ba5e1d","name":"Cl\u00e9ment","image":{"@type":"ImageObject","inLanguage":"fr-FR","@id":"https:\/\/footdavant.fr\/actualites\/#\/schema\/person\/image\/","url":"https:\/\/secure.gravatar.com\/avatar\/7728b29aac2719421e1a9159b2254c44?s=96&d=mm&r=g","contentUrl":"https:\/\/secure.gravatar.com\/avatar\/7728b29aac2719421e1a9159b2254c44?s=96&d=mm&r=g","caption":"Cl\u00e9ment"},"sameAs":["https:\/\/footdavant.fr\/"]}]}},"_links":{"self":[{"href":"https:\/\/footdavant.fr\/actualites\/wp-json\/wp\/v2\/posts\/13590"}],"collection":[{"href":"https:\/\/footdavant.fr\/actualites\/wp-json\/wp\/v2\/posts"}],"about":[{"href":"https:\/\/footdavant.fr\/actualites\/wp-json\/wp\/v2\/types\/post"}],"author":[{"embeddable":true,"href":"https:\/\/footdavant.fr\/actualites\/wp-json\/wp\/v2\/users\/1"}],"replies":[{"embeddable":true,"href":"https:\/\/footdavant.fr\/actualites\/wp-json\/wp\/v2\/comments?post=13590"}],"version-history":[{"count":1,"href":"https:\/\/footdavant.fr\/actualites\/wp-json\/wp\/v2\/posts\/13590\/revisions"}],"predecessor-version":[{"id":13592,"href":"https:\/\/footdavant.fr\/actualites\/wp-json\/wp\/v2\/posts\/13590\/revisions\/13592"}],"wp:featuredmedia":[{"embeddable":true,"href":"https:\/\/footdavant.fr\/actualites\/wp-json\/wp\/v2\/media\/13591"}],"wp:attachment":[{"href":"https:\/\/footdavant.fr\/actualites\/wp-json\/wp\/v2\/media?parent=13590"}],"wp:term":[{"taxonomy":"category","embeddable":true,"href":"https:\/\/footdavant.fr\/actualites\/wp-json\/wp\/v2\/categories?post=13590"},{"taxonomy":"post_tag","embeddable":true,"href":"https:\/\/footdavant.fr\/actualites\/wp-json\/wp\/v2\/tags?post=13590"}],"curies":[{"name":"wp","href":"https:\/\/api.w.org\/{rel}","templated":true}]}}