{"id":13596,"date":"2024-09-18T16:48:27","date_gmt":"2024-09-18T14:48:27","guid":{"rendered":"https:\/\/footdavant.fr\/actualites\/anthony-martial-en-route-pour-la-grece-pour-finaliser-son-transfert-a-laek\/"},"modified":"2024-09-18T16:48:30","modified_gmt":"2024-09-18T14:48:30","slug":"anthony-martial-en-route-pour-la-grece-pour-finaliser-son-transfert-a-laek","status":"publish","type":"post","link":"https:\/\/footdavant.fr\/actualites\/anthony-martial-en-route-pour-la-grece-pour-finaliser-son-transfert-a-laek\/","title":{"rendered":"Anthony Martial en route pour la Gr\u00e8ce pour finaliser son transfert \u00e0 l&#39;AEK"},"content":{"rendered":"<div>\n<p>Anthony Martial finalisera son transfert \u00e0 l&#39;AEK Ath\u00e8nes plus tard dans la journ\u00e9e, mettant fin \u00e0 une p\u00e9riode d&#39;absence de trois mois.<\/p>\n<p>L&#39;ancien attaquant fran\u00e7ais a quitt\u00e9 Manchester United \u00e0 la fin de la saison derni\u00e8re apr\u00e8s l&#39;expiration de son contrat et a \u00e9t\u00e9 li\u00e9 \u00e0 de nombreux clubs du Moyen-Orient, ainsi qu&#39;au g\u00e9ant br\u00e9silien Flamengo.<\/p>\n<p><span data-sheets-root=\"1\">\t\t<\/p>\n<div data-elementor-type=\"container\" data-elementor-id=\"71604\" class=\"elementor elementor-71604\" data-elementor-post-type=\"elementor_library\">\n<div class=\"elementor-element elementor-element-1e0d353d e-con-full e-flex e-con e-child\" data-id=\"1e0d353d\" data-element_type=\"container\" data-settings='{\"background_background\":\"classic\"}'>\n<div class=\"elementor-element elementor-element-67abf3aa e-flex e-con-boxed e-con e-child\" data-id=\"67abf3aa\" data-element_type=\"container\">\n<div class=\"e-con-inner\">\n<div class=\"elementor-element elementor-element-125a046c e-con-full e-flex e-con e-child\" data-id=\"125a046c\" data-element_type=\"container\">\n<div class=\"elementor-element elementor-element-7c155c61 elementor-widget__width-initial elementor-widget elementor-widget-image\" data-id=\"7c155c61\" data-element_type=\"widget\" data-widget_type=\"image.default\">\n<div class=\"elementor-widget-container\">\n<p>\t\t\t\t\t\t\t<img width=\"260\" height=\"80\" decoding=\"async\" src=\"https:\/\/footdavant.fr\/actualites\/wp-content\/uploads\/2024\/08\/Bayern-Munich-2-1-Tottenham-les-Spurs-battus-a-Seoul.png\" title=\"\" alt=\"\" loading=\"lazy\">\n\t\t\t\t\t\t\t\t\t\t\t\t\t<\/div>\n<\/p><\/div>\n<\/p><\/div>\n<div class=\"elementor-element elementor-element-5e309557 e-con-full e-flex e-con e-child\" data-id=\"5e309557\" data-element_type=\"container\">\n<div class=\"elementor-element elementor-element-22b44721 elementor-widget elementor-widget-heading\" data-id=\"22b44721\" data-element_type=\"widget\" data-widget_type=\"heading.default\">\n<div class=\"elementor-widget-container\">\n<p class=\"elementor-heading-title elementor-size-default\">Pariez 10 \u00a3 et obtenez 30 \u00a3 en paris gratuits<\/p>\n<\/p><\/div>\n<\/p><\/div>\n<\/p><\/div>\n<div class=\"elementor-element elementor-element-41f5410f e-con-full e-flex e-con e-child\" data-id=\"41f5410f\" data-element_type=\"container\">\n<div class=\"elementor-element elementor-element-66baea1c elementor-widget elementor-widget-heading\" data-id=\"66baea1c\" data-element_type=\"widget\" data-widget_type=\"heading.default\">\n<div class=\"elementor-widget-container\">\n<p class=\"elementor-heading-title elementor-size-default\">Valable aujourd&#39;hui : 18 septembre 2024<\/p>\n<\/p><\/div>\n<\/p><\/div>\n<\/p><\/div>\n<\/p><\/div>\n<\/p><\/div>\n<div class=\"elementor-element elementor-element-3af12e5 e-flex e-con-boxed e-con e-child\" data-id=\"3af12e5\" data-element_type=\"container\">\n<div class=\"e-con-inner\">\n<div class=\"elementor-element elementor-element-99c0f2a elementor-widget elementor-widget-text-editor\" data-id=\"99c0f2a\" data-element_type=\"widget\" data-widget_type=\"text-editor.default\">\n<p><style><![CDATA[\/*! elementor - v3.23.0 - 25-07-2024 *\/\n.elementor-widget-text-editor.elementor-drop-cap-view-stacked .elementor-drop-cap{background-color:#69727d;color:#fff}.elementor-widget-text-editor.elementor-drop-cap-view-framed .elementor-drop-cap{color:#69727d;border:3px solid;background-color:transparent}.elementor-widget-text-editor:not(.elementor-drop-cap-view-default) .elementor-drop-cap{margin-top:8px}.elementor-widget-text-editor:not(.elementor-drop-cap-view-default) .elementor-drop-cap-letter{width:1em;height:1em}.elementor-widget-text-editor .elementor-drop-cap{float:left;text-align:center;line-height:1;font-size:50px}.elementor-widget-text-editor .elementor-drop-cap-letter{display:inline-block}]]><\/style>\n<p>\t\t\t\t\t\t\t\tNouveaux clients uniquement. Misez 10 \u00a3* et obtenez 30 \u00a3* en paris gratuits. Inscrivez-vous, d\u00e9posez entre 5 \u00a3* et 10 \u00a3* sur votre compte et bet365 vous offrira trois fois cette valeur en paris gratuits lorsque vous placez des paris \u00e9ligibles de la m\u00eame valeur et qu&#39;ils sont r\u00e9gl\u00e9s. Les paris gratuits sont pay\u00e9s sous forme de cr\u00e9dits de pari. Des exclusions de cotes\/pari minimum et de m\u00e9thode de paiement s&#39;appliquent. Les retours n&#39;incluent pas la mise en cr\u00e9dits de pari. Des conditions g\u00e9n\u00e9rales, des d\u00e9lais et des exclusions s&#39;appliquent. Inscription requise.<\/p>\n<\/p><\/div>\n<\/p><\/div>\n<\/p><\/div>\n<\/p><\/div>\n<\/p><\/div>\n<p>\t\t<\/span><\/p>\n<p>Mais il a opt\u00e9 pour la Gr\u00e8ce, l&#39;AEK \u00e9tant apparemment sur le point de lui offrir un contrat de trois ans.<\/p>\n<p>Martial s&#39;envolera pour Ath\u00e8nes plus tard dans la journ\u00e9e et sera assur\u00e9 d&#39;un accueil chaleureux apr\u00e8s que le club ait publi\u00e9 les d\u00e9tails de son heure d&#39;arriv\u00e9e sur X.<\/p>\n<p>Le joueur de 28 ans a pass\u00e9 neuf ans \u00e0 Old Trafford apr\u00e8s avoir rejoint Monaco en 2015, mais n&#39;a pas r\u00e9ussi \u00e0 justifier sa r\u00e9putation comme l&#39;un des jeunes talents les plus excitants d&#39;Europe.<\/p>\n<p>Il a connu un bon d\u00e9but de saison avec un but solo m\u00e9morable contre Liverpool lors de ses d\u00e9buts, mais il a quitt\u00e9 le club apr\u00e8s avoir marqu\u00e9 90 buts en 317 apparitions.<\/p>\n<blockquote class=\"twitter-tweet\">\n<p dir=\"ltr\" lang=\"und\">\u039f \u03bc\u03ac\u03b3\u03bf\u03c2 \u03ad\u03c1\u03c7\u03b5\u03c4\u03b1\u03b9!!! \ud83d\udfe1\u26ab\ufe0f<br \/>Je vous en prie!!! \u2708\ufe0f<br \/>Arriv\u00e9e : Anthony Martial<br \/>Dur\u00e9e : 20:40<br \/>Lieu : A\u00e9roport El Venizelos Point de rendez-vous : Sortie 7<a rel=\"nofollow\" href=\"https:\/\/twitter.com\/hashtag\/aekfc?src=hash&amp;ref_src=twsrc%5Etfw\" rel=\"nofollow noopener\">#aekfc<\/a> <a rel=\"nofollow\" href=\"https:\/\/twitter.com\/hashtag\/aekfcseason2024_2025?src=hash&amp;ref_src=twsrc%5Etfw\" rel=\"nofollow noopener\">#aekfcsaison2024_2025<\/a> <a rel=\"nofollow\" href=\"https:\/\/twitter.com\/hashtag\/summertransfers?src=hash&amp;ref_src=twsrc%5Etfw\" rel=\"nofollow noopener\">#transferts d&#39;\u00e9t\u00e9<\/a> <a rel=\"nofollow\" href=\"https:\/\/twitter.com\/hashtag\/Martial?src=hash&amp;ref_src=twsrc%5Etfw\" rel=\"nofollow noopener\">#Martial<\/a> <a rel=\"nofollow\" href=\"https:\/\/t.co\/yls71N3NJP\" rel=\"nofollow\">pic.twitter.com\/yls71N3NJP<\/a><\/p>\n<p>\u2014 AEK FC (@AEK_FC_OFFICIAL) <a rel=\"nofollow\" href=\"https:\/\/twitter.com\/AEK_FC_OFFICIAL\/status\/1836308741735559191?ref_src=twsrc%5Etfw\" rel=\"nofollow noopener\">18 septembre 2024<\/a><\/p>\n<\/blockquote><\/div>\n<p><script async src=\"https:\/\/platform.twitter.com\/widgets.js\" charset=\"utf-8\"><\/script><\/p>\n","protected":false},"excerpt":{"rendered":"<p>Anthony Martial finalisera son transfert \u00e0 l&#39;AEK Ath\u00e8nes plus tard dans la journ\u00e9e, mettant fin \u00e0 une p\u00e9riode d&#39;absence de trois mois. L&#39;ancien attaquant fran\u00e7ais<\/p>\n","protected":false},"author":1,"featured_media":13597,"comment_status":"closed","ping_status":"","sticky":false,"template":"","format":"standard","meta":{"footnotes":""},"categories":[3],"tags":[457,6056,5277,6450,458,51,2488,86,700],"yoast_head":"<!-- This site is optimized with the Yoast SEO plugin v21.0 - https:\/\/yoast.com\/wordpress\/plugins\/seo\/ -->\n<title>Anthony Martial en route pour la Gr\u00e8ce pour finaliser son transfert \u00e0 l&#039;AEK<\/title>\n<meta name=\"robots\" content=\"index, follow, max-snippet:-1, max-image-preview:large, max-video-preview:-1\" \/>\n<link rel=\"canonical\" href=\"https:\/\/footdavant.fr\/actualites\/anthony-martial-en-route-pour-la-grece-pour-finaliser-son-transfert-a-laek\/\" \/>\n<meta property=\"og:locale\" content=\"fr_FR\" \/>\n<meta property=\"og:type\" content=\"article\" \/>\n<meta property=\"og:title\" content=\"Anthony Martial en route pour la Gr\u00e8ce pour finaliser son transfert \u00e0 l&#039;AEK\" \/>\n<meta property=\"og:description\" content=\"Anthony Martial finalisera son transfert \u00e0 l&#039;AEK Ath\u00e8nes plus tard dans la journ\u00e9e, mettant fin \u00e0 une p\u00e9riode d&#039;absence de trois mois. L&#039;ancien attaquant fran\u00e7ais\" \/>\n<meta property=\"og:url\" content=\"https:\/\/footdavant.fr\/actualites\/anthony-martial-en-route-pour-la-grece-pour-finaliser-son-transfert-a-laek\/\" \/>\n<meta property=\"og:site_name\" content=\"Foot d&#039;avant\" \/>\n<meta property=\"article:publisher\" content=\"https:\/\/www.facebook.com\/Footdavant\/\" \/>\n<meta property=\"article:published_time\" content=\"2024-09-18T14:48:27+00:00\" \/>\n<meta property=\"article:modified_time\" content=\"2024-09-18T14:48:30+00:00\" \/>\n<meta property=\"og:image\" content=\"https:\/\/footdavant.fr\/actualites\/wp-content\/uploads\/2024\/09\/Anthony-Martial-en-route-pour-la-Grece-pour-finaliser-son.jpg\" \/>\n\t<meta property=\"og:image:width\" content=\"1200\" \/>\n\t<meta property=\"og:image:height\" content=\"857\" \/>\n\t<meta property=\"og:image:type\" content=\"image\/jpeg\" \/>\n<meta name=\"author\" content=\"Cl\u00e9ment\" \/>\n<meta name=\"twitter:card\" content=\"summary_large_image\" \/>\n<meta name=\"twitter:creator\" content=\"@FootdavantFr\" \/>\n<meta name=\"twitter:site\" content=\"@FootdavantFr\" \/>\n<meta name=\"twitter:label1\" content=\"\u00c9crit par\" \/>\n\t<meta name=\"twitter:data1\" content=\"Cl\u00e9ment\" \/>\n\t<meta name=\"twitter:label2\" content=\"Dur\u00e9e de lecture estim\u00e9e\" \/>\n\t<meta name=\"twitter:data2\" content=\"2 minutes\" \/>\n<script type=\"application\/ld+json\" class=\"yoast-schema-graph\">{\"@context\":\"https:\/\/schema.org\",\"@graph\":[{\"@type\":\"Article\",\"@id\":\"https:\/\/footdavant.fr\/actualites\/anthony-martial-en-route-pour-la-grece-pour-finaliser-son-transfert-a-laek\/#article\",\"isPartOf\":{\"@id\":\"https:\/\/footdavant.fr\/actualites\/anthony-martial-en-route-pour-la-grece-pour-finaliser-son-transfert-a-laek\/\"},\"author\":{\"name\":\"Cl\u00e9ment\",\"@id\":\"https:\/\/footdavant.fr\/actualites\/#\/schema\/person\/bc222566d95871b37e597b3ed3ba5e1d\"},\"headline\":\"Anthony Martial en route pour la Gr\u00e8ce pour finaliser son transfert \u00e0 l&#39;AEK\",\"datePublished\":\"2024-09-18T14:48:27+00:00\",\"dateModified\":\"2024-09-18T14:48:30+00:00\",\"mainEntityOfPage\":{\"@id\":\"https:\/\/footdavant.fr\/actualites\/anthony-martial-en-route-pour-la-grece-pour-finaliser-son-transfert-a-laek\/\"},\"wordCount\":357,\"publisher\":{\"@id\":\"https:\/\/footdavant.fr\/actualites\/#organization\"},\"keywords\":[\"Anthony\",\"finaliser\",\"Gr\u00e8ce\",\"l39AEK\",\"Martial\",\"pour\",\"route\",\"son\",\"transfert\"],\"articleSection\":[\"Football\"],\"inLanguage\":\"fr-FR\"},{\"@type\":\"WebPage\",\"@id\":\"https:\/\/footdavant.fr\/actualites\/anthony-martial-en-route-pour-la-grece-pour-finaliser-son-transfert-a-laek\/\",\"url\":\"https:\/\/footdavant.fr\/actualites\/anthony-martial-en-route-pour-la-grece-pour-finaliser-son-transfert-a-laek\/\",\"name\":\"Anthony Martial en route pour la Gr\u00e8ce pour finaliser son transfert \u00e0 l&#39;AEK\",\"isPartOf\":{\"@id\":\"https:\/\/footdavant.fr\/actualites\/#website\"},\"datePublished\":\"2024-09-18T14:48:27+00:00\",\"dateModified\":\"2024-09-18T14:48:30+00:00\",\"breadcrumb\":{\"@id\":\"https:\/\/footdavant.fr\/actualites\/anthony-martial-en-route-pour-la-grece-pour-finaliser-son-transfert-a-laek\/#breadcrumb\"},\"inLanguage\":\"fr-FR\",\"potentialAction\":[{\"@type\":\"ReadAction\",\"target\":[\"https:\/\/footdavant.fr\/actualites\/anthony-martial-en-route-pour-la-grece-pour-finaliser-son-transfert-a-laek\/\"]}]},{\"@type\":\"BreadcrumbList\",\"@id\":\"https:\/\/footdavant.fr\/actualites\/anthony-martial-en-route-pour-la-grece-pour-finaliser-son-transfert-a-laek\/#breadcrumb\",\"itemListElement\":[{\"@type\":\"ListItem\",\"position\":1,\"name\":\"Accueil\",\"item\":\"https:\/\/footdavant.fr\/actualites\/\"},{\"@type\":\"ListItem\",\"position\":2,\"name\":\"Anthony Martial en route pour la Gr\u00e8ce pour finaliser son transfert \u00e0 l&#39;AEK\"}]},{\"@type\":\"WebSite\",\"@id\":\"https:\/\/footdavant.fr\/actualites\/#website\",\"url\":\"https:\/\/footdavant.fr\/actualites\/\",\"name\":\"Foot d'avant\",\"description\":\"\",\"publisher\":{\"@id\":\"https:\/\/footdavant.fr\/actualites\/#organization\"},\"potentialAction\":[{\"@type\":\"SearchAction\",\"target\":{\"@type\":\"EntryPoint\",\"urlTemplate\":\"https:\/\/footdavant.fr\/actualites\/?s={search_term_string}\"},\"query-input\":\"required name=search_term_string\"}],\"inLanguage\":\"fr-FR\"},{\"@type\":\"Organization\",\"@id\":\"https:\/\/footdavant.fr\/actualites\/#organization\",\"name\":\"Foot d'avant\",\"url\":\"https:\/\/footdavant.fr\/actualites\/\",\"logo\":{\"@type\":\"ImageObject\",\"inLanguage\":\"fr-FR\",\"@id\":\"https:\/\/footdavant.fr\/actualites\/#\/schema\/logo\/image\/\",\"url\":\"https:\/\/footdavant.fr\/actualites\/wp-content\/uploads\/2023\/09\/Copy-of-FootDavant-Logo.png\",\"contentUrl\":\"https:\/\/footdavant.fr\/actualites\/wp-content\/uploads\/2023\/09\/Copy-of-FootDavant-Logo.png\",\"width\":936,\"height\":549,\"caption\":\"Foot d'avant\"},\"image\":{\"@id\":\"https:\/\/footdavant.fr\/actualites\/#\/schema\/logo\/image\/\"},\"sameAs\":[\"https:\/\/www.facebook.com\/Footdavant\/\",\"https:\/\/twitter.com\/FootdavantFr\",\"https:\/\/www.instagram.com\/footdavant.fr\/\"]},{\"@type\":\"Person\",\"@id\":\"https:\/\/footdavant.fr\/actualites\/#\/schema\/person\/bc222566d95871b37e597b3ed3ba5e1d\",\"name\":\"Cl\u00e9ment\",\"image\":{\"@type\":\"ImageObject\",\"inLanguage\":\"fr-FR\",\"@id\":\"https:\/\/footdavant.fr\/actualites\/#\/schema\/person\/image\/\",\"url\":\"https:\/\/secure.gravatar.com\/avatar\/7728b29aac2719421e1a9159b2254c44?s=96&d=mm&r=g\",\"contentUrl\":\"https:\/\/secure.gravatar.com\/avatar\/7728b29aac2719421e1a9159b2254c44?s=96&d=mm&r=g\",\"caption\":\"Cl\u00e9ment\"},\"sameAs\":[\"https:\/\/footdavant.fr\/\"]}]}<\/script>\n<!-- \/ Yoast SEO plugin. -->","yoast_head_json":{"title":"Anthony Martial en route pour la Gr\u00e8ce pour finaliser son transfert \u00e0 l&#39;AEK","robots":{"index":"index","follow":"follow","max-snippet":"max-snippet:-1","max-image-preview":"max-image-preview:large","max-video-preview":"max-video-preview:-1"},"canonical":"https:\/\/footdavant.fr\/actualites\/anthony-martial-en-route-pour-la-grece-pour-finaliser-son-transfert-a-laek\/","og_locale":"fr_FR","og_type":"article","og_title":"Anthony Martial en route pour la Gr\u00e8ce pour finaliser son transfert \u00e0 l&#39;AEK","og_description":"Anthony Martial finalisera son transfert \u00e0 l&#39;AEK Ath\u00e8nes plus tard dans la journ\u00e9e, mettant fin \u00e0 une p\u00e9riode d&#39;absence de trois mois. L&#39;ancien attaquant fran\u00e7ais","og_url":"https:\/\/footdavant.fr\/actualites\/anthony-martial-en-route-pour-la-grece-pour-finaliser-son-transfert-a-laek\/","og_site_name":"Foot d&#039;avant","article_publisher":"https:\/\/www.facebook.com\/Footdavant\/","article_published_time":"2024-09-18T14:48:27+00:00","article_modified_time":"2024-09-18T14:48:30+00:00","og_image":[{"width":1200,"height":857,"url":"https:\/\/footdavant.fr\/actualites\/wp-content\/uploads\/2024\/09\/Anthony-Martial-en-route-pour-la-Grece-pour-finaliser-son.jpg","type":"image\/jpeg"}],"author":"Cl\u00e9ment","twitter_card":"summary_large_image","twitter_creator":"@FootdavantFr","twitter_site":"@FootdavantFr","twitter_misc":{"\u00c9crit par":"Cl\u00e9ment","Dur\u00e9e de lecture estim\u00e9e":"2 minutes"},"schema":{"@context":"https:\/\/schema.org","@graph":[{"@type":"Article","@id":"https:\/\/footdavant.fr\/actualites\/anthony-martial-en-route-pour-la-grece-pour-finaliser-son-transfert-a-laek\/#article","isPartOf":{"@id":"https:\/\/footdavant.fr\/actualites\/anthony-martial-en-route-pour-la-grece-pour-finaliser-son-transfert-a-laek\/"},"author":{"name":"Cl\u00e9ment","@id":"https:\/\/footdavant.fr\/actualites\/#\/schema\/person\/bc222566d95871b37e597b3ed3ba5e1d"},"headline":"Anthony Martial en route pour la Gr\u00e8ce pour finaliser son transfert \u00e0 l&#39;AEK","datePublished":"2024-09-18T14:48:27+00:00","dateModified":"2024-09-18T14:48:30+00:00","mainEntityOfPage":{"@id":"https:\/\/footdavant.fr\/actualites\/anthony-martial-en-route-pour-la-grece-pour-finaliser-son-transfert-a-laek\/"},"wordCount":357,"publisher":{"@id":"https:\/\/footdavant.fr\/actualites\/#organization"},"keywords":["Anthony","finaliser","Gr\u00e8ce","l39AEK","Martial","pour","route","son","transfert"],"articleSection":["Football"],"inLanguage":"fr-FR"},{"@type":"WebPage","@id":"https:\/\/footdavant.fr\/actualites\/anthony-martial-en-route-pour-la-grece-pour-finaliser-son-transfert-a-laek\/","url":"https:\/\/footdavant.fr\/actualites\/anthony-martial-en-route-pour-la-grece-pour-finaliser-son-transfert-a-laek\/","name":"Anthony Martial en route pour la Gr\u00e8ce pour finaliser son transfert \u00e0 l&#39;AEK","isPartOf":{"@id":"https:\/\/footdavant.fr\/actualites\/#website"},"datePublished":"2024-09-18T14:48:27+00:00","dateModified":"2024-09-18T14:48:30+00:00","breadcrumb":{"@id":"https:\/\/footdavant.fr\/actualites\/anthony-martial-en-route-pour-la-grece-pour-finaliser-son-transfert-a-laek\/#breadcrumb"},"inLanguage":"fr-FR","potentialAction":[{"@type":"ReadAction","target":["https:\/\/footdavant.fr\/actualites\/anthony-martial-en-route-pour-la-grece-pour-finaliser-son-transfert-a-laek\/"]}]},{"@type":"BreadcrumbList","@id":"https:\/\/footdavant.fr\/actualites\/anthony-martial-en-route-pour-la-grece-pour-finaliser-son-transfert-a-laek\/#breadcrumb","itemListElement":[{"@type":"ListItem","position":1,"name":"Accueil","item":"https:\/\/footdavant.fr\/actualites\/"},{"@type":"ListItem","position":2,"name":"Anthony Martial en route pour la Gr\u00e8ce pour finaliser son transfert \u00e0 l&#39;AEK"}]},{"@type":"WebSite","@id":"https:\/\/footdavant.fr\/actualites\/#website","url":"https:\/\/footdavant.fr\/actualites\/","name":"Foot d'avant","description":"","publisher":{"@id":"https:\/\/footdavant.fr\/actualites\/#organization"},"potentialAction":[{"@type":"SearchAction","target":{"@type":"EntryPoint","urlTemplate":"https:\/\/footdavant.fr\/actualites\/?s={search_term_string}"},"query-input":"required name=search_term_string"}],"inLanguage":"fr-FR"},{"@type":"Organization","@id":"https:\/\/footdavant.fr\/actualites\/#organization","name":"Foot d'avant","url":"https:\/\/footdavant.fr\/actualites\/","logo":{"@type":"ImageObject","inLanguage":"fr-FR","@id":"https:\/\/footdavant.fr\/actualites\/#\/schema\/logo\/image\/","url":"https:\/\/footdavant.fr\/actualites\/wp-content\/uploads\/2023\/09\/Copy-of-FootDavant-Logo.png","contentUrl":"https:\/\/footdavant.fr\/actualites\/wp-content\/uploads\/2023\/09\/Copy-of-FootDavant-Logo.png","width":936,"height":549,"caption":"Foot d'avant"},"image":{"@id":"https:\/\/footdavant.fr\/actualites\/#\/schema\/logo\/image\/"},"sameAs":["https:\/\/www.facebook.com\/Footdavant\/","https:\/\/twitter.com\/FootdavantFr","https:\/\/www.instagram.com\/footdavant.fr\/"]},{"@type":"Person","@id":"https:\/\/footdavant.fr\/actualites\/#\/schema\/person\/bc222566d95871b37e597b3ed3ba5e1d","name":"Cl\u00e9ment","image":{"@type":"ImageObject","inLanguage":"fr-FR","@id":"https:\/\/footdavant.fr\/actualites\/#\/schema\/person\/image\/","url":"https:\/\/secure.gravatar.com\/avatar\/7728b29aac2719421e1a9159b2254c44?s=96&d=mm&r=g","contentUrl":"https:\/\/secure.gravatar.com\/avatar\/7728b29aac2719421e1a9159b2254c44?s=96&d=mm&r=g","caption":"Cl\u00e9ment"},"sameAs":["https:\/\/footdavant.fr\/"]}]}},"_links":{"self":[{"href":"https:\/\/footdavant.fr\/actualites\/wp-json\/wp\/v2\/posts\/13596"}],"collection":[{"href":"https:\/\/footdavant.fr\/actualites\/wp-json\/wp\/v2\/posts"}],"about":[{"href":"https:\/\/footdavant.fr\/actualites\/wp-json\/wp\/v2\/types\/post"}],"author":[{"embeddable":true,"href":"https:\/\/footdavant.fr\/actualites\/wp-json\/wp\/v2\/users\/1"}],"replies":[{"embeddable":true,"href":"https:\/\/footdavant.fr\/actualites\/wp-json\/wp\/v2\/comments?post=13596"}],"version-history":[{"count":1,"href":"https:\/\/footdavant.fr\/actualites\/wp-json\/wp\/v2\/posts\/13596\/revisions"}],"predecessor-version":[{"id":13598,"href":"https:\/\/footdavant.fr\/actualites\/wp-json\/wp\/v2\/posts\/13596\/revisions\/13598"}],"wp:featuredmedia":[{"embeddable":true,"href":"https:\/\/footdavant.fr\/actualites\/wp-json\/wp\/v2\/media\/13597"}],"wp:attachment":[{"href":"https:\/\/footdavant.fr\/actualites\/wp-json\/wp\/v2\/media?parent=13596"}],"wp:term":[{"taxonomy":"category","embeddable":true,"href":"https:\/\/footdavant.fr\/actualites\/wp-json\/wp\/v2\/categories?post=13596"},{"taxonomy":"post_tag","embeddable":true,"href":"https:\/\/footdavant.fr\/actualites\/wp-json\/wp\/v2\/tags?post=13596"}],"curies":[{"name":"wp","href":"https:\/\/api.w.org\/{rel}","templated":true}]}}