{"id":13599,"date":"2024-09-18T17:49:00","date_gmt":"2024-09-18T15:49:00","guid":{"rendered":"https:\/\/footdavant.fr\/actualites\/apercu-real-madrid-vs-stuttgart-pronostics-actualites-de-lequipe-compositions\/"},"modified":"2024-09-18T17:49:04","modified_gmt":"2024-09-18T15:49:04","slug":"apercu-real-madrid-vs-stuttgart-pronostics-actualites-de-lequipe-compositions","status":"publish","type":"post","link":"https:\/\/footdavant.fr\/actualites\/apercu-real-madrid-vs-stuttgart-pronostics-actualites-de-lequipe-compositions\/","title":{"rendered":"Aper\u00e7u : Real Madrid vs. Stuttgart &#8211; pronostics, actualit\u00e9s de l&#39;\u00e9quipe, compositions"},"content":{"rendered":"<p>Sports Mole pr\u00e9sente un aper\u00e7u du choc de la Ligue des champions de mardi entre le Real Madrid et Stuttgart, y compris les pronostics, les nouvelles de l&#39;\u00e9quipe et les compositions possibles.<\/p>\n<div id=\"article_body\" itemprop=\"articleBody\">\n<p class=\"firstPara\"><strong class=\"autotag\">Real Madrid<\/strong> et <strong class=\"autotag\">Stuttgart<\/strong> se rencontreront lors de la premi\u00e8re journ\u00e9e de la toute nouvelle phase de championnat de la <strong class=\"autotag\">Ligue des Champions<\/strong> mardi soir.<\/p>\n<p>Lors de la premi\u00e8re rencontre entre les deux \u00e9quipes, le tenant du titre, le Real Madrid, cherchera \u00e0 r\u00e9aliser un d\u00e9but de saison parfait pour entamer sa qu\u00eate du 16e titre.<\/p>\n<h2>Aper\u00e7u du match<\/h2>\n<p class=\"imgI\">\n<p>Pour le vainqueur sans pr\u00e9c\u00e9dent de la Ligue des champions \u00e0 15 reprises, le Real Madrid d\u00e9butera la nouvelle campagne au Santiago Bernab\u00e9u, trois mois apr\u00e8s avoir battu un autre club allemand en finale.<\/p>\n<p>La derni\u00e8re scie de juin <strong class=\"autotag\">Carlo Ancelotti<\/strong>Les hommes de s&#39;imposent face au Borussia Dortmund 2-0 \u00e0 Wembley, offrant aux Blancos leur sixi\u00e8me couronne en 10 ans.<\/p>\n<p>C&#39;est contre Stuttgart qu&#39;ils d\u00e9buteront cette fois-ci, devenant ainsi la 16e \u00e9quipe allemande diff\u00e9rente que le Real affronte dans la comp\u00e9tition.<\/p>\n<p>Le Real a affront\u00e9 quatre clubs allemands sur sa route vers Londres la saison derni\u00e8re, jouant contre l&#39;Union Berlin en groupes, le RB Leipzig en huiti\u00e8mes de finale et le mastodonte du Bayern Munich en demi-finale.<\/p>\n<p>Les h\u00f4tes seront ravis d&#39;en affronter un autre ici, car le bilan du Real contre les adversaires allemands est excellent en Ligue des champions, n&#39;ayant perdu qu&#39;un seul de ses 21 derniers matches &#8211; et en ayant remport\u00e9 14.<\/p>\n<p>Alors que c&#39;est une victoire 2-0 qui avait scell\u00e9 la coupe la saison derni\u00e8re, l&#39;\u00e9quipe d&#39;Ancelotti aborde ce match apr\u00e8s une victoire sur le m\u00eame score le week-end dernier, lors d&#39;une performance impressionnante \u00e0 l&#39;ext\u00e9rieur contre la Real Sociedad, prolongeant son d\u00e9but de saison sans d\u00e9faite \u00e0 six matchs toutes comp\u00e9titions confondues, m\u00eame si elle reste \u00e0 quatre points de Barcelone en Liga.<\/p>\n<p>D&#39;apr\u00e8s le coefficient UEFA, le Real a obtenu l&#39;un des tirages les plus faciles de la phase de championnat, mais Stuttgart est, sur le papier, l&#39;une des \u00e9quipes du pot 4 les plus difficiles de la comp\u00e9tition.<\/p>\n<p>Les tenants du titre recevront \u00e9galement Dortmund au Bernab\u00e9u pour une r\u00e9p\u00e9tition de la finale de la saison derni\u00e8re, tandis qu&#39;ils doivent \u00e9galement se d\u00e9placer pour affronter Liverpool et l&#39;Atalanta, vainqueur de la Ligue Europa.<\/p>\n<p>Au contraire, Stuttgart a eu droit \u00e0 l&#39;un des tirages les plus difficiles, en grande partie parce qu&#39;il doit affronter le Real Madrid \u00e0 l&#39;ext\u00e9rieur pour commencer sa campagne.<\/p>\n<p class=\"imgI\">\n<p>Les Souabes se rendront \u00e9galement \u00e0 la Juventus, et recevront le Paris Saint-Germain et l&#39;Atalanta pour ce qui sera leur premi\u00e8re campagne de Ligue des champions depuis 15 ans.<\/p>\n<p>Stuttgart n&#39;a remport\u00e9 aucune de ses six rencontres face \u00e0 des adversaires espagnols en UCL, avec deux nuls et quatre d\u00e9faites, y compris lors de son dernier match dans la comp\u00e9tition en mars 2010, lorsque Barcelone les avait battus 4-0 pour les \u00e9liminer en huiti\u00e8mes de finale.<\/p>\n<p>Les finalistes de la Bundesliga de la saison derni\u00e8re ont certes disput\u00e9 la Ligue Europa plus tard dans la saison, mais il s&#39;agit toujours de leur premier match europ\u00e9en depuis leur d\u00e9faite en qualification contre Rijeka en 2013.<\/p>\n<p>Les visiteurs aborderont le match avec une certaine confiance, cependant, apr\u00e8s <strong class=\"autotag\">S\u00e9bastien Hoeness<\/strong>Les hommes de l&#39;\u00e9quipe de Allemagne ont battu le Borussia M\u00f6nchengladbach 3-1 ce week-end, compensant ainsi un d\u00e9but de saison d\u00e9cevant.<\/p>\n<p>Il s&#39;agit de leur premi\u00e8re victoire en championnat de la saison, apr\u00e8s avoir perdu lors de la premi\u00e8re journ\u00e9e contre Fribourg et fait match nul \u00e0 domicile contre Mayence, alors qu&#39;ils se situent au milieu du tableau avec quatre points.<\/p>\n<p>Forme du Real Madrid (toutes comp\u00e9titions confondues) :<\/p>\n<p>Forme de Stuttgart (toutes comp\u00e9titions confondues) :<\/p>\n<h2>Nouvelles de l&#39;\u00e9quipe<\/h2>\n<p class=\"imgI\">\n<p><strong class=\"autotag\">Kylian Mbapp\u00e9<\/strong> devrait faire ses d\u00e9buts en Ligue des champions avec le Real Madrid ici, apr\u00e8s avoir marqu\u00e9 48 buts en 73 apparitions dans la comp\u00e9tition pour le PSG et Monaco.<\/p>\n<p>Cependant, autour du Fran\u00e7ais, le Real reste assez l\u00e9ger en nombre avant ce choc, car un certain nombre de joueurs cl\u00e9s de l&#39;\u00e9quipe premi\u00e8re sont absents pour cause de blessure, ce qui signifie qu&#39;ils ont eu du mal \u00e0 nommer un banc complet ces derni\u00e8res semaines.<\/p>\n<p><strong class=\"autotag\">Jude Bellingham<\/strong> est le plus remarquable apr\u00e8s avoir manqu\u00e9 le dernier mois d&#39;action, mais il est de retour \u00e0 l&#39;entra\u00eenement avec <strong class=\"autotag\">Aur\u00e9lien Tchouameni<\/strong>apr\u00e8s avoir tous deux manqu\u00e9 la r\u00e9cente pause internationale.<\/p>\n<p><strong class=\"autotag\">Brahim Diaz<\/strong> a \u00e9t\u00e9 contraint de quitter le terrain plus t\u00f4t ce week-end et devrait \u00eatre absent pendant environ huit semaines en raison d&#39;une blessure musculaire, tandis que <strong class=\"autotag\">Eduardo Camavinga<\/strong> et <strong class=\"autotag\">Dani Ceballos<\/strong> devraient \u00eatre de retour \u00e0 la fin du mois.<\/p>\n<p><strong class=\"autotag\">Amine Al Dakhil<\/strong> n&#39;a pas encore fait ses d\u00e9buts \u00e0 Stuttgart alors qu&#39;il se remet d&#39;une blessure subie \u00e0 Burnley, mais son coll\u00e8gue d\u00e9fenseur <strong class=\"autotag\">L\u00e9onidas Stergiou<\/strong> se rapproche d&#39;un retour d&#39;un ancien num\u00e9ro.<\/p>\n<p><strong class=\"autotag\">Nicolas Nartey<\/strong> et <strong class=\"autotag\">Frans Kratzig<\/strong> ne reviendront probablement pas avant octobre, tandis que les jeunes <strong class=\"autotag\">Justin Diehl<\/strong> sera absent encore plus longtemps apr\u00e8s s&#39;\u00eatre bless\u00e9 \u00e0 l&#39;\u00e9paule en jouant pour l&#39;\u00e9quipe B.<\/p>\n<p>Les meilleures chances de succ\u00e8s de Stuttgart reposent sur ses attaquants, et <strong class=\"autotag\">Ermedin Demirovi\u0107<\/strong> est en pleine forme avec d\u00e9j\u00e0 cinq buts cette saison en club et en s\u00e9lection, apr\u00e8s en avoir marqu\u00e9 deux ce week-end.<\/p>\n<p><strong class=\"autotag\">Deniz Undav<\/strong> Il a \u00e9galement trouv\u00e9 le chemin des filets \u00e0 Gladbach, marquant son premier but en championnat de la saison apr\u00e8s avoir brill\u00e9 pour l&#39;Allemagne contre les Pays-Bas pendant la pause internationale.<\/p>\n<p><strong>Composition possible du onze de d\u00e9part du Real Madrid :<\/strong><br \/>Courtois, Carvajal, Eder Militao, Rudiger, Mendy, Valverde, Modric, Rodrygo, Bellingham, Vinicius Junior, Mbapp\u00e9<\/p>\n<p><strong>Composition possible du onze de d\u00e9part de Stuttgart :<\/strong><br \/>Nubel\u00a0; Vagnoman, Chase, Chabot, Mittelstadt\u00a0; Leweling, Karazor, Stiller, Rieder\u00a0; Demirovic, Undav<\/p>\n<p class=\"sm_center\">\n<h2 class=\"sm_center\">Nous disons : Real Madrid 3-1 Stuttgart<\/h2>\n<p>En tant que champion en titre, le Real Madrid abordera ce match d&#39;ouverture avec le statut de grand favori, et il devrait prolonger son d\u00e9but de saison sans d\u00e9faite avec une victoire malgr\u00e9 quelques absences possibles au milieu de terrain.<\/p>\n<p>Il y a six ans, le CSKA Moscou \u00e9tait le seul club \u00e0 avoir emp\u00each\u00e9 le Real de marquer lors de ses 74 derniers matches \u00e0 domicile en Ligue des champions. Stuttgart doit donc \u00eatre en forme en attaque pour avoir une chance ici, et cela semble peu probable compte tenu de la puissance de l&#39;\u00e9quipe locale.<\/p>\n<p>Pour une analyse des donn\u00e9es sur les r\u00e9sultats les plus probables, les scores et plus encore pour ce match, veuillez cliquer ici.<\/p>\n<h2>Aper\u00e7us par email<\/h2>\n<div>Cliquez ici pour obtenir <strong>Taupe sportive<\/strong>Recevez chaque jour par e-mail des aper\u00e7us et des pr\u00e9dictions pour chaque match majeur\u00a0!<\/div>\n<p><\/div>\n","protected":false},"excerpt":{"rendered":"<p>Sports Mole pr\u00e9sente un aper\u00e7u du choc de la Ligue des champions de mardi entre le Real Madrid et Stuttgart, y compris les pronostics, les<\/p>\n","protected":false},"author":1,"featured_media":13600,"comment_status":"closed","ping_status":"","sticky":false,"template":"","format":"standard","meta":{"footnotes":""},"categories":[4],"tags":[7,284,383,4219,303,382,302,1760],"yoast_head":"<!-- This site is optimized with the Yoast SEO plugin v21.0 - https:\/\/yoast.com\/wordpress\/plugins\/seo\/ -->\n<title>Aper\u00e7u : Real Madrid vs. Stuttgart - pronostics, actualit\u00e9s de l&#039;\u00e9quipe, compositions<\/title>\n<meta name=\"robots\" content=\"index, follow, max-snippet:-1, max-image-preview:large, max-video-preview:-1\" \/>\n<link rel=\"canonical\" href=\"https:\/\/footdavant.fr\/actualites\/apercu-real-madrid-vs-stuttgart-pronostics-actualites-de-lequipe-compositions\/\" \/>\n<meta property=\"og:locale\" content=\"fr_FR\" \/>\n<meta property=\"og:type\" content=\"article\" \/>\n<meta property=\"og:title\" content=\"Aper\u00e7u : Real Madrid vs. Stuttgart - pronostics, actualit\u00e9s de l&#039;\u00e9quipe, compositions\" \/>\n<meta property=\"og:description\" content=\"Sports Mole pr\u00e9sente un aper\u00e7u du choc de la Ligue des champions de mardi entre le Real Madrid et Stuttgart, y compris les pronostics, les\" \/>\n<meta property=\"og:url\" content=\"https:\/\/footdavant.fr\/actualites\/apercu-real-madrid-vs-stuttgart-pronostics-actualites-de-lequipe-compositions\/\" \/>\n<meta property=\"og:site_name\" content=\"Foot d&#039;avant\" \/>\n<meta property=\"article:publisher\" content=\"https:\/\/www.facebook.com\/Footdavant\/\" \/>\n<meta property=\"article:published_time\" content=\"2024-09-18T15:49:00+00:00\" \/>\n<meta property=\"article:modified_time\" content=\"2024-09-18T15:49:04+00:00\" \/>\n<meta property=\"og:image\" content=\"https:\/\/footdavant.fr\/actualites\/wp-content\/uploads\/2024\/09\/Apercu-Real-Madrid-vs-Stuttgart-pronostics-actualites-de.jpg\" \/>\n\t<meta property=\"og:image:width\" content=\"1280\" \/>\n\t<meta property=\"og:image:height\" content=\"960\" \/>\n\t<meta property=\"og:image:type\" content=\"image\/jpeg\" \/>\n<meta name=\"author\" content=\"Cl\u00e9ment\" \/>\n<meta name=\"twitter:card\" content=\"summary_large_image\" \/>\n<meta name=\"twitter:creator\" content=\"@FootdavantFr\" \/>\n<meta name=\"twitter:site\" content=\"@FootdavantFr\" \/>\n<meta name=\"twitter:label1\" content=\"\u00c9crit par\" \/>\n\t<meta name=\"twitter:data1\" content=\"Cl\u00e9ment\" \/>\n\t<meta name=\"twitter:label2\" content=\"Dur\u00e9e de lecture estim\u00e9e\" \/>\n\t<meta name=\"twitter:data2\" content=\"6 minutes\" \/>\n<script type=\"application\/ld+json\" class=\"yoast-schema-graph\">{\"@context\":\"https:\/\/schema.org\",\"@graph\":[{\"@type\":\"Article\",\"@id\":\"https:\/\/footdavant.fr\/actualites\/apercu-real-madrid-vs-stuttgart-pronostics-actualites-de-lequipe-compositions\/#article\",\"isPartOf\":{\"@id\":\"https:\/\/footdavant.fr\/actualites\/apercu-real-madrid-vs-stuttgart-pronostics-actualites-de-lequipe-compositions\/\"},\"author\":{\"name\":\"Cl\u00e9ment\",\"@id\":\"https:\/\/footdavant.fr\/actualites\/#\/schema\/person\/bc222566d95871b37e597b3ed3ba5e1d\"},\"headline\":\"Aper\u00e7u : Real Madrid vs. Stuttgart &#8211; pronostics, actualit\u00e9s de l&#39;\u00e9quipe, compositions\",\"datePublished\":\"2024-09-18T15:49:00+00:00\",\"dateModified\":\"2024-09-18T15:49:04+00:00\",\"mainEntityOfPage\":{\"@id\":\"https:\/\/footdavant.fr\/actualites\/apercu-real-madrid-vs-stuttgart-pronostics-actualites-de-lequipe-compositions\/\"},\"wordCount\":1204,\"publisher\":{\"@id\":\"https:\/\/footdavant.fr\/actualites\/#organization\"},\"keywords\":[\"Actualit\u00e9s\",\"Aper\u00e7u\",\"compositions\",\"l39\u00e9quipe\",\"Madrid\",\"pronostics\",\"Real\",\"Stuttgart\"],\"articleSection\":[\"Champions League\"],\"inLanguage\":\"fr-FR\"},{\"@type\":\"WebPage\",\"@id\":\"https:\/\/footdavant.fr\/actualites\/apercu-real-madrid-vs-stuttgart-pronostics-actualites-de-lequipe-compositions\/\",\"url\":\"https:\/\/footdavant.fr\/actualites\/apercu-real-madrid-vs-stuttgart-pronostics-actualites-de-lequipe-compositions\/\",\"name\":\"Aper\u00e7u : Real Madrid vs. Stuttgart - pronostics, actualit\u00e9s de l&#39;\u00e9quipe, compositions\",\"isPartOf\":{\"@id\":\"https:\/\/footdavant.fr\/actualites\/#website\"},\"datePublished\":\"2024-09-18T15:49:00+00:00\",\"dateModified\":\"2024-09-18T15:49:04+00:00\",\"breadcrumb\":{\"@id\":\"https:\/\/footdavant.fr\/actualites\/apercu-real-madrid-vs-stuttgart-pronostics-actualites-de-lequipe-compositions\/#breadcrumb\"},\"inLanguage\":\"fr-FR\",\"potentialAction\":[{\"@type\":\"ReadAction\",\"target\":[\"https:\/\/footdavant.fr\/actualites\/apercu-real-madrid-vs-stuttgart-pronostics-actualites-de-lequipe-compositions\/\"]}]},{\"@type\":\"BreadcrumbList\",\"@id\":\"https:\/\/footdavant.fr\/actualites\/apercu-real-madrid-vs-stuttgart-pronostics-actualites-de-lequipe-compositions\/#breadcrumb\",\"itemListElement\":[{\"@type\":\"ListItem\",\"position\":1,\"name\":\"Accueil\",\"item\":\"https:\/\/footdavant.fr\/actualites\/\"},{\"@type\":\"ListItem\",\"position\":2,\"name\":\"Aper\u00e7u : Real Madrid vs. Stuttgart &#8211; pronostics, actualit\u00e9s de l&#39;\u00e9quipe, compositions\"}]},{\"@type\":\"WebSite\",\"@id\":\"https:\/\/footdavant.fr\/actualites\/#website\",\"url\":\"https:\/\/footdavant.fr\/actualites\/\",\"name\":\"Foot d'avant\",\"description\":\"\",\"publisher\":{\"@id\":\"https:\/\/footdavant.fr\/actualites\/#organization\"},\"potentialAction\":[{\"@type\":\"SearchAction\",\"target\":{\"@type\":\"EntryPoint\",\"urlTemplate\":\"https:\/\/footdavant.fr\/actualites\/?s={search_term_string}\"},\"query-input\":\"required name=search_term_string\"}],\"inLanguage\":\"fr-FR\"},{\"@type\":\"Organization\",\"@id\":\"https:\/\/footdavant.fr\/actualites\/#organization\",\"name\":\"Foot d'avant\",\"url\":\"https:\/\/footdavant.fr\/actualites\/\",\"logo\":{\"@type\":\"ImageObject\",\"inLanguage\":\"fr-FR\",\"@id\":\"https:\/\/footdavant.fr\/actualites\/#\/schema\/logo\/image\/\",\"url\":\"https:\/\/footdavant.fr\/actualites\/wp-content\/uploads\/2023\/09\/Copy-of-FootDavant-Logo.png\",\"contentUrl\":\"https:\/\/footdavant.fr\/actualites\/wp-content\/uploads\/2023\/09\/Copy-of-FootDavant-Logo.png\",\"width\":936,\"height\":549,\"caption\":\"Foot d'avant\"},\"image\":{\"@id\":\"https:\/\/footdavant.fr\/actualites\/#\/schema\/logo\/image\/\"},\"sameAs\":[\"https:\/\/www.facebook.com\/Footdavant\/\",\"https:\/\/twitter.com\/FootdavantFr\",\"https:\/\/www.instagram.com\/footdavant.fr\/\"]},{\"@type\":\"Person\",\"@id\":\"https:\/\/footdavant.fr\/actualites\/#\/schema\/person\/bc222566d95871b37e597b3ed3ba5e1d\",\"name\":\"Cl\u00e9ment\",\"image\":{\"@type\":\"ImageObject\",\"inLanguage\":\"fr-FR\",\"@id\":\"https:\/\/footdavant.fr\/actualites\/#\/schema\/person\/image\/\",\"url\":\"https:\/\/secure.gravatar.com\/avatar\/7728b29aac2719421e1a9159b2254c44?s=96&d=mm&r=g\",\"contentUrl\":\"https:\/\/secure.gravatar.com\/avatar\/7728b29aac2719421e1a9159b2254c44?s=96&d=mm&r=g\",\"caption\":\"Cl\u00e9ment\"},\"sameAs\":[\"https:\/\/footdavant.fr\/\"]}]}<\/script>\n<!-- \/ Yoast SEO plugin. -->","yoast_head_json":{"title":"Aper\u00e7u : Real Madrid vs. Stuttgart - pronostics, actualit\u00e9s de l&#39;\u00e9quipe, compositions","robots":{"index":"index","follow":"follow","max-snippet":"max-snippet:-1","max-image-preview":"max-image-preview:large","max-video-preview":"max-video-preview:-1"},"canonical":"https:\/\/footdavant.fr\/actualites\/apercu-real-madrid-vs-stuttgart-pronostics-actualites-de-lequipe-compositions\/","og_locale":"fr_FR","og_type":"article","og_title":"Aper\u00e7u : Real Madrid vs. Stuttgart - pronostics, actualit\u00e9s de l&#39;\u00e9quipe, compositions","og_description":"Sports Mole pr\u00e9sente un aper\u00e7u du choc de la Ligue des champions de mardi entre le Real Madrid et Stuttgart, y compris les pronostics, les","og_url":"https:\/\/footdavant.fr\/actualites\/apercu-real-madrid-vs-stuttgart-pronostics-actualites-de-lequipe-compositions\/","og_site_name":"Foot d&#039;avant","article_publisher":"https:\/\/www.facebook.com\/Footdavant\/","article_published_time":"2024-09-18T15:49:00+00:00","article_modified_time":"2024-09-18T15:49:04+00:00","og_image":[{"width":1280,"height":960,"url":"https:\/\/footdavant.fr\/actualites\/wp-content\/uploads\/2024\/09\/Apercu-Real-Madrid-vs-Stuttgart-pronostics-actualites-de.jpg","type":"image\/jpeg"}],"author":"Cl\u00e9ment","twitter_card":"summary_large_image","twitter_creator":"@FootdavantFr","twitter_site":"@FootdavantFr","twitter_misc":{"\u00c9crit par":"Cl\u00e9ment","Dur\u00e9e de lecture estim\u00e9e":"6 minutes"},"schema":{"@context":"https:\/\/schema.org","@graph":[{"@type":"Article","@id":"https:\/\/footdavant.fr\/actualites\/apercu-real-madrid-vs-stuttgart-pronostics-actualites-de-lequipe-compositions\/#article","isPartOf":{"@id":"https:\/\/footdavant.fr\/actualites\/apercu-real-madrid-vs-stuttgart-pronostics-actualites-de-lequipe-compositions\/"},"author":{"name":"Cl\u00e9ment","@id":"https:\/\/footdavant.fr\/actualites\/#\/schema\/person\/bc222566d95871b37e597b3ed3ba5e1d"},"headline":"Aper\u00e7u : Real Madrid vs. Stuttgart &#8211; pronostics, actualit\u00e9s de l&#39;\u00e9quipe, compositions","datePublished":"2024-09-18T15:49:00+00:00","dateModified":"2024-09-18T15:49:04+00:00","mainEntityOfPage":{"@id":"https:\/\/footdavant.fr\/actualites\/apercu-real-madrid-vs-stuttgart-pronostics-actualites-de-lequipe-compositions\/"},"wordCount":1204,"publisher":{"@id":"https:\/\/footdavant.fr\/actualites\/#organization"},"keywords":["Actualit\u00e9s","Aper\u00e7u","compositions","l39\u00e9quipe","Madrid","pronostics","Real","Stuttgart"],"articleSection":["Champions League"],"inLanguage":"fr-FR"},{"@type":"WebPage","@id":"https:\/\/footdavant.fr\/actualites\/apercu-real-madrid-vs-stuttgart-pronostics-actualites-de-lequipe-compositions\/","url":"https:\/\/footdavant.fr\/actualites\/apercu-real-madrid-vs-stuttgart-pronostics-actualites-de-lequipe-compositions\/","name":"Aper\u00e7u : Real Madrid vs. Stuttgart - pronostics, actualit\u00e9s de l&#39;\u00e9quipe, compositions","isPartOf":{"@id":"https:\/\/footdavant.fr\/actualites\/#website"},"datePublished":"2024-09-18T15:49:00+00:00","dateModified":"2024-09-18T15:49:04+00:00","breadcrumb":{"@id":"https:\/\/footdavant.fr\/actualites\/apercu-real-madrid-vs-stuttgart-pronostics-actualites-de-lequipe-compositions\/#breadcrumb"},"inLanguage":"fr-FR","potentialAction":[{"@type":"ReadAction","target":["https:\/\/footdavant.fr\/actualites\/apercu-real-madrid-vs-stuttgart-pronostics-actualites-de-lequipe-compositions\/"]}]},{"@type":"BreadcrumbList","@id":"https:\/\/footdavant.fr\/actualites\/apercu-real-madrid-vs-stuttgart-pronostics-actualites-de-lequipe-compositions\/#breadcrumb","itemListElement":[{"@type":"ListItem","position":1,"name":"Accueil","item":"https:\/\/footdavant.fr\/actualites\/"},{"@type":"ListItem","position":2,"name":"Aper\u00e7u : Real Madrid vs. Stuttgart &#8211; pronostics, actualit\u00e9s de l&#39;\u00e9quipe, compositions"}]},{"@type":"WebSite","@id":"https:\/\/footdavant.fr\/actualites\/#website","url":"https:\/\/footdavant.fr\/actualites\/","name":"Foot d'avant","description":"","publisher":{"@id":"https:\/\/footdavant.fr\/actualites\/#organization"},"potentialAction":[{"@type":"SearchAction","target":{"@type":"EntryPoint","urlTemplate":"https:\/\/footdavant.fr\/actualites\/?s={search_term_string}"},"query-input":"required name=search_term_string"}],"inLanguage":"fr-FR"},{"@type":"Organization","@id":"https:\/\/footdavant.fr\/actualites\/#organization","name":"Foot d'avant","url":"https:\/\/footdavant.fr\/actualites\/","logo":{"@type":"ImageObject","inLanguage":"fr-FR","@id":"https:\/\/footdavant.fr\/actualites\/#\/schema\/logo\/image\/","url":"https:\/\/footdavant.fr\/actualites\/wp-content\/uploads\/2023\/09\/Copy-of-FootDavant-Logo.png","contentUrl":"https:\/\/footdavant.fr\/actualites\/wp-content\/uploads\/2023\/09\/Copy-of-FootDavant-Logo.png","width":936,"height":549,"caption":"Foot d'avant"},"image":{"@id":"https:\/\/footdavant.fr\/actualites\/#\/schema\/logo\/image\/"},"sameAs":["https:\/\/www.facebook.com\/Footdavant\/","https:\/\/twitter.com\/FootdavantFr","https:\/\/www.instagram.com\/footdavant.fr\/"]},{"@type":"Person","@id":"https:\/\/footdavant.fr\/actualites\/#\/schema\/person\/bc222566d95871b37e597b3ed3ba5e1d","name":"Cl\u00e9ment","image":{"@type":"ImageObject","inLanguage":"fr-FR","@id":"https:\/\/footdavant.fr\/actualites\/#\/schema\/person\/image\/","url":"https:\/\/secure.gravatar.com\/avatar\/7728b29aac2719421e1a9159b2254c44?s=96&d=mm&r=g","contentUrl":"https:\/\/secure.gravatar.com\/avatar\/7728b29aac2719421e1a9159b2254c44?s=96&d=mm&r=g","caption":"Cl\u00e9ment"},"sameAs":["https:\/\/footdavant.fr\/"]}]}},"_links":{"self":[{"href":"https:\/\/footdavant.fr\/actualites\/wp-json\/wp\/v2\/posts\/13599"}],"collection":[{"href":"https:\/\/footdavant.fr\/actualites\/wp-json\/wp\/v2\/posts"}],"about":[{"href":"https:\/\/footdavant.fr\/actualites\/wp-json\/wp\/v2\/types\/post"}],"author":[{"embeddable":true,"href":"https:\/\/footdavant.fr\/actualites\/wp-json\/wp\/v2\/users\/1"}],"replies":[{"embeddable":true,"href":"https:\/\/footdavant.fr\/actualites\/wp-json\/wp\/v2\/comments?post=13599"}],"version-history":[{"count":1,"href":"https:\/\/footdavant.fr\/actualites\/wp-json\/wp\/v2\/posts\/13599\/revisions"}],"predecessor-version":[{"id":13601,"href":"https:\/\/footdavant.fr\/actualites\/wp-json\/wp\/v2\/posts\/13599\/revisions\/13601"}],"wp:featuredmedia":[{"embeddable":true,"href":"https:\/\/footdavant.fr\/actualites\/wp-json\/wp\/v2\/media\/13600"}],"wp:attachment":[{"href":"https:\/\/footdavant.fr\/actualites\/wp-json\/wp\/v2\/media?parent=13599"}],"wp:term":[{"taxonomy":"category","embeddable":true,"href":"https:\/\/footdavant.fr\/actualites\/wp-json\/wp\/v2\/categories?post=13599"},{"taxonomy":"post_tag","embeddable":true,"href":"https:\/\/footdavant.fr\/actualites\/wp-json\/wp\/v2\/tags?post=13599"}],"curies":[{"name":"wp","href":"https:\/\/api.w.org\/{rel}","templated":true}]}}