{"id":13602,"date":"2024-09-18T18:51:45","date_gmt":"2024-09-18T16:51:45","guid":{"rendered":"https:\/\/footdavant.fr\/actualites\/bukayo-saka-veut-rejoindre-le-club-exclusif-darsenal-pour-le-derby-du-nord-de-londres\/"},"modified":"2024-09-18T18:51:47","modified_gmt":"2024-09-18T16:51:47","slug":"bukayo-saka-veut-rejoindre-le-club-exclusif-darsenal-pour-le-derby-du-nord-de-londres","status":"publish","type":"post","link":"https:\/\/footdavant.fr\/actualites\/bukayo-saka-veut-rejoindre-le-club-exclusif-darsenal-pour-le-derby-du-nord-de-londres\/","title":{"rendered":"Bukayo Saka veut rejoindre le club exclusif d&#39;Arsenal pour le derby du nord de Londres"},"content":{"rendered":"<p>L&#39;ailier d&#39;Arsenal Bukayo Saka pourrait rejoindre un club exclusif de joueurs des Gunners lors du derby du nord de Londres en Premier League dimanche contre Tottenham Hotspur.<\/p>\n<div id=\"article_body\" itemprop=\"articleBody\">\n<h3 class=\"firstPara\">\n<strong class=\"autotag\">Arsenal<\/strong> attaquant <strong class=\"autotag\">Bukayo Saka<\/strong> pourrait rejoindre un club exclusif de joueurs des Gunners s&#39;il marquait contre <strong class=\"autotag\">Tottenham Hotspur<\/strong> en Premier League dimanche <strong class=\"autotag\">Derby du nord de Londres<\/strong>.<\/h3>\n<p>Le joueur de 23 ans a d\u00e9j\u00e0 fait sentir sa pr\u00e9sence lors des trois premiers matchs d&#39;Arsenal de la nouvelle saison avec quatre contributions directes aux buts, une de ses propres mains et trois passes d\u00e9cisives.<\/p>\n<p>Apr\u00e8s avoir marqu\u00e9 et pr\u00e9par\u00e9 <strong class=\"autotag\">Kai Havertz<\/strong> Lors du succ\u00e8s inaugural des Gunners contre Wolverhampton Wanderers, Saka a pr\u00e9par\u00e9 des buts contre Aston Villa et Brighton &#038; Hove Albion avant la tr\u00eave internationale.<\/p>\n<p>L&#39;international anglais a \u00e9galement brill\u00e9 dans les derbies du nord de Londres la saison derni\u00e8re, inscrivant un penalty lors du match nul 2-2 d&#39;Arsenal contre les \u00c9mirats avant d&#39;inscrire son deuxi\u00e8me but lors de leur passionnant succ\u00e8s 3-2 \u00e0 l&#39;ext\u00e9rieur.<\/p>\n<p>Apr\u00e8s avoir marqu\u00e9 lors des deux affrontements d&#39;Arsenal contre son rival acharn\u00e9 Tottenham en 2023-24, Saka tente d\u00e9sormais de devenir le troisi\u00e8me joueur d&#39;Arsenal \u00e0 marquer lors de trois derbies cons\u00e9cutifs du nord de Londres.<\/p>\n<p class=\"imgI\">\n<p>Le premier joueur des Gunners \u00e0 marquer lors de trois apparitions cons\u00e9cutives ou plus contre Tottenham \u00e9tait l&#39;ailier des Invincibles Robert Pires, qui a marqu\u00e9 lors de quatre derbies cons\u00e9cutifs du nord de Londres de 2002 \u00e0 2004.<\/p>\n<p>Le Fran\u00e7ais a marqu\u00e9 lors de ses deux apparitions contre les Spurs lors de la campagne victorieuse d&#39;Arsenal en 2003-2004, alors que les Gunners ont remport\u00e9 le championnat \u00e0 White Hart Lane lors de la derni\u00e8re journ\u00e9e, et ses huit buts contre les Spurs au total repr\u00e9sentent plus que ce qu&#39;il a r\u00e9ussi contre n&#39;importe quelle autre \u00e9quipe dans sa carri\u00e8re.<\/p>\n<p>Le deuxi\u00e8me et plus r\u00e9cent joueur d&#39;Arsenal \u00e0 avoir r\u00e9ussi cet exploit dans le derby du nord de Londres \u00e9tait Emmanuel Adebayor, qui a enregistr\u00e9 des performances incroyables lors de cinq matchs cons\u00e9cutifs contre les Spurs de 2006 \u00e0 2008.<\/p>\n<p>Cette s\u00e9quence comprend un doubl\u00e9 \u00e0 l&#39;ext\u00e9rieur lors de la campagne 2007-2008, bien qu&#39;il ait \u00e9galement marqu\u00e9 contre les Gunners pour Tottenham et Manchester City, courant de mani\u00e8re m\u00e9morable pour c\u00e9l\u00e9brer devant les fid\u00e8les d&#39;Arsenal alors qu&#39;il jouait pour ce dernier en 2009.<\/p>\n<p>Alors que Saka va sans aucun doute bombarder l&#39;aile droite d&#39;Arsenal, <strong class=\"autotag\">Mikel Arteta<\/strong> a une option alternative \u00e0 <strong class=\"autotag\">Gabriel Martinelli<\/strong> et <strong class=\"autotag\">L\u00e9andro Trossard<\/strong> \u00e0 gauche en forme de <strong class=\"autotag\">Raheem Sterling<\/strong>qui pourrait d\u00e9sormais faire ses d\u00e9buts avec les Gunners.<\/p>\n<h2 class=\"k3\">Arteta r\u00e9v\u00e8le sa d\u00e9cision de \u00ab 10 secondes \u00bb concernant le transfert de Sterling<\/h2>\n<p class=\"imgI\"><img decoding=\"async\" loading=\"lazy\" class=\"l\" src=\"https:\/\/footdavant.fr\/actualites\/wp-content\/uploads\/2024\/09\/1726678305_885_Bukayo-Saka-veut-rejoindre-le-club-exclusif-d39Arsenal-pour-le.jpg\" title=\"Raheem Sterling de Chelsea avant le match du 11 ao\u00fbt 2024\" alt=\"Raheem Sterling de Chelsea avant le match du 11 ao\u00fbt 2024\" width=\"640\" height=\"480\"><\/p>\n<p>Le joueur pr\u00eat\u00e9 \u00e0 Chelsea n&#39;\u00e9tait pas \u00e9ligible pour faire ses d\u00e9buts contre Brighton il y a deux week-ends en raison de son arriv\u00e9e tardive, mais il est d\u00e9sormais en passe de devenir le premier joueur d&#39;Arsenal \u00e0 faire sa premi\u00e8re apparition dans un derby du nord de Londres depuis <strong class=\"autotag\">Isa\u00efe Rankin<\/strong> en 1997.<\/p>\n<p>Sterling \u00e9tait un ancien \u00e9l\u00e8ve d&#39;Arteta \u00e0 Manchester City, et le patron des Gunners a r\u00e9v\u00e9l\u00e9 qu&#39;il \u00e9tait convaincu de l&#39;amener aux Emirats apr\u00e8s seulement 10 secondes au t\u00e9l\u00e9phone avec lui.<\/p>\n<p>\u00ab\u00a0Le premier appel que j&#39;ai eu avec lui, j&#39;ai su tout de suite apr\u00e8s 10 secondes, que nous devions l&#39;amener parce qu&#39;il le voulait vraiment, vous savez\u00a0\u00bb, a d\u00e9clar\u00e9 Arteta aux journalistes lors de la conf\u00e9rence de presse de vendredi.<\/p>\n<p>\u00ab\u00a0Et c&#39;\u00e9tait mon seul point d&#39;interrogation, \u00e0 quel stade de sa carri\u00e8re se trouve-t-il, mais je le savais d\u00e9j\u00e0 apr\u00e8s 10 secondes. Amenez-le ici. Il a cette capacit\u00e9 et le m\u00e9rite en revient \u00e0 lui et aux joueurs qui l&#39;entourent. Vous en avez besoin si vous \u00eates l&#39;un des joueurs de pointe. Il a cette intuition, cette volont\u00e9 et cette capacit\u00e9 de faire cela. Je suis s\u00fbr qu&#39;il va avoir un impact sur l&#39;\u00e9quipe.\u00a0\u00bb<\/p>\n<p>Arteta a \u00e9galement publi\u00e9 les derni\u00e8res nouvelles sur <strong class=\"autotag\">Martin Odegaard<\/strong> et <strong class=\"autotag\">Gabriel J\u00e9sus<\/strong>Les blessures d&#39;Arsenal avant le d\u00e9placement d&#39;Arsenal au Tottenham Hotspur Stadium, o\u00f9 ils ont remport\u00e9 leurs deux derniers matches contre leurs ennemis jur\u00e9s.<\/p>\n<\/div>\n","protected":false},"excerpt":{"rendered":"<p>L&#39;ailier d&#39;Arsenal Bukayo Saka pourrait rejoindre un club exclusif de joueurs des Gunners lors du derby du nord de Londres en Premier League dimanche contre<\/p>\n","protected":false},"author":1,"featured_media":13603,"comment_status":"closed","ping_status":"","sticky":false,"template":"","format":"standard","meta":{"footnotes":""},"categories":[5],"tags":[865,333,4221,203,1843,389,978,51,309,185,600],"yoast_head":"<!-- This site is optimized with the Yoast SEO plugin v21.0 - https:\/\/yoast.com\/wordpress\/plugins\/seo\/ -->\n<title>Bukayo Saka veut rejoindre le club exclusif d&#039;Arsenal pour le derby du nord de Londres<\/title>\n<meta name=\"robots\" content=\"index, follow, max-snippet:-1, max-image-preview:large, max-video-preview:-1\" \/>\n<link rel=\"canonical\" href=\"https:\/\/footdavant.fr\/actualites\/bukayo-saka-veut-rejoindre-le-club-exclusif-darsenal-pour-le-derby-du-nord-de-londres\/\" \/>\n<meta property=\"og:locale\" content=\"fr_FR\" \/>\n<meta property=\"og:type\" content=\"article\" \/>\n<meta property=\"og:title\" content=\"Bukayo Saka veut rejoindre le club exclusif d&#039;Arsenal pour le derby du nord de Londres\" \/>\n<meta property=\"og:description\" content=\"L&#039;ailier d&#039;Arsenal Bukayo Saka pourrait rejoindre un club exclusif de joueurs des Gunners lors du derby du nord de Londres en Premier League dimanche contre\" \/>\n<meta property=\"og:url\" content=\"https:\/\/footdavant.fr\/actualites\/bukayo-saka-veut-rejoindre-le-club-exclusif-darsenal-pour-le-derby-du-nord-de-londres\/\" \/>\n<meta property=\"og:site_name\" content=\"Foot d&#039;avant\" \/>\n<meta property=\"article:publisher\" content=\"https:\/\/www.facebook.com\/Footdavant\/\" \/>\n<meta property=\"article:published_time\" content=\"2024-09-18T16:51:45+00:00\" \/>\n<meta property=\"article:modified_time\" content=\"2024-09-18T16:51:47+00:00\" \/>\n<meta property=\"og:image\" content=\"https:\/\/footdavant.fr\/actualites\/wp-content\/uploads\/2024\/09\/Bukayo-Saka-veut-rejoindre-le-club-exclusif-d39Arsenal-pour-le.jpg\" \/>\n\t<meta property=\"og:image:width\" content=\"640\" \/>\n\t<meta property=\"og:image:height\" content=\"480\" \/>\n\t<meta property=\"og:image:type\" content=\"image\/jpeg\" \/>\n<meta name=\"author\" content=\"Cl\u00e9ment\" \/>\n<meta name=\"twitter:card\" content=\"summary_large_image\" \/>\n<meta name=\"twitter:creator\" content=\"@FootdavantFr\" \/>\n<meta name=\"twitter:site\" content=\"@FootdavantFr\" \/>\n<meta name=\"twitter:label1\" content=\"\u00c9crit par\" \/>\n\t<meta name=\"twitter:data1\" content=\"Cl\u00e9ment\" \/>\n\t<meta name=\"twitter:label2\" content=\"Dur\u00e9e de lecture estim\u00e9e\" \/>\n\t<meta name=\"twitter:data2\" content=\"4 minutes\" \/>\n<script type=\"application\/ld+json\" class=\"yoast-schema-graph\">{\"@context\":\"https:\/\/schema.org\",\"@graph\":[{\"@type\":\"Article\",\"@id\":\"https:\/\/footdavant.fr\/actualites\/bukayo-saka-veut-rejoindre-le-club-exclusif-darsenal-pour-le-derby-du-nord-de-londres\/#article\",\"isPartOf\":{\"@id\":\"https:\/\/footdavant.fr\/actualites\/bukayo-saka-veut-rejoindre-le-club-exclusif-darsenal-pour-le-derby-du-nord-de-londres\/\"},\"author\":{\"name\":\"Cl\u00e9ment\",\"@id\":\"https:\/\/footdavant.fr\/actualites\/#\/schema\/person\/bc222566d95871b37e597b3ed3ba5e1d\"},\"headline\":\"Bukayo Saka veut rejoindre le club exclusif d&#39;Arsenal pour le derby du nord de Londres\",\"datePublished\":\"2024-09-18T16:51:45+00:00\",\"dateModified\":\"2024-09-18T16:51:47+00:00\",\"mainEntityOfPage\":{\"@id\":\"https:\/\/footdavant.fr\/actualites\/bukayo-saka-veut-rejoindre-le-club-exclusif-darsenal-pour-le-derby-du-nord-de-londres\/\"},\"wordCount\":756,\"publisher\":{\"@id\":\"https:\/\/footdavant.fr\/actualites\/#organization\"},\"keywords\":[\"Bukayo\",\"club\",\"d39Arsenal\",\"derby\",\"exclusif\",\"Londres\",\"Nord\",\"pour\",\"rejoindre\",\"Saka\",\"veut\"],\"articleSection\":[\"Premier League\"],\"inLanguage\":\"fr-FR\"},{\"@type\":\"WebPage\",\"@id\":\"https:\/\/footdavant.fr\/actualites\/bukayo-saka-veut-rejoindre-le-club-exclusif-darsenal-pour-le-derby-du-nord-de-londres\/\",\"url\":\"https:\/\/footdavant.fr\/actualites\/bukayo-saka-veut-rejoindre-le-club-exclusif-darsenal-pour-le-derby-du-nord-de-londres\/\",\"name\":\"Bukayo Saka veut rejoindre le club exclusif d&#39;Arsenal pour le derby du nord de Londres\",\"isPartOf\":{\"@id\":\"https:\/\/footdavant.fr\/actualites\/#website\"},\"datePublished\":\"2024-09-18T16:51:45+00:00\",\"dateModified\":\"2024-09-18T16:51:47+00:00\",\"breadcrumb\":{\"@id\":\"https:\/\/footdavant.fr\/actualites\/bukayo-saka-veut-rejoindre-le-club-exclusif-darsenal-pour-le-derby-du-nord-de-londres\/#breadcrumb\"},\"inLanguage\":\"fr-FR\",\"potentialAction\":[{\"@type\":\"ReadAction\",\"target\":[\"https:\/\/footdavant.fr\/actualites\/bukayo-saka-veut-rejoindre-le-club-exclusif-darsenal-pour-le-derby-du-nord-de-londres\/\"]}]},{\"@type\":\"BreadcrumbList\",\"@id\":\"https:\/\/footdavant.fr\/actualites\/bukayo-saka-veut-rejoindre-le-club-exclusif-darsenal-pour-le-derby-du-nord-de-londres\/#breadcrumb\",\"itemListElement\":[{\"@type\":\"ListItem\",\"position\":1,\"name\":\"Accueil\",\"item\":\"https:\/\/footdavant.fr\/actualites\/\"},{\"@type\":\"ListItem\",\"position\":2,\"name\":\"Bukayo Saka veut rejoindre le club exclusif d&#39;Arsenal pour le derby du nord de Londres\"}]},{\"@type\":\"WebSite\",\"@id\":\"https:\/\/footdavant.fr\/actualites\/#website\",\"url\":\"https:\/\/footdavant.fr\/actualites\/\",\"name\":\"Foot d'avant\",\"description\":\"\",\"publisher\":{\"@id\":\"https:\/\/footdavant.fr\/actualites\/#organization\"},\"potentialAction\":[{\"@type\":\"SearchAction\",\"target\":{\"@type\":\"EntryPoint\",\"urlTemplate\":\"https:\/\/footdavant.fr\/actualites\/?s={search_term_string}\"},\"query-input\":\"required name=search_term_string\"}],\"inLanguage\":\"fr-FR\"},{\"@type\":\"Organization\",\"@id\":\"https:\/\/footdavant.fr\/actualites\/#organization\",\"name\":\"Foot d'avant\",\"url\":\"https:\/\/footdavant.fr\/actualites\/\",\"logo\":{\"@type\":\"ImageObject\",\"inLanguage\":\"fr-FR\",\"@id\":\"https:\/\/footdavant.fr\/actualites\/#\/schema\/logo\/image\/\",\"url\":\"https:\/\/footdavant.fr\/actualites\/wp-content\/uploads\/2023\/09\/Copy-of-FootDavant-Logo.png\",\"contentUrl\":\"https:\/\/footdavant.fr\/actualites\/wp-content\/uploads\/2023\/09\/Copy-of-FootDavant-Logo.png\",\"width\":936,\"height\":549,\"caption\":\"Foot d'avant\"},\"image\":{\"@id\":\"https:\/\/footdavant.fr\/actualites\/#\/schema\/logo\/image\/\"},\"sameAs\":[\"https:\/\/www.facebook.com\/Footdavant\/\",\"https:\/\/twitter.com\/FootdavantFr\",\"https:\/\/www.instagram.com\/footdavant.fr\/\"]},{\"@type\":\"Person\",\"@id\":\"https:\/\/footdavant.fr\/actualites\/#\/schema\/person\/bc222566d95871b37e597b3ed3ba5e1d\",\"name\":\"Cl\u00e9ment\",\"image\":{\"@type\":\"ImageObject\",\"inLanguage\":\"fr-FR\",\"@id\":\"https:\/\/footdavant.fr\/actualites\/#\/schema\/person\/image\/\",\"url\":\"https:\/\/secure.gravatar.com\/avatar\/7728b29aac2719421e1a9159b2254c44?s=96&d=mm&r=g\",\"contentUrl\":\"https:\/\/secure.gravatar.com\/avatar\/7728b29aac2719421e1a9159b2254c44?s=96&d=mm&r=g\",\"caption\":\"Cl\u00e9ment\"},\"sameAs\":[\"https:\/\/footdavant.fr\/\"]}]}<\/script>\n<!-- \/ Yoast SEO plugin. -->","yoast_head_json":{"title":"Bukayo Saka veut rejoindre le club exclusif d&#39;Arsenal pour le derby du nord de Londres","robots":{"index":"index","follow":"follow","max-snippet":"max-snippet:-1","max-image-preview":"max-image-preview:large","max-video-preview":"max-video-preview:-1"},"canonical":"https:\/\/footdavant.fr\/actualites\/bukayo-saka-veut-rejoindre-le-club-exclusif-darsenal-pour-le-derby-du-nord-de-londres\/","og_locale":"fr_FR","og_type":"article","og_title":"Bukayo Saka veut rejoindre le club exclusif d&#39;Arsenal pour le derby du nord de Londres","og_description":"L&#39;ailier d&#39;Arsenal Bukayo Saka pourrait rejoindre un club exclusif de joueurs des Gunners lors du derby du nord de Londres en Premier League dimanche contre","og_url":"https:\/\/footdavant.fr\/actualites\/bukayo-saka-veut-rejoindre-le-club-exclusif-darsenal-pour-le-derby-du-nord-de-londres\/","og_site_name":"Foot d&#039;avant","article_publisher":"https:\/\/www.facebook.com\/Footdavant\/","article_published_time":"2024-09-18T16:51:45+00:00","article_modified_time":"2024-09-18T16:51:47+00:00","og_image":[{"width":640,"height":480,"url":"https:\/\/footdavant.fr\/actualites\/wp-content\/uploads\/2024\/09\/Bukayo-Saka-veut-rejoindre-le-club-exclusif-d39Arsenal-pour-le.jpg","type":"image\/jpeg"}],"author":"Cl\u00e9ment","twitter_card":"summary_large_image","twitter_creator":"@FootdavantFr","twitter_site":"@FootdavantFr","twitter_misc":{"\u00c9crit par":"Cl\u00e9ment","Dur\u00e9e de lecture estim\u00e9e":"4 minutes"},"schema":{"@context":"https:\/\/schema.org","@graph":[{"@type":"Article","@id":"https:\/\/footdavant.fr\/actualites\/bukayo-saka-veut-rejoindre-le-club-exclusif-darsenal-pour-le-derby-du-nord-de-londres\/#article","isPartOf":{"@id":"https:\/\/footdavant.fr\/actualites\/bukayo-saka-veut-rejoindre-le-club-exclusif-darsenal-pour-le-derby-du-nord-de-londres\/"},"author":{"name":"Cl\u00e9ment","@id":"https:\/\/footdavant.fr\/actualites\/#\/schema\/person\/bc222566d95871b37e597b3ed3ba5e1d"},"headline":"Bukayo Saka veut rejoindre le club exclusif d&#39;Arsenal pour le derby du nord de Londres","datePublished":"2024-09-18T16:51:45+00:00","dateModified":"2024-09-18T16:51:47+00:00","mainEntityOfPage":{"@id":"https:\/\/footdavant.fr\/actualites\/bukayo-saka-veut-rejoindre-le-club-exclusif-darsenal-pour-le-derby-du-nord-de-londres\/"},"wordCount":756,"publisher":{"@id":"https:\/\/footdavant.fr\/actualites\/#organization"},"keywords":["Bukayo","club","d39Arsenal","derby","exclusif","Londres","Nord","pour","rejoindre","Saka","veut"],"articleSection":["Premier League"],"inLanguage":"fr-FR"},{"@type":"WebPage","@id":"https:\/\/footdavant.fr\/actualites\/bukayo-saka-veut-rejoindre-le-club-exclusif-darsenal-pour-le-derby-du-nord-de-londres\/","url":"https:\/\/footdavant.fr\/actualites\/bukayo-saka-veut-rejoindre-le-club-exclusif-darsenal-pour-le-derby-du-nord-de-londres\/","name":"Bukayo Saka veut rejoindre le club exclusif d&#39;Arsenal pour le derby du nord de Londres","isPartOf":{"@id":"https:\/\/footdavant.fr\/actualites\/#website"},"datePublished":"2024-09-18T16:51:45+00:00","dateModified":"2024-09-18T16:51:47+00:00","breadcrumb":{"@id":"https:\/\/footdavant.fr\/actualites\/bukayo-saka-veut-rejoindre-le-club-exclusif-darsenal-pour-le-derby-du-nord-de-londres\/#breadcrumb"},"inLanguage":"fr-FR","potentialAction":[{"@type":"ReadAction","target":["https:\/\/footdavant.fr\/actualites\/bukayo-saka-veut-rejoindre-le-club-exclusif-darsenal-pour-le-derby-du-nord-de-londres\/"]}]},{"@type":"BreadcrumbList","@id":"https:\/\/footdavant.fr\/actualites\/bukayo-saka-veut-rejoindre-le-club-exclusif-darsenal-pour-le-derby-du-nord-de-londres\/#breadcrumb","itemListElement":[{"@type":"ListItem","position":1,"name":"Accueil","item":"https:\/\/footdavant.fr\/actualites\/"},{"@type":"ListItem","position":2,"name":"Bukayo Saka veut rejoindre le club exclusif d&#39;Arsenal pour le derby du nord de Londres"}]},{"@type":"WebSite","@id":"https:\/\/footdavant.fr\/actualites\/#website","url":"https:\/\/footdavant.fr\/actualites\/","name":"Foot d'avant","description":"","publisher":{"@id":"https:\/\/footdavant.fr\/actualites\/#organization"},"potentialAction":[{"@type":"SearchAction","target":{"@type":"EntryPoint","urlTemplate":"https:\/\/footdavant.fr\/actualites\/?s={search_term_string}"},"query-input":"required name=search_term_string"}],"inLanguage":"fr-FR"},{"@type":"Organization","@id":"https:\/\/footdavant.fr\/actualites\/#organization","name":"Foot d'avant","url":"https:\/\/footdavant.fr\/actualites\/","logo":{"@type":"ImageObject","inLanguage":"fr-FR","@id":"https:\/\/footdavant.fr\/actualites\/#\/schema\/logo\/image\/","url":"https:\/\/footdavant.fr\/actualites\/wp-content\/uploads\/2023\/09\/Copy-of-FootDavant-Logo.png","contentUrl":"https:\/\/footdavant.fr\/actualites\/wp-content\/uploads\/2023\/09\/Copy-of-FootDavant-Logo.png","width":936,"height":549,"caption":"Foot d'avant"},"image":{"@id":"https:\/\/footdavant.fr\/actualites\/#\/schema\/logo\/image\/"},"sameAs":["https:\/\/www.facebook.com\/Footdavant\/","https:\/\/twitter.com\/FootdavantFr","https:\/\/www.instagram.com\/footdavant.fr\/"]},{"@type":"Person","@id":"https:\/\/footdavant.fr\/actualites\/#\/schema\/person\/bc222566d95871b37e597b3ed3ba5e1d","name":"Cl\u00e9ment","image":{"@type":"ImageObject","inLanguage":"fr-FR","@id":"https:\/\/footdavant.fr\/actualites\/#\/schema\/person\/image\/","url":"https:\/\/secure.gravatar.com\/avatar\/7728b29aac2719421e1a9159b2254c44?s=96&d=mm&r=g","contentUrl":"https:\/\/secure.gravatar.com\/avatar\/7728b29aac2719421e1a9159b2254c44?s=96&d=mm&r=g","caption":"Cl\u00e9ment"},"sameAs":["https:\/\/footdavant.fr\/"]}]}},"_links":{"self":[{"href":"https:\/\/footdavant.fr\/actualites\/wp-json\/wp\/v2\/posts\/13602"}],"collection":[{"href":"https:\/\/footdavant.fr\/actualites\/wp-json\/wp\/v2\/posts"}],"about":[{"href":"https:\/\/footdavant.fr\/actualites\/wp-json\/wp\/v2\/types\/post"}],"author":[{"embeddable":true,"href":"https:\/\/footdavant.fr\/actualites\/wp-json\/wp\/v2\/users\/1"}],"replies":[{"embeddable":true,"href":"https:\/\/footdavant.fr\/actualites\/wp-json\/wp\/v2\/comments?post=13602"}],"version-history":[{"count":1,"href":"https:\/\/footdavant.fr\/actualites\/wp-json\/wp\/v2\/posts\/13602\/revisions"}],"predecessor-version":[{"id":13604,"href":"https:\/\/footdavant.fr\/actualites\/wp-json\/wp\/v2\/posts\/13602\/revisions\/13604"}],"wp:featuredmedia":[{"embeddable":true,"href":"https:\/\/footdavant.fr\/actualites\/wp-json\/wp\/v2\/media\/13603"}],"wp:attachment":[{"href":"https:\/\/footdavant.fr\/actualites\/wp-json\/wp\/v2\/media?parent=13602"}],"wp:term":[{"taxonomy":"category","embeddable":true,"href":"https:\/\/footdavant.fr\/actualites\/wp-json\/wp\/v2\/categories?post=13602"},{"taxonomy":"post_tag","embeddable":true,"href":"https:\/\/footdavant.fr\/actualites\/wp-json\/wp\/v2\/tags?post=13602"}],"curies":[{"name":"wp","href":"https:\/\/api.w.org\/{rel}","templated":true}]}}