{"id":1363,"date":"2023-11-24T21:48:13","date_gmt":"2023-11-24T20:48:13","guid":{"rendered":"https:\/\/footdavant.fr\/actualites\/martin-odegaard-revient-a-lentrainement-darsenal-avant-le-choc-de-brentford\/"},"modified":"2023-11-24T21:48:13","modified_gmt":"2023-11-24T20:48:13","slug":"martin-odegaard-revient-a-lentrainement-darsenal-avant-le-choc-de-brentford","status":"publish","type":"post","link":"https:\/\/footdavant.fr\/actualites\/martin-odegaard-revient-a-lentrainement-darsenal-avant-le-choc-de-brentford\/","title":{"rendered":"Martin Odegaard revient \u00e0 l&rsquo;entra\u00eenement d&rsquo;Arsenal avant le choc de Brentford"},"content":{"rendered":"<p>Martin Odegaard est de retour \u00e0 l&rsquo;entra\u00eenement d&rsquo;Arsenal apr\u00e8s avoir rat\u00e9 ses trois derniers matches et s&rsquo;\u00eatre retir\u00e9 de l&rsquo;\u00e9quipe norv\u00e9gienne pour la tr\u00eave internationale de la semaine derni\u00e8re.<\/p>\n<div id=\"article_body\" itemprop=\"articleBody\">\n<h3 class=\"firstPara\">\n<strong class=\"autotag\">Arsenal<\/strong> capitaine <strong class=\"autotag\">Martin Odegaard<\/strong> a \u00e9t\u00e9 rep\u00e9r\u00e9 \u00e0 l&rsquo;entra\u00eenement avant son retour en Premier League cette semaine.<\/h3>\n<p>Odegaard s&rsquo;est retir\u00e9 de l&rsquo;\u00e9quipe norv\u00e9gienne pour ses deux derniers matches internationaux de l&rsquo;ann\u00e9e la semaine derni\u00e8re, apr\u00e8s avoir rat\u00e9 des matches contre Newcastle United, S\u00e9ville et Burnley.<\/p>\n<p>Une commotion c\u00e9r\u00e9brale a d&rsquo;abord emp\u00each\u00e9 le skipper de se rendre \u00e0 Newcastle, avant qu&rsquo;un probl\u00e8me \u00e0 la hanche ne l&rsquo;exclue des deux matches suivants.<\/p>\n<p>Il a \u00e9t\u00e9 conseill\u00e9 \u00e0 Odegaard de ne pas rejoindre l&rsquo;\u00e9quipe norv\u00e9gienne et de profiter de l&rsquo;occasion d&rsquo;un rare repos au milieu d&rsquo;un emploi du temps charg\u00e9 pour permettre \u00e0 la hanche de r\u00e9cup\u00e9rer.<\/p>\n<p>Alors que la plupart des membres de l&rsquo;\u00e9quipe sont d\u00e9sormais de retour apr\u00e8s avoir repr\u00e9sent\u00e9 leur pays au cours de la semaine derni\u00e8re, Arsenal a publi\u00e9 des photos de leur s\u00e9ance d&rsquo;entra\u00eenement mercredi matin, \u00e0 laquelle participait Odegaard.<\/p>\n<p>Cela signifie que le milieu de terrain sera en lice pour d\u00e9buter \u00e0 Brentford ce week-end, comme <strong class=\"autotag\">Mikel Arteta<\/strong>L&rsquo;\u00e9quipe cherche \u00e0 maintenir la pression au sommet.<\/p>\n<p class=\"imgI\">\n<p>Arsenal occupe actuellement la troisi\u00e8me place, \u00e0 seulement un point du leader du championnat, Manchester City, qui aura un test d\u00e9licat contre ses vieux ennemis, Liverpool, ce week-end.<\/p>\n<p>Ce serait une premi\u00e8re titularisation pour Odegaard depuis la victoire \u00e0 l&rsquo;ext\u00e9rieur \u00e0 S\u00e9ville en Ligue des Champions le 24 octobre, puisqu&rsquo;il n&rsquo;\u00e9tait que rempla\u00e7ant pour les matchs qui ont suivi contre Sheffield United et West Ham United.<\/p>\n<p>Le retour d&rsquo;Odegaard sera cependant tr\u00e8s bien accueilli, car ils n&rsquo;ont pas encore perdu au niveau national lorsqu&rsquo;il a d\u00e9but\u00e9 cette saison.<\/p>\n<p>Apr\u00e8s avoir contribu\u00e9 \u00e0 22 buts pour Arsenal la saison derni\u00e8re alors qu&rsquo;ils poussaient Man City tout pr\u00e8s du titre, Odegaard en compte d\u00e9j\u00e0 six autres cette campagne.<\/p>\n<p>Arteta et l&rsquo;\u00e9quipe m\u00e9dicale d&rsquo;Arsenal ont peut-\u00eatre \u00e9t\u00e9 soulag\u00e9s qu&rsquo;Odegaard ne soit pas parti avec la Norv\u00e8ge, en voyant le terrain sur lequel ils ont jou\u00e9 contre les \u00eeles F\u00e9ro\u00e9, ce qui a conduit \u00e0 l&rsquo;attaquant de Man City. <strong class=\"autotag\">Erling Haaland<\/strong> se blesser.<\/p>\n<p>Ce probl\u00e8me a fait douter Haaland pour son affrontement avec Liverpool samedi et aura exasp\u00e9r\u00e9 <strong class=\"autotag\">Pep Guardiola<\/strong>\u00e9tant donn\u00e9 que la Norv\u00e8ge n\u2019avait rien \u00e0 jouer pendant cette tr\u00eave internationale.<\/p>\n<p>Les champions ont cependant l&rsquo;avantage de jouer devant Arsenal ce week-end, et peuvent donc prolonger l&rsquo;\u00e9cart \u00e0 quatre points avant que les Gunners n&rsquo;entrent sur le terrain.<\/p>\n<\/div>\n","protected":false},"excerpt":{"rendered":"<p>Martin Odegaard est de retour \u00e0 l&rsquo;entra\u00eenement d&rsquo;Arsenal apr\u00e8s avoir rat\u00e9 ses trois derniers matches et s&rsquo;\u00eatre retir\u00e9 de l&rsquo;\u00e9quipe norv\u00e9gienne pour la tr\u00eave internationale<\/p>\n","protected":false},"author":1,"featured_media":1364,"comment_status":"closed","ping_status":"","sticky":false,"template":"","format":"standard","meta":{"footnotes":""},"categories":[5],"tags":[491,52,332,59,519,892,186,518],"yoast_head":"<!-- This site is optimized with the Yoast SEO plugin v21.0 - https:\/\/yoast.com\/wordpress\/plugins\/seo\/ -->\n<title>Martin Odegaard revient \u00e0 l&#039;entra\u00eenement d&#039;Arsenal avant le choc de Brentford<\/title>\n<meta name=\"robots\" content=\"index, follow, max-snippet:-1, max-image-preview:large, max-video-preview:-1\" \/>\n<link rel=\"canonical\" href=\"https:\/\/footdavant.fr\/actualites\/martin-odegaard-revient-a-lentrainement-darsenal-avant-le-choc-de-brentford\/\" \/>\n<meta property=\"og:locale\" content=\"fr_FR\" \/>\n<meta property=\"og:type\" content=\"article\" \/>\n<meta property=\"og:title\" content=\"Martin Odegaard revient \u00e0 l&#039;entra\u00eenement d&#039;Arsenal avant le choc de Brentford\" \/>\n<meta property=\"og:description\" content=\"Martin Odegaard est de retour \u00e0 l&rsquo;entra\u00eenement d&rsquo;Arsenal apr\u00e8s avoir rat\u00e9 ses trois derniers matches et s&rsquo;\u00eatre retir\u00e9 de l&rsquo;\u00e9quipe norv\u00e9gienne pour la tr\u00eave internationale\" \/>\n<meta property=\"og:url\" content=\"https:\/\/footdavant.fr\/actualites\/martin-odegaard-revient-a-lentrainement-darsenal-avant-le-choc-de-brentford\/\" \/>\n<meta property=\"og:site_name\" content=\"Foot d&#039;avant\" \/>\n<meta property=\"article:publisher\" content=\"https:\/\/www.facebook.com\/Footdavant\/\" \/>\n<meta property=\"article:published_time\" content=\"2023-11-24T20:48:13+00:00\" \/>\n<meta property=\"og:image\" content=\"https:\/\/footdavant.fr\/actualites\/wp-content\/uploads\/2023\/11\/Martin-Odegaard-revient-a-lentrainement-dArsenal-avant-le-choc-de.jpg\" \/>\n\t<meta property=\"og:image:width\" content=\"640\" \/>\n\t<meta property=\"og:image:height\" content=\"480\" \/>\n\t<meta property=\"og:image:type\" content=\"image\/jpeg\" \/>\n<meta name=\"author\" content=\"Cl\u00e9ment\" \/>\n<meta name=\"twitter:card\" content=\"summary_large_image\" \/>\n<meta name=\"twitter:creator\" content=\"@FootdavantFr\" \/>\n<meta name=\"twitter:site\" content=\"@FootdavantFr\" \/>\n<meta name=\"twitter:label1\" content=\"\u00c9crit par\" \/>\n\t<meta name=\"twitter:data1\" content=\"Cl\u00e9ment\" \/>\n\t<meta name=\"twitter:label2\" content=\"Dur\u00e9e de lecture estim\u00e9e\" \/>\n\t<meta name=\"twitter:data2\" content=\"2 minutes\" \/>\n<script type=\"application\/ld+json\" class=\"yoast-schema-graph\">{\"@context\":\"https:\/\/schema.org\",\"@graph\":[{\"@type\":\"Article\",\"@id\":\"https:\/\/footdavant.fr\/actualites\/martin-odegaard-revient-a-lentrainement-darsenal-avant-le-choc-de-brentford\/#article\",\"isPartOf\":{\"@id\":\"https:\/\/footdavant.fr\/actualites\/martin-odegaard-revient-a-lentrainement-darsenal-avant-le-choc-de-brentford\/\"},\"author\":{\"name\":\"Cl\u00e9ment\",\"@id\":\"https:\/\/footdavant.fr\/actualites\/#\/schema\/person\/bc222566d95871b37e597b3ed3ba5e1d\"},\"headline\":\"Martin Odegaard revient \u00e0 l&rsquo;entra\u00eenement d&rsquo;Arsenal avant le choc de Brentford\",\"datePublished\":\"2023-11-24T20:48:13+00:00\",\"dateModified\":\"2023-11-24T20:48:13+00:00\",\"mainEntityOfPage\":{\"@id\":\"https:\/\/footdavant.fr\/actualites\/martin-odegaard-revient-a-lentrainement-darsenal-avant-le-choc-de-brentford\/\"},\"wordCount\":463,\"publisher\":{\"@id\":\"https:\/\/footdavant.fr\/actualites\/#organization\"},\"keywords\":[\"avant\",\"Brentford\",\"choc\",\"dArsenal\",\"lentra\u00eenement\",\"Martin\",\"Odegaard\",\"revient\"],\"articleSection\":[\"Premier League\"],\"inLanguage\":\"fr-FR\"},{\"@type\":\"WebPage\",\"@id\":\"https:\/\/footdavant.fr\/actualites\/martin-odegaard-revient-a-lentrainement-darsenal-avant-le-choc-de-brentford\/\",\"url\":\"https:\/\/footdavant.fr\/actualites\/martin-odegaard-revient-a-lentrainement-darsenal-avant-le-choc-de-brentford\/\",\"name\":\"Martin Odegaard revient \u00e0 l'entra\u00eenement d'Arsenal avant le choc de Brentford\",\"isPartOf\":{\"@id\":\"https:\/\/footdavant.fr\/actualites\/#website\"},\"datePublished\":\"2023-11-24T20:48:13+00:00\",\"dateModified\":\"2023-11-24T20:48:13+00:00\",\"breadcrumb\":{\"@id\":\"https:\/\/footdavant.fr\/actualites\/martin-odegaard-revient-a-lentrainement-darsenal-avant-le-choc-de-brentford\/#breadcrumb\"},\"inLanguage\":\"fr-FR\",\"potentialAction\":[{\"@type\":\"ReadAction\",\"target\":[\"https:\/\/footdavant.fr\/actualites\/martin-odegaard-revient-a-lentrainement-darsenal-avant-le-choc-de-brentford\/\"]}]},{\"@type\":\"BreadcrumbList\",\"@id\":\"https:\/\/footdavant.fr\/actualites\/martin-odegaard-revient-a-lentrainement-darsenal-avant-le-choc-de-brentford\/#breadcrumb\",\"itemListElement\":[{\"@type\":\"ListItem\",\"position\":1,\"name\":\"Accueil\",\"item\":\"https:\/\/footdavant.fr\/actualites\/\"},{\"@type\":\"ListItem\",\"position\":2,\"name\":\"Martin Odegaard revient \u00e0 l&rsquo;entra\u00eenement d&rsquo;Arsenal avant le choc de Brentford\"}]},{\"@type\":\"WebSite\",\"@id\":\"https:\/\/footdavant.fr\/actualites\/#website\",\"url\":\"https:\/\/footdavant.fr\/actualites\/\",\"name\":\"Foot d'avant\",\"description\":\"\",\"publisher\":{\"@id\":\"https:\/\/footdavant.fr\/actualites\/#organization\"},\"potentialAction\":[{\"@type\":\"SearchAction\",\"target\":{\"@type\":\"EntryPoint\",\"urlTemplate\":\"https:\/\/footdavant.fr\/actualites\/?s={search_term_string}\"},\"query-input\":\"required name=search_term_string\"}],\"inLanguage\":\"fr-FR\"},{\"@type\":\"Organization\",\"@id\":\"https:\/\/footdavant.fr\/actualites\/#organization\",\"name\":\"Foot d'avant\",\"url\":\"https:\/\/footdavant.fr\/actualites\/\",\"logo\":{\"@type\":\"ImageObject\",\"inLanguage\":\"fr-FR\",\"@id\":\"https:\/\/footdavant.fr\/actualites\/#\/schema\/logo\/image\/\",\"url\":\"https:\/\/footdavant.fr\/actualites\/wp-content\/uploads\/2023\/09\/Copy-of-FootDavant-Logo.png\",\"contentUrl\":\"https:\/\/footdavant.fr\/actualites\/wp-content\/uploads\/2023\/09\/Copy-of-FootDavant-Logo.png\",\"width\":936,\"height\":549,\"caption\":\"Foot d'avant\"},\"image\":{\"@id\":\"https:\/\/footdavant.fr\/actualites\/#\/schema\/logo\/image\/\"},\"sameAs\":[\"https:\/\/www.facebook.com\/Footdavant\/\",\"https:\/\/twitter.com\/FootdavantFr\",\"https:\/\/www.instagram.com\/footdavant.fr\/\"]},{\"@type\":\"Person\",\"@id\":\"https:\/\/footdavant.fr\/actualites\/#\/schema\/person\/bc222566d95871b37e597b3ed3ba5e1d\",\"name\":\"Cl\u00e9ment\",\"image\":{\"@type\":\"ImageObject\",\"inLanguage\":\"fr-FR\",\"@id\":\"https:\/\/footdavant.fr\/actualites\/#\/schema\/person\/image\/\",\"url\":\"https:\/\/secure.gravatar.com\/avatar\/7728b29aac2719421e1a9159b2254c44?s=96&d=mm&r=g\",\"contentUrl\":\"https:\/\/secure.gravatar.com\/avatar\/7728b29aac2719421e1a9159b2254c44?s=96&d=mm&r=g\",\"caption\":\"Cl\u00e9ment\"},\"sameAs\":[\"https:\/\/footdavant.fr\/\"]}]}<\/script>\n<!-- \/ Yoast SEO plugin. -->","yoast_head_json":{"title":"Martin Odegaard revient \u00e0 l'entra\u00eenement d'Arsenal avant le choc de Brentford","robots":{"index":"index","follow":"follow","max-snippet":"max-snippet:-1","max-image-preview":"max-image-preview:large","max-video-preview":"max-video-preview:-1"},"canonical":"https:\/\/footdavant.fr\/actualites\/martin-odegaard-revient-a-lentrainement-darsenal-avant-le-choc-de-brentford\/","og_locale":"fr_FR","og_type":"article","og_title":"Martin Odegaard revient \u00e0 l'entra\u00eenement d'Arsenal avant le choc de Brentford","og_description":"Martin Odegaard est de retour \u00e0 l&rsquo;entra\u00eenement d&rsquo;Arsenal apr\u00e8s avoir rat\u00e9 ses trois derniers matches et s&rsquo;\u00eatre retir\u00e9 de l&rsquo;\u00e9quipe norv\u00e9gienne pour la tr\u00eave internationale","og_url":"https:\/\/footdavant.fr\/actualites\/martin-odegaard-revient-a-lentrainement-darsenal-avant-le-choc-de-brentford\/","og_site_name":"Foot d&#039;avant","article_publisher":"https:\/\/www.facebook.com\/Footdavant\/","article_published_time":"2023-11-24T20:48:13+00:00","og_image":[{"width":640,"height":480,"url":"https:\/\/footdavant.fr\/actualites\/wp-content\/uploads\/2023\/11\/Martin-Odegaard-revient-a-lentrainement-dArsenal-avant-le-choc-de.jpg","type":"image\/jpeg"}],"author":"Cl\u00e9ment","twitter_card":"summary_large_image","twitter_creator":"@FootdavantFr","twitter_site":"@FootdavantFr","twitter_misc":{"\u00c9crit par":"Cl\u00e9ment","Dur\u00e9e de lecture estim\u00e9e":"2 minutes"},"schema":{"@context":"https:\/\/schema.org","@graph":[{"@type":"Article","@id":"https:\/\/footdavant.fr\/actualites\/martin-odegaard-revient-a-lentrainement-darsenal-avant-le-choc-de-brentford\/#article","isPartOf":{"@id":"https:\/\/footdavant.fr\/actualites\/martin-odegaard-revient-a-lentrainement-darsenal-avant-le-choc-de-brentford\/"},"author":{"name":"Cl\u00e9ment","@id":"https:\/\/footdavant.fr\/actualites\/#\/schema\/person\/bc222566d95871b37e597b3ed3ba5e1d"},"headline":"Martin Odegaard revient \u00e0 l&rsquo;entra\u00eenement d&rsquo;Arsenal avant le choc de Brentford","datePublished":"2023-11-24T20:48:13+00:00","dateModified":"2023-11-24T20:48:13+00:00","mainEntityOfPage":{"@id":"https:\/\/footdavant.fr\/actualites\/martin-odegaard-revient-a-lentrainement-darsenal-avant-le-choc-de-brentford\/"},"wordCount":463,"publisher":{"@id":"https:\/\/footdavant.fr\/actualites\/#organization"},"keywords":["avant","Brentford","choc","dArsenal","lentra\u00eenement","Martin","Odegaard","revient"],"articleSection":["Premier League"],"inLanguage":"fr-FR"},{"@type":"WebPage","@id":"https:\/\/footdavant.fr\/actualites\/martin-odegaard-revient-a-lentrainement-darsenal-avant-le-choc-de-brentford\/","url":"https:\/\/footdavant.fr\/actualites\/martin-odegaard-revient-a-lentrainement-darsenal-avant-le-choc-de-brentford\/","name":"Martin Odegaard revient \u00e0 l'entra\u00eenement d'Arsenal avant le choc de Brentford","isPartOf":{"@id":"https:\/\/footdavant.fr\/actualites\/#website"},"datePublished":"2023-11-24T20:48:13+00:00","dateModified":"2023-11-24T20:48:13+00:00","breadcrumb":{"@id":"https:\/\/footdavant.fr\/actualites\/martin-odegaard-revient-a-lentrainement-darsenal-avant-le-choc-de-brentford\/#breadcrumb"},"inLanguage":"fr-FR","potentialAction":[{"@type":"ReadAction","target":["https:\/\/footdavant.fr\/actualites\/martin-odegaard-revient-a-lentrainement-darsenal-avant-le-choc-de-brentford\/"]}]},{"@type":"BreadcrumbList","@id":"https:\/\/footdavant.fr\/actualites\/martin-odegaard-revient-a-lentrainement-darsenal-avant-le-choc-de-brentford\/#breadcrumb","itemListElement":[{"@type":"ListItem","position":1,"name":"Accueil","item":"https:\/\/footdavant.fr\/actualites\/"},{"@type":"ListItem","position":2,"name":"Martin Odegaard revient \u00e0 l&rsquo;entra\u00eenement d&rsquo;Arsenal avant le choc de Brentford"}]},{"@type":"WebSite","@id":"https:\/\/footdavant.fr\/actualites\/#website","url":"https:\/\/footdavant.fr\/actualites\/","name":"Foot d'avant","description":"","publisher":{"@id":"https:\/\/footdavant.fr\/actualites\/#organization"},"potentialAction":[{"@type":"SearchAction","target":{"@type":"EntryPoint","urlTemplate":"https:\/\/footdavant.fr\/actualites\/?s={search_term_string}"},"query-input":"required name=search_term_string"}],"inLanguage":"fr-FR"},{"@type":"Organization","@id":"https:\/\/footdavant.fr\/actualites\/#organization","name":"Foot d'avant","url":"https:\/\/footdavant.fr\/actualites\/","logo":{"@type":"ImageObject","inLanguage":"fr-FR","@id":"https:\/\/footdavant.fr\/actualites\/#\/schema\/logo\/image\/","url":"https:\/\/footdavant.fr\/actualites\/wp-content\/uploads\/2023\/09\/Copy-of-FootDavant-Logo.png","contentUrl":"https:\/\/footdavant.fr\/actualites\/wp-content\/uploads\/2023\/09\/Copy-of-FootDavant-Logo.png","width":936,"height":549,"caption":"Foot d'avant"},"image":{"@id":"https:\/\/footdavant.fr\/actualites\/#\/schema\/logo\/image\/"},"sameAs":["https:\/\/www.facebook.com\/Footdavant\/","https:\/\/twitter.com\/FootdavantFr","https:\/\/www.instagram.com\/footdavant.fr\/"]},{"@type":"Person","@id":"https:\/\/footdavant.fr\/actualites\/#\/schema\/person\/bc222566d95871b37e597b3ed3ba5e1d","name":"Cl\u00e9ment","image":{"@type":"ImageObject","inLanguage":"fr-FR","@id":"https:\/\/footdavant.fr\/actualites\/#\/schema\/person\/image\/","url":"https:\/\/secure.gravatar.com\/avatar\/7728b29aac2719421e1a9159b2254c44?s=96&d=mm&r=g","contentUrl":"https:\/\/secure.gravatar.com\/avatar\/7728b29aac2719421e1a9159b2254c44?s=96&d=mm&r=g","caption":"Cl\u00e9ment"},"sameAs":["https:\/\/footdavant.fr\/"]}]}},"_links":{"self":[{"href":"https:\/\/footdavant.fr\/actualites\/wp-json\/wp\/v2\/posts\/1363"}],"collection":[{"href":"https:\/\/footdavant.fr\/actualites\/wp-json\/wp\/v2\/posts"}],"about":[{"href":"https:\/\/footdavant.fr\/actualites\/wp-json\/wp\/v2\/types\/post"}],"author":[{"embeddable":true,"href":"https:\/\/footdavant.fr\/actualites\/wp-json\/wp\/v2\/users\/1"}],"replies":[{"embeddable":true,"href":"https:\/\/footdavant.fr\/actualites\/wp-json\/wp\/v2\/comments?post=1363"}],"version-history":[{"count":1,"href":"https:\/\/footdavant.fr\/actualites\/wp-json\/wp\/v2\/posts\/1363\/revisions"}],"predecessor-version":[{"id":1365,"href":"https:\/\/footdavant.fr\/actualites\/wp-json\/wp\/v2\/posts\/1363\/revisions\/1365"}],"wp:featuredmedia":[{"embeddable":true,"href":"https:\/\/footdavant.fr\/actualites\/wp-json\/wp\/v2\/media\/1364"}],"wp:attachment":[{"href":"https:\/\/footdavant.fr\/actualites\/wp-json\/wp\/v2\/media?parent=1363"}],"wp:term":[{"taxonomy":"category","embeddable":true,"href":"https:\/\/footdavant.fr\/actualites\/wp-json\/wp\/v2\/categories?post=1363"},{"taxonomy":"post_tag","embeddable":true,"href":"https:\/\/footdavant.fr\/actualites\/wp-json\/wp\/v2\/tags?post=1363"}],"curies":[{"name":"wp","href":"https:\/\/api.w.org\/{rel}","templated":true}]}}