{"id":13665,"date":"2024-09-20T01:48:10","date_gmt":"2024-09-19T23:48:10","guid":{"rendered":"https:\/\/footdavant.fr\/actualites\/quel-record-le-jeune-prodige-du-real-madrid-endrick-a-t-il-battu-contre-stuttgart\/"},"modified":"2024-09-20T01:48:13","modified_gmt":"2024-09-19T23:48:13","slug":"quel-record-le-jeune-prodige-du-real-madrid-endrick-a-t-il-battu-contre-stuttgart","status":"publish","type":"post","link":"https:\/\/footdavant.fr\/actualites\/quel-record-le-jeune-prodige-du-real-madrid-endrick-a-t-il-battu-contre-stuttgart\/","title":{"rendered":"Quel record le jeune prodige du Real Madrid, Endrick, a-t-il battu contre Stuttgart ?"},"content":{"rendered":"<p>Endrick est devenu le plus jeune buteur de l&#39;histoire du Real Madrid en Ligue des champions gr\u00e2ce \u00e0 son but contre Stuttgart mardi soir.<\/p>\n<div id=\"article_body\" itemprop=\"articleBody\">\n<h3 class=\"firstPara\">\n<strong class=\"autotag\">Endrick<\/strong> devenu <strong class=\"autotag\">Real Madrid<\/strong>le plus jeune buteur de l&#39;histoire de la <strong class=\"autotag\">Ligue des Champions<\/strong> lorsqu&#39;il a trouv\u00e9 le fond du filet lors du match de mardi contre les g\u00e9ants allemands <strong class=\"autotag\">Stuttgart<\/strong>.<\/h3>\n<p>L&#39;international br\u00e9silien est entr\u00e9 en jeu \u00e0 la 95e minute pour marquer un but qui s&#39;est av\u00e9r\u00e9 \u00eatre une victoire 3-1 pour <strong class=\"autotag\">Carlo Ancelotti<\/strong>L&#39;\u00e9quipe de &#39;s lors de son match d&#39;ouverture de la comp\u00e9tition 2024-25.<\/p>\n<p>\u00c0 l&#39;\u00e2ge de 18 ans et 58 jours, Endrick est devenu le plus jeune joueur \u00e0 s&#39;inscrire pour le Real Madrid en Ligue des champions, d\u00e9passant <strong class=\"autotag\">Ra\u00fal<\/strong>Le record de 1995.<\/p>\n<p>Ra\u00fal avait 18 ans et 113 jours lorsqu&#39;il a marqu\u00e9 pour la premi\u00e8re fois pour les Blancos en Ligue des Champions, mais Endrick a d\u00e9sormais battu le record, et ce fut un d\u00e9but de carri\u00e8re tr\u00e8s encourageant pour lui au sein du club.<\/p>\n<p>Endrick a d\u00e9sormais inscrit deux buts en cinq apparitions pour les champions d&#39;Espagne et d&#39;Europe en titre, son premier pour le club ayant eu lieu contre le Real Valladolid en Liga fin ao\u00fbt.<\/p>\n<blockquote class=\"twitter-tweet\">\n<p lang=\"en\" dir=\"ltr\">1 &#8211; \u00c0 18 ans et 58 jours, Endrick Felipe est devenu le plus jeune joueur \u00e0 marquer pour le Real Madrid dans l&#39;histoire de la Ligue des Champions, surpassant le pr\u00e9c\u00e9dent record de Ra\u00fal Gonz\u00e1lez Blanco contre le Ferencv\u00e1rosi TC en 1995 (tripl\u00e9 \u00e0 18 ans et 113 jours). \u00c9toile. <a rel=\"nofollow\" href=\"https:\/\/t.co\/KybTP5GeCD\">pic.twitter.com\/KybTP5GeCD<\/a><\/p>\n<p>\u2014 OptaJose (@OptaJose) <a rel=\"nofollow\" href=\"https:\/\/twitter.com\/OptaJose\/status\/1836149954219233512?ref_src=twsrc%5Etfw\">17 septembre 2024<\/a>\n<\/p><\/blockquote>\n<h2 class=\"k3\">Endrick devient le plus jeune buteur du Real Madrid en Ligue des Champions<\/h2>\n<p>\u00ab\u00a0Endrick a eu du courage car c&#39;\u00e9tait le dernier ballon du match. La meilleure solution \u00e9tait de profiter de la contre-attaque, qui \u00e9tait \u00e0 trois contre un\u00a0\u00bb, a d\u00e9clar\u00e9 Ancelotti aux journalistes lors de sa conf\u00e9rence de presse d&#39;apr\u00e8s-match.<\/p>\n<p>\u00ab Il \u00e9tait convaincu de marquer et il l&#39;a tr\u00e8s bien fait. Il a probablement choisi la solution la plus compliqu\u00e9e, mais le r\u00e9sultat a \u00e9t\u00e9 tr\u00e8s bon. \u00bb<\/p>\n<p><strong class=\"autotag\">Kylian Mbapp\u00e9<\/strong>Le premier but de la Ligue des champions pour le club a permis au Real Madrid de prendre l&#39;avantage au d\u00e9but de la deuxi\u00e8me p\u00e9riode, mais le score \u00e9tait de 1-1 \u00e0 la 68e minute lorsque <strong class=\"autotag\">Deniz Undav<\/strong> a trouv\u00e9 le fond du filet.<\/p>\n<p>Stuttgart semblait en bonne voie pour obtenir un point bienvenu lors de son premier match de la phase de championnat, mais <strong class=\"autotag\">Antonio R\u00fcdiger<\/strong> a marqu\u00e9 un deuxi\u00e8me but pour Los Blancos \u00e0 la 83e minute, avant qu&#39;Endrick n&#39;assure tous les points avec son but \u00e0 la cinqui\u00e8me minute du temps additionnel \u00e0 la fin des 90.<\/p>\n<p class=\"imgI\">\n<h2 class=\"k3\">Ancelotti admet que le Real Madrid est toujours \u00e0 la recherche de sa meilleure forme<\/h2>\n<p>\u00ab\u00a0Le titre de la soir\u00e9e pourrait \u00eatre : le Real Madrid a remport\u00e9 le premier match de ce nouveau format de Ligue des Champions, rien de plus\u00a0\u00bb, a ajout\u00e9 Ancelotti apr\u00e8s le match.<\/p>\n<p>\u00ab Nous sommes toujours \u00e0 la recherche de notre meilleure version et parfois nous avons bien fait. Quand nous avons marqu\u00e9, le match aurait pu \u00eatre termin\u00e9, mais apr\u00e8s le match nul, nous avons eu la force de gagner un match tr\u00e8s important.<\/p>\n<p>\u00ab Si quelqu&#39;un pense que gagner des matchs est facile, il a tort. J&#39;ai entra\u00een\u00e9 plus de 200 matchs de Ligue des champions et je ne me souviens d&#39;aucun d&#39;entre eux sans en souffrir. \u00bb<\/p>\n<p>Le Real Madrid a d\u00e9sormais remport\u00e9 ses trois derniers matches toutes comp\u00e9titions confondues, apr\u00e8s avoir enregistr\u00e9 des victoires cons\u00e9cutives en championnat contre le Real Betis et la Real Sociedad avant et apr\u00e8s la tr\u00eave internationale.<\/p>\n<p>L&#39;\u00e9quipe d&#39;Ancelotti a maintenant trois matches de championnat cons\u00e9cutifs contre l&#39;Espanyol, Alaves et l&#39;Atl\u00e9tico Madrid avant de reprendre sa campagne de Ligue des champions sur le terrain de l&#39;\u00e9quipe fran\u00e7aise de Lille le 2 octobre.<\/p>\n<\/div>\n<p><script async src=\"https:\/\/platform.twitter.com\/widgets.js\" charset=\"utf-8\"><\/script><\/p>\n","protected":false},"excerpt":{"rendered":"<p>Endrick est devenu le plus jeune buteur de l&#39;histoire du Real Madrid en Ligue des champions gr\u00e2ce \u00e0 son but contre Stuttgart mardi soir. Endrick<\/p>\n","protected":false},"author":1,"featured_media":13666,"comment_status":"closed","ping_status":"","sticky":false,"template":"","format":"standard","meta":{"footnotes":""},"categories":[4],"tags":[3319,108,20,4273,1157,303,4217,779,302,61,1760],"yoast_head":"<!-- This site is optimized with the Yoast SEO plugin v21.0 - https:\/\/yoast.com\/wordpress\/plugins\/seo\/ -->\n<title>Quel record le jeune prodige du Real Madrid, Endrick, a-t-il battu contre Stuttgart ?<\/title>\n<meta name=\"robots\" content=\"index, follow, max-snippet:-1, max-image-preview:large, max-video-preview:-1\" \/>\n<link rel=\"canonical\" href=\"https:\/\/footdavant.fr\/actualites\/quel-record-le-jeune-prodige-du-real-madrid-endrick-a-t-il-battu-contre-stuttgart\/\" \/>\n<meta property=\"og:locale\" content=\"fr_FR\" \/>\n<meta property=\"og:type\" content=\"article\" \/>\n<meta property=\"og:title\" content=\"Quel record le jeune prodige du Real Madrid, Endrick, a-t-il battu contre Stuttgart ?\" \/>\n<meta property=\"og:description\" content=\"Endrick est devenu le plus jeune buteur de l&#039;histoire du Real Madrid en Ligue des champions gr\u00e2ce \u00e0 son but contre Stuttgart mardi soir. Endrick\" \/>\n<meta property=\"og:url\" content=\"https:\/\/footdavant.fr\/actualites\/quel-record-le-jeune-prodige-du-real-madrid-endrick-a-t-il-battu-contre-stuttgart\/\" \/>\n<meta property=\"og:site_name\" content=\"Foot d&#039;avant\" \/>\n<meta property=\"article:publisher\" content=\"https:\/\/www.facebook.com\/Footdavant\/\" \/>\n<meta property=\"article:published_time\" content=\"2024-09-19T23:48:10+00:00\" \/>\n<meta property=\"article:modified_time\" content=\"2024-09-19T23:48:13+00:00\" \/>\n<meta property=\"og:image\" content=\"https:\/\/footdavant.fr\/actualites\/wp-content\/uploads\/2024\/09\/Quel-record-le-jeune-prodige-du-Real-Madrid-Endrick-a-t-il.jpeg\" \/>\n\t<meta property=\"og:image:width\" content=\"1280\" \/>\n\t<meta property=\"og:image:height\" content=\"960\" \/>\n\t<meta property=\"og:image:type\" content=\"image\/jpeg\" \/>\n<meta name=\"author\" content=\"Cl\u00e9ment\" \/>\n<meta name=\"twitter:card\" content=\"summary_large_image\" \/>\n<meta name=\"twitter:creator\" content=\"@FootdavantFr\" \/>\n<meta name=\"twitter:site\" content=\"@FootdavantFr\" \/>\n<meta name=\"twitter:label1\" content=\"\u00c9crit par\" \/>\n\t<meta name=\"twitter:data1\" content=\"Cl\u00e9ment\" \/>\n\t<meta name=\"twitter:label2\" content=\"Dur\u00e9e de lecture estim\u00e9e\" \/>\n\t<meta name=\"twitter:data2\" content=\"3 minutes\" \/>\n<script type=\"application\/ld+json\" class=\"yoast-schema-graph\">{\"@context\":\"https:\/\/schema.org\",\"@graph\":[{\"@type\":\"Article\",\"@id\":\"https:\/\/footdavant.fr\/actualites\/quel-record-le-jeune-prodige-du-real-madrid-endrick-a-t-il-battu-contre-stuttgart\/#article\",\"isPartOf\":{\"@id\":\"https:\/\/footdavant.fr\/actualites\/quel-record-le-jeune-prodige-du-real-madrid-endrick-a-t-il-battu-contre-stuttgart\/\"},\"author\":{\"name\":\"Cl\u00e9ment\",\"@id\":\"https:\/\/footdavant.fr\/actualites\/#\/schema\/person\/bc222566d95871b37e597b3ed3ba5e1d\"},\"headline\":\"Quel record le jeune prodige du Real Madrid, Endrick, a-t-il battu contre Stuttgart ?\",\"datePublished\":\"2024-09-19T23:48:10+00:00\",\"dateModified\":\"2024-09-19T23:48:13+00:00\",\"mainEntityOfPage\":{\"@id\":\"https:\/\/footdavant.fr\/actualites\/quel-record-le-jeune-prodige-du-real-madrid-endrick-a-t-il-battu-contre-stuttgart\/\"},\"wordCount\":688,\"publisher\":{\"@id\":\"https:\/\/footdavant.fr\/actualites\/#organization\"},\"keywords\":[\"atil\",\"battu\",\"contre\",\"Endrick\",\"jeune\",\"Madrid\",\"prodige\",\"quel\",\"Real\",\"record\",\"Stuttgart\"],\"articleSection\":[\"Champions League\"],\"inLanguage\":\"fr-FR\"},{\"@type\":\"WebPage\",\"@id\":\"https:\/\/footdavant.fr\/actualites\/quel-record-le-jeune-prodige-du-real-madrid-endrick-a-t-il-battu-contre-stuttgart\/\",\"url\":\"https:\/\/footdavant.fr\/actualites\/quel-record-le-jeune-prodige-du-real-madrid-endrick-a-t-il-battu-contre-stuttgart\/\",\"name\":\"Quel record le jeune prodige du Real Madrid, Endrick, a-t-il battu contre Stuttgart ?\",\"isPartOf\":{\"@id\":\"https:\/\/footdavant.fr\/actualites\/#website\"},\"datePublished\":\"2024-09-19T23:48:10+00:00\",\"dateModified\":\"2024-09-19T23:48:13+00:00\",\"breadcrumb\":{\"@id\":\"https:\/\/footdavant.fr\/actualites\/quel-record-le-jeune-prodige-du-real-madrid-endrick-a-t-il-battu-contre-stuttgart\/#breadcrumb\"},\"inLanguage\":\"fr-FR\",\"potentialAction\":[{\"@type\":\"ReadAction\",\"target\":[\"https:\/\/footdavant.fr\/actualites\/quel-record-le-jeune-prodige-du-real-madrid-endrick-a-t-il-battu-contre-stuttgart\/\"]}]},{\"@type\":\"BreadcrumbList\",\"@id\":\"https:\/\/footdavant.fr\/actualites\/quel-record-le-jeune-prodige-du-real-madrid-endrick-a-t-il-battu-contre-stuttgart\/#breadcrumb\",\"itemListElement\":[{\"@type\":\"ListItem\",\"position\":1,\"name\":\"Accueil\",\"item\":\"https:\/\/footdavant.fr\/actualites\/\"},{\"@type\":\"ListItem\",\"position\":2,\"name\":\"Quel record le jeune prodige du Real Madrid, Endrick, a-t-il battu contre Stuttgart ?\"}]},{\"@type\":\"WebSite\",\"@id\":\"https:\/\/footdavant.fr\/actualites\/#website\",\"url\":\"https:\/\/footdavant.fr\/actualites\/\",\"name\":\"Foot d'avant\",\"description\":\"\",\"publisher\":{\"@id\":\"https:\/\/footdavant.fr\/actualites\/#organization\"},\"potentialAction\":[{\"@type\":\"SearchAction\",\"target\":{\"@type\":\"EntryPoint\",\"urlTemplate\":\"https:\/\/footdavant.fr\/actualites\/?s={search_term_string}\"},\"query-input\":\"required name=search_term_string\"}],\"inLanguage\":\"fr-FR\"},{\"@type\":\"Organization\",\"@id\":\"https:\/\/footdavant.fr\/actualites\/#organization\",\"name\":\"Foot d'avant\",\"url\":\"https:\/\/footdavant.fr\/actualites\/\",\"logo\":{\"@type\":\"ImageObject\",\"inLanguage\":\"fr-FR\",\"@id\":\"https:\/\/footdavant.fr\/actualites\/#\/schema\/logo\/image\/\",\"url\":\"https:\/\/footdavant.fr\/actualites\/wp-content\/uploads\/2023\/09\/Copy-of-FootDavant-Logo.png\",\"contentUrl\":\"https:\/\/footdavant.fr\/actualites\/wp-content\/uploads\/2023\/09\/Copy-of-FootDavant-Logo.png\",\"width\":936,\"height\":549,\"caption\":\"Foot d'avant\"},\"image\":{\"@id\":\"https:\/\/footdavant.fr\/actualites\/#\/schema\/logo\/image\/\"},\"sameAs\":[\"https:\/\/www.facebook.com\/Footdavant\/\",\"https:\/\/twitter.com\/FootdavantFr\",\"https:\/\/www.instagram.com\/footdavant.fr\/\"]},{\"@type\":\"Person\",\"@id\":\"https:\/\/footdavant.fr\/actualites\/#\/schema\/person\/bc222566d95871b37e597b3ed3ba5e1d\",\"name\":\"Cl\u00e9ment\",\"image\":{\"@type\":\"ImageObject\",\"inLanguage\":\"fr-FR\",\"@id\":\"https:\/\/footdavant.fr\/actualites\/#\/schema\/person\/image\/\",\"url\":\"https:\/\/secure.gravatar.com\/avatar\/7728b29aac2719421e1a9159b2254c44?s=96&d=mm&r=g\",\"contentUrl\":\"https:\/\/secure.gravatar.com\/avatar\/7728b29aac2719421e1a9159b2254c44?s=96&d=mm&r=g\",\"caption\":\"Cl\u00e9ment\"},\"sameAs\":[\"https:\/\/footdavant.fr\/\"]}]}<\/script>\n<!-- \/ Yoast SEO plugin. -->","yoast_head_json":{"title":"Quel record le jeune prodige du Real Madrid, Endrick, a-t-il battu contre Stuttgart ?","robots":{"index":"index","follow":"follow","max-snippet":"max-snippet:-1","max-image-preview":"max-image-preview:large","max-video-preview":"max-video-preview:-1"},"canonical":"https:\/\/footdavant.fr\/actualites\/quel-record-le-jeune-prodige-du-real-madrid-endrick-a-t-il-battu-contre-stuttgart\/","og_locale":"fr_FR","og_type":"article","og_title":"Quel record le jeune prodige du Real Madrid, Endrick, a-t-il battu contre Stuttgart ?","og_description":"Endrick est devenu le plus jeune buteur de l&#39;histoire du Real Madrid en Ligue des champions gr\u00e2ce \u00e0 son but contre Stuttgart mardi soir. Endrick","og_url":"https:\/\/footdavant.fr\/actualites\/quel-record-le-jeune-prodige-du-real-madrid-endrick-a-t-il-battu-contre-stuttgart\/","og_site_name":"Foot d&#039;avant","article_publisher":"https:\/\/www.facebook.com\/Footdavant\/","article_published_time":"2024-09-19T23:48:10+00:00","article_modified_time":"2024-09-19T23:48:13+00:00","og_image":[{"width":1280,"height":960,"url":"https:\/\/footdavant.fr\/actualites\/wp-content\/uploads\/2024\/09\/Quel-record-le-jeune-prodige-du-Real-Madrid-Endrick-a-t-il.jpeg","type":"image\/jpeg"}],"author":"Cl\u00e9ment","twitter_card":"summary_large_image","twitter_creator":"@FootdavantFr","twitter_site":"@FootdavantFr","twitter_misc":{"\u00c9crit par":"Cl\u00e9ment","Dur\u00e9e de lecture estim\u00e9e":"3 minutes"},"schema":{"@context":"https:\/\/schema.org","@graph":[{"@type":"Article","@id":"https:\/\/footdavant.fr\/actualites\/quel-record-le-jeune-prodige-du-real-madrid-endrick-a-t-il-battu-contre-stuttgart\/#article","isPartOf":{"@id":"https:\/\/footdavant.fr\/actualites\/quel-record-le-jeune-prodige-du-real-madrid-endrick-a-t-il-battu-contre-stuttgart\/"},"author":{"name":"Cl\u00e9ment","@id":"https:\/\/footdavant.fr\/actualites\/#\/schema\/person\/bc222566d95871b37e597b3ed3ba5e1d"},"headline":"Quel record le jeune prodige du Real Madrid, Endrick, a-t-il battu contre Stuttgart ?","datePublished":"2024-09-19T23:48:10+00:00","dateModified":"2024-09-19T23:48:13+00:00","mainEntityOfPage":{"@id":"https:\/\/footdavant.fr\/actualites\/quel-record-le-jeune-prodige-du-real-madrid-endrick-a-t-il-battu-contre-stuttgart\/"},"wordCount":688,"publisher":{"@id":"https:\/\/footdavant.fr\/actualites\/#organization"},"keywords":["atil","battu","contre","Endrick","jeune","Madrid","prodige","quel","Real","record","Stuttgart"],"articleSection":["Champions League"],"inLanguage":"fr-FR"},{"@type":"WebPage","@id":"https:\/\/footdavant.fr\/actualites\/quel-record-le-jeune-prodige-du-real-madrid-endrick-a-t-il-battu-contre-stuttgart\/","url":"https:\/\/footdavant.fr\/actualites\/quel-record-le-jeune-prodige-du-real-madrid-endrick-a-t-il-battu-contre-stuttgart\/","name":"Quel record le jeune prodige du Real Madrid, Endrick, a-t-il battu contre Stuttgart ?","isPartOf":{"@id":"https:\/\/footdavant.fr\/actualites\/#website"},"datePublished":"2024-09-19T23:48:10+00:00","dateModified":"2024-09-19T23:48:13+00:00","breadcrumb":{"@id":"https:\/\/footdavant.fr\/actualites\/quel-record-le-jeune-prodige-du-real-madrid-endrick-a-t-il-battu-contre-stuttgart\/#breadcrumb"},"inLanguage":"fr-FR","potentialAction":[{"@type":"ReadAction","target":["https:\/\/footdavant.fr\/actualites\/quel-record-le-jeune-prodige-du-real-madrid-endrick-a-t-il-battu-contre-stuttgart\/"]}]},{"@type":"BreadcrumbList","@id":"https:\/\/footdavant.fr\/actualites\/quel-record-le-jeune-prodige-du-real-madrid-endrick-a-t-il-battu-contre-stuttgart\/#breadcrumb","itemListElement":[{"@type":"ListItem","position":1,"name":"Accueil","item":"https:\/\/footdavant.fr\/actualites\/"},{"@type":"ListItem","position":2,"name":"Quel record le jeune prodige du Real Madrid, Endrick, a-t-il battu contre Stuttgart ?"}]},{"@type":"WebSite","@id":"https:\/\/footdavant.fr\/actualites\/#website","url":"https:\/\/footdavant.fr\/actualites\/","name":"Foot d'avant","description":"","publisher":{"@id":"https:\/\/footdavant.fr\/actualites\/#organization"},"potentialAction":[{"@type":"SearchAction","target":{"@type":"EntryPoint","urlTemplate":"https:\/\/footdavant.fr\/actualites\/?s={search_term_string}"},"query-input":"required name=search_term_string"}],"inLanguage":"fr-FR"},{"@type":"Organization","@id":"https:\/\/footdavant.fr\/actualites\/#organization","name":"Foot d'avant","url":"https:\/\/footdavant.fr\/actualites\/","logo":{"@type":"ImageObject","inLanguage":"fr-FR","@id":"https:\/\/footdavant.fr\/actualites\/#\/schema\/logo\/image\/","url":"https:\/\/footdavant.fr\/actualites\/wp-content\/uploads\/2023\/09\/Copy-of-FootDavant-Logo.png","contentUrl":"https:\/\/footdavant.fr\/actualites\/wp-content\/uploads\/2023\/09\/Copy-of-FootDavant-Logo.png","width":936,"height":549,"caption":"Foot d'avant"},"image":{"@id":"https:\/\/footdavant.fr\/actualites\/#\/schema\/logo\/image\/"},"sameAs":["https:\/\/www.facebook.com\/Footdavant\/","https:\/\/twitter.com\/FootdavantFr","https:\/\/www.instagram.com\/footdavant.fr\/"]},{"@type":"Person","@id":"https:\/\/footdavant.fr\/actualites\/#\/schema\/person\/bc222566d95871b37e597b3ed3ba5e1d","name":"Cl\u00e9ment","image":{"@type":"ImageObject","inLanguage":"fr-FR","@id":"https:\/\/footdavant.fr\/actualites\/#\/schema\/person\/image\/","url":"https:\/\/secure.gravatar.com\/avatar\/7728b29aac2719421e1a9159b2254c44?s=96&d=mm&r=g","contentUrl":"https:\/\/secure.gravatar.com\/avatar\/7728b29aac2719421e1a9159b2254c44?s=96&d=mm&r=g","caption":"Cl\u00e9ment"},"sameAs":["https:\/\/footdavant.fr\/"]}]}},"_links":{"self":[{"href":"https:\/\/footdavant.fr\/actualites\/wp-json\/wp\/v2\/posts\/13665"}],"collection":[{"href":"https:\/\/footdavant.fr\/actualites\/wp-json\/wp\/v2\/posts"}],"about":[{"href":"https:\/\/footdavant.fr\/actualites\/wp-json\/wp\/v2\/types\/post"}],"author":[{"embeddable":true,"href":"https:\/\/footdavant.fr\/actualites\/wp-json\/wp\/v2\/users\/1"}],"replies":[{"embeddable":true,"href":"https:\/\/footdavant.fr\/actualites\/wp-json\/wp\/v2\/comments?post=13665"}],"version-history":[{"count":1,"href":"https:\/\/footdavant.fr\/actualites\/wp-json\/wp\/v2\/posts\/13665\/revisions"}],"predecessor-version":[{"id":13667,"href":"https:\/\/footdavant.fr\/actualites\/wp-json\/wp\/v2\/posts\/13665\/revisions\/13667"}],"wp:featuredmedia":[{"embeddable":true,"href":"https:\/\/footdavant.fr\/actualites\/wp-json\/wp\/v2\/media\/13666"}],"wp:attachment":[{"href":"https:\/\/footdavant.fr\/actualites\/wp-json\/wp\/v2\/media?parent=13665"}],"wp:term":[{"taxonomy":"category","embeddable":true,"href":"https:\/\/footdavant.fr\/actualites\/wp-json\/wp\/v2\/categories?post=13665"},{"taxonomy":"post_tag","embeddable":true,"href":"https:\/\/footdavant.fr\/actualites\/wp-json\/wp\/v2\/tags?post=13665"}],"curies":[{"name":"wp","href":"https:\/\/api.w.org\/{rel}","templated":true}]}}