{"id":13671,"date":"2024-09-20T04:51:36","date_gmt":"2024-09-20T02:51:36","guid":{"rendered":"https:\/\/footdavant.fr\/actualites\/decisions-de-selection-pour-latalanta-mise-a-jour-sur-la-blessure-dodegaard\/"},"modified":"2024-09-20T04:51:38","modified_gmt":"2024-09-20T02:51:38","slug":"decisions-de-selection-pour-latalanta-mise-a-jour-sur-la-blessure-dodegaard","status":"publish","type":"post","link":"https:\/\/footdavant.fr\/actualites\/decisions-de-selection-pour-latalanta-mise-a-jour-sur-la-blessure-dodegaard\/","title":{"rendered":"D\u00e9cisions de s\u00e9lection pour l&#39;Atalanta + mise \u00e0 jour sur la blessure d&#39;Odegaard"},"content":{"rendered":"<div>\n<p>Matin.<\/p>\n<p>Ce soir, nous entamons la Ligue des champions face \u00e0 l&#39;Atalanta, vainqueur de la Ligue Europa la saison derni\u00e8re. Le nouveau format compliqu\u00e9 a fait l&#39;objet de discussions, c&#39;est une Super League par procuration, mais l&#39;id\u00e9e de jouer encore un jeudi &#8211; surtout avec un gros match le dimanche &#8211; est un peu p\u00e9nible.<\/p>\n<p>Pour ce soir, je pense que Mikel Arteta devra prendre quelques d\u00e9cisions concernant son onze de d\u00e9part. Je crains de trop demander \u00e0 Jurrien Timber apr\u00e8s qu&#39;il ait pass\u00e9 la saison derni\u00e8re sur la touche \u00e0 cause d&#39;une blessure au ligament crois\u00e9 ant\u00e9rieur. Il a d\u00e9j\u00e0 quatre matchs \u00e0 son actif jusqu&#39;\u00e0 pr\u00e9sent, plus quelques missions internationales \u00e9galement, et avec Manchester City \u00e0 l&#39;horizon, je serais enclin \u00e0 \u00eatre prudent avec lui pour celui-ci.<\/p>\n<p>Les options ne sont pas mauvaises, pour \u00eatre honn\u00eate. Riccardo Calafiori est de retour dans le groupe, et lui donner sa premi\u00e8re titularisation en Italie a du sens \u2013 en supposant qu&#39;il soit suffisamment en forme pour le faire. Il y a aussi Jakub Kiwior qui pr\u00e9senterait un rempla\u00e7ant peu int\u00e9ressant mais parfaitement utilisable. Vous pouvez toujours faire entrer Timber plus tard si vous en avez besoin, mais je serais un peu inquiet de le faire jouer ce soir apr\u00e8s 90 minutes \u00e9puisantes dans le derby, et de m&#39;attendre \u00e0 ce qu&#39;il soit en pleine forme pour dimanche.<\/p>\n<p>Au milieu de terrain, Declan Rice fera son retour, ce qui signifie que Jorginho ou Thomas Partey ne joueront probablement pas. Encore une fois, on se demande si dimanche entre en jeu. Partey est le choix d&#39;Arteta pour ce poste, comme l&#39;ont montr\u00e9 les d\u00e9cisions de s\u00e9lection r\u00e9centes, mais ces jambes &#8211; qui ne sont clairement plus ce qu&#39;elles \u00e9taient &#8211; peuvent-elles faire trois d\u00e9parts en une semaine ? Peut-\u00eatre que c&#39;est Jorginho qui devrait commencer, la question est alors de savoir qui remplira le r\u00f4le d&#39;Odegaard si c&#39;est ainsi que nous nous sommes organis\u00e9s. Ce pourrait \u00eatre un syst\u00e8me similaire \u00e0 celui que nous avons d\u00e9ploy\u00e9 \u00e0 White Hart Lane.<\/p>\n<p>Sans rien prendre pour acquis, car l&#39;Atalanta est une bonne \u00e9quipe qui peut poser des probl\u00e8mes \u00e0 n&#39;importe qui dans ses meilleurs jours, je pense que des matchs comme celui-ci sont ceux pour lesquels Arteta devrait penser \u00e0 utiliser toute la profondeur de son effectif. S&#39;il \u00e9tait enclin \u00e0 \u00ab\u00a0mettre au repos\u00a0\u00bb Gabriel Martinelli et Bukayo Saka, il peut le faire avec le confort de Gabriel Jesus et Raheem Sterling \u00e0 sa disposition. Ce ne sont pas de mauvais joueurs \u00e0 avoir, et avec tout le respect que je dois \u00e0 Reiss Nelson et autres, la baisse de r\u00e9gime n&#39;est pas la m\u00eame que s&#39;il avait voulu le faire la saison derni\u00e8re.<\/p>\n<p>Je pense que la mani\u00e8re dont nous g\u00e9rerons notre \u00e9quipe jouera un r\u00f4le important dans le succ\u00e8s ou non de cette saison. Nous avons d\u00e9j\u00e0 une litanie de blessures, et m\u00eame si je pense que c&#39;est quelque chose qui nous pr\u00e9occupe plus en tant que fans que les managers ou les joueurs, avoir des options de qualit\u00e9 vous permet d&#39;att\u00e9nuer certains risques. Je pense qu&#39;au moins l&#39;un des deux joueurs sera titulaire, mais je ne serais pas oppos\u00e9 \u00e0 voir des alternatives. Nous les avons sur le banc si nous en avons besoin, apr\u00e8s tout.<\/p>\n<p>S&#39;exprimant avant le match, on a demand\u00e9 \u00e0 Arteta s&#39;il allait faire tourner l&#39;\u00e9quipe, et il a minimis\u00e9 l&#39;id\u00e9e en d\u00e9clarant :<\/p>\n<blockquote>\n<p>Non, nous sommes en septembre, donc nous devons aligner les joueurs que nous consid\u00e9rons comme les meilleurs pour gagner demain. C&#39;est la chose la plus importante et la seule chose pour nous.<\/p>\n<\/blockquote>\n<p>Et sur l&#39;opposition de ce soir :<\/p>\n<blockquote>\n<p>C&#39;est tr\u00e8s difficile de jouer contre eux. Ils ont un style de jeu particulier que l&#39;on retrouve semaine apr\u00e8s semaine et c&#39;est tr\u00e8s difficile pour les adversaires qui les affrontent. Au cours des deux derni\u00e8res saisons, la Premier League a beaucoup chang\u00e9, vous avez beaucoup d&#39;\u00e9quipes qui font des choses similaires \u00e0 elles et nous devons \u00eatre pr\u00eats pour demain.<\/p>\n<\/blockquote>\n<p>Ce sera donc une soir\u00e9e difficile. L&#39;Atalanta ne nous laissera pas un instant de r\u00e9pit, mais un syst\u00e8me \u00e0 haut risque et \u00e0 haute r\u00e9compense peut \u00eatre exploit\u00e9. Esp\u00e9rons que nous pourrons y parvenir. Pour en savoir un peu plus sur eux et sur notre s\u00e9lection potentielle d&#39;\u00e9quipe, nous avons un podcast d&#39;aper\u00e7u pour vous sur Patreon, et vous pourrez nous rejoindre plus tard pour une couverture en direct du blog et toutes les informations d&#39;apr\u00e8s-match sur Arseblog News.<\/p>\n<p>\u2014<\/p>\n<p>L&#39;autre \u00e9l\u00e9ment digne d&#39;int\u00e9r\u00eat de la conf\u00e9rence de presse concernait l&#39;\u00e9tat de sant\u00e9 de Martin Odegaard. Les informations sont rest\u00e9es assez confidentielles jusqu&#39;\u00e0 pr\u00e9sent, mais le manager a confirm\u00e9 que la blessure \u00e9tait \u00ab importante \u00bb, en d\u00e9clarant :<\/p>\n<blockquote>\n<p>Apr\u00e8s avoir tout examin\u00e9, ils ont montr\u00e9 qu&#39;il y avait des d\u00e9g\u00e2ts, notamment sur un ligament de la cheville, donc nous allons le perdre. Je ne veux pas donner de d\u00e9lai car je ne suis pas m\u00e9decin, mais c&#39;est quelque chose d&#39;assez important, donc nous allons le perdre pendant un certain temps. J&#39;esp\u00e8re que ce ne sera pas pour des mois, mais nous verrons.<\/p>\n<\/blockquote>\n<p>Ce n&#39;est pas du tout inattendu, pour \u00eatre honn\u00eate, mais c&#39;est quand m\u00eame un vrai plaisir d&#39;avoir cette confirmation. On peut juste esp\u00e9rer que son retour soit positif et qu&#39;en attendant, comme on l&#39;a vu dimanche, ses co\u00e9quipiers prennent le relais et nous aident \u00e0 gagner des matchs en son absence. C&#39;est le genre de joueur qui manquerait \u00e0 n&#39;importe quelle \u00e9quipe, mais on ne peut rien faire d&#39;autre que de se mettre au travail et d&#39;essayer de faire de son mieux.<\/p>\n<p>Arteta a poursuivi :<\/p>\n<blockquote>\n<p>Il faut le montrer. C&#39;est notre capitaine, c&#39;est l&#39;un de nos plus grands joueurs. Il a \u00e9t\u00e9 l&#39;un des joueurs les plus r\u00e9guliers ces deux ou trois derni\u00e8res saisons. Notre identit\u00e9 est tr\u00e8s li\u00e9e \u00e0 sa fa\u00e7on de jouer et \u00e0 sa fa\u00e7on de se comporter. Il va falloir faire avec, et c&#39;est aussi un excellent test pour l&#39;\u00e9quipe : dans quelle mesure nous sommes capables de montrer un visage diff\u00e9rent. Le fait est que nous avons d&#39;autres joueurs et d&#39;autres options qui peuvent \u00eatre tr\u00e8s efficaces.<\/p>\n<\/blockquote>\n<p>Je pense vraiment que c&#39;est le seul message public qu&#39;il puisse envoyer, quoi qu&#39;il puisse en penser en priv\u00e9, et ce soir sera un autre test sans le capitaine. Je me souviens du match de la saison derni\u00e8re contre Porto o\u00f9 tout s&#39;est d\u00e9cid\u00e9 sur un moment que seul Odegaard aurait probablement pu produire, mais ce n&#39;est pas le seul genre de moment que l&#39;on peut avoir, et esp\u00e9rons que d&#39;autres se montreront \u00e0 la hauteur jusqu&#39;\u00e0 ce qu&#39;il soit de nouveau en forme.<\/p>\n<p>Bon, laissons \u00e7a l\u00e0 pour le moment. Je te retrouve plus tard pour le match. Allez les Reds !<\/p>\n<\/div>\n","protected":false},"excerpt":{"rendered":"<p>Matin. Ce soir, nous entamons la Ligue des champions face \u00e0 l&#39;Atalanta, vainqueur de la Ligue Europa la saison derni\u00e8re. Le nouveau format compliqu\u00e9 a<\/p>\n","protected":false},"author":1,"featured_media":13672,"comment_status":"closed","ping_status":"","sticky":false,"template":"","format":"standard","meta":{"footnotes":""},"categories":[3],"tags":[15,6373,3408,328,4547,327,51,1457,103],"yoast_head":"<!-- This site is optimized with the Yoast SEO plugin v21.0 - https:\/\/yoast.com\/wordpress\/plugins\/seo\/ -->\n<title>D\u00e9cisions de s\u00e9lection pour l&#039;Atalanta + mise \u00e0 jour sur la blessure d&#039;Odegaard<\/title>\n<meta name=\"robots\" content=\"index, follow, max-snippet:-1, max-image-preview:large, max-video-preview:-1\" \/>\n<link rel=\"canonical\" href=\"https:\/\/footdavant.fr\/actualites\/decisions-de-selection-pour-latalanta-mise-a-jour-sur-la-blessure-dodegaard\/\" \/>\n<meta property=\"og:locale\" content=\"fr_FR\" \/>\n<meta property=\"og:type\" content=\"article\" \/>\n<meta property=\"og:title\" content=\"D\u00e9cisions de s\u00e9lection pour l&#039;Atalanta + mise \u00e0 jour sur la blessure d&#039;Odegaard\" \/>\n<meta property=\"og:description\" content=\"Matin. Ce soir, nous entamons la Ligue des champions face \u00e0 l&#039;Atalanta, vainqueur de la Ligue Europa la saison derni\u00e8re. Le nouveau format compliqu\u00e9 a\" \/>\n<meta property=\"og:url\" content=\"https:\/\/footdavant.fr\/actualites\/decisions-de-selection-pour-latalanta-mise-a-jour-sur-la-blessure-dodegaard\/\" \/>\n<meta property=\"og:site_name\" content=\"Foot d&#039;avant\" \/>\n<meta property=\"article:publisher\" content=\"https:\/\/www.facebook.com\/Footdavant\/\" \/>\n<meta property=\"article:published_time\" content=\"2024-09-20T02:51:36+00:00\" \/>\n<meta property=\"article:modified_time\" content=\"2024-09-20T02:51:38+00:00\" \/>\n<meta property=\"og:image\" content=\"https:\/\/footdavant.fr\/actualites\/wp-content\/uploads\/2024\/09\/Decisions-de-selection-pour-l39Atalanta-mise-a-jour-sur.jpg\" \/>\n\t<meta property=\"og:image:width\" content=\"1500\" \/>\n\t<meta property=\"og:image:height\" content=\"750\" \/>\n\t<meta property=\"og:image:type\" content=\"image\/jpeg\" \/>\n<meta name=\"author\" content=\"Cl\u00e9ment\" \/>\n<meta name=\"twitter:card\" content=\"summary_large_image\" \/>\n<meta name=\"twitter:creator\" content=\"@FootdavantFr\" \/>\n<meta name=\"twitter:site\" content=\"@FootdavantFr\" \/>\n<meta name=\"twitter:label1\" content=\"\u00c9crit par\" \/>\n\t<meta name=\"twitter:data1\" content=\"Cl\u00e9ment\" \/>\n\t<meta name=\"twitter:label2\" content=\"Dur\u00e9e de lecture estim\u00e9e\" \/>\n\t<meta name=\"twitter:data2\" content=\"6 minutes\" \/>\n<script type=\"application\/ld+json\" class=\"yoast-schema-graph\">{\"@context\":\"https:\/\/schema.org\",\"@graph\":[{\"@type\":\"Article\",\"@id\":\"https:\/\/footdavant.fr\/actualites\/decisions-de-selection-pour-latalanta-mise-a-jour-sur-la-blessure-dodegaard\/#article\",\"isPartOf\":{\"@id\":\"https:\/\/footdavant.fr\/actualites\/decisions-de-selection-pour-latalanta-mise-a-jour-sur-la-blessure-dodegaard\/\"},\"author\":{\"name\":\"Cl\u00e9ment\",\"@id\":\"https:\/\/footdavant.fr\/actualites\/#\/schema\/person\/bc222566d95871b37e597b3ed3ba5e1d\"},\"headline\":\"D\u00e9cisions de s\u00e9lection pour l&#39;Atalanta + mise \u00e0 jour sur la blessure d&#39;Odegaard\",\"datePublished\":\"2024-09-20T02:51:36+00:00\",\"dateModified\":\"2024-09-20T02:51:38+00:00\",\"mainEntityOfPage\":{\"@id\":\"https:\/\/footdavant.fr\/actualites\/decisions-de-selection-pour-latalanta-mise-a-jour-sur-la-blessure-dodegaard\/\"},\"wordCount\":1256,\"publisher\":{\"@id\":\"https:\/\/footdavant.fr\/actualites\/#organization\"},\"keywords\":[\"Blessure\",\"d39Odegaard\",\"d\u00e9cisions\",\"jour\",\"l39Atalanta\",\"mise\",\"pour\",\"s\u00e9lection\",\"sur\"],\"articleSection\":[\"Football\"],\"inLanguage\":\"fr-FR\"},{\"@type\":\"WebPage\",\"@id\":\"https:\/\/footdavant.fr\/actualites\/decisions-de-selection-pour-latalanta-mise-a-jour-sur-la-blessure-dodegaard\/\",\"url\":\"https:\/\/footdavant.fr\/actualites\/decisions-de-selection-pour-latalanta-mise-a-jour-sur-la-blessure-dodegaard\/\",\"name\":\"D\u00e9cisions de s\u00e9lection pour l&#39;Atalanta + mise \u00e0 jour sur la blessure d&#39;Odegaard\",\"isPartOf\":{\"@id\":\"https:\/\/footdavant.fr\/actualites\/#website\"},\"datePublished\":\"2024-09-20T02:51:36+00:00\",\"dateModified\":\"2024-09-20T02:51:38+00:00\",\"breadcrumb\":{\"@id\":\"https:\/\/footdavant.fr\/actualites\/decisions-de-selection-pour-latalanta-mise-a-jour-sur-la-blessure-dodegaard\/#breadcrumb\"},\"inLanguage\":\"fr-FR\",\"potentialAction\":[{\"@type\":\"ReadAction\",\"target\":[\"https:\/\/footdavant.fr\/actualites\/decisions-de-selection-pour-latalanta-mise-a-jour-sur-la-blessure-dodegaard\/\"]}]},{\"@type\":\"BreadcrumbList\",\"@id\":\"https:\/\/footdavant.fr\/actualites\/decisions-de-selection-pour-latalanta-mise-a-jour-sur-la-blessure-dodegaard\/#breadcrumb\",\"itemListElement\":[{\"@type\":\"ListItem\",\"position\":1,\"name\":\"Accueil\",\"item\":\"https:\/\/footdavant.fr\/actualites\/\"},{\"@type\":\"ListItem\",\"position\":2,\"name\":\"D\u00e9cisions de s\u00e9lection pour l&#39;Atalanta + mise \u00e0 jour sur la blessure d&#39;Odegaard\"}]},{\"@type\":\"WebSite\",\"@id\":\"https:\/\/footdavant.fr\/actualites\/#website\",\"url\":\"https:\/\/footdavant.fr\/actualites\/\",\"name\":\"Foot d'avant\",\"description\":\"\",\"publisher\":{\"@id\":\"https:\/\/footdavant.fr\/actualites\/#organization\"},\"potentialAction\":[{\"@type\":\"SearchAction\",\"target\":{\"@type\":\"EntryPoint\",\"urlTemplate\":\"https:\/\/footdavant.fr\/actualites\/?s={search_term_string}\"},\"query-input\":\"required name=search_term_string\"}],\"inLanguage\":\"fr-FR\"},{\"@type\":\"Organization\",\"@id\":\"https:\/\/footdavant.fr\/actualites\/#organization\",\"name\":\"Foot d'avant\",\"url\":\"https:\/\/footdavant.fr\/actualites\/\",\"logo\":{\"@type\":\"ImageObject\",\"inLanguage\":\"fr-FR\",\"@id\":\"https:\/\/footdavant.fr\/actualites\/#\/schema\/logo\/image\/\",\"url\":\"https:\/\/footdavant.fr\/actualites\/wp-content\/uploads\/2023\/09\/Copy-of-FootDavant-Logo.png\",\"contentUrl\":\"https:\/\/footdavant.fr\/actualites\/wp-content\/uploads\/2023\/09\/Copy-of-FootDavant-Logo.png\",\"width\":936,\"height\":549,\"caption\":\"Foot d'avant\"},\"image\":{\"@id\":\"https:\/\/footdavant.fr\/actualites\/#\/schema\/logo\/image\/\"},\"sameAs\":[\"https:\/\/www.facebook.com\/Footdavant\/\",\"https:\/\/twitter.com\/FootdavantFr\",\"https:\/\/www.instagram.com\/footdavant.fr\/\"]},{\"@type\":\"Person\",\"@id\":\"https:\/\/footdavant.fr\/actualites\/#\/schema\/person\/bc222566d95871b37e597b3ed3ba5e1d\",\"name\":\"Cl\u00e9ment\",\"image\":{\"@type\":\"ImageObject\",\"inLanguage\":\"fr-FR\",\"@id\":\"https:\/\/footdavant.fr\/actualites\/#\/schema\/person\/image\/\",\"url\":\"https:\/\/secure.gravatar.com\/avatar\/7728b29aac2719421e1a9159b2254c44?s=96&d=mm&r=g\",\"contentUrl\":\"https:\/\/secure.gravatar.com\/avatar\/7728b29aac2719421e1a9159b2254c44?s=96&d=mm&r=g\",\"caption\":\"Cl\u00e9ment\"},\"sameAs\":[\"https:\/\/footdavant.fr\/\"]}]}<\/script>\n<!-- \/ Yoast SEO plugin. -->","yoast_head_json":{"title":"D\u00e9cisions de s\u00e9lection pour l&#39;Atalanta + mise \u00e0 jour sur la blessure d&#39;Odegaard","robots":{"index":"index","follow":"follow","max-snippet":"max-snippet:-1","max-image-preview":"max-image-preview:large","max-video-preview":"max-video-preview:-1"},"canonical":"https:\/\/footdavant.fr\/actualites\/decisions-de-selection-pour-latalanta-mise-a-jour-sur-la-blessure-dodegaard\/","og_locale":"fr_FR","og_type":"article","og_title":"D\u00e9cisions de s\u00e9lection pour l&#39;Atalanta + mise \u00e0 jour sur la blessure d&#39;Odegaard","og_description":"Matin. Ce soir, nous entamons la Ligue des champions face \u00e0 l&#39;Atalanta, vainqueur de la Ligue Europa la saison derni\u00e8re. Le nouveau format compliqu\u00e9 a","og_url":"https:\/\/footdavant.fr\/actualites\/decisions-de-selection-pour-latalanta-mise-a-jour-sur-la-blessure-dodegaard\/","og_site_name":"Foot d&#039;avant","article_publisher":"https:\/\/www.facebook.com\/Footdavant\/","article_published_time":"2024-09-20T02:51:36+00:00","article_modified_time":"2024-09-20T02:51:38+00:00","og_image":[{"width":1500,"height":750,"url":"https:\/\/footdavant.fr\/actualites\/wp-content\/uploads\/2024\/09\/Decisions-de-selection-pour-l39Atalanta-mise-a-jour-sur.jpg","type":"image\/jpeg"}],"author":"Cl\u00e9ment","twitter_card":"summary_large_image","twitter_creator":"@FootdavantFr","twitter_site":"@FootdavantFr","twitter_misc":{"\u00c9crit par":"Cl\u00e9ment","Dur\u00e9e de lecture estim\u00e9e":"6 minutes"},"schema":{"@context":"https:\/\/schema.org","@graph":[{"@type":"Article","@id":"https:\/\/footdavant.fr\/actualites\/decisions-de-selection-pour-latalanta-mise-a-jour-sur-la-blessure-dodegaard\/#article","isPartOf":{"@id":"https:\/\/footdavant.fr\/actualites\/decisions-de-selection-pour-latalanta-mise-a-jour-sur-la-blessure-dodegaard\/"},"author":{"name":"Cl\u00e9ment","@id":"https:\/\/footdavant.fr\/actualites\/#\/schema\/person\/bc222566d95871b37e597b3ed3ba5e1d"},"headline":"D\u00e9cisions de s\u00e9lection pour l&#39;Atalanta + mise \u00e0 jour sur la blessure d&#39;Odegaard","datePublished":"2024-09-20T02:51:36+00:00","dateModified":"2024-09-20T02:51:38+00:00","mainEntityOfPage":{"@id":"https:\/\/footdavant.fr\/actualites\/decisions-de-selection-pour-latalanta-mise-a-jour-sur-la-blessure-dodegaard\/"},"wordCount":1256,"publisher":{"@id":"https:\/\/footdavant.fr\/actualites\/#organization"},"keywords":["Blessure","d39Odegaard","d\u00e9cisions","jour","l39Atalanta","mise","pour","s\u00e9lection","sur"],"articleSection":["Football"],"inLanguage":"fr-FR"},{"@type":"WebPage","@id":"https:\/\/footdavant.fr\/actualites\/decisions-de-selection-pour-latalanta-mise-a-jour-sur-la-blessure-dodegaard\/","url":"https:\/\/footdavant.fr\/actualites\/decisions-de-selection-pour-latalanta-mise-a-jour-sur-la-blessure-dodegaard\/","name":"D\u00e9cisions de s\u00e9lection pour l&#39;Atalanta + mise \u00e0 jour sur la blessure d&#39;Odegaard","isPartOf":{"@id":"https:\/\/footdavant.fr\/actualites\/#website"},"datePublished":"2024-09-20T02:51:36+00:00","dateModified":"2024-09-20T02:51:38+00:00","breadcrumb":{"@id":"https:\/\/footdavant.fr\/actualites\/decisions-de-selection-pour-latalanta-mise-a-jour-sur-la-blessure-dodegaard\/#breadcrumb"},"inLanguage":"fr-FR","potentialAction":[{"@type":"ReadAction","target":["https:\/\/footdavant.fr\/actualites\/decisions-de-selection-pour-latalanta-mise-a-jour-sur-la-blessure-dodegaard\/"]}]},{"@type":"BreadcrumbList","@id":"https:\/\/footdavant.fr\/actualites\/decisions-de-selection-pour-latalanta-mise-a-jour-sur-la-blessure-dodegaard\/#breadcrumb","itemListElement":[{"@type":"ListItem","position":1,"name":"Accueil","item":"https:\/\/footdavant.fr\/actualites\/"},{"@type":"ListItem","position":2,"name":"D\u00e9cisions de s\u00e9lection pour l&#39;Atalanta + mise \u00e0 jour sur la blessure d&#39;Odegaard"}]},{"@type":"WebSite","@id":"https:\/\/footdavant.fr\/actualites\/#website","url":"https:\/\/footdavant.fr\/actualites\/","name":"Foot d'avant","description":"","publisher":{"@id":"https:\/\/footdavant.fr\/actualites\/#organization"},"potentialAction":[{"@type":"SearchAction","target":{"@type":"EntryPoint","urlTemplate":"https:\/\/footdavant.fr\/actualites\/?s={search_term_string}"},"query-input":"required name=search_term_string"}],"inLanguage":"fr-FR"},{"@type":"Organization","@id":"https:\/\/footdavant.fr\/actualites\/#organization","name":"Foot d'avant","url":"https:\/\/footdavant.fr\/actualites\/","logo":{"@type":"ImageObject","inLanguage":"fr-FR","@id":"https:\/\/footdavant.fr\/actualites\/#\/schema\/logo\/image\/","url":"https:\/\/footdavant.fr\/actualites\/wp-content\/uploads\/2023\/09\/Copy-of-FootDavant-Logo.png","contentUrl":"https:\/\/footdavant.fr\/actualites\/wp-content\/uploads\/2023\/09\/Copy-of-FootDavant-Logo.png","width":936,"height":549,"caption":"Foot d'avant"},"image":{"@id":"https:\/\/footdavant.fr\/actualites\/#\/schema\/logo\/image\/"},"sameAs":["https:\/\/www.facebook.com\/Footdavant\/","https:\/\/twitter.com\/FootdavantFr","https:\/\/www.instagram.com\/footdavant.fr\/"]},{"@type":"Person","@id":"https:\/\/footdavant.fr\/actualites\/#\/schema\/person\/bc222566d95871b37e597b3ed3ba5e1d","name":"Cl\u00e9ment","image":{"@type":"ImageObject","inLanguage":"fr-FR","@id":"https:\/\/footdavant.fr\/actualites\/#\/schema\/person\/image\/","url":"https:\/\/secure.gravatar.com\/avatar\/7728b29aac2719421e1a9159b2254c44?s=96&d=mm&r=g","contentUrl":"https:\/\/secure.gravatar.com\/avatar\/7728b29aac2719421e1a9159b2254c44?s=96&d=mm&r=g","caption":"Cl\u00e9ment"},"sameAs":["https:\/\/footdavant.fr\/"]}]}},"_links":{"self":[{"href":"https:\/\/footdavant.fr\/actualites\/wp-json\/wp\/v2\/posts\/13671"}],"collection":[{"href":"https:\/\/footdavant.fr\/actualites\/wp-json\/wp\/v2\/posts"}],"about":[{"href":"https:\/\/footdavant.fr\/actualites\/wp-json\/wp\/v2\/types\/post"}],"author":[{"embeddable":true,"href":"https:\/\/footdavant.fr\/actualites\/wp-json\/wp\/v2\/users\/1"}],"replies":[{"embeddable":true,"href":"https:\/\/footdavant.fr\/actualites\/wp-json\/wp\/v2\/comments?post=13671"}],"version-history":[{"count":1,"href":"https:\/\/footdavant.fr\/actualites\/wp-json\/wp\/v2\/posts\/13671\/revisions"}],"predecessor-version":[{"id":13673,"href":"https:\/\/footdavant.fr\/actualites\/wp-json\/wp\/v2\/posts\/13671\/revisions\/13673"}],"wp:featuredmedia":[{"embeddable":true,"href":"https:\/\/footdavant.fr\/actualites\/wp-json\/wp\/v2\/media\/13672"}],"wp:attachment":[{"href":"https:\/\/footdavant.fr\/actualites\/wp-json\/wp\/v2\/media?parent=13671"}],"wp:term":[{"taxonomy":"category","embeddable":true,"href":"https:\/\/footdavant.fr\/actualites\/wp-json\/wp\/v2\/categories?post=13671"},{"taxonomy":"post_tag","embeddable":true,"href":"https:\/\/footdavant.fr\/actualites\/wp-json\/wp\/v2\/tags?post=13671"}],"curies":[{"name":"wp","href":"https:\/\/api.w.org\/{rel}","templated":true}]}}