{"id":137,"date":"2023-11-01T12:04:47","date_gmt":"2023-11-01T11:04:47","guid":{"rendered":"https:\/\/footdavant.fr\/actualites\/paris-saint-germain-contre-ac-milan-bilan-des-face-a-face-et-rencontres-passees\/"},"modified":"2023-11-01T12:04:48","modified_gmt":"2023-11-01T11:04:48","slug":"paris-saint-germain-contre-ac-milan-bilan-des-face-a-face-et-rencontres-passees","status":"publish","type":"post","link":"https:\/\/footdavant.fr\/actualites\/paris-saint-germain-contre-ac-milan-bilan-des-face-a-face-et-rencontres-passees\/","title":{"rendered":"Paris Saint-Germain contre AC Milan : bilan des face-\u00e0-face et rencontres pass\u00e9es"},"content":{"rendered":"<p>Avant le choc de Ligue des Champions de mercredi entre le Paris Saint-Germain et l&rsquo;AC Milan, Sports Mole se penche sur le bilan des confrontations et les rencontres pr\u00e9c\u00e9dentes entre les deux clubs.<\/p>\n<div id=\"article_body\" itemprop=\"articleBody\">\n<p class=\"firstPara\">Une autre confrontation all\u00e9chante dans le <strong class=\"autotag\">Ligue des champions<\/strong>Le &lsquo;Groupe de la Mort&rsquo; a lieu mercredi soir alors que <strong class=\"autotag\">Paris Saint Germain<\/strong> prendre en charge <strong class=\"autotag\">AC Milan<\/strong> au Parc des Princes.<\/p>\n<p>Le PSG a \u00e9t\u00e9 mis \u00e0 l&rsquo;\u00e9p\u00e9e dans un St James&rsquo; Park bruyant lors de sa derni\u00e8re sortie europ\u00e9enne, s&rsquo;inclinant 4-1 contre Newcastle United, mais reste toujours au-dessus de ses adversaires de mercredi dans le groupe F gr\u00e2ce \u00e0 sa victoire contre le Borussia Dortmund lors de la premi\u00e8re journ\u00e9e.<\/p>\n<p>Milan, quant \u00e0 lui, n&rsquo;a pas encore marqu\u00e9 mais n&rsquo;a pas encore encaiss\u00e9 dans la comp\u00e9tition de cette saison, apr\u00e8s avoir fait match nul 0-0 contre Newcastle et Dortmund jusqu&rsquo;\u00e0 pr\u00e9sent.<\/p>\n<p>Ici, <strong>Taupe de sport<\/strong> examine en profondeur le bilan des face-\u00e0-face et les rencontres pr\u00e9c\u00e9dentes entre les deux parties.<\/p>\n<hr>\n<p class=\"imgI\">\n<h2>Record en face-\u00e0-face<\/h2>\n<p><strong>R\u00e9unions pr\u00e9c\u00e9dentes :<\/strong> 4<br \/><strong>Le PSG gagne :<\/strong> 0<br \/><strong>Tirages\u00a0:<\/strong> 2<br \/><strong>L&rsquo;AC Milan gagne :<\/strong> 2<\/p>\n<p>Bien qu&rsquo;ils soient aujourd&rsquo;hui deux des noms les plus reconnaissables du football europ\u00e9en, ces deux \u00e9quipes ne se sont plus crois\u00e9es sur une base comp\u00e9titive depuis f\u00e9vrier 2001, lorsqu&rsquo;elles se sont rencontr\u00e9es deux fois en l&rsquo;espace de six jours lors de la deuxi\u00e8me phase de groupes de la Ligue des champions.<\/p>\n<p>\u00c0 ces deux occasions, ils ont fait match nul 1-1, le dernier affrontement ayant vu <strong class=\"autotag\">Jos\u00e9 Mari<\/strong> sauver un point pour Milan avec un \u00e9galiseur \u00e0 la 90e minute apr\u00e8s <strong class=\"autotag\">Laurent Robert<\/strong> avait donn\u00e9 l&rsquo;avantage au PSG.<\/p>\n<p>Lors du match retour \u00e0 San Siro, c&rsquo;est Milan qui a pris l&rsquo;avantage. <strong class=\"autotag\">L\u00e9onard<\/strong>seulement pour <strong class=\"autotag\">Nicolas Anelka<\/strong> pour r\u00e9tablir rapidement la parit\u00e9 et finalement obtenir le match nul.<\/p>\n<p>Aucune des deux \u00e9quipes n&rsquo;a r\u00e9ussi \u00e0 franchir la phase de groupes \u00e0 cette occasion, mais il y a eu un double match plus d\u00e9cisif entre les \u00e9quipes en 1995 lorsqu&rsquo;elles se sont affront\u00e9es en demi-finale de la comp\u00e9tition.<\/p>\n<p><strong class=\"autotag\">Zvonimir Boban<\/strong>Le vainqueur \u00e0 la 90e minute lors du match aller \u00e0 Paris avait donn\u00e9 \u00e0 Milan un avantage significatif, qu&rsquo;ils ont ajout\u00e9 avec deux <strong class=\"autotag\">Dejan Savicevic<\/strong> buts \u00e0 San Siro pour assurer une victoire cumul\u00e9e 3-0 qui les a propuls\u00e9s en finale, o\u00f9 ils ont \u00e9t\u00e9 battus par l&rsquo;Ajax.<\/p>\n<p>Le PSG est donc toujours \u00e0 la recherche de sa premi\u00e8re victoire contre Milan, et son bilan face aux clubs italiens en g\u00e9n\u00e9ral laisse \u00e0 d\u00e9sirer, avec seulement cinq victoires en 23 rencontres pr\u00e9c\u00e9dentes.<\/p>\n<p>Cela dit, trois de ces victoires ont eu lieu lors de leurs trois derniers matchs de ce type, notamment contre la Juventus \u00e0 domicile et \u00e0 l&rsquo;ext\u00e9rieur lors de la phase de groupes de la saison derni\u00e8re &#8211; la premi\u00e8re n&rsquo;\u00e9tant que leur deuxi\u00e8me victoire \u00e0 domicile en 11 rencontres avec un adversaire de Serie A.<\/p>\n<p>Milan, quant \u00e0 lui, est invaincu lors de ses cinq derni\u00e8res visites en France depuis 2002-03, m\u00eame si son bilan global sur ces c\u00f4tes s&rsquo;\u00e9l\u00e8ve \u00e0 quatre victoires, quatre nuls et quatre d\u00e9faites en 12 d\u00e9placements.<\/p>\n<p>\u00c0 domicile ou \u00e0 l&rsquo;ext\u00e9rieur, Milan a remport\u00e9 12 victoires et perdu sept de ses 26 rencontres avec des clubs fran\u00e7ais au total, la plus m\u00e9morable de ces rencontres les ayant vu s&rsquo;incliner contre Marseille en finale de la Ligue des champions 1992-93 &#8211; la saison inaugurale de la comp\u00e9tition apr\u00e8s sa refonte. .<\/p>\n<h2>R\u00e9unions pr\u00e9c\u00e9dentes<\/h2>\n<p><strong>20 f\u00e9vrier 2001\u00a0:<\/strong> PSG 1-1 AC Milan (deuxi\u00e8me phase de groupes de la Ligue des Champions)<br \/><strong>14 f\u00e9vrier 2001\u00a0:<\/strong> AC Milan 1-1 PSG (deuxi\u00e8me phase de groupes de la Ligue des Champions)<br \/><strong>19 avril 1995\u00a0:<\/strong> AC Milan 2-0 PSG (demi-finale retour de Ligue des Champions)<br \/><strong>5 avril 1995\u00a0:<\/strong> PSG 0-1 AC Milan (demi-finale aller de Ligue des Champions)<\/p>\n<hr>\n<h2 title=\"Read more on Paris Saint-Germain vs AC Milan\">En savoir plus sur Paris Saint-Germain contre AC Milan<\/h2>\n<hr>\n<\/div>\n","protected":false},"excerpt":{"rendered":"<p>Avant le choc de Ligue des Champions de mercredi entre le Paris Saint-Germain et l&rsquo;AC Milan, Sports Mole se penche sur le bilan des confrontations<\/p>\n","protected":false},"author":1,"featured_media":138,"comment_status":"closed","ping_status":"","sticky":false,"template":"","format":"standard","meta":{"footnotes":""},"categories":[4],"tags":[251,20,12,252,250,100,254,253,249],"yoast_head":"<!-- This site is optimized with the Yoast SEO plugin v21.0 - https:\/\/yoast.com\/wordpress\/plugins\/seo\/ -->\n<title>Paris Saint-Germain contre AC Milan : bilan des face-\u00e0-face et rencontres pass\u00e9es<\/title>\n<meta name=\"robots\" content=\"index, follow, max-snippet:-1, max-image-preview:large, max-video-preview:-1\" \/>\n<link rel=\"canonical\" href=\"https:\/\/footdavant.fr\/actualites\/paris-saint-germain-contre-ac-milan-bilan-des-face-a-face-et-rencontres-passees\/\" \/>\n<meta property=\"og:locale\" content=\"fr_FR\" \/>\n<meta property=\"og:type\" content=\"article\" \/>\n<meta property=\"og:title\" content=\"Paris Saint-Germain contre AC Milan : bilan des face-\u00e0-face et rencontres pass\u00e9es\" \/>\n<meta property=\"og:description\" content=\"Avant le choc de Ligue des Champions de mercredi entre le Paris Saint-Germain et l&rsquo;AC Milan, Sports Mole se penche sur le bilan des confrontations\" \/>\n<meta property=\"og:url\" content=\"https:\/\/footdavant.fr\/actualites\/paris-saint-germain-contre-ac-milan-bilan-des-face-a-face-et-rencontres-passees\/\" \/>\n<meta property=\"og:site_name\" content=\"Foot d&#039;avant\" \/>\n<meta property=\"article:publisher\" content=\"https:\/\/www.facebook.com\/Footdavant\/\" \/>\n<meta property=\"article:published_time\" content=\"2023-11-01T11:04:47+00:00\" \/>\n<meta property=\"article:modified_time\" content=\"2023-11-01T11:04:48+00:00\" \/>\n<meta property=\"og:image\" content=\"https:\/\/footdavant.fr\/actualites\/wp-content\/uploads\/2023\/11\/Paris-Saint-Germain-contre-AC-Milan-bilan-des-face-a-face-et.jpg\" \/>\n\t<meta property=\"og:image:width\" content=\"640\" \/>\n\t<meta property=\"og:image:height\" content=\"480\" \/>\n\t<meta property=\"og:image:type\" content=\"image\/jpeg\" \/>\n<meta name=\"author\" content=\"Cl\u00e9ment\" \/>\n<meta name=\"twitter:card\" content=\"summary_large_image\" \/>\n<meta name=\"twitter:creator\" content=\"@FootdavantFr\" \/>\n<meta name=\"twitter:site\" content=\"@FootdavantFr\" \/>\n<meta name=\"twitter:label1\" content=\"\u00c9crit par\" \/>\n\t<meta name=\"twitter:data1\" content=\"Cl\u00e9ment\" \/>\n\t<meta name=\"twitter:label2\" content=\"Dur\u00e9e de lecture estim\u00e9e\" \/>\n\t<meta name=\"twitter:data2\" content=\"3 minutes\" \/>\n<script type=\"application\/ld+json\" class=\"yoast-schema-graph\">{\"@context\":\"https:\/\/schema.org\",\"@graph\":[{\"@type\":\"Article\",\"@id\":\"https:\/\/footdavant.fr\/actualites\/paris-saint-germain-contre-ac-milan-bilan-des-face-a-face-et-rencontres-passees\/#article\",\"isPartOf\":{\"@id\":\"https:\/\/footdavant.fr\/actualites\/paris-saint-germain-contre-ac-milan-bilan-des-face-a-face-et-rencontres-passees\/\"},\"author\":{\"name\":\"Cl\u00e9ment\",\"@id\":\"https:\/\/footdavant.fr\/actualites\/#\/schema\/person\/bc222566d95871b37e597b3ed3ba5e1d\"},\"headline\":\"Paris Saint-Germain contre AC Milan : bilan des face-\u00e0-face et rencontres pass\u00e9es\",\"datePublished\":\"2023-11-01T11:04:47+00:00\",\"dateModified\":\"2023-11-01T11:04:48+00:00\",\"mainEntityOfPage\":{\"@id\":\"https:\/\/footdavant.fr\/actualites\/paris-saint-germain-contre-ac-milan-bilan-des-face-a-face-et-rencontres-passees\/\"},\"wordCount\":671,\"publisher\":{\"@id\":\"https:\/\/footdavant.fr\/actualites\/#organization\"},\"keywords\":[\"bilan\",\"contre\",\"des\",\"face\u00e0face\",\"Milan\",\"paris\",\"pass\u00e9es\",\"rencontres\",\"SaintGermain\"],\"articleSection\":[\"Champions League\"],\"inLanguage\":\"fr-FR\"},{\"@type\":\"WebPage\",\"@id\":\"https:\/\/footdavant.fr\/actualites\/paris-saint-germain-contre-ac-milan-bilan-des-face-a-face-et-rencontres-passees\/\",\"url\":\"https:\/\/footdavant.fr\/actualites\/paris-saint-germain-contre-ac-milan-bilan-des-face-a-face-et-rencontres-passees\/\",\"name\":\"Paris Saint-Germain contre AC Milan : bilan des face-\u00e0-face et rencontres pass\u00e9es\",\"isPartOf\":{\"@id\":\"https:\/\/footdavant.fr\/actualites\/#website\"},\"datePublished\":\"2023-11-01T11:04:47+00:00\",\"dateModified\":\"2023-11-01T11:04:48+00:00\",\"breadcrumb\":{\"@id\":\"https:\/\/footdavant.fr\/actualites\/paris-saint-germain-contre-ac-milan-bilan-des-face-a-face-et-rencontres-passees\/#breadcrumb\"},\"inLanguage\":\"fr-FR\",\"potentialAction\":[{\"@type\":\"ReadAction\",\"target\":[\"https:\/\/footdavant.fr\/actualites\/paris-saint-germain-contre-ac-milan-bilan-des-face-a-face-et-rencontres-passees\/\"]}]},{\"@type\":\"BreadcrumbList\",\"@id\":\"https:\/\/footdavant.fr\/actualites\/paris-saint-germain-contre-ac-milan-bilan-des-face-a-face-et-rencontres-passees\/#breadcrumb\",\"itemListElement\":[{\"@type\":\"ListItem\",\"position\":1,\"name\":\"Accueil\",\"item\":\"https:\/\/footdavant.fr\/actualites\/\"},{\"@type\":\"ListItem\",\"position\":2,\"name\":\"Paris Saint-Germain contre AC Milan : bilan des face-\u00e0-face et rencontres pass\u00e9es\"}]},{\"@type\":\"WebSite\",\"@id\":\"https:\/\/footdavant.fr\/actualites\/#website\",\"url\":\"https:\/\/footdavant.fr\/actualites\/\",\"name\":\"Foot d'avant\",\"description\":\"\",\"publisher\":{\"@id\":\"https:\/\/footdavant.fr\/actualites\/#organization\"},\"potentialAction\":[{\"@type\":\"SearchAction\",\"target\":{\"@type\":\"EntryPoint\",\"urlTemplate\":\"https:\/\/footdavant.fr\/actualites\/?s={search_term_string}\"},\"query-input\":\"required name=search_term_string\"}],\"inLanguage\":\"fr-FR\"},{\"@type\":\"Organization\",\"@id\":\"https:\/\/footdavant.fr\/actualites\/#organization\",\"name\":\"Foot d'avant\",\"url\":\"https:\/\/footdavant.fr\/actualites\/\",\"logo\":{\"@type\":\"ImageObject\",\"inLanguage\":\"fr-FR\",\"@id\":\"https:\/\/footdavant.fr\/actualites\/#\/schema\/logo\/image\/\",\"url\":\"https:\/\/footdavant.fr\/actualites\/wp-content\/uploads\/2023\/09\/Copy-of-FootDavant-Logo.png\",\"contentUrl\":\"https:\/\/footdavant.fr\/actualites\/wp-content\/uploads\/2023\/09\/Copy-of-FootDavant-Logo.png\",\"width\":936,\"height\":549,\"caption\":\"Foot d'avant\"},\"image\":{\"@id\":\"https:\/\/footdavant.fr\/actualites\/#\/schema\/logo\/image\/\"},\"sameAs\":[\"https:\/\/www.facebook.com\/Footdavant\/\",\"https:\/\/twitter.com\/FootdavantFr\",\"https:\/\/www.instagram.com\/footdavant.fr\/\"]},{\"@type\":\"Person\",\"@id\":\"https:\/\/footdavant.fr\/actualites\/#\/schema\/person\/bc222566d95871b37e597b3ed3ba5e1d\",\"name\":\"Cl\u00e9ment\",\"image\":{\"@type\":\"ImageObject\",\"inLanguage\":\"fr-FR\",\"@id\":\"https:\/\/footdavant.fr\/actualites\/#\/schema\/person\/image\/\",\"url\":\"https:\/\/secure.gravatar.com\/avatar\/7728b29aac2719421e1a9159b2254c44?s=96&d=mm&r=g\",\"contentUrl\":\"https:\/\/secure.gravatar.com\/avatar\/7728b29aac2719421e1a9159b2254c44?s=96&d=mm&r=g\",\"caption\":\"Cl\u00e9ment\"},\"sameAs\":[\"https:\/\/footdavant.fr\/\"]}]}<\/script>\n<!-- \/ Yoast SEO plugin. -->","yoast_head_json":{"title":"Paris Saint-Germain contre AC Milan : bilan des face-\u00e0-face et rencontres pass\u00e9es","robots":{"index":"index","follow":"follow","max-snippet":"max-snippet:-1","max-image-preview":"max-image-preview:large","max-video-preview":"max-video-preview:-1"},"canonical":"https:\/\/footdavant.fr\/actualites\/paris-saint-germain-contre-ac-milan-bilan-des-face-a-face-et-rencontres-passees\/","og_locale":"fr_FR","og_type":"article","og_title":"Paris Saint-Germain contre AC Milan : bilan des face-\u00e0-face et rencontres pass\u00e9es","og_description":"Avant le choc de Ligue des Champions de mercredi entre le Paris Saint-Germain et l&rsquo;AC Milan, Sports Mole se penche sur le bilan des confrontations","og_url":"https:\/\/footdavant.fr\/actualites\/paris-saint-germain-contre-ac-milan-bilan-des-face-a-face-et-rencontres-passees\/","og_site_name":"Foot d&#039;avant","article_publisher":"https:\/\/www.facebook.com\/Footdavant\/","article_published_time":"2023-11-01T11:04:47+00:00","article_modified_time":"2023-11-01T11:04:48+00:00","og_image":[{"width":640,"height":480,"url":"https:\/\/footdavant.fr\/actualites\/wp-content\/uploads\/2023\/11\/Paris-Saint-Germain-contre-AC-Milan-bilan-des-face-a-face-et.jpg","type":"image\/jpeg"}],"author":"Cl\u00e9ment","twitter_card":"summary_large_image","twitter_creator":"@FootdavantFr","twitter_site":"@FootdavantFr","twitter_misc":{"\u00c9crit par":"Cl\u00e9ment","Dur\u00e9e de lecture estim\u00e9e":"3 minutes"},"schema":{"@context":"https:\/\/schema.org","@graph":[{"@type":"Article","@id":"https:\/\/footdavant.fr\/actualites\/paris-saint-germain-contre-ac-milan-bilan-des-face-a-face-et-rencontres-passees\/#article","isPartOf":{"@id":"https:\/\/footdavant.fr\/actualites\/paris-saint-germain-contre-ac-milan-bilan-des-face-a-face-et-rencontres-passees\/"},"author":{"name":"Cl\u00e9ment","@id":"https:\/\/footdavant.fr\/actualites\/#\/schema\/person\/bc222566d95871b37e597b3ed3ba5e1d"},"headline":"Paris Saint-Germain contre AC Milan : bilan des face-\u00e0-face et rencontres pass\u00e9es","datePublished":"2023-11-01T11:04:47+00:00","dateModified":"2023-11-01T11:04:48+00:00","mainEntityOfPage":{"@id":"https:\/\/footdavant.fr\/actualites\/paris-saint-germain-contre-ac-milan-bilan-des-face-a-face-et-rencontres-passees\/"},"wordCount":671,"publisher":{"@id":"https:\/\/footdavant.fr\/actualites\/#organization"},"keywords":["bilan","contre","des","face\u00e0face","Milan","paris","pass\u00e9es","rencontres","SaintGermain"],"articleSection":["Champions League"],"inLanguage":"fr-FR"},{"@type":"WebPage","@id":"https:\/\/footdavant.fr\/actualites\/paris-saint-germain-contre-ac-milan-bilan-des-face-a-face-et-rencontres-passees\/","url":"https:\/\/footdavant.fr\/actualites\/paris-saint-germain-contre-ac-milan-bilan-des-face-a-face-et-rencontres-passees\/","name":"Paris Saint-Germain contre AC Milan : bilan des face-\u00e0-face et rencontres pass\u00e9es","isPartOf":{"@id":"https:\/\/footdavant.fr\/actualites\/#website"},"datePublished":"2023-11-01T11:04:47+00:00","dateModified":"2023-11-01T11:04:48+00:00","breadcrumb":{"@id":"https:\/\/footdavant.fr\/actualites\/paris-saint-germain-contre-ac-milan-bilan-des-face-a-face-et-rencontres-passees\/#breadcrumb"},"inLanguage":"fr-FR","potentialAction":[{"@type":"ReadAction","target":["https:\/\/footdavant.fr\/actualites\/paris-saint-germain-contre-ac-milan-bilan-des-face-a-face-et-rencontres-passees\/"]}]},{"@type":"BreadcrumbList","@id":"https:\/\/footdavant.fr\/actualites\/paris-saint-germain-contre-ac-milan-bilan-des-face-a-face-et-rencontres-passees\/#breadcrumb","itemListElement":[{"@type":"ListItem","position":1,"name":"Accueil","item":"https:\/\/footdavant.fr\/actualites\/"},{"@type":"ListItem","position":2,"name":"Paris Saint-Germain contre AC Milan : bilan des face-\u00e0-face et rencontres pass\u00e9es"}]},{"@type":"WebSite","@id":"https:\/\/footdavant.fr\/actualites\/#website","url":"https:\/\/footdavant.fr\/actualites\/","name":"Foot d'avant","description":"","publisher":{"@id":"https:\/\/footdavant.fr\/actualites\/#organization"},"potentialAction":[{"@type":"SearchAction","target":{"@type":"EntryPoint","urlTemplate":"https:\/\/footdavant.fr\/actualites\/?s={search_term_string}"},"query-input":"required name=search_term_string"}],"inLanguage":"fr-FR"},{"@type":"Organization","@id":"https:\/\/footdavant.fr\/actualites\/#organization","name":"Foot d'avant","url":"https:\/\/footdavant.fr\/actualites\/","logo":{"@type":"ImageObject","inLanguage":"fr-FR","@id":"https:\/\/footdavant.fr\/actualites\/#\/schema\/logo\/image\/","url":"https:\/\/footdavant.fr\/actualites\/wp-content\/uploads\/2023\/09\/Copy-of-FootDavant-Logo.png","contentUrl":"https:\/\/footdavant.fr\/actualites\/wp-content\/uploads\/2023\/09\/Copy-of-FootDavant-Logo.png","width":936,"height":549,"caption":"Foot d'avant"},"image":{"@id":"https:\/\/footdavant.fr\/actualites\/#\/schema\/logo\/image\/"},"sameAs":["https:\/\/www.facebook.com\/Footdavant\/","https:\/\/twitter.com\/FootdavantFr","https:\/\/www.instagram.com\/footdavant.fr\/"]},{"@type":"Person","@id":"https:\/\/footdavant.fr\/actualites\/#\/schema\/person\/bc222566d95871b37e597b3ed3ba5e1d","name":"Cl\u00e9ment","image":{"@type":"ImageObject","inLanguage":"fr-FR","@id":"https:\/\/footdavant.fr\/actualites\/#\/schema\/person\/image\/","url":"https:\/\/secure.gravatar.com\/avatar\/7728b29aac2719421e1a9159b2254c44?s=96&d=mm&r=g","contentUrl":"https:\/\/secure.gravatar.com\/avatar\/7728b29aac2719421e1a9159b2254c44?s=96&d=mm&r=g","caption":"Cl\u00e9ment"},"sameAs":["https:\/\/footdavant.fr\/"]}]}},"_links":{"self":[{"href":"https:\/\/footdavant.fr\/actualites\/wp-json\/wp\/v2\/posts\/137"}],"collection":[{"href":"https:\/\/footdavant.fr\/actualites\/wp-json\/wp\/v2\/posts"}],"about":[{"href":"https:\/\/footdavant.fr\/actualites\/wp-json\/wp\/v2\/types\/post"}],"author":[{"embeddable":true,"href":"https:\/\/footdavant.fr\/actualites\/wp-json\/wp\/v2\/users\/1"}],"replies":[{"embeddable":true,"href":"https:\/\/footdavant.fr\/actualites\/wp-json\/wp\/v2\/comments?post=137"}],"version-history":[{"count":1,"href":"https:\/\/footdavant.fr\/actualites\/wp-json\/wp\/v2\/posts\/137\/revisions"}],"predecessor-version":[{"id":139,"href":"https:\/\/footdavant.fr\/actualites\/wp-json\/wp\/v2\/posts\/137\/revisions\/139"}],"wp:featuredmedia":[{"embeddable":true,"href":"https:\/\/footdavant.fr\/actualites\/wp-json\/wp\/v2\/media\/138"}],"wp:attachment":[{"href":"https:\/\/footdavant.fr\/actualites\/wp-json\/wp\/v2\/media?parent=137"}],"wp:term":[{"taxonomy":"category","embeddable":true,"href":"https:\/\/footdavant.fr\/actualites\/wp-json\/wp\/v2\/categories?post=137"},{"taxonomy":"post_tag","embeddable":true,"href":"https:\/\/footdavant.fr\/actualites\/wp-json\/wp\/v2\/tags?post=137"}],"curies":[{"name":"wp","href":"https:\/\/api.w.org\/{rel}","templated":true}]}}