{"id":1378,"date":"2023-11-25T04:49:33","date_gmt":"2023-11-25T03:49:33","guid":{"rendered":"https:\/\/footdavant.fr\/actualites\/le-pdg-de-brighton-ouvre-la-porte-a-la-sortie-de-ferguson-au-milieu-de-linteret-de-man-united\/"},"modified":"2023-11-25T04:49:34","modified_gmt":"2023-11-25T03:49:34","slug":"le-pdg-de-brighton-ouvre-la-porte-a-la-sortie-de-ferguson-au-milieu-de-linteret-de-man-united","status":"publish","type":"post","link":"https:\/\/footdavant.fr\/actualites\/le-pdg-de-brighton-ouvre-la-porte-a-la-sortie-de-ferguson-au-milieu-de-linteret-de-man-united\/","title":{"rendered":"Le PDG de Brighton ouvre la porte \u00e0 la sortie de Ferguson au milieu de l\u2019int\u00e9r\u00eat de Man United"},"content":{"rendered":"<p>Le PDG de Brighton &#038; Hove Albion, Paul Barber, sugg\u00e8re qu&rsquo;Evan Ferguson, li\u00e9 \u00e0 Manchester United, pourrait quitter le club dans un avenir proche.<\/p>\n<div id=\"article_body\" itemprop=\"articleBody\">\n<h3 class=\"firstPara\">\n<strong class=\"autotag\">Brighton et Hove Albion<\/strong> PDG <strong class=\"autotag\">Paul Barbier<\/strong> a sugg\u00e9r\u00e9 que <strong class=\"autotag\">EvanFerguson<\/strong> pourrait quitter le club dans un avenir proche au milieu des rapports d&rsquo;int\u00e9r\u00eat de <strong class=\"autotag\">Manchester United<\/strong>.<\/h3>\n<p>Le joueur de 19 ans a r\u00e9ussi 15 buts et quatre passes d\u00e9cisives en 43 apparitions pour Brighton, avec un record de 11 buts et deux passes d\u00e9cisives en 31 matches de Premier League.<\/p>\n<p>Ferguson est consid\u00e9r\u00e9 comme l&rsquo;un des meilleurs jeunes talents de l&rsquo;\u00e9lite anglaise, et un rapport r\u00e9cent affirmait que Man United restait attach\u00e9 \u00e0 l&rsquo;international de la R\u00e9publique d&rsquo;Irlande malgr\u00e9 le fait qu&rsquo;il ait sign\u00e9 un nouveau contrat \u00e0 l&rsquo;Amex plus t\u00f4t ce mois-ci.<\/p>\n<p>Le contrat de l&rsquo;adolescent devrait durer jusqu&rsquo;en juin 2029, mais Barber a admis qu&rsquo;il \u00e9tait probable que l&rsquo;attaquant continue dans un avenir pas trop lointain en raison de son potentiel.<\/p>\n<p>\u00ab\u00a0Quand nous pouvons les mettre dans des contrats \u00e0 long terme pour leur donner de la s\u00e9curit\u00e9, donnez-nous la s\u00e9curit\u00e9, mais surtout, avec les jeunes joueurs, aussi pour les aider \u00e0 continuer \u00e0 apprendre\u00a0\u00bb, a d\u00e9clar\u00e9 Barber. <em>Footballex TV<\/em>.<\/p>\n<p class=\"imgI\">\n<p>\u00ab\u00a0\u00c0 un moment donn\u00e9 dans le futur, Evan jouera \u00e0 un niveau encore plus \u00e9lev\u00e9 si sa trajectoire continue ainsi. Nous voulons nous assurer que nous faisons tout ce que nous pouvons pour le pr\u00e9parer \u00e0 cela. Pas seulement sur le terrain, mais en dehors. sur le terrain \u00e9galement, apportons-lui autant de soutien que possible.<\/p>\n<p>\u00ab\u00a0Je pense, comme je l&rsquo;ai d\u00e9j\u00e0 dit, que plus nous pouvons jouer \u00e0 un niveau \u00e9lev\u00e9, plus nous avons de chances de garder nos meilleurs joueurs plus longtemps.<\/p>\n<p>\u00ab\u00a0Cela ne veut pas dire que nous pouvons les garder pour toujours, car les joueurs auront leurs propres ambitions concernant le club pour lequel ils veulent jouer, la ligue dans laquelle ils veulent jouer et les comp\u00e9titions dans lesquelles ils veulent jouer. Et nous devons \u00eatre respectueux de cela.<\/p>\n<p>\u00ab\u00a0Et je crois cela, et <strong class=\"autotag\">Tony Bloom<\/strong> (Pr\u00e9sident de Brighton) estime que si nous pouvons r\u00e9ellement montrer aux joueurs des voies claires, non seulement \u00e0 travers notre club mais aussi au-del\u00e0 de notre club, cela nous aidera \u00e9galement \u00e0 attirer d&rsquo;autres jeunes joueurs \u00e0 l&rsquo;avenir dans notre club.<\/p>\n<p class=\"imgI\"><img decoding=\"async\" loading=\"lazy\" class=\"l\" src=\"https:\/\/footdavant.fr\/actualites\/wp-content\/uploads\/2023\/11\/1700884173_417_Le-PDG-de-Brighton-ouvre-la-porte-a-la-sortie.jpg\" title=\"Evan Ferguson de Brighton &#038; Hove Albion c\u00e9l\u00e8bre son deuxi\u00e8me but le 2 septembre 2023\" alt=\"Evan Ferguson de Brighton &#038; Hove Albion c\u00e9l\u00e8bre son deuxi\u00e8me but le 2 septembre 2023\" width=\"640\" height=\"480\"><\/p>\n<p>\u00ab\u00a0Ce qui est une bonne chose car cela permet \u00e0 notre mod\u00e8le de continuer \u00e0 \u00e9voluer. Cela permet \u00e0 notre cycle de progresser et, esp\u00e9rons-le, cela nous permettra \u00e9galement de r\u00e9ussir.\u00a0\u00bb<\/p>\n<p><strong class=\"autotag\">Chelsea<\/strong> et <strong class=\"autotag\">Tottenham Hotspur<\/strong> seraient \u00e9galement int\u00e9ress\u00e9s par Ferguson, qui a inscrit cinq buts en 11 matches de Premier League cette saison.<\/p>\n<p>Le jeune a commenc\u00e9 sa carri\u00e8re professionnelle chez les Bohemians, mais il n&rsquo;a fait que quatre apparitions pour le club avant de d\u00e9m\u00e9nager \u00e0 Brighton pour rejoindre leur acad\u00e9mie.<\/p>\n<p>Les d\u00e9buts de Ferguson en \u00e9quipe premi\u00e8re ont eu lieu en ao\u00fbt 2021, et il s&rsquo;est av\u00e9r\u00e9 \u00eatre un habitu\u00e9 du club la saison derni\u00e8re, faisant 25 apparitions, trouvant le fond des filets \u00e0 10 reprises.<\/p>\n<p>Brighton, qui sera de retour en action \u00e0 Nottingham Forest samedi apr\u00e8s-midi, chercherait des frais de transfert record britannique afin de vendre l&rsquo;avant-centre.<\/p>\n<\/div>\n","protected":false},"excerpt":{"rendered":"<p>Le PDG de Brighton &#038; Hove Albion, Paul Barber, sugg\u00e8re qu&rsquo;Evan Ferguson, li\u00e9 \u00e0 Manchester United, pourrait quitter le club dans un avenir proche. Brighton<\/p>\n","protected":false},"author":1,"featured_media":1379,"comment_status":"closed","ping_status":"","sticky":false,"template":"","format":"standard","meta":{"footnotes":""},"categories":[5],"tags":[349,1427,609,24,441,593,1535,594,1263,13],"yoast_head":"<!-- This site is optimized with the Yoast SEO plugin v21.0 - https:\/\/yoast.com\/wordpress\/plugins\/seo\/ -->\n<title>Le PDG de Brighton ouvre la porte \u00e0 la sortie de Ferguson au milieu de l\u2019int\u00e9r\u00eat de Man United<\/title>\n<meta name=\"robots\" content=\"index, follow, max-snippet:-1, max-image-preview:large, max-video-preview:-1\" \/>\n<link rel=\"canonical\" href=\"https:\/\/footdavant.fr\/actualites\/le-pdg-de-brighton-ouvre-la-porte-a-la-sortie-de-ferguson-au-milieu-de-linteret-de-man-united\/\" \/>\n<meta property=\"og:locale\" content=\"fr_FR\" \/>\n<meta property=\"og:type\" content=\"article\" \/>\n<meta property=\"og:title\" content=\"Le PDG de Brighton ouvre la porte \u00e0 la sortie de Ferguson au milieu de l\u2019int\u00e9r\u00eat de Man United\" \/>\n<meta property=\"og:description\" content=\"Le PDG de Brighton &#038; Hove Albion, Paul Barber, sugg\u00e8re qu&rsquo;Evan Ferguson, li\u00e9 \u00e0 Manchester United, pourrait quitter le club dans un avenir proche. Brighton\" \/>\n<meta property=\"og:url\" content=\"https:\/\/footdavant.fr\/actualites\/le-pdg-de-brighton-ouvre-la-porte-a-la-sortie-de-ferguson-au-milieu-de-linteret-de-man-united\/\" \/>\n<meta property=\"og:site_name\" content=\"Foot d&#039;avant\" \/>\n<meta property=\"article:publisher\" content=\"https:\/\/www.facebook.com\/Footdavant\/\" \/>\n<meta property=\"article:published_time\" content=\"2023-11-25T03:49:33+00:00\" \/>\n<meta property=\"article:modified_time\" content=\"2023-11-25T03:49:34+00:00\" \/>\n<meta property=\"og:image\" content=\"https:\/\/footdavant.fr\/actualites\/wp-content\/uploads\/2023\/11\/Le-PDG-de-Brighton-ouvre-la-porte-a-la-sortie.jpg\" \/>\n\t<meta property=\"og:image:width\" content=\"640\" \/>\n\t<meta property=\"og:image:height\" content=\"480\" \/>\n\t<meta property=\"og:image:type\" content=\"image\/jpeg\" \/>\n<meta name=\"author\" content=\"Cl\u00e9ment\" \/>\n<meta name=\"twitter:card\" content=\"summary_large_image\" \/>\n<meta name=\"twitter:creator\" content=\"@FootdavantFr\" \/>\n<meta name=\"twitter:site\" content=\"@FootdavantFr\" \/>\n<meta name=\"twitter:label1\" content=\"\u00c9crit par\" \/>\n\t<meta name=\"twitter:data1\" content=\"Cl\u00e9ment\" \/>\n\t<meta name=\"twitter:label2\" content=\"Dur\u00e9e de lecture estim\u00e9e\" \/>\n\t<meta name=\"twitter:data2\" content=\"3 minutes\" \/>\n<script type=\"application\/ld+json\" class=\"yoast-schema-graph\">{\"@context\":\"https:\/\/schema.org\",\"@graph\":[{\"@type\":\"Article\",\"@id\":\"https:\/\/footdavant.fr\/actualites\/le-pdg-de-brighton-ouvre-la-porte-a-la-sortie-de-ferguson-au-milieu-de-linteret-de-man-united\/#article\",\"isPartOf\":{\"@id\":\"https:\/\/footdavant.fr\/actualites\/le-pdg-de-brighton-ouvre-la-porte-a-la-sortie-de-ferguson-au-milieu-de-linteret-de-man-united\/\"},\"author\":{\"name\":\"Cl\u00e9ment\",\"@id\":\"https:\/\/footdavant.fr\/actualites\/#\/schema\/person\/bc222566d95871b37e597b3ed3ba5e1d\"},\"headline\":\"Le PDG de Brighton ouvre la porte \u00e0 la sortie de Ferguson au milieu de l\u2019int\u00e9r\u00eat de Man United\",\"datePublished\":\"2023-11-25T03:49:33+00:00\",\"dateModified\":\"2023-11-25T03:49:34+00:00\",\"mainEntityOfPage\":{\"@id\":\"https:\/\/footdavant.fr\/actualites\/le-pdg-de-brighton-ouvre-la-porte-a-la-sortie-de-ferguson-au-milieu-de-linteret-de-man-united\/\"},\"wordCount\":544,\"publisher\":{\"@id\":\"https:\/\/footdavant.fr\/actualites\/#organization\"},\"keywords\":[\"Brighton\",\"Ferguson\",\"lint\u00e9r\u00eat\",\"Man\",\"milieu\",\"ouvre\",\"PDG\",\"porte\",\"sortie\",\"United\"],\"articleSection\":[\"Premier League\"],\"inLanguage\":\"fr-FR\"},{\"@type\":\"WebPage\",\"@id\":\"https:\/\/footdavant.fr\/actualites\/le-pdg-de-brighton-ouvre-la-porte-a-la-sortie-de-ferguson-au-milieu-de-linteret-de-man-united\/\",\"url\":\"https:\/\/footdavant.fr\/actualites\/le-pdg-de-brighton-ouvre-la-porte-a-la-sortie-de-ferguson-au-milieu-de-linteret-de-man-united\/\",\"name\":\"Le PDG de Brighton ouvre la porte \u00e0 la sortie de Ferguson au milieu de l\u2019int\u00e9r\u00eat de Man United\",\"isPartOf\":{\"@id\":\"https:\/\/footdavant.fr\/actualites\/#website\"},\"datePublished\":\"2023-11-25T03:49:33+00:00\",\"dateModified\":\"2023-11-25T03:49:34+00:00\",\"breadcrumb\":{\"@id\":\"https:\/\/footdavant.fr\/actualites\/le-pdg-de-brighton-ouvre-la-porte-a-la-sortie-de-ferguson-au-milieu-de-linteret-de-man-united\/#breadcrumb\"},\"inLanguage\":\"fr-FR\",\"potentialAction\":[{\"@type\":\"ReadAction\",\"target\":[\"https:\/\/footdavant.fr\/actualites\/le-pdg-de-brighton-ouvre-la-porte-a-la-sortie-de-ferguson-au-milieu-de-linteret-de-man-united\/\"]}]},{\"@type\":\"BreadcrumbList\",\"@id\":\"https:\/\/footdavant.fr\/actualites\/le-pdg-de-brighton-ouvre-la-porte-a-la-sortie-de-ferguson-au-milieu-de-linteret-de-man-united\/#breadcrumb\",\"itemListElement\":[{\"@type\":\"ListItem\",\"position\":1,\"name\":\"Accueil\",\"item\":\"https:\/\/footdavant.fr\/actualites\/\"},{\"@type\":\"ListItem\",\"position\":2,\"name\":\"Le PDG de Brighton ouvre la porte \u00e0 la sortie de Ferguson au milieu de l\u2019int\u00e9r\u00eat de Man United\"}]},{\"@type\":\"WebSite\",\"@id\":\"https:\/\/footdavant.fr\/actualites\/#website\",\"url\":\"https:\/\/footdavant.fr\/actualites\/\",\"name\":\"Foot d'avant\",\"description\":\"\",\"publisher\":{\"@id\":\"https:\/\/footdavant.fr\/actualites\/#organization\"},\"potentialAction\":[{\"@type\":\"SearchAction\",\"target\":{\"@type\":\"EntryPoint\",\"urlTemplate\":\"https:\/\/footdavant.fr\/actualites\/?s={search_term_string}\"},\"query-input\":\"required name=search_term_string\"}],\"inLanguage\":\"fr-FR\"},{\"@type\":\"Organization\",\"@id\":\"https:\/\/footdavant.fr\/actualites\/#organization\",\"name\":\"Foot d'avant\",\"url\":\"https:\/\/footdavant.fr\/actualites\/\",\"logo\":{\"@type\":\"ImageObject\",\"inLanguage\":\"fr-FR\",\"@id\":\"https:\/\/footdavant.fr\/actualites\/#\/schema\/logo\/image\/\",\"url\":\"https:\/\/footdavant.fr\/actualites\/wp-content\/uploads\/2023\/09\/Copy-of-FootDavant-Logo.png\",\"contentUrl\":\"https:\/\/footdavant.fr\/actualites\/wp-content\/uploads\/2023\/09\/Copy-of-FootDavant-Logo.png\",\"width\":936,\"height\":549,\"caption\":\"Foot d'avant\"},\"image\":{\"@id\":\"https:\/\/footdavant.fr\/actualites\/#\/schema\/logo\/image\/\"},\"sameAs\":[\"https:\/\/www.facebook.com\/Footdavant\/\",\"https:\/\/twitter.com\/FootdavantFr\",\"https:\/\/www.instagram.com\/footdavant.fr\/\"]},{\"@type\":\"Person\",\"@id\":\"https:\/\/footdavant.fr\/actualites\/#\/schema\/person\/bc222566d95871b37e597b3ed3ba5e1d\",\"name\":\"Cl\u00e9ment\",\"image\":{\"@type\":\"ImageObject\",\"inLanguage\":\"fr-FR\",\"@id\":\"https:\/\/footdavant.fr\/actualites\/#\/schema\/person\/image\/\",\"url\":\"https:\/\/secure.gravatar.com\/avatar\/7728b29aac2719421e1a9159b2254c44?s=96&d=mm&r=g\",\"contentUrl\":\"https:\/\/secure.gravatar.com\/avatar\/7728b29aac2719421e1a9159b2254c44?s=96&d=mm&r=g\",\"caption\":\"Cl\u00e9ment\"},\"sameAs\":[\"https:\/\/footdavant.fr\/\"]}]}<\/script>\n<!-- \/ Yoast SEO plugin. -->","yoast_head_json":{"title":"Le PDG de Brighton ouvre la porte \u00e0 la sortie de Ferguson au milieu de l\u2019int\u00e9r\u00eat de Man United","robots":{"index":"index","follow":"follow","max-snippet":"max-snippet:-1","max-image-preview":"max-image-preview:large","max-video-preview":"max-video-preview:-1"},"canonical":"https:\/\/footdavant.fr\/actualites\/le-pdg-de-brighton-ouvre-la-porte-a-la-sortie-de-ferguson-au-milieu-de-linteret-de-man-united\/","og_locale":"fr_FR","og_type":"article","og_title":"Le PDG de Brighton ouvre la porte \u00e0 la sortie de Ferguson au milieu de l\u2019int\u00e9r\u00eat de Man United","og_description":"Le PDG de Brighton &#038; Hove Albion, Paul Barber, sugg\u00e8re qu&rsquo;Evan Ferguson, li\u00e9 \u00e0 Manchester United, pourrait quitter le club dans un avenir proche. Brighton","og_url":"https:\/\/footdavant.fr\/actualites\/le-pdg-de-brighton-ouvre-la-porte-a-la-sortie-de-ferguson-au-milieu-de-linteret-de-man-united\/","og_site_name":"Foot d&#039;avant","article_publisher":"https:\/\/www.facebook.com\/Footdavant\/","article_published_time":"2023-11-25T03:49:33+00:00","article_modified_time":"2023-11-25T03:49:34+00:00","og_image":[{"width":640,"height":480,"url":"https:\/\/footdavant.fr\/actualites\/wp-content\/uploads\/2023\/11\/Le-PDG-de-Brighton-ouvre-la-porte-a-la-sortie.jpg","type":"image\/jpeg"}],"author":"Cl\u00e9ment","twitter_card":"summary_large_image","twitter_creator":"@FootdavantFr","twitter_site":"@FootdavantFr","twitter_misc":{"\u00c9crit par":"Cl\u00e9ment","Dur\u00e9e de lecture estim\u00e9e":"3 minutes"},"schema":{"@context":"https:\/\/schema.org","@graph":[{"@type":"Article","@id":"https:\/\/footdavant.fr\/actualites\/le-pdg-de-brighton-ouvre-la-porte-a-la-sortie-de-ferguson-au-milieu-de-linteret-de-man-united\/#article","isPartOf":{"@id":"https:\/\/footdavant.fr\/actualites\/le-pdg-de-brighton-ouvre-la-porte-a-la-sortie-de-ferguson-au-milieu-de-linteret-de-man-united\/"},"author":{"name":"Cl\u00e9ment","@id":"https:\/\/footdavant.fr\/actualites\/#\/schema\/person\/bc222566d95871b37e597b3ed3ba5e1d"},"headline":"Le PDG de Brighton ouvre la porte \u00e0 la sortie de Ferguson au milieu de l\u2019int\u00e9r\u00eat de Man United","datePublished":"2023-11-25T03:49:33+00:00","dateModified":"2023-11-25T03:49:34+00:00","mainEntityOfPage":{"@id":"https:\/\/footdavant.fr\/actualites\/le-pdg-de-brighton-ouvre-la-porte-a-la-sortie-de-ferguson-au-milieu-de-linteret-de-man-united\/"},"wordCount":544,"publisher":{"@id":"https:\/\/footdavant.fr\/actualites\/#organization"},"keywords":["Brighton","Ferguson","lint\u00e9r\u00eat","Man","milieu","ouvre","PDG","porte","sortie","United"],"articleSection":["Premier League"],"inLanguage":"fr-FR"},{"@type":"WebPage","@id":"https:\/\/footdavant.fr\/actualites\/le-pdg-de-brighton-ouvre-la-porte-a-la-sortie-de-ferguson-au-milieu-de-linteret-de-man-united\/","url":"https:\/\/footdavant.fr\/actualites\/le-pdg-de-brighton-ouvre-la-porte-a-la-sortie-de-ferguson-au-milieu-de-linteret-de-man-united\/","name":"Le PDG de Brighton ouvre la porte \u00e0 la sortie de Ferguson au milieu de l\u2019int\u00e9r\u00eat de Man United","isPartOf":{"@id":"https:\/\/footdavant.fr\/actualites\/#website"},"datePublished":"2023-11-25T03:49:33+00:00","dateModified":"2023-11-25T03:49:34+00:00","breadcrumb":{"@id":"https:\/\/footdavant.fr\/actualites\/le-pdg-de-brighton-ouvre-la-porte-a-la-sortie-de-ferguson-au-milieu-de-linteret-de-man-united\/#breadcrumb"},"inLanguage":"fr-FR","potentialAction":[{"@type":"ReadAction","target":["https:\/\/footdavant.fr\/actualites\/le-pdg-de-brighton-ouvre-la-porte-a-la-sortie-de-ferguson-au-milieu-de-linteret-de-man-united\/"]}]},{"@type":"BreadcrumbList","@id":"https:\/\/footdavant.fr\/actualites\/le-pdg-de-brighton-ouvre-la-porte-a-la-sortie-de-ferguson-au-milieu-de-linteret-de-man-united\/#breadcrumb","itemListElement":[{"@type":"ListItem","position":1,"name":"Accueil","item":"https:\/\/footdavant.fr\/actualites\/"},{"@type":"ListItem","position":2,"name":"Le PDG de Brighton ouvre la porte \u00e0 la sortie de Ferguson au milieu de l\u2019int\u00e9r\u00eat de Man United"}]},{"@type":"WebSite","@id":"https:\/\/footdavant.fr\/actualites\/#website","url":"https:\/\/footdavant.fr\/actualites\/","name":"Foot d'avant","description":"","publisher":{"@id":"https:\/\/footdavant.fr\/actualites\/#organization"},"potentialAction":[{"@type":"SearchAction","target":{"@type":"EntryPoint","urlTemplate":"https:\/\/footdavant.fr\/actualites\/?s={search_term_string}"},"query-input":"required name=search_term_string"}],"inLanguage":"fr-FR"},{"@type":"Organization","@id":"https:\/\/footdavant.fr\/actualites\/#organization","name":"Foot d'avant","url":"https:\/\/footdavant.fr\/actualites\/","logo":{"@type":"ImageObject","inLanguage":"fr-FR","@id":"https:\/\/footdavant.fr\/actualites\/#\/schema\/logo\/image\/","url":"https:\/\/footdavant.fr\/actualites\/wp-content\/uploads\/2023\/09\/Copy-of-FootDavant-Logo.png","contentUrl":"https:\/\/footdavant.fr\/actualites\/wp-content\/uploads\/2023\/09\/Copy-of-FootDavant-Logo.png","width":936,"height":549,"caption":"Foot d'avant"},"image":{"@id":"https:\/\/footdavant.fr\/actualites\/#\/schema\/logo\/image\/"},"sameAs":["https:\/\/www.facebook.com\/Footdavant\/","https:\/\/twitter.com\/FootdavantFr","https:\/\/www.instagram.com\/footdavant.fr\/"]},{"@type":"Person","@id":"https:\/\/footdavant.fr\/actualites\/#\/schema\/person\/bc222566d95871b37e597b3ed3ba5e1d","name":"Cl\u00e9ment","image":{"@type":"ImageObject","inLanguage":"fr-FR","@id":"https:\/\/footdavant.fr\/actualites\/#\/schema\/person\/image\/","url":"https:\/\/secure.gravatar.com\/avatar\/7728b29aac2719421e1a9159b2254c44?s=96&d=mm&r=g","contentUrl":"https:\/\/secure.gravatar.com\/avatar\/7728b29aac2719421e1a9159b2254c44?s=96&d=mm&r=g","caption":"Cl\u00e9ment"},"sameAs":["https:\/\/footdavant.fr\/"]}]}},"_links":{"self":[{"href":"https:\/\/footdavant.fr\/actualites\/wp-json\/wp\/v2\/posts\/1378"}],"collection":[{"href":"https:\/\/footdavant.fr\/actualites\/wp-json\/wp\/v2\/posts"}],"about":[{"href":"https:\/\/footdavant.fr\/actualites\/wp-json\/wp\/v2\/types\/post"}],"author":[{"embeddable":true,"href":"https:\/\/footdavant.fr\/actualites\/wp-json\/wp\/v2\/users\/1"}],"replies":[{"embeddable":true,"href":"https:\/\/footdavant.fr\/actualites\/wp-json\/wp\/v2\/comments?post=1378"}],"version-history":[{"count":1,"href":"https:\/\/footdavant.fr\/actualites\/wp-json\/wp\/v2\/posts\/1378\/revisions"}],"predecessor-version":[{"id":1380,"href":"https:\/\/footdavant.fr\/actualites\/wp-json\/wp\/v2\/posts\/1378\/revisions\/1380"}],"wp:featuredmedia":[{"embeddable":true,"href":"https:\/\/footdavant.fr\/actualites\/wp-json\/wp\/v2\/media\/1379"}],"wp:attachment":[{"href":"https:\/\/footdavant.fr\/actualites\/wp-json\/wp\/v2\/media?parent=1378"}],"wp:term":[{"taxonomy":"category","embeddable":true,"href":"https:\/\/footdavant.fr\/actualites\/wp-json\/wp\/v2\/categories?post=1378"},{"taxonomy":"post_tag","embeddable":true,"href":"https:\/\/footdavant.fr\/actualites\/wp-json\/wp\/v2\/tags?post=1378"}],"curies":[{"name":"wp","href":"https:\/\/api.w.org\/{rel}","templated":true}]}}