{"id":1390,"date":"2023-11-25T10:48:53","date_gmt":"2023-11-25T09:48:53","guid":{"rendered":"https:\/\/footdavant.fr\/actualites\/tottenham-fait-face-a-des-allegations-de-violation-des-regles-de-transfert-dans-le-cadre-de-laccord-avec-jermain-defoe\/"},"modified":"2023-11-25T10:48:54","modified_gmt":"2023-11-25T09:48:54","slug":"tottenham-fait-face-a-des-allegations-de-violation-des-regles-de-transfert-dans-le-cadre-de-laccord-avec-jermain-defoe","status":"publish","type":"post","link":"https:\/\/footdavant.fr\/actualites\/tottenham-fait-face-a-des-allegations-de-violation-des-regles-de-transfert-dans-le-cadre-de-laccord-avec-jermain-defoe\/","title":{"rendered":"Tottenham \u00ab\u00a0fait face \u00e0 des all\u00e9gations de violation des r\u00e8gles de transfert dans le cadre de l&rsquo;accord avec Jermain Defoe\u00a0\u00bb"},"content":{"rendered":"<p>Tottenham Hotspur serait confront\u00e9 \u00e0 des all\u00e9gations d&rsquo;utilisation d&rsquo;un agent sans licence lors du transfert de Jermain Defoe \u00e0 Portsmouth en 2008 et risquerait de s\u00e9v\u00e8res sanctions de la part de la FA.<\/p>\n<div id=\"article_body\" itemprop=\"articleBody\">\n<h3 class=\"firstPara\">\n<strong class=\"autotag\">Tottenham Hotspur<\/strong> risqueraient de susciter la col\u00e8re de la FA suite aux all\u00e9gations selon lesquelles ils auraient eu affaire \u00e0 un agent non agr\u00e9\u00e9 lors des n\u00e9gociations sur <strong class=\"autotag\">Jermain Defoe<\/strong>le d\u00e9m\u00e9nagement vers <strong class=\"autotag\">Portsmouth<\/strong> En 2008.<\/h3>\n<p>L&rsquo;ancien attaquant anglais \u2013 qui a pris sa retraite du football au milieu de la saison 2021-22 \u2013 a pass\u00e9 quatre ans \u00e0 White Hart Lane lors de son premier passage \u00e0 Tottenham, qui l&rsquo;a sign\u00e9 pour 9,1 millions de livres sterling de West Ham United en 2004.<\/p>\n<p>Au milieu de la saison 2007-08, Defoe a \u00e9t\u00e9 transf\u00e9r\u00e9 \u00e0 Portsmouth pour 8,1 millions de livres sterling, bien qu&rsquo;il n&rsquo;ait pas pu contribuer \u00e0 leur succ\u00e8s en FA Cup cette ann\u00e9e-l\u00e0 en raison de son \u00e9galit\u00e9 en Coupe.<\/p>\n<p>Un passage de courte dur\u00e9e \u00e0 Fratton Park a vu Defoe accumuler 18 buts et cinq passes d\u00e9cisives en 36 matchs avant de rejoindre les Spurs pour un montant plus \u00e9lev\u00e9 en 2009, lorsque Portsmouth l&rsquo;a revendu aux Lilywhites pour 14,3 millions de livres sterling.<\/p>\n<p>Cependant, selon <em>Les temps<\/em>la vente initiale de l&rsquo;homme de 41 ans \u00e0 Portsmouth en 2008 a fait l&rsquo;objet d&rsquo;une enqu\u00eate de la FA concernant des all\u00e9gations selon lesquelles un agent non agr\u00e9\u00e9 aurait \u00e9t\u00e9 impliqu\u00e9 dans les n\u00e9gociations.<\/p>\n<p class=\"imgI\">\n<p><strong class=\"autotag\">Mitchell Thomas<\/strong> &#8211; un ancien d\u00e9fenseur qui a jou\u00e9 pour Tottenham entre 1986 et 1991 &#8211; aurait jou\u00e9 un r\u00f4le fondamental dans les discussions avec le pr\u00e9sident des Spurs <strong class=\"autotag\">Daniel L\u00e9vy<\/strong> puis entra\u00eeneur-chef de Portsmouth <strong class=\"autotag\">Harry Redknapp<\/strong>.<\/p>\n<p>Thomas aurait cependant \u00e9t\u00e9 un agent sans licence pendant la p\u00e9riode de n\u00e9gociation, ce qui constitue une violation des r\u00e8glements de la FA, et l&rsquo;instance dirigeante examine \u00e0 nouveau l&rsquo;affaire.<\/p>\n<p>La FA n&rsquo;a pris aucune mesure contre Tottenham lorsqu&rsquo;elle a examin\u00e9 pour la premi\u00e8re fois le transfert de plus pr\u00e8s en 2008, pr\u00e9tendument en raison d&rsquo;un manque de documents pertinents, bien que le rapport affirme qu&rsquo;elle \u00e9tait au courant de l&rsquo;implication de Thomas et poss\u00e9dait des enregistrements t\u00e9l\u00e9phoniques \u00ab d\u00e9taill\u00e9s \u00bb.<\/p>\n<p>D\u00e9sormais, un porte-parole de la FA a affirm\u00e9 que les \u00ab violations graves \u00bb feront l&rsquo;objet d&rsquo;une nouvelle enqu\u00eate si de nouvelles preuves sont r\u00e9v\u00e9l\u00e9es, d\u00e9clarant : \u00ab L&rsquo;affaire a \u00e9t\u00e9 entendue par un comit\u00e9 d&rsquo;arbitrage ind\u00e9pendant il y a 15 ans.<\/p>\n<p>\u00ab\u00a0La FA n&rsquo;\u00e9tait pas partie \u00e0 l&rsquo;arbitrage. On ne sait pas exactement quelle quantit\u00e9 d&rsquo;informations a \u00e9t\u00e9 partag\u00e9e avec la FA \u00e0 l&rsquo;\u00e9poque, et aucune mesure disciplinaire n&rsquo;a \u00e9t\u00e9 prise. S&rsquo;il existe de nouvelles preuves qui n&rsquo;\u00e9taient pas disponibles \u00e0 l&rsquo;\u00e9poque et qui sugg\u00e8rent de graves des violations de nos r\u00e8gles ont eu lieu, nous allons les r\u00e9examiner.\u00a0\u00bb<\/p>\n<p class=\"imgI\"><img decoding=\"async\" loading=\"lazy\" class=\"l\" src=\"https:\/\/footdavant.fr\/actualites\/wp-content\/uploads\/2023\/11\/1700905733_399_Tottenham-fait-face-a-des-allegations-de-violation-des-regles.jpg\" title=\"Le pr\u00e9sident de Tottenham Hotspur, Daniel Levy, est photographi\u00e9 avant le match du 18 mars 2023.\" alt=\"Le pr\u00e9sident de Tottenham Hotspur, Daniel Levy, est photographi\u00e9 avant le match du 18 mars 2023.\" width=\"640\" height=\"480\"><\/p>\n<p>Si Tottenham \u00e9tait reconnu coupable d&rsquo;avoir enfreint les r\u00e8glements de la FA, le club du nord de Londres pourrait apparemment faire face \u00e0 des sanctions aussi s\u00e9v\u00e8res que la rel\u00e9gation, ainsi qu&rsquo;\u00e0 des d\u00e9ductions de points, des embargos sur les transferts et des suspensions de directeur.<\/p>\n<p>Au d\u00e9but de la saison 2008-09, les nouveaux venus de Premier League, Luton Town \u2013 alors en Ligue 2 \u2013 ont perdu 10 points sur les paiements vers\u00e9s aux agents, ce qui \u00e9quivalait \u00e0 une faute grave, mais Tottenham aurait refus\u00e9 de commenter l&rsquo;affaire Defoe \u00e0 la suite de l&rsquo;affaire. r\u00e9v\u00e9lations r\u00e9centes.<\/p>\n<p>Les accusations d&rsquo;infraction aux r\u00e8gles contre Tottenham surviennent apr\u00e8s qu&rsquo;Everton ait \u00e9t\u00e9 frapp\u00e9 d&rsquo;une d\u00e9duction de 10 points pour avoir enfreint les r\u00e8gles de profit et de durabilit\u00e9 de la Premier League, tandis que les enqu\u00eates sur les 115 violations pr\u00e9sum\u00e9es du fair-play financier de Manchester City sont en cours.<\/p>\n<p>Chelsea pourrait \u00e9galement risquer de s\u00e9v\u00e8res sanctions sportives en raison d&rsquo;all\u00e9gations de paiements secrets li\u00e9s \u00e0 l&rsquo;ancien propri\u00e9taire. <strong class=\"autotag\">Romain Abramovitch<\/strong>qui est confront\u00e9 \u00e0 des questions sur sa pr\u00e9tendue utilisation de soci\u00e9t\u00e9s offshore au profit du club.<\/p>\n<p>Tottenham occupe la quatri\u00e8me place du classement de la Premier League \u2013 \u00e0 deux points du leader Manchester City \u2013 et revient \u00e0 l&rsquo;action avec un match \u00e0 domicile contre Aston Villa dimanche apr\u00e8s-midi.<\/p>\n<\/div>\n","protected":false},"excerpt":{"rendered":"<p>Tottenham Hotspur serait confront\u00e9 \u00e0 des all\u00e9gations d&rsquo;utilisation d&rsquo;un agent sans licence lors du transfert de Jermain Defoe \u00e0 Portsmouth en 2008 et risquerait de<\/p>\n","protected":false},"author":1,"featured_media":1391,"comment_status":"closed","ping_status":"","sticky":false,"template":"","format":"standard","meta":{"footnotes":""},"categories":[5],"tags":[1547,91,754,19,1484,12,1062,152,1483,714,1549,68,700,1548],"yoast_head":"<!-- This site is optimized with the Yoast SEO plugin v21.0 - https:\/\/yoast.com\/wordpress\/plugins\/seo\/ -->\n<title>Tottenham &quot;fait face \u00e0 des all\u00e9gations de violation des r\u00e8gles de transfert dans le cadre de l&#039;accord avec Jermain Defoe&quot;<\/title>\n<meta name=\"robots\" content=\"index, follow, max-snippet:-1, max-image-preview:large, max-video-preview:-1\" \/>\n<link rel=\"canonical\" href=\"https:\/\/footdavant.fr\/actualites\/tottenham-fait-face-a-des-allegations-de-violation-des-regles-de-transfert-dans-le-cadre-de-laccord-avec-jermain-defoe\/\" \/>\n<meta property=\"og:locale\" content=\"fr_FR\" \/>\n<meta property=\"og:type\" content=\"article\" \/>\n<meta property=\"og:title\" content=\"Tottenham &quot;fait face \u00e0 des all\u00e9gations de violation des r\u00e8gles de transfert dans le cadre de l&#039;accord avec Jermain Defoe&quot;\" \/>\n<meta property=\"og:description\" content=\"Tottenham Hotspur serait confront\u00e9 \u00e0 des all\u00e9gations d&rsquo;utilisation d&rsquo;un agent sans licence lors du transfert de Jermain Defoe \u00e0 Portsmouth en 2008 et risquerait de\" \/>\n<meta property=\"og:url\" content=\"https:\/\/footdavant.fr\/actualites\/tottenham-fait-face-a-des-allegations-de-violation-des-regles-de-transfert-dans-le-cadre-de-laccord-avec-jermain-defoe\/\" \/>\n<meta property=\"og:site_name\" content=\"Foot d&#039;avant\" \/>\n<meta property=\"article:publisher\" content=\"https:\/\/www.facebook.com\/Footdavant\/\" \/>\n<meta property=\"article:published_time\" content=\"2023-11-25T09:48:53+00:00\" \/>\n<meta property=\"article:modified_time\" content=\"2023-11-25T09:48:54+00:00\" \/>\n<meta property=\"og:image\" content=\"https:\/\/footdavant.fr\/actualites\/wp-content\/uploads\/2023\/11\/Tottenham-fait-face-a-des-allegations-de-violation-des-regles.jpg\" \/>\n\t<meta property=\"og:image:width\" content=\"640\" \/>\n\t<meta property=\"og:image:height\" content=\"480\" \/>\n\t<meta property=\"og:image:type\" content=\"image\/jpeg\" \/>\n<meta name=\"author\" content=\"Cl\u00e9ment\" \/>\n<meta name=\"twitter:card\" content=\"summary_large_image\" \/>\n<meta name=\"twitter:creator\" content=\"@FootdavantFr\" \/>\n<meta name=\"twitter:site\" content=\"@FootdavantFr\" \/>\n<meta name=\"twitter:label1\" content=\"\u00c9crit par\" \/>\n\t<meta name=\"twitter:data1\" content=\"Cl\u00e9ment\" \/>\n\t<meta name=\"twitter:label2\" content=\"Dur\u00e9e de lecture estim\u00e9e\" \/>\n\t<meta name=\"twitter:data2\" content=\"3 minutes\" \/>\n<script type=\"application\/ld+json\" class=\"yoast-schema-graph\">{\"@context\":\"https:\/\/schema.org\",\"@graph\":[{\"@type\":\"Article\",\"@id\":\"https:\/\/footdavant.fr\/actualites\/tottenham-fait-face-a-des-allegations-de-violation-des-regles-de-transfert-dans-le-cadre-de-laccord-avec-jermain-defoe\/#article\",\"isPartOf\":{\"@id\":\"https:\/\/footdavant.fr\/actualites\/tottenham-fait-face-a-des-allegations-de-violation-des-regles-de-transfert-dans-le-cadre-de-laccord-avec-jermain-defoe\/\"},\"author\":{\"name\":\"Cl\u00e9ment\",\"@id\":\"https:\/\/footdavant.fr\/actualites\/#\/schema\/person\/bc222566d95871b37e597b3ed3ba5e1d\"},\"headline\":\"Tottenham \u00ab\u00a0fait face \u00e0 des all\u00e9gations de violation des r\u00e8gles de transfert dans le cadre de l&rsquo;accord avec Jermain Defoe\u00a0\u00bb\",\"datePublished\":\"2023-11-25T09:48:53+00:00\",\"dateModified\":\"2023-11-25T09:48:54+00:00\",\"mainEntityOfPage\":{\"@id\":\"https:\/\/footdavant.fr\/actualites\/tottenham-fait-face-a-des-allegations-de-violation-des-regles-de-transfert-dans-le-cadre-de-laccord-avec-jermain-defoe\/\"},\"wordCount\":717,\"publisher\":{\"@id\":\"https:\/\/footdavant.fr\/actualites\/#organization\"},\"keywords\":[\"all\u00e9gations\",\"avec\",\"cadre\",\"dans\",\"Defoe\",\"des\",\"face\",\"fait\",\"Jermain\",\"laccord\",\"r\u00e8gles\",\"Tottenham\",\"transfert\",\"violation\"],\"articleSection\":[\"Premier League\"],\"inLanguage\":\"fr-FR\"},{\"@type\":\"WebPage\",\"@id\":\"https:\/\/footdavant.fr\/actualites\/tottenham-fait-face-a-des-allegations-de-violation-des-regles-de-transfert-dans-le-cadre-de-laccord-avec-jermain-defoe\/\",\"url\":\"https:\/\/footdavant.fr\/actualites\/tottenham-fait-face-a-des-allegations-de-violation-des-regles-de-transfert-dans-le-cadre-de-laccord-avec-jermain-defoe\/\",\"name\":\"Tottenham \\\"fait face \u00e0 des all\u00e9gations de violation des r\u00e8gles de transfert dans le cadre de l'accord avec Jermain Defoe\\\"\",\"isPartOf\":{\"@id\":\"https:\/\/footdavant.fr\/actualites\/#website\"},\"datePublished\":\"2023-11-25T09:48:53+00:00\",\"dateModified\":\"2023-11-25T09:48:54+00:00\",\"breadcrumb\":{\"@id\":\"https:\/\/footdavant.fr\/actualites\/tottenham-fait-face-a-des-allegations-de-violation-des-regles-de-transfert-dans-le-cadre-de-laccord-avec-jermain-defoe\/#breadcrumb\"},\"inLanguage\":\"fr-FR\",\"potentialAction\":[{\"@type\":\"ReadAction\",\"target\":[\"https:\/\/footdavant.fr\/actualites\/tottenham-fait-face-a-des-allegations-de-violation-des-regles-de-transfert-dans-le-cadre-de-laccord-avec-jermain-defoe\/\"]}]},{\"@type\":\"BreadcrumbList\",\"@id\":\"https:\/\/footdavant.fr\/actualites\/tottenham-fait-face-a-des-allegations-de-violation-des-regles-de-transfert-dans-le-cadre-de-laccord-avec-jermain-defoe\/#breadcrumb\",\"itemListElement\":[{\"@type\":\"ListItem\",\"position\":1,\"name\":\"Accueil\",\"item\":\"https:\/\/footdavant.fr\/actualites\/\"},{\"@type\":\"ListItem\",\"position\":2,\"name\":\"Tottenham \u00ab\u00a0fait face \u00e0 des all\u00e9gations de violation des r\u00e8gles de transfert dans le cadre de l&rsquo;accord avec Jermain Defoe\u00a0\u00bb\"}]},{\"@type\":\"WebSite\",\"@id\":\"https:\/\/footdavant.fr\/actualites\/#website\",\"url\":\"https:\/\/footdavant.fr\/actualites\/\",\"name\":\"Foot d'avant\",\"description\":\"\",\"publisher\":{\"@id\":\"https:\/\/footdavant.fr\/actualites\/#organization\"},\"potentialAction\":[{\"@type\":\"SearchAction\",\"target\":{\"@type\":\"EntryPoint\",\"urlTemplate\":\"https:\/\/footdavant.fr\/actualites\/?s={search_term_string}\"},\"query-input\":\"required name=search_term_string\"}],\"inLanguage\":\"fr-FR\"},{\"@type\":\"Organization\",\"@id\":\"https:\/\/footdavant.fr\/actualites\/#organization\",\"name\":\"Foot d'avant\",\"url\":\"https:\/\/footdavant.fr\/actualites\/\",\"logo\":{\"@type\":\"ImageObject\",\"inLanguage\":\"fr-FR\",\"@id\":\"https:\/\/footdavant.fr\/actualites\/#\/schema\/logo\/image\/\",\"url\":\"https:\/\/footdavant.fr\/actualites\/wp-content\/uploads\/2023\/09\/Copy-of-FootDavant-Logo.png\",\"contentUrl\":\"https:\/\/footdavant.fr\/actualites\/wp-content\/uploads\/2023\/09\/Copy-of-FootDavant-Logo.png\",\"width\":936,\"height\":549,\"caption\":\"Foot d'avant\"},\"image\":{\"@id\":\"https:\/\/footdavant.fr\/actualites\/#\/schema\/logo\/image\/\"},\"sameAs\":[\"https:\/\/www.facebook.com\/Footdavant\/\",\"https:\/\/twitter.com\/FootdavantFr\",\"https:\/\/www.instagram.com\/footdavant.fr\/\"]},{\"@type\":\"Person\",\"@id\":\"https:\/\/footdavant.fr\/actualites\/#\/schema\/person\/bc222566d95871b37e597b3ed3ba5e1d\",\"name\":\"Cl\u00e9ment\",\"image\":{\"@type\":\"ImageObject\",\"inLanguage\":\"fr-FR\",\"@id\":\"https:\/\/footdavant.fr\/actualites\/#\/schema\/person\/image\/\",\"url\":\"https:\/\/secure.gravatar.com\/avatar\/7728b29aac2719421e1a9159b2254c44?s=96&d=mm&r=g\",\"contentUrl\":\"https:\/\/secure.gravatar.com\/avatar\/7728b29aac2719421e1a9159b2254c44?s=96&d=mm&r=g\",\"caption\":\"Cl\u00e9ment\"},\"sameAs\":[\"https:\/\/footdavant.fr\/\"]}]}<\/script>\n<!-- \/ Yoast SEO plugin. -->","yoast_head_json":{"title":"Tottenham \"fait face \u00e0 des all\u00e9gations de violation des r\u00e8gles de transfert dans le cadre de l'accord avec Jermain Defoe\"","robots":{"index":"index","follow":"follow","max-snippet":"max-snippet:-1","max-image-preview":"max-image-preview:large","max-video-preview":"max-video-preview:-1"},"canonical":"https:\/\/footdavant.fr\/actualites\/tottenham-fait-face-a-des-allegations-de-violation-des-regles-de-transfert-dans-le-cadre-de-laccord-avec-jermain-defoe\/","og_locale":"fr_FR","og_type":"article","og_title":"Tottenham \"fait face \u00e0 des all\u00e9gations de violation des r\u00e8gles de transfert dans le cadre de l'accord avec Jermain Defoe\"","og_description":"Tottenham Hotspur serait confront\u00e9 \u00e0 des all\u00e9gations d&rsquo;utilisation d&rsquo;un agent sans licence lors du transfert de Jermain Defoe \u00e0 Portsmouth en 2008 et risquerait de","og_url":"https:\/\/footdavant.fr\/actualites\/tottenham-fait-face-a-des-allegations-de-violation-des-regles-de-transfert-dans-le-cadre-de-laccord-avec-jermain-defoe\/","og_site_name":"Foot d&#039;avant","article_publisher":"https:\/\/www.facebook.com\/Footdavant\/","article_published_time":"2023-11-25T09:48:53+00:00","article_modified_time":"2023-11-25T09:48:54+00:00","og_image":[{"width":640,"height":480,"url":"https:\/\/footdavant.fr\/actualites\/wp-content\/uploads\/2023\/11\/Tottenham-fait-face-a-des-allegations-de-violation-des-regles.jpg","type":"image\/jpeg"}],"author":"Cl\u00e9ment","twitter_card":"summary_large_image","twitter_creator":"@FootdavantFr","twitter_site":"@FootdavantFr","twitter_misc":{"\u00c9crit par":"Cl\u00e9ment","Dur\u00e9e de lecture estim\u00e9e":"3 minutes"},"schema":{"@context":"https:\/\/schema.org","@graph":[{"@type":"Article","@id":"https:\/\/footdavant.fr\/actualites\/tottenham-fait-face-a-des-allegations-de-violation-des-regles-de-transfert-dans-le-cadre-de-laccord-avec-jermain-defoe\/#article","isPartOf":{"@id":"https:\/\/footdavant.fr\/actualites\/tottenham-fait-face-a-des-allegations-de-violation-des-regles-de-transfert-dans-le-cadre-de-laccord-avec-jermain-defoe\/"},"author":{"name":"Cl\u00e9ment","@id":"https:\/\/footdavant.fr\/actualites\/#\/schema\/person\/bc222566d95871b37e597b3ed3ba5e1d"},"headline":"Tottenham \u00ab\u00a0fait face \u00e0 des all\u00e9gations de violation des r\u00e8gles de transfert dans le cadre de l&rsquo;accord avec Jermain Defoe\u00a0\u00bb","datePublished":"2023-11-25T09:48:53+00:00","dateModified":"2023-11-25T09:48:54+00:00","mainEntityOfPage":{"@id":"https:\/\/footdavant.fr\/actualites\/tottenham-fait-face-a-des-allegations-de-violation-des-regles-de-transfert-dans-le-cadre-de-laccord-avec-jermain-defoe\/"},"wordCount":717,"publisher":{"@id":"https:\/\/footdavant.fr\/actualites\/#organization"},"keywords":["all\u00e9gations","avec","cadre","dans","Defoe","des","face","fait","Jermain","laccord","r\u00e8gles","Tottenham","transfert","violation"],"articleSection":["Premier League"],"inLanguage":"fr-FR"},{"@type":"WebPage","@id":"https:\/\/footdavant.fr\/actualites\/tottenham-fait-face-a-des-allegations-de-violation-des-regles-de-transfert-dans-le-cadre-de-laccord-avec-jermain-defoe\/","url":"https:\/\/footdavant.fr\/actualites\/tottenham-fait-face-a-des-allegations-de-violation-des-regles-de-transfert-dans-le-cadre-de-laccord-avec-jermain-defoe\/","name":"Tottenham \"fait face \u00e0 des all\u00e9gations de violation des r\u00e8gles de transfert dans le cadre de l'accord avec Jermain Defoe\"","isPartOf":{"@id":"https:\/\/footdavant.fr\/actualites\/#website"},"datePublished":"2023-11-25T09:48:53+00:00","dateModified":"2023-11-25T09:48:54+00:00","breadcrumb":{"@id":"https:\/\/footdavant.fr\/actualites\/tottenham-fait-face-a-des-allegations-de-violation-des-regles-de-transfert-dans-le-cadre-de-laccord-avec-jermain-defoe\/#breadcrumb"},"inLanguage":"fr-FR","potentialAction":[{"@type":"ReadAction","target":["https:\/\/footdavant.fr\/actualites\/tottenham-fait-face-a-des-allegations-de-violation-des-regles-de-transfert-dans-le-cadre-de-laccord-avec-jermain-defoe\/"]}]},{"@type":"BreadcrumbList","@id":"https:\/\/footdavant.fr\/actualites\/tottenham-fait-face-a-des-allegations-de-violation-des-regles-de-transfert-dans-le-cadre-de-laccord-avec-jermain-defoe\/#breadcrumb","itemListElement":[{"@type":"ListItem","position":1,"name":"Accueil","item":"https:\/\/footdavant.fr\/actualites\/"},{"@type":"ListItem","position":2,"name":"Tottenham \u00ab\u00a0fait face \u00e0 des all\u00e9gations de violation des r\u00e8gles de transfert dans le cadre de l&rsquo;accord avec Jermain Defoe\u00a0\u00bb"}]},{"@type":"WebSite","@id":"https:\/\/footdavant.fr\/actualites\/#website","url":"https:\/\/footdavant.fr\/actualites\/","name":"Foot d'avant","description":"","publisher":{"@id":"https:\/\/footdavant.fr\/actualites\/#organization"},"potentialAction":[{"@type":"SearchAction","target":{"@type":"EntryPoint","urlTemplate":"https:\/\/footdavant.fr\/actualites\/?s={search_term_string}"},"query-input":"required name=search_term_string"}],"inLanguage":"fr-FR"},{"@type":"Organization","@id":"https:\/\/footdavant.fr\/actualites\/#organization","name":"Foot d'avant","url":"https:\/\/footdavant.fr\/actualites\/","logo":{"@type":"ImageObject","inLanguage":"fr-FR","@id":"https:\/\/footdavant.fr\/actualites\/#\/schema\/logo\/image\/","url":"https:\/\/footdavant.fr\/actualites\/wp-content\/uploads\/2023\/09\/Copy-of-FootDavant-Logo.png","contentUrl":"https:\/\/footdavant.fr\/actualites\/wp-content\/uploads\/2023\/09\/Copy-of-FootDavant-Logo.png","width":936,"height":549,"caption":"Foot d'avant"},"image":{"@id":"https:\/\/footdavant.fr\/actualites\/#\/schema\/logo\/image\/"},"sameAs":["https:\/\/www.facebook.com\/Footdavant\/","https:\/\/twitter.com\/FootdavantFr","https:\/\/www.instagram.com\/footdavant.fr\/"]},{"@type":"Person","@id":"https:\/\/footdavant.fr\/actualites\/#\/schema\/person\/bc222566d95871b37e597b3ed3ba5e1d","name":"Cl\u00e9ment","image":{"@type":"ImageObject","inLanguage":"fr-FR","@id":"https:\/\/footdavant.fr\/actualites\/#\/schema\/person\/image\/","url":"https:\/\/secure.gravatar.com\/avatar\/7728b29aac2719421e1a9159b2254c44?s=96&d=mm&r=g","contentUrl":"https:\/\/secure.gravatar.com\/avatar\/7728b29aac2719421e1a9159b2254c44?s=96&d=mm&r=g","caption":"Cl\u00e9ment"},"sameAs":["https:\/\/footdavant.fr\/"]}]}},"_links":{"self":[{"href":"https:\/\/footdavant.fr\/actualites\/wp-json\/wp\/v2\/posts\/1390"}],"collection":[{"href":"https:\/\/footdavant.fr\/actualites\/wp-json\/wp\/v2\/posts"}],"about":[{"href":"https:\/\/footdavant.fr\/actualites\/wp-json\/wp\/v2\/types\/post"}],"author":[{"embeddable":true,"href":"https:\/\/footdavant.fr\/actualites\/wp-json\/wp\/v2\/users\/1"}],"replies":[{"embeddable":true,"href":"https:\/\/footdavant.fr\/actualites\/wp-json\/wp\/v2\/comments?post=1390"}],"version-history":[{"count":1,"href":"https:\/\/footdavant.fr\/actualites\/wp-json\/wp\/v2\/posts\/1390\/revisions"}],"predecessor-version":[{"id":1392,"href":"https:\/\/footdavant.fr\/actualites\/wp-json\/wp\/v2\/posts\/1390\/revisions\/1392"}],"wp:featuredmedia":[{"embeddable":true,"href":"https:\/\/footdavant.fr\/actualites\/wp-json\/wp\/v2\/media\/1391"}],"wp:attachment":[{"href":"https:\/\/footdavant.fr\/actualites\/wp-json\/wp\/v2\/media?parent=1390"}],"wp:term":[{"taxonomy":"category","embeddable":true,"href":"https:\/\/footdavant.fr\/actualites\/wp-json\/wp\/v2\/categories?post=1390"},{"taxonomy":"post_tag","embeddable":true,"href":"https:\/\/footdavant.fr\/actualites\/wp-json\/wp\/v2\/tags?post=1390"}],"curies":[{"name":"wp","href":"https:\/\/api.w.org\/{rel}","templated":true}]}}