{"id":1393,"date":"2023-11-25T12:54:25","date_gmt":"2023-11-25T11:54:25","guid":{"rendered":"https:\/\/footdavant.fr\/actualites\/arsenal-recrute-martin-zubimendi-lors-de-laffaire-europeenne-de-la-real-sociedad\/"},"modified":"2023-11-25T12:54:25","modified_gmt":"2023-11-25T11:54:25","slug":"arsenal-recrute-martin-zubimendi-lors-de-laffaire-europeenne-de-la-real-sociedad","status":"publish","type":"post","link":"https:\/\/footdavant.fr\/actualites\/arsenal-recrute-martin-zubimendi-lors-de-laffaire-europeenne-de-la-real-sociedad\/","title":{"rendered":"Arsenal recrute Martin Zubimendi lors de l&rsquo;affaire europ\u00e9enne de la Real Sociedad"},"content":{"rendered":"<p>Arsenal avait des \u00e9claireurs lors du match de Ligue des champions de la Real Sociedad avec Benfica mercredi pour surveiller Martin Zubimendi, selon un rapport.<\/p>\n<div id=\"article_body\" itemprop=\"articleBody\">\n<h3 class=\"firstPara\">\n<strong class=\"autotag\">Arsenal<\/strong> aurait eu des \u00e9claireurs \u00e0 <strong class=\"autotag\">Real Sociedad<\/strong>c&rsquo;est <strong class=\"autotag\">Ligue des champions<\/strong> concours avec <strong class=\"autotag\">Benfica<\/strong> mercredi soir pour suivre les performances de <strong class=\"autotag\">Martin Zubimendi<\/strong>.<\/h3>\n<p>Le joueur de 24 ans a jou\u00e9 les 90 minutes compl\u00e8tes de ce qui s&rsquo;est av\u00e9r\u00e9 \u00eatre un succ\u00e8s 3-1 pour l&rsquo;\u00e9quipe de la Liga, ce qui lui a permis de r\u00e9server sa place en huiti\u00e8mes de finale de la comp\u00e9tition.<\/p>\n<p>Zubimendi a \u00e9t\u00e9 omnipr\u00e9sent dans le tournoi cette saison, aidant son \u00e9quipe \u00e0 r\u00e9colter 10 points en quatre matches du groupe D, tandis qu&rsquo;il a \u00e9galement disput\u00e9 les 12 matches de Liga en 2023-24, marquant un but et en fournissant un. aider dans 12 apparitions.<\/p>\n<p>Le milieu de terrain \u00e9tait fortement li\u00e9 \u00e0 un d\u00e9part de la Real Sociedad l&rsquo;ann\u00e9e derni\u00e8re, avec <strong class=\"autotag\">Barcelone<\/strong> l&rsquo;auraient identifi\u00e9 comme leur principale cible pour le remplacer <strong class=\"autotag\">Sergio Busquets<\/strong>.<\/p>\n<p>Zubimendi est finalement rest\u00e9 avec le club basque apr\u00e8s la date limite de transfert, mais il y a encore une fois des sp\u00e9culations autour de son avenir en raison de ses bonnes performances constantes.<\/p>\n<p class=\"imgI\">\n<p>Barcelone serait toujours int\u00e9ress\u00e9, alors que <strong class=\"autotag\">Bayern Munich<\/strong> sont consid\u00e9r\u00e9s comme des admirateurs, les champions de Bundesliga cherchant \u00e9galement \u00e0 recruter un milieu de terrain central.<\/p>\n<p>On pense cependant qu&rsquo;Arsenal est en t\u00eate de file et, selon <em>90 minutes<\/em>l&rsquo;\u00e9quipe du nord de Londres avait des \u00e9claireurs en Espagne pour surveiller sa performance contre Benfica.<\/p>\n<p>Zubimendi a un contrat avec la Real Sociedad jusqu&rsquo;en juin 2027, mais sa clause lib\u00e9ratoire ne serait que de 50 millions d&rsquo;euros (43,6 millions de livres sterling), ce qui ne devrait pas d\u00e9courager les clubs int\u00e9ress\u00e9s.<\/p>\n<p>Selon <em>Qui a marqu\u00e9<\/em>le milieu de terrain a compl\u00e9t\u00e9 48 de ses 54 passes lors de la confrontation avec Benfica, tout en remportant deux plaqu\u00e9s et deux duels a\u00e9riens.<\/p>\n<p class=\"imgI\"><img decoding=\"async\" loading=\"lazy\" class=\"l\" src=\"https:\/\/footdavant.fr\/actualites\/wp-content\/uploads\/2023\/11\/Arsenal-recrute-Martin-Zubimendi-lors-de-laffaire-europeenne-de-la.JPG\" title=\"Martin Zubimendi de la Real Sociedad photographi\u00e9 en d\u00e9cembre 2021\" alt=\"Martin Zubimendi de la Real Sociedad photographi\u00e9 en d\u00e9cembre 2021\" width=\"640\" height=\"480\"><\/p>\n<p>Zubimendi a suivi le syst\u00e8me de jeunesse de son club actuel, progressant dans les diff\u00e9rentes tranches d&rsquo;\u00e2ge avant de faire ses d\u00e9buts en \u00e9quipe premi\u00e8re en 2019.<\/p>\n<p>Le double international espagnol a d\u00e9sormais disput\u00e9 160 matches avec la Real Sociedad toutes comp\u00e9titions confondues, marquant cinq buts et enregistrant sept passes d\u00e9cisives.<\/p>\n<p>Arsenal devrait recruter un autre milieu de terrain central l&rsquo;\u00e9t\u00e9 prochain, le club \u00e9tant apparemment \u00e0 la recherche d&rsquo;un partenaire \u00e0 long terme pour <strong class=\"autotag\">Declan Riz<\/strong> dans cette position du terrain.<\/p>\n<p>Le Real Madrid <strong class=\"autotag\">Aur\u00e9lien Tchouameni<\/strong> aurait \u00e9t\u00e9 identifi\u00e9 comme leur principale cible, mais les g\u00e9ants espagnols auraient clairement indiqu\u00e9 que l&rsquo;international fran\u00e7ais n&rsquo;\u00e9tait en aucun cas \u00e0 vendre.<\/p>\n<p>Il y a \u00e9galement eu r\u00e9cemment des sp\u00e9culations autour <strong class=\"autotag\">Kai Havertz<\/strong>L&rsquo;avenir de, le club \u00e9tant cens\u00e9 \u00eatre pr\u00eat \u00e0 le laisser partir pour aussi peu que 35 millions de livres sterling l&rsquo;ann\u00e9e prochaine, tandis que <strong class=\"autotag\">Thomas Partey<\/strong> pourrait \u00e9galement partir en 2024.<\/p>\n<\/div>\n","protected":false},"excerpt":{"rendered":"<p>Arsenal avait des \u00e9claireurs lors du match de Ligue des champions de la Real Sociedad avec Benfica mercredi pour surveiller Martin Zubimendi, selon un rapport.<\/p>\n","protected":false},"author":1,"featured_media":1394,"comment_status":"closed","ping_status":"","sticky":false,"template":"","format":"standard","meta":{"footnotes":""},"categories":[4],"tags":[67,1552,1551,64,892,302,1550,529,893],"yoast_head":"<!-- This site is optimized with the Yoast SEO plugin v21.0 - https:\/\/yoast.com\/wordpress\/plugins\/seo\/ -->\n<title>Arsenal recrute Martin Zubimendi lors de l&#039;affaire europ\u00e9enne de la Real Sociedad<\/title>\n<meta name=\"robots\" content=\"index, follow, max-snippet:-1, max-image-preview:large, max-video-preview:-1\" \/>\n<link rel=\"canonical\" href=\"https:\/\/footdavant.fr\/actualites\/arsenal-recrute-martin-zubimendi-lors-de-laffaire-europeenne-de-la-real-sociedad\/\" \/>\n<meta property=\"og:locale\" content=\"fr_FR\" \/>\n<meta property=\"og:type\" content=\"article\" \/>\n<meta property=\"og:title\" content=\"Arsenal recrute Martin Zubimendi lors de l&#039;affaire europ\u00e9enne de la Real Sociedad\" \/>\n<meta property=\"og:description\" content=\"Arsenal avait des \u00e9claireurs lors du match de Ligue des champions de la Real Sociedad avec Benfica mercredi pour surveiller Martin Zubimendi, selon un rapport.\" \/>\n<meta property=\"og:url\" content=\"https:\/\/footdavant.fr\/actualites\/arsenal-recrute-martin-zubimendi-lors-de-laffaire-europeenne-de-la-real-sociedad\/\" \/>\n<meta property=\"og:site_name\" content=\"Foot d&#039;avant\" \/>\n<meta property=\"article:publisher\" content=\"https:\/\/www.facebook.com\/Footdavant\/\" \/>\n<meta property=\"article:published_time\" content=\"2023-11-25T11:54:25+00:00\" \/>\n<meta property=\"og:image\" content=\"https:\/\/footdavant.fr\/actualites\/wp-content\/uploads\/2023\/11\/Arsenal-recrute-Martin-Zubimendi-lors-de-laffaire-europeenne-de-la.jpg\" \/>\n\t<meta property=\"og:image:width\" content=\"640\" \/>\n\t<meta property=\"og:image:height\" content=\"480\" \/>\n\t<meta property=\"og:image:type\" content=\"image\/jpeg\" \/>\n<meta name=\"author\" content=\"Cl\u00e9ment\" \/>\n<meta name=\"twitter:card\" content=\"summary_large_image\" \/>\n<meta name=\"twitter:creator\" content=\"@FootdavantFr\" \/>\n<meta name=\"twitter:site\" content=\"@FootdavantFr\" \/>\n<meta name=\"twitter:label1\" content=\"\u00c9crit par\" \/>\n\t<meta name=\"twitter:data1\" content=\"Cl\u00e9ment\" \/>\n\t<meta name=\"twitter:label2\" content=\"Dur\u00e9e de lecture estim\u00e9e\" \/>\n\t<meta name=\"twitter:data2\" content=\"2 minutes\" \/>\n<script type=\"application\/ld+json\" class=\"yoast-schema-graph\">{\"@context\":\"https:\/\/schema.org\",\"@graph\":[{\"@type\":\"Article\",\"@id\":\"https:\/\/footdavant.fr\/actualites\/arsenal-recrute-martin-zubimendi-lors-de-laffaire-europeenne-de-la-real-sociedad\/#article\",\"isPartOf\":{\"@id\":\"https:\/\/footdavant.fr\/actualites\/arsenal-recrute-martin-zubimendi-lors-de-laffaire-europeenne-de-la-real-sociedad\/\"},\"author\":{\"name\":\"Cl\u00e9ment\",\"@id\":\"https:\/\/footdavant.fr\/actualites\/#\/schema\/person\/bc222566d95871b37e597b3ed3ba5e1d\"},\"headline\":\"Arsenal recrute Martin Zubimendi lors de l&rsquo;affaire europ\u00e9enne de la Real Sociedad\",\"datePublished\":\"2023-11-25T11:54:25+00:00\",\"dateModified\":\"2023-11-25T11:54:25+00:00\",\"mainEntityOfPage\":{\"@id\":\"https:\/\/footdavant.fr\/actualites\/arsenal-recrute-martin-zubimendi-lors-de-laffaire-europeenne-de-la-real-sociedad\/\"},\"wordCount\":502,\"publisher\":{\"@id\":\"https:\/\/footdavant.fr\/actualites\/#organization\"},\"keywords\":[\"Arsenal\",\"europ\u00e9enne\",\"laffaire\",\"lors\",\"Martin\",\"Real\",\"recrute\",\"Sociedad\",\"Zubimendi\"],\"articleSection\":[\"Champions League\"],\"inLanguage\":\"fr-FR\"},{\"@type\":\"WebPage\",\"@id\":\"https:\/\/footdavant.fr\/actualites\/arsenal-recrute-martin-zubimendi-lors-de-laffaire-europeenne-de-la-real-sociedad\/\",\"url\":\"https:\/\/footdavant.fr\/actualites\/arsenal-recrute-martin-zubimendi-lors-de-laffaire-europeenne-de-la-real-sociedad\/\",\"name\":\"Arsenal recrute Martin Zubimendi lors de l'affaire europ\u00e9enne de la Real Sociedad\",\"isPartOf\":{\"@id\":\"https:\/\/footdavant.fr\/actualites\/#website\"},\"datePublished\":\"2023-11-25T11:54:25+00:00\",\"dateModified\":\"2023-11-25T11:54:25+00:00\",\"breadcrumb\":{\"@id\":\"https:\/\/footdavant.fr\/actualites\/arsenal-recrute-martin-zubimendi-lors-de-laffaire-europeenne-de-la-real-sociedad\/#breadcrumb\"},\"inLanguage\":\"fr-FR\",\"potentialAction\":[{\"@type\":\"ReadAction\",\"target\":[\"https:\/\/footdavant.fr\/actualites\/arsenal-recrute-martin-zubimendi-lors-de-laffaire-europeenne-de-la-real-sociedad\/\"]}]},{\"@type\":\"BreadcrumbList\",\"@id\":\"https:\/\/footdavant.fr\/actualites\/arsenal-recrute-martin-zubimendi-lors-de-laffaire-europeenne-de-la-real-sociedad\/#breadcrumb\",\"itemListElement\":[{\"@type\":\"ListItem\",\"position\":1,\"name\":\"Accueil\",\"item\":\"https:\/\/footdavant.fr\/actualites\/\"},{\"@type\":\"ListItem\",\"position\":2,\"name\":\"Arsenal recrute Martin Zubimendi lors de l&rsquo;affaire europ\u00e9enne de la Real Sociedad\"}]},{\"@type\":\"WebSite\",\"@id\":\"https:\/\/footdavant.fr\/actualites\/#website\",\"url\":\"https:\/\/footdavant.fr\/actualites\/\",\"name\":\"Foot d'avant\",\"description\":\"\",\"publisher\":{\"@id\":\"https:\/\/footdavant.fr\/actualites\/#organization\"},\"potentialAction\":[{\"@type\":\"SearchAction\",\"target\":{\"@type\":\"EntryPoint\",\"urlTemplate\":\"https:\/\/footdavant.fr\/actualites\/?s={search_term_string}\"},\"query-input\":\"required name=search_term_string\"}],\"inLanguage\":\"fr-FR\"},{\"@type\":\"Organization\",\"@id\":\"https:\/\/footdavant.fr\/actualites\/#organization\",\"name\":\"Foot d'avant\",\"url\":\"https:\/\/footdavant.fr\/actualites\/\",\"logo\":{\"@type\":\"ImageObject\",\"inLanguage\":\"fr-FR\",\"@id\":\"https:\/\/footdavant.fr\/actualites\/#\/schema\/logo\/image\/\",\"url\":\"https:\/\/footdavant.fr\/actualites\/wp-content\/uploads\/2023\/09\/Copy-of-FootDavant-Logo.png\",\"contentUrl\":\"https:\/\/footdavant.fr\/actualites\/wp-content\/uploads\/2023\/09\/Copy-of-FootDavant-Logo.png\",\"width\":936,\"height\":549,\"caption\":\"Foot d'avant\"},\"image\":{\"@id\":\"https:\/\/footdavant.fr\/actualites\/#\/schema\/logo\/image\/\"},\"sameAs\":[\"https:\/\/www.facebook.com\/Footdavant\/\",\"https:\/\/twitter.com\/FootdavantFr\",\"https:\/\/www.instagram.com\/footdavant.fr\/\"]},{\"@type\":\"Person\",\"@id\":\"https:\/\/footdavant.fr\/actualites\/#\/schema\/person\/bc222566d95871b37e597b3ed3ba5e1d\",\"name\":\"Cl\u00e9ment\",\"image\":{\"@type\":\"ImageObject\",\"inLanguage\":\"fr-FR\",\"@id\":\"https:\/\/footdavant.fr\/actualites\/#\/schema\/person\/image\/\",\"url\":\"https:\/\/secure.gravatar.com\/avatar\/7728b29aac2719421e1a9159b2254c44?s=96&d=mm&r=g\",\"contentUrl\":\"https:\/\/secure.gravatar.com\/avatar\/7728b29aac2719421e1a9159b2254c44?s=96&d=mm&r=g\",\"caption\":\"Cl\u00e9ment\"},\"sameAs\":[\"https:\/\/footdavant.fr\/\"]}]}<\/script>\n<!-- \/ Yoast SEO plugin. -->","yoast_head_json":{"title":"Arsenal recrute Martin Zubimendi lors de l'affaire europ\u00e9enne de la Real Sociedad","robots":{"index":"index","follow":"follow","max-snippet":"max-snippet:-1","max-image-preview":"max-image-preview:large","max-video-preview":"max-video-preview:-1"},"canonical":"https:\/\/footdavant.fr\/actualites\/arsenal-recrute-martin-zubimendi-lors-de-laffaire-europeenne-de-la-real-sociedad\/","og_locale":"fr_FR","og_type":"article","og_title":"Arsenal recrute Martin Zubimendi lors de l'affaire europ\u00e9enne de la Real Sociedad","og_description":"Arsenal avait des \u00e9claireurs lors du match de Ligue des champions de la Real Sociedad avec Benfica mercredi pour surveiller Martin Zubimendi, selon un rapport.","og_url":"https:\/\/footdavant.fr\/actualites\/arsenal-recrute-martin-zubimendi-lors-de-laffaire-europeenne-de-la-real-sociedad\/","og_site_name":"Foot d&#039;avant","article_publisher":"https:\/\/www.facebook.com\/Footdavant\/","article_published_time":"2023-11-25T11:54:25+00:00","og_image":[{"width":640,"height":480,"url":"https:\/\/footdavant.fr\/actualites\/wp-content\/uploads\/2023\/11\/Arsenal-recrute-Martin-Zubimendi-lors-de-laffaire-europeenne-de-la.jpg","type":"image\/jpeg"}],"author":"Cl\u00e9ment","twitter_card":"summary_large_image","twitter_creator":"@FootdavantFr","twitter_site":"@FootdavantFr","twitter_misc":{"\u00c9crit par":"Cl\u00e9ment","Dur\u00e9e de lecture estim\u00e9e":"2 minutes"},"schema":{"@context":"https:\/\/schema.org","@graph":[{"@type":"Article","@id":"https:\/\/footdavant.fr\/actualites\/arsenal-recrute-martin-zubimendi-lors-de-laffaire-europeenne-de-la-real-sociedad\/#article","isPartOf":{"@id":"https:\/\/footdavant.fr\/actualites\/arsenal-recrute-martin-zubimendi-lors-de-laffaire-europeenne-de-la-real-sociedad\/"},"author":{"name":"Cl\u00e9ment","@id":"https:\/\/footdavant.fr\/actualites\/#\/schema\/person\/bc222566d95871b37e597b3ed3ba5e1d"},"headline":"Arsenal recrute Martin Zubimendi lors de l&rsquo;affaire europ\u00e9enne de la Real Sociedad","datePublished":"2023-11-25T11:54:25+00:00","dateModified":"2023-11-25T11:54:25+00:00","mainEntityOfPage":{"@id":"https:\/\/footdavant.fr\/actualites\/arsenal-recrute-martin-zubimendi-lors-de-laffaire-europeenne-de-la-real-sociedad\/"},"wordCount":502,"publisher":{"@id":"https:\/\/footdavant.fr\/actualites\/#organization"},"keywords":["Arsenal","europ\u00e9enne","laffaire","lors","Martin","Real","recrute","Sociedad","Zubimendi"],"articleSection":["Champions League"],"inLanguage":"fr-FR"},{"@type":"WebPage","@id":"https:\/\/footdavant.fr\/actualites\/arsenal-recrute-martin-zubimendi-lors-de-laffaire-europeenne-de-la-real-sociedad\/","url":"https:\/\/footdavant.fr\/actualites\/arsenal-recrute-martin-zubimendi-lors-de-laffaire-europeenne-de-la-real-sociedad\/","name":"Arsenal recrute Martin Zubimendi lors de l'affaire europ\u00e9enne de la Real Sociedad","isPartOf":{"@id":"https:\/\/footdavant.fr\/actualites\/#website"},"datePublished":"2023-11-25T11:54:25+00:00","dateModified":"2023-11-25T11:54:25+00:00","breadcrumb":{"@id":"https:\/\/footdavant.fr\/actualites\/arsenal-recrute-martin-zubimendi-lors-de-laffaire-europeenne-de-la-real-sociedad\/#breadcrumb"},"inLanguage":"fr-FR","potentialAction":[{"@type":"ReadAction","target":["https:\/\/footdavant.fr\/actualites\/arsenal-recrute-martin-zubimendi-lors-de-laffaire-europeenne-de-la-real-sociedad\/"]}]},{"@type":"BreadcrumbList","@id":"https:\/\/footdavant.fr\/actualites\/arsenal-recrute-martin-zubimendi-lors-de-laffaire-europeenne-de-la-real-sociedad\/#breadcrumb","itemListElement":[{"@type":"ListItem","position":1,"name":"Accueil","item":"https:\/\/footdavant.fr\/actualites\/"},{"@type":"ListItem","position":2,"name":"Arsenal recrute Martin Zubimendi lors de l&rsquo;affaire europ\u00e9enne de la Real Sociedad"}]},{"@type":"WebSite","@id":"https:\/\/footdavant.fr\/actualites\/#website","url":"https:\/\/footdavant.fr\/actualites\/","name":"Foot d'avant","description":"","publisher":{"@id":"https:\/\/footdavant.fr\/actualites\/#organization"},"potentialAction":[{"@type":"SearchAction","target":{"@type":"EntryPoint","urlTemplate":"https:\/\/footdavant.fr\/actualites\/?s={search_term_string}"},"query-input":"required name=search_term_string"}],"inLanguage":"fr-FR"},{"@type":"Organization","@id":"https:\/\/footdavant.fr\/actualites\/#organization","name":"Foot d'avant","url":"https:\/\/footdavant.fr\/actualites\/","logo":{"@type":"ImageObject","inLanguage":"fr-FR","@id":"https:\/\/footdavant.fr\/actualites\/#\/schema\/logo\/image\/","url":"https:\/\/footdavant.fr\/actualites\/wp-content\/uploads\/2023\/09\/Copy-of-FootDavant-Logo.png","contentUrl":"https:\/\/footdavant.fr\/actualites\/wp-content\/uploads\/2023\/09\/Copy-of-FootDavant-Logo.png","width":936,"height":549,"caption":"Foot d'avant"},"image":{"@id":"https:\/\/footdavant.fr\/actualites\/#\/schema\/logo\/image\/"},"sameAs":["https:\/\/www.facebook.com\/Footdavant\/","https:\/\/twitter.com\/FootdavantFr","https:\/\/www.instagram.com\/footdavant.fr\/"]},{"@type":"Person","@id":"https:\/\/footdavant.fr\/actualites\/#\/schema\/person\/bc222566d95871b37e597b3ed3ba5e1d","name":"Cl\u00e9ment","image":{"@type":"ImageObject","inLanguage":"fr-FR","@id":"https:\/\/footdavant.fr\/actualites\/#\/schema\/person\/image\/","url":"https:\/\/secure.gravatar.com\/avatar\/7728b29aac2719421e1a9159b2254c44?s=96&d=mm&r=g","contentUrl":"https:\/\/secure.gravatar.com\/avatar\/7728b29aac2719421e1a9159b2254c44?s=96&d=mm&r=g","caption":"Cl\u00e9ment"},"sameAs":["https:\/\/footdavant.fr\/"]}]}},"_links":{"self":[{"href":"https:\/\/footdavant.fr\/actualites\/wp-json\/wp\/v2\/posts\/1393"}],"collection":[{"href":"https:\/\/footdavant.fr\/actualites\/wp-json\/wp\/v2\/posts"}],"about":[{"href":"https:\/\/footdavant.fr\/actualites\/wp-json\/wp\/v2\/types\/post"}],"author":[{"embeddable":true,"href":"https:\/\/footdavant.fr\/actualites\/wp-json\/wp\/v2\/users\/1"}],"replies":[{"embeddable":true,"href":"https:\/\/footdavant.fr\/actualites\/wp-json\/wp\/v2\/comments?post=1393"}],"version-history":[{"count":1,"href":"https:\/\/footdavant.fr\/actualites\/wp-json\/wp\/v2\/posts\/1393\/revisions"}],"predecessor-version":[{"id":1395,"href":"https:\/\/footdavant.fr\/actualites\/wp-json\/wp\/v2\/posts\/1393\/revisions\/1395"}],"wp:featuredmedia":[{"embeddable":true,"href":"https:\/\/footdavant.fr\/actualites\/wp-json\/wp\/v2\/media\/1394"}],"wp:attachment":[{"href":"https:\/\/footdavant.fr\/actualites\/wp-json\/wp\/v2\/media?parent=1393"}],"wp:term":[{"taxonomy":"category","embeddable":true,"href":"https:\/\/footdavant.fr\/actualites\/wp-json\/wp\/v2\/categories?post=1393"},{"taxonomy":"post_tag","embeddable":true,"href":"https:\/\/footdavant.fr\/actualites\/wp-json\/wp\/v2\/tags?post=1393"}],"curies":[{"name":"wp","href":"https:\/\/api.w.org\/{rel}","templated":true}]}}