{"id":13975,"date":"2024-09-26T05:03:28","date_gmt":"2024-09-26T03:03:28","guid":{"rendered":"https:\/\/footdavant.fr\/actualites\/les-cowboys-pourraient-ouvrir-la-fenetre-dentrainement-de-21-jours-pour-le-cb-all-pro-daron-bland-apres-la-semaine-4\/"},"modified":"2024-09-26T05:03:29","modified_gmt":"2024-09-26T03:03:29","slug":"les-cowboys-pourraient-ouvrir-la-fenetre-dentrainement-de-21-jours-pour-le-cb-all-pro-daron-bland-apres-la-semaine-4","status":"publish","type":"post","link":"https:\/\/footdavant.fr\/actualites\/les-cowboys-pourraient-ouvrir-la-fenetre-dentrainement-de-21-jours-pour-le-cb-all-pro-daron-bland-apres-la-semaine-4\/","title":{"rendered":"Les Cowboys pourraient ouvrir la fen\u00eatre d&#39;entra\u00eenement de 21 jours pour le CB All-Pro DaRon Bland apr\u00e8s la semaine 4"},"content":{"rendered":"<div>\n<p>Les Cowboys ont d\u00fb faire appel \u00e0 un CB d\u00e9butant aux c\u00f4t\u00e9s de Trevon Diggs pour d\u00e9buter la saison 2024. Bland a d\u00e9but\u00e9 la saison sur l&#39;IR. Il est absent pour les quatre premiers matchs de la saison. Dallas disputera son quatri\u00e8me match de la saison le jeudi soir au MetLife Stadium contre les Giants de New York. L&#39;entra\u00eeneur-chef Mike McCarthy a d\u00e9clar\u00e9 aux journalistes que la fen\u00eatre d&#39;entra\u00eenement de 21 jours de Bland pour revenir dans l&#39;effectif actif pourrait \u00eatre ouverte la semaine prochaine. Un signe positif pour la d\u00e9fense de Dallas.<\/p>\n<h2>DaRon Bland va avoir un impact \u00e9norme pour Dallas \u00e0 son retour<\/h2>\n<blockquote class=\"twitter-tweet\">\n<p dir=\"ltr\" lang=\"en\">DaRon Bland progresse dans sa convalescence apr\u00e8s une op\u00e9ration au pied et sa fen\u00eatre d&#39;entra\u00eenement de 21 jours peut \u00eatre activ\u00e9e la semaine prochaine par le <a rel=\"nofollow\" href=\"https:\/\/twitter.com\/hashtag\/Cowboys?src=hash&amp;ref_src=twsrc%5Etfw\">#Cowboys<\/a>j&#39;ai donc demand\u00e9 \u00e0 Mike McCarthy si c&#39;\u00e9tait une option envisageable.<\/p>\n<p>Ce sera le cas avant le mini-bye pr\u00e9c\u00e9dant le match contre les Steelers, donc quelque chose \u00e0 surveiller ici.<\/p>\n<p>\u2014 Patrick [No C] Walker (@VoiceOfTheStar) <a rel=\"nofollow\" href=\"https:\/\/twitter.com\/VoiceOfTheStar\/status\/1838673845714386954?ref_src=twsrc%5Etfw\">24 septembre 2024<\/a><\/p>\n<\/blockquote>\n<p>\u00c0 l&#39;universit\u00e9, DaRon Bland a commenc\u00e9 sa carri\u00e8re \u00e0 Sacramento State. \u00c0 sa derni\u00e8re ann\u00e9e d&#39;\u00e9ligibilit\u00e9, Bland a \u00e9t\u00e9 transf\u00e9r\u00e9 \u00e0 la Mountain West Conference pour jouer pour Fresno State. Avec un choix de cinqui\u00e8me tour lors de la draft NFL 2022, Bland a \u00e9t\u00e9 s\u00e9lectionn\u00e9 par les Cowboys de Dallas. Bland a eu un impact imm\u00e9diat pour les Cowboys en d\u00e9fense en tant que recrue. Il a jou\u00e9 les 17 matchs en 2022 et a \u00e9t\u00e9 titulaire \u00e0 huit reprises. Au cours de sa campagne de recrue, Bland a r\u00e9alis\u00e9 cinq interceptions, sept passes d\u00e9fendues et 54 plaquages \u200b\u200bcombin\u00e9s.<\/p>\n<p>La saison suivante, Bland a d\u00e9but\u00e9 15 de ses 17 matchs jou\u00e9s pour les Cowboys. Ses neuf interceptions et ses cinq interceptions retourn\u00e9es pour des touchdowns ont men\u00e9 la NFL en 2023. Bland a ajout\u00e9 15 passes d\u00e9fendues et 69 plaquages \u200b\u200bcombin\u00e9s la saison derni\u00e8re. Cela a valu au joueur de 25 ans une s\u00e9lection au Pro Bowl et les honneurs de la premi\u00e8re \u00e9quipe All-Pro. Pour commencer la saison 2024, la d\u00e9fense des Cowboys a \u00e9t\u00e9 priv\u00e9e de son CB d&#39;\u00e9lite. La recrue Caelen Carson a d\u00e9but\u00e9 \u00e0 la place de Bland pendant son absence. Carson s&#39;est bless\u00e9 \u00e0 l&#39;\u00e9paule lors de la d\u00e9faite 28-25 de Dallas contre les Ravens. Les Cowboys ont besoin du retour de DaRon Bland d\u00e8s que possible.<\/p>\n<\/p><\/div>\n<p><script async src=\"https:\/\/platform.twitter.com\/widgets.js\" charset=\"utf-8\"><\/script><\/p>\n","protected":false},"excerpt":{"rendered":"<p>Les Cowboys ont d\u00fb faire appel \u00e0 un CB d\u00e9butant aux c\u00f4t\u00e9s de Trevon Diggs pour d\u00e9buter la saison 2024. Bland a d\u00e9but\u00e9 la saison<\/p>\n","protected":false},"author":1,"featured_media":13976,"comment_status":"closed","ping_status":"","sticky":false,"template":"","format":"standard","meta":{"footnotes":""},"categories":[3],"tags":[6438,25,6555,2063,5167,6554,2446,55,93,6211,51,3931,29],"yoast_head":"<!-- This site is optimized with the Yoast SEO plugin v21.0 - https:\/\/yoast.com\/wordpress\/plugins\/seo\/ -->\n<title>Les Cowboys pourraient ouvrir la fen\u00eatre d&#039;entra\u00eenement de 21 jours pour le CB All-Pro DaRon Bland apr\u00e8s la semaine 4<\/title>\n<meta name=\"robots\" content=\"index, follow, max-snippet:-1, max-image-preview:large, max-video-preview:-1\" \/>\n<link rel=\"canonical\" href=\"https:\/\/footdavant.fr\/actualites\/les-cowboys-pourraient-ouvrir-la-fenetre-dentrainement-de-21-jours-pour-le-cb-all-pro-daron-bland-apres-la-semaine-4\/\" \/>\n<meta property=\"og:locale\" content=\"fr_FR\" \/>\n<meta property=\"og:type\" content=\"article\" \/>\n<meta property=\"og:title\" content=\"Les Cowboys pourraient ouvrir la fen\u00eatre d&#039;entra\u00eenement de 21 jours pour le CB All-Pro DaRon Bland apr\u00e8s la semaine 4\" \/>\n<meta property=\"og:description\" content=\"Les Cowboys ont d\u00fb faire appel \u00e0 un CB d\u00e9butant aux c\u00f4t\u00e9s de Trevon Diggs pour d\u00e9buter la saison 2024. Bland a d\u00e9but\u00e9 la saison\" \/>\n<meta property=\"og:url\" content=\"https:\/\/footdavant.fr\/actualites\/les-cowboys-pourraient-ouvrir-la-fenetre-dentrainement-de-21-jours-pour-le-cb-all-pro-daron-bland-apres-la-semaine-4\/\" \/>\n<meta property=\"og:site_name\" content=\"Foot d&#039;avant\" \/>\n<meta property=\"article:publisher\" content=\"https:\/\/www.facebook.com\/Footdavant\/\" \/>\n<meta property=\"article:published_time\" content=\"2024-09-26T03:03:28+00:00\" \/>\n<meta property=\"article:modified_time\" content=\"2024-09-26T03:03:29+00:00\" \/>\n<meta property=\"og:image\" content=\"https:\/\/footdavant.fr\/actualites\/wp-content\/uploads\/2024\/09\/Les-Cowboys-pourraient-ouvrir-la-fenetre-d39entrainement-de-21-jours.jpg\" \/>\n\t<meta property=\"og:image:width\" content=\"696\" \/>\n\t<meta property=\"og:image:height\" content=\"464\" \/>\n\t<meta property=\"og:image:type\" content=\"image\/jpeg\" \/>\n<meta name=\"author\" content=\"Cl\u00e9ment\" \/>\n<meta name=\"twitter:card\" content=\"summary_large_image\" \/>\n<meta name=\"twitter:creator\" content=\"@FootdavantFr\" \/>\n<meta name=\"twitter:site\" content=\"@FootdavantFr\" \/>\n<meta name=\"twitter:label1\" content=\"\u00c9crit par\" \/>\n\t<meta name=\"twitter:data1\" content=\"Cl\u00e9ment\" \/>\n\t<meta name=\"twitter:label2\" content=\"Dur\u00e9e de lecture estim\u00e9e\" \/>\n\t<meta name=\"twitter:data2\" content=\"2 minutes\" \/>\n<script type=\"application\/ld+json\" class=\"yoast-schema-graph\">{\"@context\":\"https:\/\/schema.org\",\"@graph\":[{\"@type\":\"Article\",\"@id\":\"https:\/\/footdavant.fr\/actualites\/les-cowboys-pourraient-ouvrir-la-fenetre-dentrainement-de-21-jours-pour-le-cb-all-pro-daron-bland-apres-la-semaine-4\/#article\",\"isPartOf\":{\"@id\":\"https:\/\/footdavant.fr\/actualites\/les-cowboys-pourraient-ouvrir-la-fenetre-dentrainement-de-21-jours-pour-le-cb-all-pro-daron-bland-apres-la-semaine-4\/\"},\"author\":{\"name\":\"Cl\u00e9ment\",\"@id\":\"https:\/\/footdavant.fr\/actualites\/#\/schema\/person\/bc222566d95871b37e597b3ed3ba5e1d\"},\"headline\":\"Les Cowboys pourraient ouvrir la fen\u00eatre d&#39;entra\u00eenement de 21 jours pour le CB All-Pro DaRon Bland apr\u00e8s la semaine 4\",\"datePublished\":\"2024-09-26T03:03:28+00:00\",\"dateModified\":\"2024-09-26T03:03:29+00:00\",\"mainEntityOfPage\":{\"@id\":\"https:\/\/footdavant.fr\/actualites\/les-cowboys-pourraient-ouvrir-la-fenetre-dentrainement-de-21-jours-pour-le-cb-all-pro-daron-bland-apres-la-semaine-4\/\"},\"wordCount\":441,\"publisher\":{\"@id\":\"https:\/\/footdavant.fr\/actualites\/#organization\"},\"keywords\":[\"AllPro\",\"apr\u00e8s\",\"Bland\",\"Cowboys\",\"d39entra\u00eenement\",\"DaRon\",\"fen\u00eatre\",\"Jours\",\"les\",\"ouvrir\",\"pour\",\"pourraient\",\"semaine\"],\"articleSection\":[\"Football\"],\"inLanguage\":\"fr-FR\"},{\"@type\":\"WebPage\",\"@id\":\"https:\/\/footdavant.fr\/actualites\/les-cowboys-pourraient-ouvrir-la-fenetre-dentrainement-de-21-jours-pour-le-cb-all-pro-daron-bland-apres-la-semaine-4\/\",\"url\":\"https:\/\/footdavant.fr\/actualites\/les-cowboys-pourraient-ouvrir-la-fenetre-dentrainement-de-21-jours-pour-le-cb-all-pro-daron-bland-apres-la-semaine-4\/\",\"name\":\"Les Cowboys pourraient ouvrir la fen\u00eatre d&#39;entra\u00eenement de 21 jours pour le CB All-Pro DaRon Bland apr\u00e8s la semaine 4\",\"isPartOf\":{\"@id\":\"https:\/\/footdavant.fr\/actualites\/#website\"},\"datePublished\":\"2024-09-26T03:03:28+00:00\",\"dateModified\":\"2024-09-26T03:03:29+00:00\",\"breadcrumb\":{\"@id\":\"https:\/\/footdavant.fr\/actualites\/les-cowboys-pourraient-ouvrir-la-fenetre-dentrainement-de-21-jours-pour-le-cb-all-pro-daron-bland-apres-la-semaine-4\/#breadcrumb\"},\"inLanguage\":\"fr-FR\",\"potentialAction\":[{\"@type\":\"ReadAction\",\"target\":[\"https:\/\/footdavant.fr\/actualites\/les-cowboys-pourraient-ouvrir-la-fenetre-dentrainement-de-21-jours-pour-le-cb-all-pro-daron-bland-apres-la-semaine-4\/\"]}]},{\"@type\":\"BreadcrumbList\",\"@id\":\"https:\/\/footdavant.fr\/actualites\/les-cowboys-pourraient-ouvrir-la-fenetre-dentrainement-de-21-jours-pour-le-cb-all-pro-daron-bland-apres-la-semaine-4\/#breadcrumb\",\"itemListElement\":[{\"@type\":\"ListItem\",\"position\":1,\"name\":\"Accueil\",\"item\":\"https:\/\/footdavant.fr\/actualites\/\"},{\"@type\":\"ListItem\",\"position\":2,\"name\":\"Les Cowboys pourraient ouvrir la fen\u00eatre d&#39;entra\u00eenement de 21 jours pour le CB All-Pro DaRon Bland apr\u00e8s la semaine 4\"}]},{\"@type\":\"WebSite\",\"@id\":\"https:\/\/footdavant.fr\/actualites\/#website\",\"url\":\"https:\/\/footdavant.fr\/actualites\/\",\"name\":\"Foot d'avant\",\"description\":\"\",\"publisher\":{\"@id\":\"https:\/\/footdavant.fr\/actualites\/#organization\"},\"potentialAction\":[{\"@type\":\"SearchAction\",\"target\":{\"@type\":\"EntryPoint\",\"urlTemplate\":\"https:\/\/footdavant.fr\/actualites\/?s={search_term_string}\"},\"query-input\":\"required name=search_term_string\"}],\"inLanguage\":\"fr-FR\"},{\"@type\":\"Organization\",\"@id\":\"https:\/\/footdavant.fr\/actualites\/#organization\",\"name\":\"Foot d'avant\",\"url\":\"https:\/\/footdavant.fr\/actualites\/\",\"logo\":{\"@type\":\"ImageObject\",\"inLanguage\":\"fr-FR\",\"@id\":\"https:\/\/footdavant.fr\/actualites\/#\/schema\/logo\/image\/\",\"url\":\"https:\/\/footdavant.fr\/actualites\/wp-content\/uploads\/2023\/09\/Copy-of-FootDavant-Logo.png\",\"contentUrl\":\"https:\/\/footdavant.fr\/actualites\/wp-content\/uploads\/2023\/09\/Copy-of-FootDavant-Logo.png\",\"width\":936,\"height\":549,\"caption\":\"Foot d'avant\"},\"image\":{\"@id\":\"https:\/\/footdavant.fr\/actualites\/#\/schema\/logo\/image\/\"},\"sameAs\":[\"https:\/\/www.facebook.com\/Footdavant\/\",\"https:\/\/twitter.com\/FootdavantFr\",\"https:\/\/www.instagram.com\/footdavant.fr\/\"]},{\"@type\":\"Person\",\"@id\":\"https:\/\/footdavant.fr\/actualites\/#\/schema\/person\/bc222566d95871b37e597b3ed3ba5e1d\",\"name\":\"Cl\u00e9ment\",\"image\":{\"@type\":\"ImageObject\",\"inLanguage\":\"fr-FR\",\"@id\":\"https:\/\/footdavant.fr\/actualites\/#\/schema\/person\/image\/\",\"url\":\"https:\/\/secure.gravatar.com\/avatar\/7728b29aac2719421e1a9159b2254c44?s=96&d=mm&r=g\",\"contentUrl\":\"https:\/\/secure.gravatar.com\/avatar\/7728b29aac2719421e1a9159b2254c44?s=96&d=mm&r=g\",\"caption\":\"Cl\u00e9ment\"},\"sameAs\":[\"https:\/\/footdavant.fr\/\"]}]}<\/script>\n<!-- \/ Yoast SEO plugin. -->","yoast_head_json":{"title":"Les Cowboys pourraient ouvrir la fen\u00eatre d&#39;entra\u00eenement de 21 jours pour le CB All-Pro DaRon Bland apr\u00e8s la semaine 4","robots":{"index":"index","follow":"follow","max-snippet":"max-snippet:-1","max-image-preview":"max-image-preview:large","max-video-preview":"max-video-preview:-1"},"canonical":"https:\/\/footdavant.fr\/actualites\/les-cowboys-pourraient-ouvrir-la-fenetre-dentrainement-de-21-jours-pour-le-cb-all-pro-daron-bland-apres-la-semaine-4\/","og_locale":"fr_FR","og_type":"article","og_title":"Les Cowboys pourraient ouvrir la fen\u00eatre d&#39;entra\u00eenement de 21 jours pour le CB All-Pro DaRon Bland apr\u00e8s la semaine 4","og_description":"Les Cowboys ont d\u00fb faire appel \u00e0 un CB d\u00e9butant aux c\u00f4t\u00e9s de Trevon Diggs pour d\u00e9buter la saison 2024. Bland a d\u00e9but\u00e9 la saison","og_url":"https:\/\/footdavant.fr\/actualites\/les-cowboys-pourraient-ouvrir-la-fenetre-dentrainement-de-21-jours-pour-le-cb-all-pro-daron-bland-apres-la-semaine-4\/","og_site_name":"Foot d&#039;avant","article_publisher":"https:\/\/www.facebook.com\/Footdavant\/","article_published_time":"2024-09-26T03:03:28+00:00","article_modified_time":"2024-09-26T03:03:29+00:00","og_image":[{"width":696,"height":464,"url":"https:\/\/footdavant.fr\/actualites\/wp-content\/uploads\/2024\/09\/Les-Cowboys-pourraient-ouvrir-la-fenetre-d39entrainement-de-21-jours.jpg","type":"image\/jpeg"}],"author":"Cl\u00e9ment","twitter_card":"summary_large_image","twitter_creator":"@FootdavantFr","twitter_site":"@FootdavantFr","twitter_misc":{"\u00c9crit par":"Cl\u00e9ment","Dur\u00e9e de lecture estim\u00e9e":"2 minutes"},"schema":{"@context":"https:\/\/schema.org","@graph":[{"@type":"Article","@id":"https:\/\/footdavant.fr\/actualites\/les-cowboys-pourraient-ouvrir-la-fenetre-dentrainement-de-21-jours-pour-le-cb-all-pro-daron-bland-apres-la-semaine-4\/#article","isPartOf":{"@id":"https:\/\/footdavant.fr\/actualites\/les-cowboys-pourraient-ouvrir-la-fenetre-dentrainement-de-21-jours-pour-le-cb-all-pro-daron-bland-apres-la-semaine-4\/"},"author":{"name":"Cl\u00e9ment","@id":"https:\/\/footdavant.fr\/actualites\/#\/schema\/person\/bc222566d95871b37e597b3ed3ba5e1d"},"headline":"Les Cowboys pourraient ouvrir la fen\u00eatre d&#39;entra\u00eenement de 21 jours pour le CB All-Pro DaRon Bland apr\u00e8s la semaine 4","datePublished":"2024-09-26T03:03:28+00:00","dateModified":"2024-09-26T03:03:29+00:00","mainEntityOfPage":{"@id":"https:\/\/footdavant.fr\/actualites\/les-cowboys-pourraient-ouvrir-la-fenetre-dentrainement-de-21-jours-pour-le-cb-all-pro-daron-bland-apres-la-semaine-4\/"},"wordCount":441,"publisher":{"@id":"https:\/\/footdavant.fr\/actualites\/#organization"},"keywords":["AllPro","apr\u00e8s","Bland","Cowboys","d39entra\u00eenement","DaRon","fen\u00eatre","Jours","les","ouvrir","pour","pourraient","semaine"],"articleSection":["Football"],"inLanguage":"fr-FR"},{"@type":"WebPage","@id":"https:\/\/footdavant.fr\/actualites\/les-cowboys-pourraient-ouvrir-la-fenetre-dentrainement-de-21-jours-pour-le-cb-all-pro-daron-bland-apres-la-semaine-4\/","url":"https:\/\/footdavant.fr\/actualites\/les-cowboys-pourraient-ouvrir-la-fenetre-dentrainement-de-21-jours-pour-le-cb-all-pro-daron-bland-apres-la-semaine-4\/","name":"Les Cowboys pourraient ouvrir la fen\u00eatre d&#39;entra\u00eenement de 21 jours pour le CB All-Pro DaRon Bland apr\u00e8s la semaine 4","isPartOf":{"@id":"https:\/\/footdavant.fr\/actualites\/#website"},"datePublished":"2024-09-26T03:03:28+00:00","dateModified":"2024-09-26T03:03:29+00:00","breadcrumb":{"@id":"https:\/\/footdavant.fr\/actualites\/les-cowboys-pourraient-ouvrir-la-fenetre-dentrainement-de-21-jours-pour-le-cb-all-pro-daron-bland-apres-la-semaine-4\/#breadcrumb"},"inLanguage":"fr-FR","potentialAction":[{"@type":"ReadAction","target":["https:\/\/footdavant.fr\/actualites\/les-cowboys-pourraient-ouvrir-la-fenetre-dentrainement-de-21-jours-pour-le-cb-all-pro-daron-bland-apres-la-semaine-4\/"]}]},{"@type":"BreadcrumbList","@id":"https:\/\/footdavant.fr\/actualites\/les-cowboys-pourraient-ouvrir-la-fenetre-dentrainement-de-21-jours-pour-le-cb-all-pro-daron-bland-apres-la-semaine-4\/#breadcrumb","itemListElement":[{"@type":"ListItem","position":1,"name":"Accueil","item":"https:\/\/footdavant.fr\/actualites\/"},{"@type":"ListItem","position":2,"name":"Les Cowboys pourraient ouvrir la fen\u00eatre d&#39;entra\u00eenement de 21 jours pour le CB All-Pro DaRon Bland apr\u00e8s la semaine 4"}]},{"@type":"WebSite","@id":"https:\/\/footdavant.fr\/actualites\/#website","url":"https:\/\/footdavant.fr\/actualites\/","name":"Foot d'avant","description":"","publisher":{"@id":"https:\/\/footdavant.fr\/actualites\/#organization"},"potentialAction":[{"@type":"SearchAction","target":{"@type":"EntryPoint","urlTemplate":"https:\/\/footdavant.fr\/actualites\/?s={search_term_string}"},"query-input":"required name=search_term_string"}],"inLanguage":"fr-FR"},{"@type":"Organization","@id":"https:\/\/footdavant.fr\/actualites\/#organization","name":"Foot d'avant","url":"https:\/\/footdavant.fr\/actualites\/","logo":{"@type":"ImageObject","inLanguage":"fr-FR","@id":"https:\/\/footdavant.fr\/actualites\/#\/schema\/logo\/image\/","url":"https:\/\/footdavant.fr\/actualites\/wp-content\/uploads\/2023\/09\/Copy-of-FootDavant-Logo.png","contentUrl":"https:\/\/footdavant.fr\/actualites\/wp-content\/uploads\/2023\/09\/Copy-of-FootDavant-Logo.png","width":936,"height":549,"caption":"Foot d'avant"},"image":{"@id":"https:\/\/footdavant.fr\/actualites\/#\/schema\/logo\/image\/"},"sameAs":["https:\/\/www.facebook.com\/Footdavant\/","https:\/\/twitter.com\/FootdavantFr","https:\/\/www.instagram.com\/footdavant.fr\/"]},{"@type":"Person","@id":"https:\/\/footdavant.fr\/actualites\/#\/schema\/person\/bc222566d95871b37e597b3ed3ba5e1d","name":"Cl\u00e9ment","image":{"@type":"ImageObject","inLanguage":"fr-FR","@id":"https:\/\/footdavant.fr\/actualites\/#\/schema\/person\/image\/","url":"https:\/\/secure.gravatar.com\/avatar\/7728b29aac2719421e1a9159b2254c44?s=96&d=mm&r=g","contentUrl":"https:\/\/secure.gravatar.com\/avatar\/7728b29aac2719421e1a9159b2254c44?s=96&d=mm&r=g","caption":"Cl\u00e9ment"},"sameAs":["https:\/\/footdavant.fr\/"]}]}},"_links":{"self":[{"href":"https:\/\/footdavant.fr\/actualites\/wp-json\/wp\/v2\/posts\/13975"}],"collection":[{"href":"https:\/\/footdavant.fr\/actualites\/wp-json\/wp\/v2\/posts"}],"about":[{"href":"https:\/\/footdavant.fr\/actualites\/wp-json\/wp\/v2\/types\/post"}],"author":[{"embeddable":true,"href":"https:\/\/footdavant.fr\/actualites\/wp-json\/wp\/v2\/users\/1"}],"replies":[{"embeddable":true,"href":"https:\/\/footdavant.fr\/actualites\/wp-json\/wp\/v2\/comments?post=13975"}],"version-history":[{"count":1,"href":"https:\/\/footdavant.fr\/actualites\/wp-json\/wp\/v2\/posts\/13975\/revisions"}],"predecessor-version":[{"id":13977,"href":"https:\/\/footdavant.fr\/actualites\/wp-json\/wp\/v2\/posts\/13975\/revisions\/13977"}],"wp:featuredmedia":[{"embeddable":true,"href":"https:\/\/footdavant.fr\/actualites\/wp-json\/wp\/v2\/media\/13976"}],"wp:attachment":[{"href":"https:\/\/footdavant.fr\/actualites\/wp-json\/wp\/v2\/media?parent=13975"}],"wp:term":[{"taxonomy":"category","embeddable":true,"href":"https:\/\/footdavant.fr\/actualites\/wp-json\/wp\/v2\/categories?post=13975"},{"taxonomy":"post_tag","embeddable":true,"href":"https:\/\/footdavant.fr\/actualites\/wp-json\/wp\/v2\/tags?post=13975"}],"curies":[{"name":"wp","href":"https:\/\/api.w.org\/{rel}","templated":true}]}}