{"id":13978,"date":"2024-09-26T06:48:31","date_gmt":"2024-09-26T04:48:31","guid":{"rendered":"https:\/\/footdavant.fr\/actualites\/gabriel-darsenal-rompt-le-silence-sur-lincident-derling-haaland-avec-la-menace-de-manchester-city\/"},"modified":"2024-09-26T06:48:32","modified_gmt":"2024-09-26T04:48:32","slug":"gabriel-darsenal-rompt-le-silence-sur-lincident-derling-haaland-avec-la-menace-de-manchester-city","status":"publish","type":"post","link":"https:\/\/footdavant.fr\/actualites\/gabriel-darsenal-rompt-le-silence-sur-lincident-derling-haaland-avec-la-menace-de-manchester-city\/","title":{"rendered":"Gabriel d&#39;Arsenal rompt le silence sur l&#39;incident d&#39;Erling Haaland avec la menace de Manchester City"},"content":{"rendered":"<p>Le d\u00e9fenseur central d&#39;Arsenal, Gabriel Magalhaes, pr\u00e9vient Manchester City que les Gunners les \u00ab attendront \u00bb \u00e0 l&#39;Emirates apr\u00e8s leur match nul 2-2 \u00e0 l&#39;Etihad.<\/p>\n<div id=\"article_body\" itemprop=\"articleBody\">\n<h3 class=\"firstPara\">\n<strong class=\"autotag\">Arsenal<\/strong> d\u00e9fenseur <strong class=\"autotag\">Gabriel Magalhaes<\/strong> a pr\u00e9venu <strong class=\"autotag\">Manchester City<\/strong> que les Gunners les \u00ab attendront \u00bb \u00e0 l&#39;Emirates apr\u00e8s leur match nul 2-2 en Premier League \u00e0 l&#39;Etihad, mais le Br\u00e9silien a minimis\u00e9 <strong class=\"autotag\">Erling Haaland<\/strong>La balle est lanc\u00e9e vers l&#39;arri\u00e8re de sa t\u00eate.<\/h3>\n<p>Le Br\u00e9silien \u00e9tait au c\u0153ur de l&#39;action dimanche apr\u00e8s-midi, o\u00f9 le 100e but de Haaland pour les Citizens a pr\u00e9c\u00e9d\u00e9 une belle \u00e9galisation du d\u00e9butant. <strong class=\"autotag\">Riccardo Calafiori<\/strong>.<\/p>\n<p>La ma\u00eetrise des coups de pied arr\u00eat\u00e9s d&#39;Arsenal est ensuite revenue au premier plan, comme lors d&#39;une copie conforme de leur but victorieux contre Tottenham Hotspur, les Gunners ont pris l&#39;avantage gr\u00e2ce \u00e0 une t\u00eate puissante de Gabriel. <strong class=\"autotag\">Bukayo Saka<\/strong> coin.<\/p>\n<p>Le joueur de 26 ans a ensuite jou\u00e9 un r\u00f4le essentiel dans les efforts d\u00e9fensifs de son \u00e9quipe avec 10 hommes en seconde p\u00e9riode, o\u00f9 les tactiques controvers\u00e9es d&#39;Arsenal, bas\u00e9es sur l&#39;esprit de jeu et la d\u00e9fense totale, ont presque conduit \u00e0 leur premi\u00e8re victoire \u00e0 l&#39;Etihad depuis janvier 2015.<\/p>\n<p>Cependant, \u00e0 la huiti\u00e8me minute du temps additionnel de la deuxi\u00e8me mi-temps, le rempla\u00e7ant <strong class=\"autotag\">John Stones<\/strong> Il a \u00e9galis\u00e9 de mani\u00e8re spectaculaire pour envoyer le public local dans le d\u00e9lire, et Haaland a \u00e9t\u00e9 vu en train de lancer le ballon \u00e0 l&#39;arri\u00e8re de la t\u00eate de Gabriel pendant les c\u00e9l\u00e9brations.<\/p>\n<h2 class=\"k3\">Gabriel minimise l&#39;incident de Haaland dans la \u00ab guerre \u00bb de Manchester City<\/h2>\n<blockquote class=\"twitter-tweet\">\n<p lang=\"en\" dir=\"ltr\">\ud83d\udea8\ud83c\uddf3\ud83c\uddf4 Erling Haaland ne devrait pas \u00eatre sanctionn\u00e9 r\u00e9troactivement pour avoir lanc\u00e9 le ballon \u00e0 l&#39;arri\u00e8re de la t\u00eate de Gabriel Magalhaes.<\/p>\n<p>VAR a examin\u00e9 l&#39;incident \u00e0 ce moment-l\u00e0 et a jug\u00e9 qu&#39;aucune mesure n&#39;\u00e9tait n\u00e9cessaire, <a rel=\"nofollow\" href=\"https:\/\/twitter.com\/Jack_Gaughan?ref_src=twsrc%5Etfw\">@Jack_Gaughan<\/a> rapports. <a rel=\"nofollow\" href=\"https:\/\/t.co\/e714HRzizu\">pic.twitter.com\/e714HRzizu<\/a><\/p>\n<p>-Fabrizio Romano (@FabrizioRomano) <a rel=\"nofollow\" href=\"https:\/\/twitter.com\/FabrizioRomano\/status\/1838167910176440808?ref_src=twsrc%5Etfw\">23 septembre 2024<\/a>\n<\/p><\/blockquote>\n<p>L&#39;homme d&#39;Arsenal s&#39;\u00e9tait couvert le visage avec son maillot en signe de consternation au moment de l&#39;incident et n&#39;a pas r\u00e9agi, bien que les esprits se soient \u00e9chauff\u00e9s entre les deux groupes de joueurs \u00e0 la fin du match, Haaland se livrant \u00e0 une guerre des mots avec les deux. <strong class=\"autotag\">Gabriel J\u00e9sus<\/strong> et <strong class=\"autotag\">Myles Lewis-Skelly<\/strong>.<\/p>\n<p>Arbitre sur le terrain <strong class=\"autotag\">Michel Olivier<\/strong> Haaland a rat\u00e9 le lancement du ballon vers la t\u00eate de Gabriel \u00e0 ce moment-l\u00e0, et l&#39;attaquant norv\u00e9gien ne sera apparemment pas confront\u00e9 \u00e0 une quelconque action r\u00e9trospective de la part de la FA.<\/p>\n<p>Gabriel &#8211; parlant \u00e0 <em>TNT Sports Br\u00e9sil<\/em> &#8211; a insist\u00e9 sur le fait que l&#39;incident n&#39;\u00e9tait que de l&#39;histoire ancienne, bien qu&#39;il ait \u00e9mis une menace s\u00e9v\u00e8re \u00e0 l&#39;encontre de Manchester City avant sa visite aux \u00c9mirats en f\u00e9vrier.<\/p>\n<p>\u00ab\u00a0Je ne m&#39;en souviens m\u00eame pas. C&#39;est normal, ils \u00e9taient contents apr\u00e8s avoir marqu\u00e9 \u00e0 la derni\u00e8re minute. Ils jouaient \u00e0 domicile, donc leur devoir \u00e9tait de gagner le match, mais notre \u00e9quipe a tr\u00e8s bien r\u00e9sist\u00e9\u00a0\u00bb, a d\u00e9clar\u00e9 Gabriel.<\/p>\n<p>\u00ab\u00a0C&#39;est une bataille, une guerre, donc c&#39;est normal d&#39;avoir des actes de provocation dans le football, \u00e7a fait partie du jeu. Maintenant c&#39;est fini et on les attend sur notre terrain.\u00a0\u00bb<\/p>\n<h2 class=\"k3\">\n<strong class=\"autotag\">Ian Wright<\/strong> Haaland est critiqu\u00e9 pour son \u00ab\u00a0l\u00e2che\u00a0\u00bb faute de ballon sur Gabriel<\/h2>\n<p class=\"imgI\">\n<p>Alors que l&#39;ancien d\u00e9fenseur de Lille \u00e9tait d\u00e9sireux de tirer un trait sur le lancer de balle de Haaland, l&#39;ancien buteur record d&#39;Arsenal, Ian Wright, a fustig\u00e9 l&#39;attaquant de Manchester City, qualifiant ses pitreries de \u00ab l\u00e2ches \u00bb dans une vid\u00e9o sur les r\u00e9seaux sociaux.<\/p>\n<p>\u00ab Ce qui m&#39;a vraiment \u00e9nerv\u00e9, c&#39;est le geste de l\u00e2chet\u00e9 de Haaland. Il a lanc\u00e9 le ballon \u00e0 la t\u00eate de Gabi alors qu&#39;il ne regardait pas. Alors que Gabi lui tournait le dos. Un v\u00e9ritable geste de l\u00e2chet\u00e9 \u00bb, a d\u00e9clar\u00e9 Wright.<\/p>\n<p>\u00ab Gabi le regardait dans les yeux, tu sais. C&#39;est ce qui me d\u00e9rangeait le plus. Je pensais que tu (Haaland) \u00e9tais plus grand que \u00e7a. \u00bb<\/p>\n<p>Le point obtenu par Manchester City dans les derni\u00e8res minutes leur permet de rester en t\u00eate du classement de la Premier League avec 13 points lors de leurs cinq premiers matchs, soit deux points et trois places de mieux qu&#39;Arsenal, quatri\u00e8me.<\/p>\n<p>Les deux \u00e9quipes se concentrent d\u00e9sormais sur la Coupe EFL, car <strong class=\"autotag\">Pep Guardiola<\/strong>Les hommes de Manchester United accueillent Watford mardi soir, avant d&#39;affronter Bolton Wanderers au troisi\u00e8me tour mercredi.<\/p>\n<p>Cependant, les Citizens ont re\u00e7u des nouvelles d\u00e9vastatrices concernant la blessure subie par Rodri lors du match nul contre Arsenal, tandis que <strong class=\"autotag\">Mikel Arteta<\/strong>L&#39;\u00e9quipe de &#39;s a perdu <strong class=\"autotag\">L\u00e9andro Trossard<\/strong> \u00e0 une suspension d&#39;un match suite \u00e0 son expulsion \u00e0 l&#39;Etihad.<\/p>\n<\/div>\n<p><script async src=\"https:\/\/platform.twitter.com\/widgets.js\" charset=\"utf-8\"><\/script><\/p>\n","protected":false},"excerpt":{"rendered":"<p>Le d\u00e9fenseur central d&#39;Arsenal, Gabriel Magalhaes, pr\u00e9vient Manchester City que les Gunners les \u00ab attendront \u00bb \u00e0 l&#39;Emirates apr\u00e8s leur match nul 2-2 \u00e0 l&#39;Etihad.<\/p>\n","protected":false},"author":1,"featured_media":13979,"comment_status":"closed","ping_status":"","sticky":false,"template":"","format":"standard","meta":{"footnotes":""},"categories":[5],"tags":[91,27,4221,4810,233,37,4293,11,4507,6427,1559,103],"yoast_head":"<!-- This site is optimized with the Yoast SEO plugin v21.0 - https:\/\/yoast.com\/wordpress\/plugins\/seo\/ -->\n<title>Gabriel d&#039;Arsenal rompt le silence sur l&#039;incident d&#039;Erling Haaland avec la menace de Manchester City<\/title>\n<meta name=\"robots\" content=\"index, follow, max-snippet:-1, max-image-preview:large, max-video-preview:-1\" \/>\n<link rel=\"canonical\" href=\"https:\/\/footdavant.fr\/actualites\/gabriel-darsenal-rompt-le-silence-sur-lincident-derling-haaland-avec-la-menace-de-manchester-city\/\" \/>\n<meta property=\"og:locale\" content=\"fr_FR\" \/>\n<meta property=\"og:type\" content=\"article\" \/>\n<meta property=\"og:title\" content=\"Gabriel d&#039;Arsenal rompt le silence sur l&#039;incident d&#039;Erling Haaland avec la menace de Manchester City\" \/>\n<meta property=\"og:description\" content=\"Le d\u00e9fenseur central d&#039;Arsenal, Gabriel Magalhaes, pr\u00e9vient Manchester City que les Gunners les \u00ab attendront \u00bb \u00e0 l&#039;Emirates apr\u00e8s leur match nul 2-2 \u00e0 l&#039;Etihad.\" \/>\n<meta property=\"og:url\" content=\"https:\/\/footdavant.fr\/actualites\/gabriel-darsenal-rompt-le-silence-sur-lincident-derling-haaland-avec-la-menace-de-manchester-city\/\" \/>\n<meta property=\"og:site_name\" content=\"Foot d&#039;avant\" \/>\n<meta property=\"article:publisher\" content=\"https:\/\/www.facebook.com\/Footdavant\/\" \/>\n<meta property=\"article:published_time\" content=\"2024-09-26T04:48:31+00:00\" \/>\n<meta property=\"article:modified_time\" content=\"2024-09-26T04:48:32+00:00\" \/>\n<meta property=\"og:image\" content=\"https:\/\/footdavant.fr\/actualites\/wp-content\/uploads\/2024\/09\/Gabriel-d39Arsenal-rompt-le-silence-sur-l39incident-d39Erling-Haaland-avec.jpg\" \/>\n\t<meta property=\"og:image:width\" content=\"640\" \/>\n\t<meta property=\"og:image:height\" content=\"480\" \/>\n\t<meta property=\"og:image:type\" content=\"image\/jpeg\" \/>\n<meta name=\"author\" content=\"Cl\u00e9ment\" \/>\n<meta name=\"twitter:card\" content=\"summary_large_image\" \/>\n<meta name=\"twitter:creator\" content=\"@FootdavantFr\" \/>\n<meta name=\"twitter:site\" content=\"@FootdavantFr\" \/>\n<meta name=\"twitter:label1\" content=\"\u00c9crit par\" \/>\n\t<meta name=\"twitter:data1\" content=\"Cl\u00e9ment\" \/>\n\t<meta name=\"twitter:label2\" content=\"Dur\u00e9e de lecture estim\u00e9e\" \/>\n\t<meta name=\"twitter:data2\" content=\"4 minutes\" \/>\n<script type=\"application\/ld+json\" class=\"yoast-schema-graph\">{\"@context\":\"https:\/\/schema.org\",\"@graph\":[{\"@type\":\"Article\",\"@id\":\"https:\/\/footdavant.fr\/actualites\/gabriel-darsenal-rompt-le-silence-sur-lincident-derling-haaland-avec-la-menace-de-manchester-city\/#article\",\"isPartOf\":{\"@id\":\"https:\/\/footdavant.fr\/actualites\/gabriel-darsenal-rompt-le-silence-sur-lincident-derling-haaland-avec-la-menace-de-manchester-city\/\"},\"author\":{\"name\":\"Cl\u00e9ment\",\"@id\":\"https:\/\/footdavant.fr\/actualites\/#\/schema\/person\/bc222566d95871b37e597b3ed3ba5e1d\"},\"headline\":\"Gabriel d&#39;Arsenal rompt le silence sur l&#39;incident d&#39;Erling Haaland avec la menace de Manchester City\",\"datePublished\":\"2024-09-26T04:48:31+00:00\",\"dateModified\":\"2024-09-26T04:48:32+00:00\",\"mainEntityOfPage\":{\"@id\":\"https:\/\/footdavant.fr\/actualites\/gabriel-darsenal-rompt-le-silence-sur-lincident-derling-haaland-avec-la-menace-de-manchester-city\/\"},\"wordCount\":846,\"publisher\":{\"@id\":\"https:\/\/footdavant.fr\/actualites\/#organization\"},\"keywords\":[\"avec\",\"City\",\"d39Arsenal\",\"d39Erling\",\"Gabriel\",\"Haaland\",\"l39incident\",\"Manchester\",\"menace\",\"rompt\",\"silence\",\"sur\"],\"articleSection\":[\"Premier League\"],\"inLanguage\":\"fr-FR\"},{\"@type\":\"WebPage\",\"@id\":\"https:\/\/footdavant.fr\/actualites\/gabriel-darsenal-rompt-le-silence-sur-lincident-derling-haaland-avec-la-menace-de-manchester-city\/\",\"url\":\"https:\/\/footdavant.fr\/actualites\/gabriel-darsenal-rompt-le-silence-sur-lincident-derling-haaland-avec-la-menace-de-manchester-city\/\",\"name\":\"Gabriel d&#39;Arsenal rompt le silence sur l&#39;incident d&#39;Erling Haaland avec la menace de Manchester City\",\"isPartOf\":{\"@id\":\"https:\/\/footdavant.fr\/actualites\/#website\"},\"datePublished\":\"2024-09-26T04:48:31+00:00\",\"dateModified\":\"2024-09-26T04:48:32+00:00\",\"breadcrumb\":{\"@id\":\"https:\/\/footdavant.fr\/actualites\/gabriel-darsenal-rompt-le-silence-sur-lincident-derling-haaland-avec-la-menace-de-manchester-city\/#breadcrumb\"},\"inLanguage\":\"fr-FR\",\"potentialAction\":[{\"@type\":\"ReadAction\",\"target\":[\"https:\/\/footdavant.fr\/actualites\/gabriel-darsenal-rompt-le-silence-sur-lincident-derling-haaland-avec-la-menace-de-manchester-city\/\"]}]},{\"@type\":\"BreadcrumbList\",\"@id\":\"https:\/\/footdavant.fr\/actualites\/gabriel-darsenal-rompt-le-silence-sur-lincident-derling-haaland-avec-la-menace-de-manchester-city\/#breadcrumb\",\"itemListElement\":[{\"@type\":\"ListItem\",\"position\":1,\"name\":\"Accueil\",\"item\":\"https:\/\/footdavant.fr\/actualites\/\"},{\"@type\":\"ListItem\",\"position\":2,\"name\":\"Gabriel d&#39;Arsenal rompt le silence sur l&#39;incident d&#39;Erling Haaland avec la menace de Manchester City\"}]},{\"@type\":\"WebSite\",\"@id\":\"https:\/\/footdavant.fr\/actualites\/#website\",\"url\":\"https:\/\/footdavant.fr\/actualites\/\",\"name\":\"Foot d'avant\",\"description\":\"\",\"publisher\":{\"@id\":\"https:\/\/footdavant.fr\/actualites\/#organization\"},\"potentialAction\":[{\"@type\":\"SearchAction\",\"target\":{\"@type\":\"EntryPoint\",\"urlTemplate\":\"https:\/\/footdavant.fr\/actualites\/?s={search_term_string}\"},\"query-input\":\"required name=search_term_string\"}],\"inLanguage\":\"fr-FR\"},{\"@type\":\"Organization\",\"@id\":\"https:\/\/footdavant.fr\/actualites\/#organization\",\"name\":\"Foot d'avant\",\"url\":\"https:\/\/footdavant.fr\/actualites\/\",\"logo\":{\"@type\":\"ImageObject\",\"inLanguage\":\"fr-FR\",\"@id\":\"https:\/\/footdavant.fr\/actualites\/#\/schema\/logo\/image\/\",\"url\":\"https:\/\/footdavant.fr\/actualites\/wp-content\/uploads\/2023\/09\/Copy-of-FootDavant-Logo.png\",\"contentUrl\":\"https:\/\/footdavant.fr\/actualites\/wp-content\/uploads\/2023\/09\/Copy-of-FootDavant-Logo.png\",\"width\":936,\"height\":549,\"caption\":\"Foot d'avant\"},\"image\":{\"@id\":\"https:\/\/footdavant.fr\/actualites\/#\/schema\/logo\/image\/\"},\"sameAs\":[\"https:\/\/www.facebook.com\/Footdavant\/\",\"https:\/\/twitter.com\/FootdavantFr\",\"https:\/\/www.instagram.com\/footdavant.fr\/\"]},{\"@type\":\"Person\",\"@id\":\"https:\/\/footdavant.fr\/actualites\/#\/schema\/person\/bc222566d95871b37e597b3ed3ba5e1d\",\"name\":\"Cl\u00e9ment\",\"image\":{\"@type\":\"ImageObject\",\"inLanguage\":\"fr-FR\",\"@id\":\"https:\/\/footdavant.fr\/actualites\/#\/schema\/person\/image\/\",\"url\":\"https:\/\/secure.gravatar.com\/avatar\/7728b29aac2719421e1a9159b2254c44?s=96&d=mm&r=g\",\"contentUrl\":\"https:\/\/secure.gravatar.com\/avatar\/7728b29aac2719421e1a9159b2254c44?s=96&d=mm&r=g\",\"caption\":\"Cl\u00e9ment\"},\"sameAs\":[\"https:\/\/footdavant.fr\/\"]}]}<\/script>\n<!-- \/ Yoast SEO plugin. -->","yoast_head_json":{"title":"Gabriel d&#39;Arsenal rompt le silence sur l&#39;incident d&#39;Erling Haaland avec la menace de Manchester City","robots":{"index":"index","follow":"follow","max-snippet":"max-snippet:-1","max-image-preview":"max-image-preview:large","max-video-preview":"max-video-preview:-1"},"canonical":"https:\/\/footdavant.fr\/actualites\/gabriel-darsenal-rompt-le-silence-sur-lincident-derling-haaland-avec-la-menace-de-manchester-city\/","og_locale":"fr_FR","og_type":"article","og_title":"Gabriel d&#39;Arsenal rompt le silence sur l&#39;incident d&#39;Erling Haaland avec la menace de Manchester City","og_description":"Le d\u00e9fenseur central d&#39;Arsenal, Gabriel Magalhaes, pr\u00e9vient Manchester City que les Gunners les \u00ab attendront \u00bb \u00e0 l&#39;Emirates apr\u00e8s leur match nul 2-2 \u00e0 l&#39;Etihad.","og_url":"https:\/\/footdavant.fr\/actualites\/gabriel-darsenal-rompt-le-silence-sur-lincident-derling-haaland-avec-la-menace-de-manchester-city\/","og_site_name":"Foot d&#039;avant","article_publisher":"https:\/\/www.facebook.com\/Footdavant\/","article_published_time":"2024-09-26T04:48:31+00:00","article_modified_time":"2024-09-26T04:48:32+00:00","og_image":[{"width":640,"height":480,"url":"https:\/\/footdavant.fr\/actualites\/wp-content\/uploads\/2024\/09\/Gabriel-d39Arsenal-rompt-le-silence-sur-l39incident-d39Erling-Haaland-avec.jpg","type":"image\/jpeg"}],"author":"Cl\u00e9ment","twitter_card":"summary_large_image","twitter_creator":"@FootdavantFr","twitter_site":"@FootdavantFr","twitter_misc":{"\u00c9crit par":"Cl\u00e9ment","Dur\u00e9e de lecture estim\u00e9e":"4 minutes"},"schema":{"@context":"https:\/\/schema.org","@graph":[{"@type":"Article","@id":"https:\/\/footdavant.fr\/actualites\/gabriel-darsenal-rompt-le-silence-sur-lincident-derling-haaland-avec-la-menace-de-manchester-city\/#article","isPartOf":{"@id":"https:\/\/footdavant.fr\/actualites\/gabriel-darsenal-rompt-le-silence-sur-lincident-derling-haaland-avec-la-menace-de-manchester-city\/"},"author":{"name":"Cl\u00e9ment","@id":"https:\/\/footdavant.fr\/actualites\/#\/schema\/person\/bc222566d95871b37e597b3ed3ba5e1d"},"headline":"Gabriel d&#39;Arsenal rompt le silence sur l&#39;incident d&#39;Erling Haaland avec la menace de Manchester City","datePublished":"2024-09-26T04:48:31+00:00","dateModified":"2024-09-26T04:48:32+00:00","mainEntityOfPage":{"@id":"https:\/\/footdavant.fr\/actualites\/gabriel-darsenal-rompt-le-silence-sur-lincident-derling-haaland-avec-la-menace-de-manchester-city\/"},"wordCount":846,"publisher":{"@id":"https:\/\/footdavant.fr\/actualites\/#organization"},"keywords":["avec","City","d39Arsenal","d39Erling","Gabriel","Haaland","l39incident","Manchester","menace","rompt","silence","sur"],"articleSection":["Premier League"],"inLanguage":"fr-FR"},{"@type":"WebPage","@id":"https:\/\/footdavant.fr\/actualites\/gabriel-darsenal-rompt-le-silence-sur-lincident-derling-haaland-avec-la-menace-de-manchester-city\/","url":"https:\/\/footdavant.fr\/actualites\/gabriel-darsenal-rompt-le-silence-sur-lincident-derling-haaland-avec-la-menace-de-manchester-city\/","name":"Gabriel d&#39;Arsenal rompt le silence sur l&#39;incident d&#39;Erling Haaland avec la menace de Manchester City","isPartOf":{"@id":"https:\/\/footdavant.fr\/actualites\/#website"},"datePublished":"2024-09-26T04:48:31+00:00","dateModified":"2024-09-26T04:48:32+00:00","breadcrumb":{"@id":"https:\/\/footdavant.fr\/actualites\/gabriel-darsenal-rompt-le-silence-sur-lincident-derling-haaland-avec-la-menace-de-manchester-city\/#breadcrumb"},"inLanguage":"fr-FR","potentialAction":[{"@type":"ReadAction","target":["https:\/\/footdavant.fr\/actualites\/gabriel-darsenal-rompt-le-silence-sur-lincident-derling-haaland-avec-la-menace-de-manchester-city\/"]}]},{"@type":"BreadcrumbList","@id":"https:\/\/footdavant.fr\/actualites\/gabriel-darsenal-rompt-le-silence-sur-lincident-derling-haaland-avec-la-menace-de-manchester-city\/#breadcrumb","itemListElement":[{"@type":"ListItem","position":1,"name":"Accueil","item":"https:\/\/footdavant.fr\/actualites\/"},{"@type":"ListItem","position":2,"name":"Gabriel d&#39;Arsenal rompt le silence sur l&#39;incident d&#39;Erling Haaland avec la menace de Manchester City"}]},{"@type":"WebSite","@id":"https:\/\/footdavant.fr\/actualites\/#website","url":"https:\/\/footdavant.fr\/actualites\/","name":"Foot d'avant","description":"","publisher":{"@id":"https:\/\/footdavant.fr\/actualites\/#organization"},"potentialAction":[{"@type":"SearchAction","target":{"@type":"EntryPoint","urlTemplate":"https:\/\/footdavant.fr\/actualites\/?s={search_term_string}"},"query-input":"required name=search_term_string"}],"inLanguage":"fr-FR"},{"@type":"Organization","@id":"https:\/\/footdavant.fr\/actualites\/#organization","name":"Foot d'avant","url":"https:\/\/footdavant.fr\/actualites\/","logo":{"@type":"ImageObject","inLanguage":"fr-FR","@id":"https:\/\/footdavant.fr\/actualites\/#\/schema\/logo\/image\/","url":"https:\/\/footdavant.fr\/actualites\/wp-content\/uploads\/2023\/09\/Copy-of-FootDavant-Logo.png","contentUrl":"https:\/\/footdavant.fr\/actualites\/wp-content\/uploads\/2023\/09\/Copy-of-FootDavant-Logo.png","width":936,"height":549,"caption":"Foot d'avant"},"image":{"@id":"https:\/\/footdavant.fr\/actualites\/#\/schema\/logo\/image\/"},"sameAs":["https:\/\/www.facebook.com\/Footdavant\/","https:\/\/twitter.com\/FootdavantFr","https:\/\/www.instagram.com\/footdavant.fr\/"]},{"@type":"Person","@id":"https:\/\/footdavant.fr\/actualites\/#\/schema\/person\/bc222566d95871b37e597b3ed3ba5e1d","name":"Cl\u00e9ment","image":{"@type":"ImageObject","inLanguage":"fr-FR","@id":"https:\/\/footdavant.fr\/actualites\/#\/schema\/person\/image\/","url":"https:\/\/secure.gravatar.com\/avatar\/7728b29aac2719421e1a9159b2254c44?s=96&d=mm&r=g","contentUrl":"https:\/\/secure.gravatar.com\/avatar\/7728b29aac2719421e1a9159b2254c44?s=96&d=mm&r=g","caption":"Cl\u00e9ment"},"sameAs":["https:\/\/footdavant.fr\/"]}]}},"_links":{"self":[{"href":"https:\/\/footdavant.fr\/actualites\/wp-json\/wp\/v2\/posts\/13978"}],"collection":[{"href":"https:\/\/footdavant.fr\/actualites\/wp-json\/wp\/v2\/posts"}],"about":[{"href":"https:\/\/footdavant.fr\/actualites\/wp-json\/wp\/v2\/types\/post"}],"author":[{"embeddable":true,"href":"https:\/\/footdavant.fr\/actualites\/wp-json\/wp\/v2\/users\/1"}],"replies":[{"embeddable":true,"href":"https:\/\/footdavant.fr\/actualites\/wp-json\/wp\/v2\/comments?post=13978"}],"version-history":[{"count":1,"href":"https:\/\/footdavant.fr\/actualites\/wp-json\/wp\/v2\/posts\/13978\/revisions"}],"predecessor-version":[{"id":13980,"href":"https:\/\/footdavant.fr\/actualites\/wp-json\/wp\/v2\/posts\/13978\/revisions\/13980"}],"wp:featuredmedia":[{"embeddable":true,"href":"https:\/\/footdavant.fr\/actualites\/wp-json\/wp\/v2\/media\/13979"}],"wp:attachment":[{"href":"https:\/\/footdavant.fr\/actualites\/wp-json\/wp\/v2\/media?parent=13978"}],"wp:term":[{"taxonomy":"category","embeddable":true,"href":"https:\/\/footdavant.fr\/actualites\/wp-json\/wp\/v2\/categories?post=13978"},{"taxonomy":"post_tag","embeddable":true,"href":"https:\/\/footdavant.fr\/actualites\/wp-json\/wp\/v2\/tags?post=13978"}],"curies":[{"name":"wp","href":"https:\/\/api.w.org\/{rel}","templated":true}]}}