{"id":13984,"date":"2024-09-26T10:48:02","date_gmt":"2024-09-26T08:48:02","guid":{"rendered":"https:\/\/footdavant.fr\/actualites\/liste-des-blesses-et-des-suspensions-de-tottenham-et-dates-de-retour-de-qarabag-romero-richarlison\/"},"modified":"2024-09-26T10:48:03","modified_gmt":"2024-09-26T08:48:03","slug":"liste-des-blesses-et-des-suspensions-de-tottenham-et-dates-de-retour-de-qarabag-romero-richarlison","status":"publish","type":"post","link":"https:\/\/footdavant.fr\/actualites\/liste-des-blesses-et-des-suspensions-de-tottenham-et-dates-de-retour-de-qarabag-romero-richarlison\/","title":{"rendered":"Liste des bless\u00e9s et des suspensions de Tottenham et dates de retour de Qarabag : Romero, Richarlison"},"content":{"rendered":"<p>Sports Mole r\u00e9sume toutes les nouvelles sur les blessures et les suspensions de Tottenham Hotspur avant le choc de jeudi en Ligue Europa contre le Qarabag FK.<\/p>\n<div id=\"article_body\" itemprop=\"articleBody\">\n<p class=\"firstPara\"><strong class=\"autotag\">Ange Postecoglou<\/strong> prend en charge son premier match europ\u00e9en en tant que <strong class=\"autotag\">Tottenham Hotspur<\/strong> patron jeudi soir, alors que les Lilywhites accueillent <strong class=\"autotag\">FK Qarabag<\/strong> dans leur <strong class=\"autotag\">Ligue Europa<\/strong> ouverture de la phase de championnat.<\/p>\n<p>Les Spurs sont revenus au deuxi\u00e8me niveau du football continental gr\u00e2ce \u00e0 leur cinqui\u00e8me place lors de la campagne 2023-24 de Premier League, bien qu&#39;ils aient \u00e9t\u00e9 terriblement proches de se faufiler dans le top quatre et de d\u00e9crocher un billet pour la Ligue des champions.<\/p>\n<p>Les g\u00e9ants du nord de Londres ont connu un d\u00e9but de saison mitig\u00e9 en Premier League, mais ils sont revenus \u00e0 la victoire ce week-end, revenant de l&#39;arri\u00e8re pour vaincre leurs rivaux londoniens Brentford 3-1.<\/p>\n<p>Ici, <strong>Taupe sportive<\/strong> r\u00e9sume toutes les derni\u00e8res nouvelles sur les blessures et les suspensions de Tottenham avant le choc avec Qarabag, qui a remport\u00e9 le titre de Premier League azerba\u00efdjanaise pour la troisi\u00e8me saison cons\u00e9cutive la saison derni\u00e8re.<\/p>\n<hr>\n<p class=\"imgI\">\n<p><strong>Statut:<\/strong> Dehors<br \/><strong>Type de blessure :<\/strong> Tendon<br \/><strong>Date de retour possible :<\/strong> Inconnu<\/p>\n<p>Wilson Odobert a \u00e9t\u00e9 remplac\u00e9 par une blessure importante aux ischio-jambiers lors de la victoire des Spurs en EFL Cup contre Coventry City la semaine derni\u00e8re, et Postecoglou a conc\u00e9d\u00e9 qu&#39;il ne s&#39;attendait pas \u00e0 ce que l&#39;attaquant soit disponible dans un avenir proche.<\/p>\n<hr>\n<p class=\"imgI\"><img decoding=\"async\" loading=\"lazy\" class=\"l\" src=\"https:\/\/footdavant.fr\/actualites\/wp-content\/uploads\/2024\/09\/1727340482_63_Liste-des-blesses-et-des-suspensions-de-Tottenham-et-dates.jpg\" title=\"L&#39;attaquant de Tottenham Hotspur Richarlison photographi\u00e9 le 19 ao\u00fbt 2024\" alt=\"L&#39;attaquant de Tottenham Hotspur Richarlison photographi\u00e9 le 19 ao\u00fbt 2024\" width=\"640\" height=\"480\"><\/p>\n<p><strong>Statut:<\/strong> Dehors<br \/><strong>Type de blessure :<\/strong> Ind\u00e9termin\u00e9<br \/><strong>Date de retour possible :<\/strong> Inconnu<\/p>\n<p>La blessure non sp\u00e9cifi\u00e9e de Richarlison \u00e0 l&#39;entra\u00eenement s&#39;av\u00e8re difficile \u00e0 surmonter, et Postecoglou a admis avant le match de Brentford qu&#39;il \u00e9tait inutile que les m\u00e9dias demandent des mises \u00e0 jour sur sa disponibilit\u00e9, car le Br\u00e9silien n&#39;est toujours pas de retour \u00e0 l&#39;entra\u00eenement complet.<\/p>\n<hr>\n<h2 class=\"k3\">LISTE DES SUSPENSIONN\u00c9S DE TOTTENHAM<\/h2>\n<p class=\"imgI\"><img decoding=\"async\" loading=\"lazy\" class=\"l\" src=\"https:\/\/footdavant.fr\/actualites\/wp-content\/uploads\/2024\/09\/1727340482_7_Liste-des-blesses-et-des-suspensions-de-Tottenham-et-dates.jpg\" title=\"Cristian Romero de Tottenham Hotspur photographi\u00e9 le 15 septembre 2024\" alt=\"Cristian Romero de Tottenham Hotspur photographi\u00e9 le 15 septembre 2024\" width=\"640\" height=\"480\"><\/p>\n<p><strong>Date de retour :<\/strong> 29 septembre (contre Manchester United)<\/p>\n<p>Lors du dernier match europ\u00e9en de Tottenham contre l&#39;AC Milan en mars 2023, Cristian Romero a \u00e9t\u00e9 expuls\u00e9 pour deux infractions passibles de cartons jaunes et les Spurs ont \u00e9t\u00e9 \u00e9limin\u00e9s de la Ligue des champions. Malgr\u00e9 cet incident survenu il y a 18 mois, les suspensions ne sont pas effac\u00e9es dans les comp\u00e9titions de l&#39;UEFA au d\u00e9but d&#39;une nouvelle saison, ce qui signifie que Romero purgera finalement sa suspension lors du match de jeudi.<\/p>\n<hr>\n<\/div>\n","protected":false},"excerpt":{"rendered":"<p>Sports Mole r\u00e9sume toutes les nouvelles sur les blessures et les suspensions de Tottenham Hotspur avant le choc de jeudi en Ligue Europa contre le<\/p>\n","protected":false},"author":1,"featured_media":13985,"comment_status":"closed","ping_status":"","sticky":false,"template":"","format":"standard","meta":{"footnotes":""},"categories":[5],"tags":[46,2867,12,17,5878,393,933,3070,2177,68],"yoast_head":"<!-- This site is optimized with the Yoast SEO plugin v21.0 - https:\/\/yoast.com\/wordpress\/plugins\/seo\/ -->\n<title>Liste des bless\u00e9s et des suspensions de Tottenham et dates de retour de Qarabag : Romero, Richarlison<\/title>\n<meta name=\"robots\" content=\"index, follow, max-snippet:-1, max-image-preview:large, max-video-preview:-1\" \/>\n<link rel=\"canonical\" href=\"https:\/\/footdavant.fr\/actualites\/liste-des-blesses-et-des-suspensions-de-tottenham-et-dates-de-retour-de-qarabag-romero-richarlison\/\" \/>\n<meta property=\"og:locale\" content=\"fr_FR\" \/>\n<meta property=\"og:type\" content=\"article\" \/>\n<meta property=\"og:title\" content=\"Liste des bless\u00e9s et des suspensions de Tottenham et dates de retour de Qarabag : Romero, Richarlison\" \/>\n<meta property=\"og:description\" content=\"Sports Mole r\u00e9sume toutes les nouvelles sur les blessures et les suspensions de Tottenham Hotspur avant le choc de jeudi en Ligue Europa contre le\" \/>\n<meta property=\"og:url\" content=\"https:\/\/footdavant.fr\/actualites\/liste-des-blesses-et-des-suspensions-de-tottenham-et-dates-de-retour-de-qarabag-romero-richarlison\/\" \/>\n<meta property=\"og:site_name\" content=\"Foot d&#039;avant\" \/>\n<meta property=\"article:publisher\" content=\"https:\/\/www.facebook.com\/Footdavant\/\" \/>\n<meta property=\"article:published_time\" content=\"2024-09-26T08:48:02+00:00\" \/>\n<meta property=\"article:modified_time\" content=\"2024-09-26T08:48:03+00:00\" \/>\n<meta property=\"og:image\" content=\"https:\/\/footdavant.fr\/actualites\/wp-content\/uploads\/2024\/09\/Liste-des-blesses-et-des-suspensions-de-Tottenham-et-dates.jpg\" \/>\n\t<meta property=\"og:image:width\" content=\"640\" \/>\n\t<meta property=\"og:image:height\" content=\"480\" \/>\n\t<meta property=\"og:image:type\" content=\"image\/jpeg\" \/>\n<meta name=\"author\" content=\"Cl\u00e9ment\" \/>\n<meta name=\"twitter:card\" content=\"summary_large_image\" \/>\n<meta name=\"twitter:creator\" content=\"@FootdavantFr\" \/>\n<meta name=\"twitter:site\" content=\"@FootdavantFr\" \/>\n<meta name=\"twitter:label1\" content=\"\u00c9crit par\" \/>\n\t<meta name=\"twitter:data1\" content=\"Cl\u00e9ment\" \/>\n\t<meta name=\"twitter:label2\" content=\"Dur\u00e9e de lecture estim\u00e9e\" \/>\n\t<meta name=\"twitter:data2\" content=\"2 minutes\" \/>\n<script type=\"application\/ld+json\" class=\"yoast-schema-graph\">{\"@context\":\"https:\/\/schema.org\",\"@graph\":[{\"@type\":\"Article\",\"@id\":\"https:\/\/footdavant.fr\/actualites\/liste-des-blesses-et-des-suspensions-de-tottenham-et-dates-de-retour-de-qarabag-romero-richarlison\/#article\",\"isPartOf\":{\"@id\":\"https:\/\/footdavant.fr\/actualites\/liste-des-blesses-et-des-suspensions-de-tottenham-et-dates-de-retour-de-qarabag-romero-richarlison\/\"},\"author\":{\"name\":\"Cl\u00e9ment\",\"@id\":\"https:\/\/footdavant.fr\/actualites\/#\/schema\/person\/bc222566d95871b37e597b3ed3ba5e1d\"},\"headline\":\"Liste des bless\u00e9s et des suspensions de Tottenham et dates de retour de Qarabag : Romero, Richarlison\",\"datePublished\":\"2024-09-26T08:48:02+00:00\",\"dateModified\":\"2024-09-26T08:48:03+00:00\",\"mainEntityOfPage\":{\"@id\":\"https:\/\/footdavant.fr\/actualites\/liste-des-blesses-et-des-suspensions-de-tottenham-et-dates-de-retour-de-qarabag-romero-richarlison\/\"},\"wordCount\":431,\"publisher\":{\"@id\":\"https:\/\/footdavant.fr\/actualites\/#organization\"},\"keywords\":[\"bless\u00e9s\",\"Dates\",\"des\",\"liste\",\"Qarabag\",\"retour\",\"Richarlison\",\"Romero\",\"suspensions\",\"Tottenham\"],\"articleSection\":[\"Premier League\"],\"inLanguage\":\"fr-FR\"},{\"@type\":\"WebPage\",\"@id\":\"https:\/\/footdavant.fr\/actualites\/liste-des-blesses-et-des-suspensions-de-tottenham-et-dates-de-retour-de-qarabag-romero-richarlison\/\",\"url\":\"https:\/\/footdavant.fr\/actualites\/liste-des-blesses-et-des-suspensions-de-tottenham-et-dates-de-retour-de-qarabag-romero-richarlison\/\",\"name\":\"Liste des bless\u00e9s et des suspensions de Tottenham et dates de retour de Qarabag : Romero, Richarlison\",\"isPartOf\":{\"@id\":\"https:\/\/footdavant.fr\/actualites\/#website\"},\"datePublished\":\"2024-09-26T08:48:02+00:00\",\"dateModified\":\"2024-09-26T08:48:03+00:00\",\"breadcrumb\":{\"@id\":\"https:\/\/footdavant.fr\/actualites\/liste-des-blesses-et-des-suspensions-de-tottenham-et-dates-de-retour-de-qarabag-romero-richarlison\/#breadcrumb\"},\"inLanguage\":\"fr-FR\",\"potentialAction\":[{\"@type\":\"ReadAction\",\"target\":[\"https:\/\/footdavant.fr\/actualites\/liste-des-blesses-et-des-suspensions-de-tottenham-et-dates-de-retour-de-qarabag-romero-richarlison\/\"]}]},{\"@type\":\"BreadcrumbList\",\"@id\":\"https:\/\/footdavant.fr\/actualites\/liste-des-blesses-et-des-suspensions-de-tottenham-et-dates-de-retour-de-qarabag-romero-richarlison\/#breadcrumb\",\"itemListElement\":[{\"@type\":\"ListItem\",\"position\":1,\"name\":\"Accueil\",\"item\":\"https:\/\/footdavant.fr\/actualites\/\"},{\"@type\":\"ListItem\",\"position\":2,\"name\":\"Liste des bless\u00e9s et des suspensions de Tottenham et dates de retour de Qarabag : Romero, Richarlison\"}]},{\"@type\":\"WebSite\",\"@id\":\"https:\/\/footdavant.fr\/actualites\/#website\",\"url\":\"https:\/\/footdavant.fr\/actualites\/\",\"name\":\"Foot d'avant\",\"description\":\"\",\"publisher\":{\"@id\":\"https:\/\/footdavant.fr\/actualites\/#organization\"},\"potentialAction\":[{\"@type\":\"SearchAction\",\"target\":{\"@type\":\"EntryPoint\",\"urlTemplate\":\"https:\/\/footdavant.fr\/actualites\/?s={search_term_string}\"},\"query-input\":\"required name=search_term_string\"}],\"inLanguage\":\"fr-FR\"},{\"@type\":\"Organization\",\"@id\":\"https:\/\/footdavant.fr\/actualites\/#organization\",\"name\":\"Foot d'avant\",\"url\":\"https:\/\/footdavant.fr\/actualites\/\",\"logo\":{\"@type\":\"ImageObject\",\"inLanguage\":\"fr-FR\",\"@id\":\"https:\/\/footdavant.fr\/actualites\/#\/schema\/logo\/image\/\",\"url\":\"https:\/\/footdavant.fr\/actualites\/wp-content\/uploads\/2023\/09\/Copy-of-FootDavant-Logo.png\",\"contentUrl\":\"https:\/\/footdavant.fr\/actualites\/wp-content\/uploads\/2023\/09\/Copy-of-FootDavant-Logo.png\",\"width\":936,\"height\":549,\"caption\":\"Foot d'avant\"},\"image\":{\"@id\":\"https:\/\/footdavant.fr\/actualites\/#\/schema\/logo\/image\/\"},\"sameAs\":[\"https:\/\/www.facebook.com\/Footdavant\/\",\"https:\/\/twitter.com\/FootdavantFr\",\"https:\/\/www.instagram.com\/footdavant.fr\/\"]},{\"@type\":\"Person\",\"@id\":\"https:\/\/footdavant.fr\/actualites\/#\/schema\/person\/bc222566d95871b37e597b3ed3ba5e1d\",\"name\":\"Cl\u00e9ment\",\"image\":{\"@type\":\"ImageObject\",\"inLanguage\":\"fr-FR\",\"@id\":\"https:\/\/footdavant.fr\/actualites\/#\/schema\/person\/image\/\",\"url\":\"https:\/\/secure.gravatar.com\/avatar\/7728b29aac2719421e1a9159b2254c44?s=96&d=mm&r=g\",\"contentUrl\":\"https:\/\/secure.gravatar.com\/avatar\/7728b29aac2719421e1a9159b2254c44?s=96&d=mm&r=g\",\"caption\":\"Cl\u00e9ment\"},\"sameAs\":[\"https:\/\/footdavant.fr\/\"]}]}<\/script>\n<!-- \/ Yoast SEO plugin. -->","yoast_head_json":{"title":"Liste des bless\u00e9s et des suspensions de Tottenham et dates de retour de Qarabag : Romero, Richarlison","robots":{"index":"index","follow":"follow","max-snippet":"max-snippet:-1","max-image-preview":"max-image-preview:large","max-video-preview":"max-video-preview:-1"},"canonical":"https:\/\/footdavant.fr\/actualites\/liste-des-blesses-et-des-suspensions-de-tottenham-et-dates-de-retour-de-qarabag-romero-richarlison\/","og_locale":"fr_FR","og_type":"article","og_title":"Liste des bless\u00e9s et des suspensions de Tottenham et dates de retour de Qarabag : Romero, Richarlison","og_description":"Sports Mole r\u00e9sume toutes les nouvelles sur les blessures et les suspensions de Tottenham Hotspur avant le choc de jeudi en Ligue Europa contre le","og_url":"https:\/\/footdavant.fr\/actualites\/liste-des-blesses-et-des-suspensions-de-tottenham-et-dates-de-retour-de-qarabag-romero-richarlison\/","og_site_name":"Foot d&#039;avant","article_publisher":"https:\/\/www.facebook.com\/Footdavant\/","article_published_time":"2024-09-26T08:48:02+00:00","article_modified_time":"2024-09-26T08:48:03+00:00","og_image":[{"width":640,"height":480,"url":"https:\/\/footdavant.fr\/actualites\/wp-content\/uploads\/2024\/09\/Liste-des-blesses-et-des-suspensions-de-Tottenham-et-dates.jpg","type":"image\/jpeg"}],"author":"Cl\u00e9ment","twitter_card":"summary_large_image","twitter_creator":"@FootdavantFr","twitter_site":"@FootdavantFr","twitter_misc":{"\u00c9crit par":"Cl\u00e9ment","Dur\u00e9e de lecture estim\u00e9e":"2 minutes"},"schema":{"@context":"https:\/\/schema.org","@graph":[{"@type":"Article","@id":"https:\/\/footdavant.fr\/actualites\/liste-des-blesses-et-des-suspensions-de-tottenham-et-dates-de-retour-de-qarabag-romero-richarlison\/#article","isPartOf":{"@id":"https:\/\/footdavant.fr\/actualites\/liste-des-blesses-et-des-suspensions-de-tottenham-et-dates-de-retour-de-qarabag-romero-richarlison\/"},"author":{"name":"Cl\u00e9ment","@id":"https:\/\/footdavant.fr\/actualites\/#\/schema\/person\/bc222566d95871b37e597b3ed3ba5e1d"},"headline":"Liste des bless\u00e9s et des suspensions de Tottenham et dates de retour de Qarabag : Romero, Richarlison","datePublished":"2024-09-26T08:48:02+00:00","dateModified":"2024-09-26T08:48:03+00:00","mainEntityOfPage":{"@id":"https:\/\/footdavant.fr\/actualites\/liste-des-blesses-et-des-suspensions-de-tottenham-et-dates-de-retour-de-qarabag-romero-richarlison\/"},"wordCount":431,"publisher":{"@id":"https:\/\/footdavant.fr\/actualites\/#organization"},"keywords":["bless\u00e9s","Dates","des","liste","Qarabag","retour","Richarlison","Romero","suspensions","Tottenham"],"articleSection":["Premier League"],"inLanguage":"fr-FR"},{"@type":"WebPage","@id":"https:\/\/footdavant.fr\/actualites\/liste-des-blesses-et-des-suspensions-de-tottenham-et-dates-de-retour-de-qarabag-romero-richarlison\/","url":"https:\/\/footdavant.fr\/actualites\/liste-des-blesses-et-des-suspensions-de-tottenham-et-dates-de-retour-de-qarabag-romero-richarlison\/","name":"Liste des bless\u00e9s et des suspensions de Tottenham et dates de retour de Qarabag : Romero, Richarlison","isPartOf":{"@id":"https:\/\/footdavant.fr\/actualites\/#website"},"datePublished":"2024-09-26T08:48:02+00:00","dateModified":"2024-09-26T08:48:03+00:00","breadcrumb":{"@id":"https:\/\/footdavant.fr\/actualites\/liste-des-blesses-et-des-suspensions-de-tottenham-et-dates-de-retour-de-qarabag-romero-richarlison\/#breadcrumb"},"inLanguage":"fr-FR","potentialAction":[{"@type":"ReadAction","target":["https:\/\/footdavant.fr\/actualites\/liste-des-blesses-et-des-suspensions-de-tottenham-et-dates-de-retour-de-qarabag-romero-richarlison\/"]}]},{"@type":"BreadcrumbList","@id":"https:\/\/footdavant.fr\/actualites\/liste-des-blesses-et-des-suspensions-de-tottenham-et-dates-de-retour-de-qarabag-romero-richarlison\/#breadcrumb","itemListElement":[{"@type":"ListItem","position":1,"name":"Accueil","item":"https:\/\/footdavant.fr\/actualites\/"},{"@type":"ListItem","position":2,"name":"Liste des bless\u00e9s et des suspensions de Tottenham et dates de retour de Qarabag : Romero, Richarlison"}]},{"@type":"WebSite","@id":"https:\/\/footdavant.fr\/actualites\/#website","url":"https:\/\/footdavant.fr\/actualites\/","name":"Foot d'avant","description":"","publisher":{"@id":"https:\/\/footdavant.fr\/actualites\/#organization"},"potentialAction":[{"@type":"SearchAction","target":{"@type":"EntryPoint","urlTemplate":"https:\/\/footdavant.fr\/actualites\/?s={search_term_string}"},"query-input":"required name=search_term_string"}],"inLanguage":"fr-FR"},{"@type":"Organization","@id":"https:\/\/footdavant.fr\/actualites\/#organization","name":"Foot d'avant","url":"https:\/\/footdavant.fr\/actualites\/","logo":{"@type":"ImageObject","inLanguage":"fr-FR","@id":"https:\/\/footdavant.fr\/actualites\/#\/schema\/logo\/image\/","url":"https:\/\/footdavant.fr\/actualites\/wp-content\/uploads\/2023\/09\/Copy-of-FootDavant-Logo.png","contentUrl":"https:\/\/footdavant.fr\/actualites\/wp-content\/uploads\/2023\/09\/Copy-of-FootDavant-Logo.png","width":936,"height":549,"caption":"Foot d'avant"},"image":{"@id":"https:\/\/footdavant.fr\/actualites\/#\/schema\/logo\/image\/"},"sameAs":["https:\/\/www.facebook.com\/Footdavant\/","https:\/\/twitter.com\/FootdavantFr","https:\/\/www.instagram.com\/footdavant.fr\/"]},{"@type":"Person","@id":"https:\/\/footdavant.fr\/actualites\/#\/schema\/person\/bc222566d95871b37e597b3ed3ba5e1d","name":"Cl\u00e9ment","image":{"@type":"ImageObject","inLanguage":"fr-FR","@id":"https:\/\/footdavant.fr\/actualites\/#\/schema\/person\/image\/","url":"https:\/\/secure.gravatar.com\/avatar\/7728b29aac2719421e1a9159b2254c44?s=96&d=mm&r=g","contentUrl":"https:\/\/secure.gravatar.com\/avatar\/7728b29aac2719421e1a9159b2254c44?s=96&d=mm&r=g","caption":"Cl\u00e9ment"},"sameAs":["https:\/\/footdavant.fr\/"]}]}},"_links":{"self":[{"href":"https:\/\/footdavant.fr\/actualites\/wp-json\/wp\/v2\/posts\/13984"}],"collection":[{"href":"https:\/\/footdavant.fr\/actualites\/wp-json\/wp\/v2\/posts"}],"about":[{"href":"https:\/\/footdavant.fr\/actualites\/wp-json\/wp\/v2\/types\/post"}],"author":[{"embeddable":true,"href":"https:\/\/footdavant.fr\/actualites\/wp-json\/wp\/v2\/users\/1"}],"replies":[{"embeddable":true,"href":"https:\/\/footdavant.fr\/actualites\/wp-json\/wp\/v2\/comments?post=13984"}],"version-history":[{"count":1,"href":"https:\/\/footdavant.fr\/actualites\/wp-json\/wp\/v2\/posts\/13984\/revisions"}],"predecessor-version":[{"id":13986,"href":"https:\/\/footdavant.fr\/actualites\/wp-json\/wp\/v2\/posts\/13984\/revisions\/13986"}],"wp:featuredmedia":[{"embeddable":true,"href":"https:\/\/footdavant.fr\/actualites\/wp-json\/wp\/v2\/media\/13985"}],"wp:attachment":[{"href":"https:\/\/footdavant.fr\/actualites\/wp-json\/wp\/v2\/media?parent=13984"}],"wp:term":[{"taxonomy":"category","embeddable":true,"href":"https:\/\/footdavant.fr\/actualites\/wp-json\/wp\/v2\/categories?post=13984"},{"taxonomy":"post_tag","embeddable":true,"href":"https:\/\/footdavant.fr\/actualites\/wp-json\/wp\/v2\/tags?post=13984"}],"curies":[{"name":"wp","href":"https:\/\/api.w.org\/{rel}","templated":true}]}}