{"id":13987,"date":"2024-09-26T12:49:25","date_gmt":"2024-09-26T10:49:25","guid":{"rendered":"https:\/\/footdavant.fr\/actualites\/la-situation-dantony-sous-erik-ten-hag-va-de-mal-en-pis\/"},"modified":"2024-09-26T12:49:28","modified_gmt":"2024-09-26T10:49:28","slug":"la-situation-dantony-sous-erik-ten-hag-va-de-mal-en-pis","status":"publish","type":"post","link":"https:\/\/footdavant.fr\/actualites\/la-situation-dantony-sous-erik-ten-hag-va-de-mal-en-pis\/","title":{"rendered":"La situation d&#39;Antony sous Erik ten Hag va de mal en pis &#8211;"},"content":{"rendered":"<div id=\"penci-post-entry-inner\">\n<p>\t\t\t<i class=\"penci-post-countview-number-check\" style=\"display:none\">1<\/i><\/p>\n<p>Le match nul 1-1 de Manchester United contre le FC Twente en Ligue Europa a soulev\u00e9 des interrogations sur l&#39;avenir \u00e0 long terme de plus d&#39;un individu \u00e0 Old Trafford.<\/p>\n<p>Les hommes d&#39;Erik ten Hag ont d\u00e9marr\u00e9 la rencontre sur les chapeaux de roues et ont pris l&#39;avantage gr\u00e2ce au but de Christian Eriksen en premi\u00e8re p\u00e9riode. Cependant, au fil du match, le manque de contr\u00f4le et le manque de franchise de United ont permis aux visiteurs de retrouver un peu de confiance et d&#39;\u00e9galiser gr\u00e2ce \u00e0 Sam Lammers.<\/p>\n<p>Les Red Devils n&#39;ont remport\u00e9 que trois victoires en huit matches toutes comp\u00e9titions confondues cette saison. Ten Hag en est \u00e0 sa troisi\u00e8me ann\u00e9e \u00e0 United, et de telles performances in\u00e9gales vont s\u00fbrement mettre davantage de pression sur INEOS pour qu&#39;il r\u00e8gle la situation manag\u00e9riale le plus t\u00f4t possible.<\/p>\n<p>Il est int\u00e9ressant de noter que le N\u00e9erlandais n\u2019est pas le seul joueur \u00e0 appara\u00eetre en sursis \u00e0 Manchester.<\/p>\n<p>\u00c0 l&#39;approche de la nouvelle campagne, apr\u00e8s le d\u00e9sastreux recrutement de Ten Hag, Antony a insist\u00e9 sur le fait que cette saison \u00ab sera totalement diff\u00e9rente \u00bb.<\/p>\n<p>Les choses semblent avoir chang\u00e9, mais pour le pire. L&#39;ascension d&#39;Amad Diallo a encore fait descendre l&#39;ex-star de l&#39;Ajax dans la hi\u00e9rarchie.<\/p>\n<p>Ten Hag n&#39;a accord\u00e9 qu&#39;une minute de jeu \u00e0 Antony en Premier League. Son seul d\u00e9part de la saison a eu lieu en League Cup contre Barnsley, o\u00f9 il a marqu\u00e9 un but sur penalty. Cependant, cette prestation n&#39;a pas vraiment am\u00e9lior\u00e9 sa situation au sein du club.<\/p>\n<p>Amad a fait sien le poste d&#39;ailier droit cette saison, et chaque fois que l&#39;entra\u00eeneur de United a essay\u00e9 de m\u00e9langer les choses, il a fait confiance \u00e0 Alejandro Garnacho, un ailier gauche naturel, pour couvrir la zone.<\/p>\n<p>Contre Twente, alors que son \u00e9quipe cherchait d\u00e9sesp\u00e9r\u00e9ment un deuxi\u00e8me but, Ten Hag a remplac\u00e9 Amad, fatigu\u00e9, et a \u00e9tonnamment pouss\u00e9 Bruno Fernandes sur le flanc droit.<\/p>\n<p>Antoine est rest\u00e9 un rempla\u00e7ant inutilis\u00e9.<\/p>\n<p>\u00c0 la fin de la fen\u00eatre estivale, il est apparu que United avait bloqu\u00e9 l&#39;approche du Real Betis pour Antony, sugg\u00e9rant que Ten Hag compte toujours sur sa signature, en tant que joueur de l&#39;\u00e9quipe, voire en tant que titulaire.<\/p>\n<p>Cependant, compte tenu de la fa\u00e7on dont il a ignor\u00e9 le joueur de 24 ans contre Twente, il semble qu&#39;Antony n&#39;ait aucun avenir \u00e0 United, quel que soit son r\u00f4le.<\/p>\n<\/p>\n<hr>\n<p>\n <b>Jouez gratuitement pour gagner le nouveau kit United !<\/b> Nous offrons un nouveau prix \u00e0 chaque semaine de match de la PL, offert par Goat Kits\u00a0! Pour jouer, il vous suffit de (1) rejoindre la toute nouvelle ligue PL Challenge de cette semaine ici avec notre code de ligue puu1tk et d&#39;inscrire votre \u00e9quipe. (2) <a rel=\"nofollow noopener\" href=\"https:\/\/twitter.com\/intent\/user?screen_name=_peoplesperson_\" target=\"_blank\">Suivez The Peoples Person sur X<\/a> et r\u00e9pondez \u00e0 la question d\u00e9cisive. Instructions et r\u00e8gles compl\u00e8tes ici.<br \/>\nVous pouvez \u00e9galement visiter Goat Kits sur goatkitstore.com et utiliser le code de r\u00e9duction TPP30 pour obtenir 30 % de r\u00e9duction sur votre premier achat !<br \/>\n<!--Article End--><\/p>\n<p><!-- CONTENT END 3 --><\/p><\/div>\n<p><script async src=\"https:\/\/platform.twitter.com\/widgets.js\" charset=\"utf-8\"><\/script><\/p>\n","protected":false},"excerpt":{"rendered":"<p>1 Le match nul 1-1 de Manchester United contre le FC Twente en Ligue Europa a soulev\u00e9 des interrogations sur l&#39;avenir \u00e0 long terme de<\/p>\n","protected":false},"author":1,"featured_media":13988,"comment_status":"closed","ping_status":"","sticky":false,"template":"","format":"standard","meta":{"footnotes":""},"categories":[3],"tags":[5867,190,192,1283,6556,520,1301,191],"yoast_head":"<!-- This site is optimized with the Yoast SEO plugin v21.0 - https:\/\/yoast.com\/wordpress\/plugins\/seo\/ -->\n<title>La situation d&#039;Antony sous Erik ten Hag va de mal en pis -<\/title>\n<meta name=\"robots\" content=\"index, follow, max-snippet:-1, max-image-preview:large, max-video-preview:-1\" \/>\n<link rel=\"canonical\" href=\"https:\/\/footdavant.fr\/actualites\/la-situation-dantony-sous-erik-ten-hag-va-de-mal-en-pis\/\" \/>\n<meta property=\"og:locale\" content=\"fr_FR\" \/>\n<meta property=\"og:type\" content=\"article\" \/>\n<meta property=\"og:title\" content=\"La situation d&#039;Antony sous Erik ten Hag va de mal en pis -\" \/>\n<meta property=\"og:description\" content=\"1 Le match nul 1-1 de Manchester United contre le FC Twente en Ligue Europa a soulev\u00e9 des interrogations sur l&#039;avenir \u00e0 long terme de\" \/>\n<meta property=\"og:url\" content=\"https:\/\/footdavant.fr\/actualites\/la-situation-dantony-sous-erik-ten-hag-va-de-mal-en-pis\/\" \/>\n<meta property=\"og:site_name\" content=\"Foot d&#039;avant\" \/>\n<meta property=\"article:publisher\" content=\"https:\/\/www.facebook.com\/Footdavant\/\" \/>\n<meta property=\"article:published_time\" content=\"2024-09-26T10:49:25+00:00\" \/>\n<meta property=\"article:modified_time\" content=\"2024-09-26T10:49:28+00:00\" \/>\n<meta property=\"og:image\" content=\"https:\/\/footdavant.fr\/actualites\/wp-content\/uploads\/2024\/09\/La-situation-d39Antony-sous-Erik-ten-Hag-va-de-mal.jpg\" \/>\n\t<meta property=\"og:image:width\" content=\"1600\" \/>\n\t<meta property=\"og:image:height\" content=\"705\" \/>\n\t<meta property=\"og:image:type\" content=\"image\/jpeg\" \/>\n<meta name=\"author\" content=\"Cl\u00e9ment\" \/>\n<meta name=\"twitter:card\" content=\"summary_large_image\" \/>\n<meta name=\"twitter:creator\" content=\"@FootdavantFr\" \/>\n<meta name=\"twitter:site\" content=\"@FootdavantFr\" \/>\n<meta name=\"twitter:label1\" content=\"\u00c9crit par\" \/>\n\t<meta name=\"twitter:data1\" content=\"Cl\u00e9ment\" \/>\n\t<meta name=\"twitter:label2\" content=\"Dur\u00e9e de lecture estim\u00e9e\" \/>\n\t<meta name=\"twitter:data2\" content=\"3 minutes\" \/>\n<script type=\"application\/ld+json\" class=\"yoast-schema-graph\">{\"@context\":\"https:\/\/schema.org\",\"@graph\":[{\"@type\":\"Article\",\"@id\":\"https:\/\/footdavant.fr\/actualites\/la-situation-dantony-sous-erik-ten-hag-va-de-mal-en-pis\/#article\",\"isPartOf\":{\"@id\":\"https:\/\/footdavant.fr\/actualites\/la-situation-dantony-sous-erik-ten-hag-va-de-mal-en-pis\/\"},\"author\":{\"name\":\"Cl\u00e9ment\",\"@id\":\"https:\/\/footdavant.fr\/actualites\/#\/schema\/person\/bc222566d95871b37e597b3ed3ba5e1d\"},\"headline\":\"La situation d&#39;Antony sous Erik ten Hag va de mal en pis &#8211;\",\"datePublished\":\"2024-09-26T10:49:25+00:00\",\"dateModified\":\"2024-09-26T10:49:28+00:00\",\"mainEntityOfPage\":{\"@id\":\"https:\/\/footdavant.fr\/actualites\/la-situation-dantony-sous-erik-ten-hag-va-de-mal-en-pis\/\"},\"wordCount\":549,\"publisher\":{\"@id\":\"https:\/\/footdavant.fr\/actualites\/#organization\"},\"keywords\":[\"d39Antony\",\"Erik\",\"Hag\",\"mal\",\"pis\",\"situation\",\"sous\",\"ten\"],\"articleSection\":[\"Football\"],\"inLanguage\":\"fr-FR\"},{\"@type\":\"WebPage\",\"@id\":\"https:\/\/footdavant.fr\/actualites\/la-situation-dantony-sous-erik-ten-hag-va-de-mal-en-pis\/\",\"url\":\"https:\/\/footdavant.fr\/actualites\/la-situation-dantony-sous-erik-ten-hag-va-de-mal-en-pis\/\",\"name\":\"La situation d&#39;Antony sous Erik ten Hag va de mal en pis -\",\"isPartOf\":{\"@id\":\"https:\/\/footdavant.fr\/actualites\/#website\"},\"datePublished\":\"2024-09-26T10:49:25+00:00\",\"dateModified\":\"2024-09-26T10:49:28+00:00\",\"breadcrumb\":{\"@id\":\"https:\/\/footdavant.fr\/actualites\/la-situation-dantony-sous-erik-ten-hag-va-de-mal-en-pis\/#breadcrumb\"},\"inLanguage\":\"fr-FR\",\"potentialAction\":[{\"@type\":\"ReadAction\",\"target\":[\"https:\/\/footdavant.fr\/actualites\/la-situation-dantony-sous-erik-ten-hag-va-de-mal-en-pis\/\"]}]},{\"@type\":\"BreadcrumbList\",\"@id\":\"https:\/\/footdavant.fr\/actualites\/la-situation-dantony-sous-erik-ten-hag-va-de-mal-en-pis\/#breadcrumb\",\"itemListElement\":[{\"@type\":\"ListItem\",\"position\":1,\"name\":\"Accueil\",\"item\":\"https:\/\/footdavant.fr\/actualites\/\"},{\"@type\":\"ListItem\",\"position\":2,\"name\":\"La situation d&#39;Antony sous Erik ten Hag va de mal en pis &#8211;\"}]},{\"@type\":\"WebSite\",\"@id\":\"https:\/\/footdavant.fr\/actualites\/#website\",\"url\":\"https:\/\/footdavant.fr\/actualites\/\",\"name\":\"Foot d'avant\",\"description\":\"\",\"publisher\":{\"@id\":\"https:\/\/footdavant.fr\/actualites\/#organization\"},\"potentialAction\":[{\"@type\":\"SearchAction\",\"target\":{\"@type\":\"EntryPoint\",\"urlTemplate\":\"https:\/\/footdavant.fr\/actualites\/?s={search_term_string}\"},\"query-input\":\"required name=search_term_string\"}],\"inLanguage\":\"fr-FR\"},{\"@type\":\"Organization\",\"@id\":\"https:\/\/footdavant.fr\/actualites\/#organization\",\"name\":\"Foot d'avant\",\"url\":\"https:\/\/footdavant.fr\/actualites\/\",\"logo\":{\"@type\":\"ImageObject\",\"inLanguage\":\"fr-FR\",\"@id\":\"https:\/\/footdavant.fr\/actualites\/#\/schema\/logo\/image\/\",\"url\":\"https:\/\/footdavant.fr\/actualites\/wp-content\/uploads\/2023\/09\/Copy-of-FootDavant-Logo.png\",\"contentUrl\":\"https:\/\/footdavant.fr\/actualites\/wp-content\/uploads\/2023\/09\/Copy-of-FootDavant-Logo.png\",\"width\":936,\"height\":549,\"caption\":\"Foot d'avant\"},\"image\":{\"@id\":\"https:\/\/footdavant.fr\/actualites\/#\/schema\/logo\/image\/\"},\"sameAs\":[\"https:\/\/www.facebook.com\/Footdavant\/\",\"https:\/\/twitter.com\/FootdavantFr\",\"https:\/\/www.instagram.com\/footdavant.fr\/\"]},{\"@type\":\"Person\",\"@id\":\"https:\/\/footdavant.fr\/actualites\/#\/schema\/person\/bc222566d95871b37e597b3ed3ba5e1d\",\"name\":\"Cl\u00e9ment\",\"image\":{\"@type\":\"ImageObject\",\"inLanguage\":\"fr-FR\",\"@id\":\"https:\/\/footdavant.fr\/actualites\/#\/schema\/person\/image\/\",\"url\":\"https:\/\/secure.gravatar.com\/avatar\/7728b29aac2719421e1a9159b2254c44?s=96&d=mm&r=g\",\"contentUrl\":\"https:\/\/secure.gravatar.com\/avatar\/7728b29aac2719421e1a9159b2254c44?s=96&d=mm&r=g\",\"caption\":\"Cl\u00e9ment\"},\"sameAs\":[\"https:\/\/footdavant.fr\/\"]}]}<\/script>\n<!-- \/ Yoast SEO plugin. -->","yoast_head_json":{"title":"La situation d&#39;Antony sous Erik ten Hag va de mal en pis -","robots":{"index":"index","follow":"follow","max-snippet":"max-snippet:-1","max-image-preview":"max-image-preview:large","max-video-preview":"max-video-preview:-1"},"canonical":"https:\/\/footdavant.fr\/actualites\/la-situation-dantony-sous-erik-ten-hag-va-de-mal-en-pis\/","og_locale":"fr_FR","og_type":"article","og_title":"La situation d&#39;Antony sous Erik ten Hag va de mal en pis -","og_description":"1 Le match nul 1-1 de Manchester United contre le FC Twente en Ligue Europa a soulev\u00e9 des interrogations sur l&#39;avenir \u00e0 long terme de","og_url":"https:\/\/footdavant.fr\/actualites\/la-situation-dantony-sous-erik-ten-hag-va-de-mal-en-pis\/","og_site_name":"Foot d&#039;avant","article_publisher":"https:\/\/www.facebook.com\/Footdavant\/","article_published_time":"2024-09-26T10:49:25+00:00","article_modified_time":"2024-09-26T10:49:28+00:00","og_image":[{"width":1600,"height":705,"url":"https:\/\/footdavant.fr\/actualites\/wp-content\/uploads\/2024\/09\/La-situation-d39Antony-sous-Erik-ten-Hag-va-de-mal.jpg","type":"image\/jpeg"}],"author":"Cl\u00e9ment","twitter_card":"summary_large_image","twitter_creator":"@FootdavantFr","twitter_site":"@FootdavantFr","twitter_misc":{"\u00c9crit par":"Cl\u00e9ment","Dur\u00e9e de lecture estim\u00e9e":"3 minutes"},"schema":{"@context":"https:\/\/schema.org","@graph":[{"@type":"Article","@id":"https:\/\/footdavant.fr\/actualites\/la-situation-dantony-sous-erik-ten-hag-va-de-mal-en-pis\/#article","isPartOf":{"@id":"https:\/\/footdavant.fr\/actualites\/la-situation-dantony-sous-erik-ten-hag-va-de-mal-en-pis\/"},"author":{"name":"Cl\u00e9ment","@id":"https:\/\/footdavant.fr\/actualites\/#\/schema\/person\/bc222566d95871b37e597b3ed3ba5e1d"},"headline":"La situation d&#39;Antony sous Erik ten Hag va de mal en pis &#8211;","datePublished":"2024-09-26T10:49:25+00:00","dateModified":"2024-09-26T10:49:28+00:00","mainEntityOfPage":{"@id":"https:\/\/footdavant.fr\/actualites\/la-situation-dantony-sous-erik-ten-hag-va-de-mal-en-pis\/"},"wordCount":549,"publisher":{"@id":"https:\/\/footdavant.fr\/actualites\/#organization"},"keywords":["d39Antony","Erik","Hag","mal","pis","situation","sous","ten"],"articleSection":["Football"],"inLanguage":"fr-FR"},{"@type":"WebPage","@id":"https:\/\/footdavant.fr\/actualites\/la-situation-dantony-sous-erik-ten-hag-va-de-mal-en-pis\/","url":"https:\/\/footdavant.fr\/actualites\/la-situation-dantony-sous-erik-ten-hag-va-de-mal-en-pis\/","name":"La situation d&#39;Antony sous Erik ten Hag va de mal en pis -","isPartOf":{"@id":"https:\/\/footdavant.fr\/actualites\/#website"},"datePublished":"2024-09-26T10:49:25+00:00","dateModified":"2024-09-26T10:49:28+00:00","breadcrumb":{"@id":"https:\/\/footdavant.fr\/actualites\/la-situation-dantony-sous-erik-ten-hag-va-de-mal-en-pis\/#breadcrumb"},"inLanguage":"fr-FR","potentialAction":[{"@type":"ReadAction","target":["https:\/\/footdavant.fr\/actualites\/la-situation-dantony-sous-erik-ten-hag-va-de-mal-en-pis\/"]}]},{"@type":"BreadcrumbList","@id":"https:\/\/footdavant.fr\/actualites\/la-situation-dantony-sous-erik-ten-hag-va-de-mal-en-pis\/#breadcrumb","itemListElement":[{"@type":"ListItem","position":1,"name":"Accueil","item":"https:\/\/footdavant.fr\/actualites\/"},{"@type":"ListItem","position":2,"name":"La situation d&#39;Antony sous Erik ten Hag va de mal en pis &#8211;"}]},{"@type":"WebSite","@id":"https:\/\/footdavant.fr\/actualites\/#website","url":"https:\/\/footdavant.fr\/actualites\/","name":"Foot d'avant","description":"","publisher":{"@id":"https:\/\/footdavant.fr\/actualites\/#organization"},"potentialAction":[{"@type":"SearchAction","target":{"@type":"EntryPoint","urlTemplate":"https:\/\/footdavant.fr\/actualites\/?s={search_term_string}"},"query-input":"required name=search_term_string"}],"inLanguage":"fr-FR"},{"@type":"Organization","@id":"https:\/\/footdavant.fr\/actualites\/#organization","name":"Foot d'avant","url":"https:\/\/footdavant.fr\/actualites\/","logo":{"@type":"ImageObject","inLanguage":"fr-FR","@id":"https:\/\/footdavant.fr\/actualites\/#\/schema\/logo\/image\/","url":"https:\/\/footdavant.fr\/actualites\/wp-content\/uploads\/2023\/09\/Copy-of-FootDavant-Logo.png","contentUrl":"https:\/\/footdavant.fr\/actualites\/wp-content\/uploads\/2023\/09\/Copy-of-FootDavant-Logo.png","width":936,"height":549,"caption":"Foot d'avant"},"image":{"@id":"https:\/\/footdavant.fr\/actualites\/#\/schema\/logo\/image\/"},"sameAs":["https:\/\/www.facebook.com\/Footdavant\/","https:\/\/twitter.com\/FootdavantFr","https:\/\/www.instagram.com\/footdavant.fr\/"]},{"@type":"Person","@id":"https:\/\/footdavant.fr\/actualites\/#\/schema\/person\/bc222566d95871b37e597b3ed3ba5e1d","name":"Cl\u00e9ment","image":{"@type":"ImageObject","inLanguage":"fr-FR","@id":"https:\/\/footdavant.fr\/actualites\/#\/schema\/person\/image\/","url":"https:\/\/secure.gravatar.com\/avatar\/7728b29aac2719421e1a9159b2254c44?s=96&d=mm&r=g","contentUrl":"https:\/\/secure.gravatar.com\/avatar\/7728b29aac2719421e1a9159b2254c44?s=96&d=mm&r=g","caption":"Cl\u00e9ment"},"sameAs":["https:\/\/footdavant.fr\/"]}]}},"_links":{"self":[{"href":"https:\/\/footdavant.fr\/actualites\/wp-json\/wp\/v2\/posts\/13987"}],"collection":[{"href":"https:\/\/footdavant.fr\/actualites\/wp-json\/wp\/v2\/posts"}],"about":[{"href":"https:\/\/footdavant.fr\/actualites\/wp-json\/wp\/v2\/types\/post"}],"author":[{"embeddable":true,"href":"https:\/\/footdavant.fr\/actualites\/wp-json\/wp\/v2\/users\/1"}],"replies":[{"embeddable":true,"href":"https:\/\/footdavant.fr\/actualites\/wp-json\/wp\/v2\/comments?post=13987"}],"version-history":[{"count":1,"href":"https:\/\/footdavant.fr\/actualites\/wp-json\/wp\/v2\/posts\/13987\/revisions"}],"predecessor-version":[{"id":13989,"href":"https:\/\/footdavant.fr\/actualites\/wp-json\/wp\/v2\/posts\/13987\/revisions\/13989"}],"wp:featuredmedia":[{"embeddable":true,"href":"https:\/\/footdavant.fr\/actualites\/wp-json\/wp\/v2\/media\/13988"}],"wp:attachment":[{"href":"https:\/\/footdavant.fr\/actualites\/wp-json\/wp\/v2\/media?parent=13987"}],"wp:term":[{"taxonomy":"category","embeddable":true,"href":"https:\/\/footdavant.fr\/actualites\/wp-json\/wp\/v2\/categories?post=13987"},{"taxonomy":"post_tag","embeddable":true,"href":"https:\/\/footdavant.fr\/actualites\/wp-json\/wp\/v2\/tags?post=13987"}],"curies":[{"name":"wp","href":"https:\/\/api.w.org\/{rel}","templated":true}]}}