{"id":13993,"date":"2024-09-26T16:49:23","date_gmt":"2024-09-26T14:49:23","guid":{"rendered":"https:\/\/footdavant.fr\/actualites\/pedro-neto-montre-une-mentalite-delite-et-pourquoi-la-competition-est-bonne\/"},"modified":"2024-09-26T16:49:28","modified_gmt":"2024-09-26T14:49:28","slug":"pedro-neto-montre-une-mentalite-delite-et-pourquoi-la-competition-est-bonne","status":"publish","type":"post","link":"https:\/\/footdavant.fr\/actualites\/pedro-neto-montre-une-mentalite-delite-et-pourquoi-la-competition-est-bonne\/","title":{"rendered":"Pedro Neto montre une mentalit\u00e9 d&#39;\u00e9lite et pourquoi la comp\u00e9tition est bonne \u2013"},"content":{"rendered":"<div id=\"mvp-content-main\">\n<p>Pedro Neto est le dernier joueur de Chelsea \u00e0 s&#39;exprimer sur la rude concurrence qui r\u00e8gne actuellement \u00e0 Chelsea, et il dit qu&#39;elle est si intense que les joueurs ne dorment pas !<\/p>\n<p>C&#39;est ce que nous aimons entendre, n&#39;est-ce pas ? Il ne le dit \u00e9videmment pas au sens litt\u00e9ral du terme !<\/p>\n<p>Moi et moi allons concentrer le podcast d&#39;aujourd&#39;hui sur la concurrence dans l&#39;\u00e9quipe et l&#39;approfondir, mais je pense que nous pouvons tous convenir maintenant que Chelsea s&#39;efforce d&#39;avoir deux joueurs de haut niveau pour chaque poste cette saison, comme nous l&#39;avons annonc\u00e9 au d\u00e9but de l&#39;\u00e9t\u00e9 ici, a \u00e9t\u00e9 tr\u00e8s intelligent en raison de tous les matchs que nous jouerons cette saison et en plus de couvrir les blessures.<\/p>\n<p>Neto a montr\u00e9 une mentalit\u00e9 de premier ordre en parlant de la comp\u00e9tition cette semaine.<\/p>\n<p>Il dit :<\/p>\n<p>\u00ab Quand on arrive dans un grand club, c&#39;est une nouvelle adaptation. Peut-\u00eatre qu&#39;\u00e0 Wolverhampton, j&#39;allais jouer peut-\u00eatre 90 % des matchs.<\/p>\n<p>\u00ab Ici, je dois travailler encore plus, sinon je ne jouerai pas parce que l&#39;entra\u00eeneur fera tourner les joueurs. Cela te permet de jouer encore mieux parce que tu sais que tu dois travailler.<\/p>\n<p>\u00ab Avec la qualit\u00e9 que nous avons ici, personne ne peut dormir sur ses deux oreilles. Comme l&#39;a dit l&#39;entra\u00eeneur : \u00ab\u00a0Tout le monde ne jouera pas tous les matchs\u00a0\u00bb.<\/p>\n<p>\u00ab Nous devons travailler dur et continuer \u00e0 le faire chaque week-end, \u00e0 chaque entra\u00eenement, \u00e0 chaque match. C&#39;est cette mentalit\u00e9 qui, je l&#39;esp\u00e8re, nous permettra d&#39;atteindre le sommet. \u00bb<\/p>\n<p>Neto et le reste de l&#39;\u00e9quipe devront simplement s&#39;\u00e9lever et jouer avec r\u00e9gularit\u00e9 s&#39;ils veulent jouer pour Chelsea cette saison, et c&#39;est une bonne chose pour nous et pour le club. Le niveau doit rester \u00e9lev\u00e9, et la comp\u00e9tition le permet.<\/p>\n<p>En parlant de niveaux, Neto a admis qu&#39;il n&#39;\u00e9tait pas encore au sommet de sa forme et qu&#39;il n&#39;\u00e9tait pas encore compl\u00e8tement en forme.<\/p>\n<p>\u00ab Pour le moment, je ne suis pas \u00e0 mon niveau, mais j&#39;y arrive \u00bb, a poursuivi Neto. \u00ab Je sais que j&#39;arriverai \u00e0 mon meilleur niveau et j&#39;en profiterai.<\/p>\n<p>\u00ab Je continue \u00e0 travailler. Je continue \u00e0 travailler sur ma confiance, sur mon football, sur l\u2019adaptation, et j\u2019esp\u00e8re \u00eatre [at full fitness] d\u00e8s que je peux.<\/p>\n<p>C&#39;est honn\u00eate et ouvert, et j&#39;aime \u00e7a.<\/p>\n<p>L&#39;arriv\u00e9e de Neto m&#39;a enthousiasm\u00e9 cet \u00e9t\u00e9, et pas seulement parce qu&#39;elle est venue de nulle part. Je l&#39;appr\u00e9cie. Mais il doit jouer \u00e0 droite pour moi, et il doit retrouver son niveau et \u00eatre en pleine forme. Je pense que lorsqu&#39;il y parviendra, nous verrons un joueur confiant et de qualit\u00e9.<\/p>\n<p>Nous avons tous vu qu&#39;il n&#39;est pas encore au niveau et qu&#39;il doit s&#39;am\u00e9liorer, mais il est logique de l&#39;entendre dire cela \u00e0 propos de sa condition physique \u00e9galement. Il y arrivera, j&#39;en suis s\u00fbr.<\/p>\n<p>\t\t\t\t\t\t\t\t\t<!--mvp-post-tags--><\/p><\/div>\n","protected":false},"excerpt":{"rendered":"<p>Pedro Neto est le dernier joueur de Chelsea \u00e0 s&#39;exprimer sur la rude concurrence qui r\u00e8gne actuellement \u00e0 Chelsea, et il dit qu&#39;elle est si<\/p>\n","protected":false},"author":1,"featured_media":12548,"comment_status":"closed","ping_status":"","sticky":false,"template":"","format":"standard","meta":{"footnotes":""},"categories":[3],"tags":[1646,2654,6278,217,1768,85,397,396,610,92],"yoast_head":"<!-- This site is optimized with the Yoast SEO plugin v21.0 - https:\/\/yoast.com\/wordpress\/plugins\/seo\/ -->\n<title>Pedro Neto montre une mentalit\u00e9 d&#039;\u00e9lite et pourquoi la comp\u00e9tition est bonne \u2013<\/title>\n<meta name=\"robots\" content=\"index, follow, max-snippet:-1, max-image-preview:large, max-video-preview:-1\" \/>\n<link rel=\"canonical\" href=\"https:\/\/footdavant.fr\/actualites\/pedro-neto-montre-une-mentalite-delite-et-pourquoi-la-competition-est-bonne\/\" \/>\n<meta property=\"og:locale\" content=\"fr_FR\" \/>\n<meta property=\"og:type\" content=\"article\" \/>\n<meta property=\"og:title\" content=\"Pedro Neto montre une mentalit\u00e9 d&#039;\u00e9lite et pourquoi la comp\u00e9tition est bonne \u2013\" \/>\n<meta property=\"og:description\" content=\"Pedro Neto est le dernier joueur de Chelsea \u00e0 s&#039;exprimer sur la rude concurrence qui r\u00e8gne actuellement \u00e0 Chelsea, et il dit qu&#039;elle est si\" \/>\n<meta property=\"og:url\" content=\"https:\/\/footdavant.fr\/actualites\/pedro-neto-montre-une-mentalite-delite-et-pourquoi-la-competition-est-bonne\/\" \/>\n<meta property=\"og:site_name\" content=\"Foot d&#039;avant\" \/>\n<meta property=\"article:publisher\" content=\"https:\/\/www.facebook.com\/Footdavant\/\" \/>\n<meta property=\"article:published_time\" content=\"2024-09-26T14:49:23+00:00\" \/>\n<meta property=\"article:modified_time\" content=\"2024-09-26T14:49:28+00:00\" \/>\n<meta property=\"og:image\" content=\"https:\/\/footdavant.fr\/actualites\/wp-content\/uploads\/2024\/08\/Chelsea-signe-un-accord-de-transfert-avec-2-pros-et.jpg\" \/>\n\t<meta property=\"og:image:width\" content=\"2560\" \/>\n\t<meta property=\"og:image:height\" content=\"1707\" \/>\n\t<meta property=\"og:image:type\" content=\"image\/jpeg\" \/>\n<meta name=\"author\" content=\"Cl\u00e9ment\" \/>\n<meta name=\"twitter:card\" content=\"summary_large_image\" \/>\n<meta name=\"twitter:creator\" content=\"@FootdavantFr\" \/>\n<meta name=\"twitter:site\" content=\"@FootdavantFr\" \/>\n<meta name=\"twitter:label1\" content=\"\u00c9crit par\" \/>\n\t<meta name=\"twitter:data1\" content=\"Cl\u00e9ment\" \/>\n\t<meta name=\"twitter:label2\" content=\"Dur\u00e9e de lecture estim\u00e9e\" \/>\n\t<meta name=\"twitter:data2\" content=\"3 minutes\" \/>\n<script type=\"application\/ld+json\" class=\"yoast-schema-graph\">{\"@context\":\"https:\/\/schema.org\",\"@graph\":[{\"@type\":\"Article\",\"@id\":\"https:\/\/footdavant.fr\/actualites\/pedro-neto-montre-une-mentalite-delite-et-pourquoi-la-competition-est-bonne\/#article\",\"isPartOf\":{\"@id\":\"https:\/\/footdavant.fr\/actualites\/pedro-neto-montre-une-mentalite-delite-et-pourquoi-la-competition-est-bonne\/\"},\"author\":{\"name\":\"Cl\u00e9ment\",\"@id\":\"https:\/\/footdavant.fr\/actualites\/#\/schema\/person\/bc222566d95871b37e597b3ed3ba5e1d\"},\"headline\":\"Pedro Neto montre une mentalit\u00e9 d&#39;\u00e9lite et pourquoi la comp\u00e9tition est bonne \u2013\",\"datePublished\":\"2024-09-26T14:49:23+00:00\",\"dateModified\":\"2024-09-26T14:49:28+00:00\",\"mainEntityOfPage\":{\"@id\":\"https:\/\/footdavant.fr\/actualites\/pedro-neto-montre-une-mentalite-delite-et-pourquoi-la-competition-est-bonne\/\"},\"wordCount\":527,\"publisher\":{\"@id\":\"https:\/\/footdavant.fr\/actualites\/#organization\"},\"keywords\":[\"bonne\",\"comp\u00e9tition\",\"d39\u00e9lite\",\"est\",\"mentalit\u00e9\",\"montre\",\"Neto\",\"Pedro\",\"Pourquoi\",\"une\"],\"articleSection\":[\"Football\"],\"inLanguage\":\"fr-FR\"},{\"@type\":\"WebPage\",\"@id\":\"https:\/\/footdavant.fr\/actualites\/pedro-neto-montre-une-mentalite-delite-et-pourquoi-la-competition-est-bonne\/\",\"url\":\"https:\/\/footdavant.fr\/actualites\/pedro-neto-montre-une-mentalite-delite-et-pourquoi-la-competition-est-bonne\/\",\"name\":\"Pedro Neto montre une mentalit\u00e9 d&#39;\u00e9lite et pourquoi la comp\u00e9tition est bonne \u2013\",\"isPartOf\":{\"@id\":\"https:\/\/footdavant.fr\/actualites\/#website\"},\"datePublished\":\"2024-09-26T14:49:23+00:00\",\"dateModified\":\"2024-09-26T14:49:28+00:00\",\"breadcrumb\":{\"@id\":\"https:\/\/footdavant.fr\/actualites\/pedro-neto-montre-une-mentalite-delite-et-pourquoi-la-competition-est-bonne\/#breadcrumb\"},\"inLanguage\":\"fr-FR\",\"potentialAction\":[{\"@type\":\"ReadAction\",\"target\":[\"https:\/\/footdavant.fr\/actualites\/pedro-neto-montre-une-mentalite-delite-et-pourquoi-la-competition-est-bonne\/\"]}]},{\"@type\":\"BreadcrumbList\",\"@id\":\"https:\/\/footdavant.fr\/actualites\/pedro-neto-montre-une-mentalite-delite-et-pourquoi-la-competition-est-bonne\/#breadcrumb\",\"itemListElement\":[{\"@type\":\"ListItem\",\"position\":1,\"name\":\"Accueil\",\"item\":\"https:\/\/footdavant.fr\/actualites\/\"},{\"@type\":\"ListItem\",\"position\":2,\"name\":\"Pedro Neto montre une mentalit\u00e9 d&#39;\u00e9lite et pourquoi la comp\u00e9tition est bonne \u2013\"}]},{\"@type\":\"WebSite\",\"@id\":\"https:\/\/footdavant.fr\/actualites\/#website\",\"url\":\"https:\/\/footdavant.fr\/actualites\/\",\"name\":\"Foot d'avant\",\"description\":\"\",\"publisher\":{\"@id\":\"https:\/\/footdavant.fr\/actualites\/#organization\"},\"potentialAction\":[{\"@type\":\"SearchAction\",\"target\":{\"@type\":\"EntryPoint\",\"urlTemplate\":\"https:\/\/footdavant.fr\/actualites\/?s={search_term_string}\"},\"query-input\":\"required name=search_term_string\"}],\"inLanguage\":\"fr-FR\"},{\"@type\":\"Organization\",\"@id\":\"https:\/\/footdavant.fr\/actualites\/#organization\",\"name\":\"Foot d'avant\",\"url\":\"https:\/\/footdavant.fr\/actualites\/\",\"logo\":{\"@type\":\"ImageObject\",\"inLanguage\":\"fr-FR\",\"@id\":\"https:\/\/footdavant.fr\/actualites\/#\/schema\/logo\/image\/\",\"url\":\"https:\/\/footdavant.fr\/actualites\/wp-content\/uploads\/2023\/09\/Copy-of-FootDavant-Logo.png\",\"contentUrl\":\"https:\/\/footdavant.fr\/actualites\/wp-content\/uploads\/2023\/09\/Copy-of-FootDavant-Logo.png\",\"width\":936,\"height\":549,\"caption\":\"Foot d'avant\"},\"image\":{\"@id\":\"https:\/\/footdavant.fr\/actualites\/#\/schema\/logo\/image\/\"},\"sameAs\":[\"https:\/\/www.facebook.com\/Footdavant\/\",\"https:\/\/twitter.com\/FootdavantFr\",\"https:\/\/www.instagram.com\/footdavant.fr\/\"]},{\"@type\":\"Person\",\"@id\":\"https:\/\/footdavant.fr\/actualites\/#\/schema\/person\/bc222566d95871b37e597b3ed3ba5e1d\",\"name\":\"Cl\u00e9ment\",\"image\":{\"@type\":\"ImageObject\",\"inLanguage\":\"fr-FR\",\"@id\":\"https:\/\/footdavant.fr\/actualites\/#\/schema\/person\/image\/\",\"url\":\"https:\/\/secure.gravatar.com\/avatar\/7728b29aac2719421e1a9159b2254c44?s=96&d=mm&r=g\",\"contentUrl\":\"https:\/\/secure.gravatar.com\/avatar\/7728b29aac2719421e1a9159b2254c44?s=96&d=mm&r=g\",\"caption\":\"Cl\u00e9ment\"},\"sameAs\":[\"https:\/\/footdavant.fr\/\"]}]}<\/script>\n<!-- \/ Yoast SEO plugin. -->","yoast_head_json":{"title":"Pedro Neto montre une mentalit\u00e9 d&#39;\u00e9lite et pourquoi la comp\u00e9tition est bonne \u2013","robots":{"index":"index","follow":"follow","max-snippet":"max-snippet:-1","max-image-preview":"max-image-preview:large","max-video-preview":"max-video-preview:-1"},"canonical":"https:\/\/footdavant.fr\/actualites\/pedro-neto-montre-une-mentalite-delite-et-pourquoi-la-competition-est-bonne\/","og_locale":"fr_FR","og_type":"article","og_title":"Pedro Neto montre une mentalit\u00e9 d&#39;\u00e9lite et pourquoi la comp\u00e9tition est bonne \u2013","og_description":"Pedro Neto est le dernier joueur de Chelsea \u00e0 s&#39;exprimer sur la rude concurrence qui r\u00e8gne actuellement \u00e0 Chelsea, et il dit qu&#39;elle est si","og_url":"https:\/\/footdavant.fr\/actualites\/pedro-neto-montre-une-mentalite-delite-et-pourquoi-la-competition-est-bonne\/","og_site_name":"Foot d&#039;avant","article_publisher":"https:\/\/www.facebook.com\/Footdavant\/","article_published_time":"2024-09-26T14:49:23+00:00","article_modified_time":"2024-09-26T14:49:28+00:00","og_image":[{"width":2560,"height":1707,"url":"https:\/\/footdavant.fr\/actualites\/wp-content\/uploads\/2024\/08\/Chelsea-signe-un-accord-de-transfert-avec-2-pros-et.jpg","type":"image\/jpeg"}],"author":"Cl\u00e9ment","twitter_card":"summary_large_image","twitter_creator":"@FootdavantFr","twitter_site":"@FootdavantFr","twitter_misc":{"\u00c9crit par":"Cl\u00e9ment","Dur\u00e9e de lecture estim\u00e9e":"3 minutes"},"schema":{"@context":"https:\/\/schema.org","@graph":[{"@type":"Article","@id":"https:\/\/footdavant.fr\/actualites\/pedro-neto-montre-une-mentalite-delite-et-pourquoi-la-competition-est-bonne\/#article","isPartOf":{"@id":"https:\/\/footdavant.fr\/actualites\/pedro-neto-montre-une-mentalite-delite-et-pourquoi-la-competition-est-bonne\/"},"author":{"name":"Cl\u00e9ment","@id":"https:\/\/footdavant.fr\/actualites\/#\/schema\/person\/bc222566d95871b37e597b3ed3ba5e1d"},"headline":"Pedro Neto montre une mentalit\u00e9 d&#39;\u00e9lite et pourquoi la comp\u00e9tition est bonne \u2013","datePublished":"2024-09-26T14:49:23+00:00","dateModified":"2024-09-26T14:49:28+00:00","mainEntityOfPage":{"@id":"https:\/\/footdavant.fr\/actualites\/pedro-neto-montre-une-mentalite-delite-et-pourquoi-la-competition-est-bonne\/"},"wordCount":527,"publisher":{"@id":"https:\/\/footdavant.fr\/actualites\/#organization"},"keywords":["bonne","comp\u00e9tition","d39\u00e9lite","est","mentalit\u00e9","montre","Neto","Pedro","Pourquoi","une"],"articleSection":["Football"],"inLanguage":"fr-FR"},{"@type":"WebPage","@id":"https:\/\/footdavant.fr\/actualites\/pedro-neto-montre-une-mentalite-delite-et-pourquoi-la-competition-est-bonne\/","url":"https:\/\/footdavant.fr\/actualites\/pedro-neto-montre-une-mentalite-delite-et-pourquoi-la-competition-est-bonne\/","name":"Pedro Neto montre une mentalit\u00e9 d&#39;\u00e9lite et pourquoi la comp\u00e9tition est bonne \u2013","isPartOf":{"@id":"https:\/\/footdavant.fr\/actualites\/#website"},"datePublished":"2024-09-26T14:49:23+00:00","dateModified":"2024-09-26T14:49:28+00:00","breadcrumb":{"@id":"https:\/\/footdavant.fr\/actualites\/pedro-neto-montre-une-mentalite-delite-et-pourquoi-la-competition-est-bonne\/#breadcrumb"},"inLanguage":"fr-FR","potentialAction":[{"@type":"ReadAction","target":["https:\/\/footdavant.fr\/actualites\/pedro-neto-montre-une-mentalite-delite-et-pourquoi-la-competition-est-bonne\/"]}]},{"@type":"BreadcrumbList","@id":"https:\/\/footdavant.fr\/actualites\/pedro-neto-montre-une-mentalite-delite-et-pourquoi-la-competition-est-bonne\/#breadcrumb","itemListElement":[{"@type":"ListItem","position":1,"name":"Accueil","item":"https:\/\/footdavant.fr\/actualites\/"},{"@type":"ListItem","position":2,"name":"Pedro Neto montre une mentalit\u00e9 d&#39;\u00e9lite et pourquoi la comp\u00e9tition est bonne \u2013"}]},{"@type":"WebSite","@id":"https:\/\/footdavant.fr\/actualites\/#website","url":"https:\/\/footdavant.fr\/actualites\/","name":"Foot d'avant","description":"","publisher":{"@id":"https:\/\/footdavant.fr\/actualites\/#organization"},"potentialAction":[{"@type":"SearchAction","target":{"@type":"EntryPoint","urlTemplate":"https:\/\/footdavant.fr\/actualites\/?s={search_term_string}"},"query-input":"required name=search_term_string"}],"inLanguage":"fr-FR"},{"@type":"Organization","@id":"https:\/\/footdavant.fr\/actualites\/#organization","name":"Foot d'avant","url":"https:\/\/footdavant.fr\/actualites\/","logo":{"@type":"ImageObject","inLanguage":"fr-FR","@id":"https:\/\/footdavant.fr\/actualites\/#\/schema\/logo\/image\/","url":"https:\/\/footdavant.fr\/actualites\/wp-content\/uploads\/2023\/09\/Copy-of-FootDavant-Logo.png","contentUrl":"https:\/\/footdavant.fr\/actualites\/wp-content\/uploads\/2023\/09\/Copy-of-FootDavant-Logo.png","width":936,"height":549,"caption":"Foot d'avant"},"image":{"@id":"https:\/\/footdavant.fr\/actualites\/#\/schema\/logo\/image\/"},"sameAs":["https:\/\/www.facebook.com\/Footdavant\/","https:\/\/twitter.com\/FootdavantFr","https:\/\/www.instagram.com\/footdavant.fr\/"]},{"@type":"Person","@id":"https:\/\/footdavant.fr\/actualites\/#\/schema\/person\/bc222566d95871b37e597b3ed3ba5e1d","name":"Cl\u00e9ment","image":{"@type":"ImageObject","inLanguage":"fr-FR","@id":"https:\/\/footdavant.fr\/actualites\/#\/schema\/person\/image\/","url":"https:\/\/secure.gravatar.com\/avatar\/7728b29aac2719421e1a9159b2254c44?s=96&d=mm&r=g","contentUrl":"https:\/\/secure.gravatar.com\/avatar\/7728b29aac2719421e1a9159b2254c44?s=96&d=mm&r=g","caption":"Cl\u00e9ment"},"sameAs":["https:\/\/footdavant.fr\/"]}]}},"_links":{"self":[{"href":"https:\/\/footdavant.fr\/actualites\/wp-json\/wp\/v2\/posts\/13993"}],"collection":[{"href":"https:\/\/footdavant.fr\/actualites\/wp-json\/wp\/v2\/posts"}],"about":[{"href":"https:\/\/footdavant.fr\/actualites\/wp-json\/wp\/v2\/types\/post"}],"author":[{"embeddable":true,"href":"https:\/\/footdavant.fr\/actualites\/wp-json\/wp\/v2\/users\/1"}],"replies":[{"embeddable":true,"href":"https:\/\/footdavant.fr\/actualites\/wp-json\/wp\/v2\/comments?post=13993"}],"version-history":[{"count":1,"href":"https:\/\/footdavant.fr\/actualites\/wp-json\/wp\/v2\/posts\/13993\/revisions"}],"predecessor-version":[{"id":13994,"href":"https:\/\/footdavant.fr\/actualites\/wp-json\/wp\/v2\/posts\/13993\/revisions\/13994"}],"wp:featuredmedia":[{"embeddable":true,"href":"https:\/\/footdavant.fr\/actualites\/wp-json\/wp\/v2\/media\/12548"}],"wp:attachment":[{"href":"https:\/\/footdavant.fr\/actualites\/wp-json\/wp\/v2\/media?parent=13993"}],"wp:term":[{"taxonomy":"category","embeddable":true,"href":"https:\/\/footdavant.fr\/actualites\/wp-json\/wp\/v2\/categories?post=13993"},{"taxonomy":"post_tag","embeddable":true,"href":"https:\/\/footdavant.fr\/actualites\/wp-json\/wp\/v2\/tags?post=13993"}],"curies":[{"name":"wp","href":"https:\/\/api.w.org\/{rel}","templated":true}]}}