{"id":13998,"date":"2024-09-26T20:48:06","date_gmt":"2024-09-26T18:48:06","guid":{"rendered":"https:\/\/footdavant.fr\/actualites\/differents-visages-un-blog-darsenal-2\/"},"modified":"2024-09-26T20:48:07","modified_gmt":"2024-09-26T18:48:07","slug":"differents-visages-un-blog-darsenal-2","status":"publish","type":"post","link":"https:\/\/footdavant.fr\/actualites\/differents-visages-un-blog-darsenal-2\/","title":{"rendered":"Diff\u00e9rents visages |   &#8230; un blog d&#39;Arsenal"},"content":{"rendered":"<div>\n<p>La blessure de Martin Odegaard, la suspension d&#39;un match de Declan Rice et un calendrier qui a vu Arsenal se d\u00e9placer \u00e0 Tottenham, \u00e0 l&#39;Atalanta et \u00e0 Manchester City en l&#39;espace d&#39;une semaine ont contraint l&#39;\u00e9quipe de Mikel Arteta \u00e0 un choix pragmatique ces derniers temps. Arsenal a affich\u00e9 une moyenne de 35% de possession de balle sur ces trois matchs et a d\u00e9montr\u00e9 son courage d\u00e9fensif.<\/p>\n<p>Deux des trois buts inscrits durant cette p\u00e9riode ont \u00e9t\u00e9 des t\u00eates de Gabriel sur corner, l&#39;autre une frappe lointaine d&#39;un lat\u00e9ral gauche. Arsenal a gard\u00e9 ses gants au niveau du menton et n&#39;a pas donn\u00e9 beaucoup de coups, une approche n\u00e9e de la n\u00e9cessit\u00e9. Dans ce contexte, il est peut-\u00eatre un peu plus facile de combler le vide laiss\u00e9 par l&#39;absence de Martin Odegaard, m\u00eame si le Norv\u00e9gien est incroyablement travailleur sans ballon.<\/p>\n<p>Il m\u00e8ne le pressing d&#39;Arsenal depuis l&#39;avant, mais Arsenal a jou\u00e9 un peu plus bas lors de ces matchs difficiles \u00e0 l&#39;ext\u00e9rieur. \u00c0 bien des \u00e9gards, nous n&#39;avons pas appris grand-chose sur les Gunners au cours de cette p\u00e9riode que nous ne savions d\u00e9j\u00e0, ils sont d&#39;\u00e9lite d\u00e9fensivement et ont une \u00ab aura \u00bb lorsqu&#39;il s&#39;agit de bloquer les adversaires. Ils ont \u00e9galement beaucoup de profondeur d\u00e9fensive.<\/p>\n<p>M\u00eame si Tomiyasu et Zinchenko \u00e9taient bless\u00e9s, ce \u00e0 quoi nous sommes d\u00e9sormais habitu\u00e9s, Timber, White, Calafiori, Gabriel et Saliba ont tous \u00e9t\u00e9 en mesure de d\u00e9buter les matchs. M\u00eame lorsque Timber, Calafiori, Zinchenko et Tomiyasu \u00e9taient simultan\u00e9ment indisponibles pour les derni\u00e8res minutes \u00e0 l&#39;Etihad, Jakub Kiwior a pu entrer en lice au poste d&#39;arri\u00e8re gauche. Il avait d\u00e9but\u00e9 le m\u00eame match la saison derni\u00e8re, lorsque Arsenal avait gard\u00e9 sa cage inviol\u00e9e.<\/p>\n<p>Mais la capacit\u00e9 d&#39;Arsenal \u00e0 am\u00e9liorer son total de 89 points de la saison derni\u00e8re d\u00e9pendra toujours de la mani\u00e8re dont l&#39;attaque s&#39;am\u00e9liorera. Au risque de me r\u00e9p\u00e9ter \u00e0 l&#39;envi, Arsenal n&#39;a pas marqu\u00e9 \u00e0 Porto, au Bayern, \u00e0 Manchester City, \u00e0 Newcastle et \u00e0 Aston Villa la saison derni\u00e8re et a marqu\u00e9 sur coup de pied arr\u00eat\u00e9 \u00e0 Anfield. L&#39;\u00e9quipe d&#39;Arteta poss\u00e8de une excellente attaque mais si son jeu sans ballon est probablement le plus redoutable de la plan\u00e8te, personne ne formulerait le m\u00eame argument \u00e0 propos de l&#39;attaque.<\/p>\n<p>Maintenant que cette s\u00e9rie de matches cauchemardesques \u00e0 l&#39;ext\u00e9rieur est termin\u00e9e, Arsenal a trois matchs \u00e0 domicile en une semaine contre Leicester, le PSG et Southampton et la question de savoir comment Arteta compensera l&#39;absence d&#39;Odegaard dans le sens offensif et cr\u00e9atif se pose. Au cours de la derni\u00e8re semaine et demie, Arsenal a adopt\u00e9 une sorte de syst\u00e8me 4411 qui impliquait que Havertz alternait avec Trossard ou Jesus dans des partenariats 9 et 10.<\/p>\n<p>Havertz se positionne souvent en premi\u00e8re ligne pour contester les ballons hauts et revient au milieu de terrain derri\u00e8re Trossard et Jesus en attaque en possession du ballon, tandis que les milieux de terrain derri\u00e8re lui jouent davantage en double pivot. Cette approche est peu susceptible de g\u00e9n\u00e9rer suffisamment de menace dans les matchs o\u00f9 l&#39;\u00e9quipe est plus susceptible de dominer le ballon (c&#39;est particuli\u00e8rement vrai pour les matchs contre Leicester et Southampton).<\/p>\n<p>Contre City, 21,2% des passes d&#39;Arsenal \u00e9taient longues, contre l&#39;Atalanta 12,4% et contre les Spurs 17,1%. La saison derni\u00e8re, 11,3% des passes d&#39;Arsenal \u00e9taient longues en moyenne, donc l&#39;\u00e9quipe d&#39;Arteta a progress\u00e9 sur cette base lors de chacun des trois derniers matchs. Encore une fois, les prochains matchs sont moins susceptibles de faire appel \u00e0 une approche plus directe et la fa\u00e7on dont ils parviendront \u00e0 faire progresser leur jeu technique sans leur pr\u00e9fet technique en Odegaard va \u00eatre \u00e0 la fois fascinante et peut-\u00eatre m\u00eame un peu inqui\u00e9tante.<\/p>\n<p>Lorsque l&#39;absence d&#39;Odegaard a \u00e9t\u00e9 constat\u00e9e, j&#39;ai \u00e9crit un article sur l&#39;importance de Kai Havertz (surtout avec Mikel Merino \u00e9galement absent). Ce n&#39;est pas une co\u00efncidence s&#39;il a jou\u00e9 les 270 minutes de la semaine derni\u00e8re, sa pr\u00e9sence physique en tant que moyen de sortie \u00e9tait cruciale dans une p\u00e9riode o\u00f9 Arsenal \u00e9tait plus heureux d&#39;\u00eatre plus compact et direct. Mais sa capacit\u00e9 \u00e0 jouer un r\u00f4le hybride entre un 9 et un 10 \u00e9tait \u00e9galement essentielle dans la fa\u00e7on dont Arsenal voulait jouer.<\/p>\n<p>Les qualit\u00e9s plus subtiles de Havertz vont maintenant \u00eatre mises \u00e0 contribution et je pense fortement qu&#39;on lui demandera de jouer un r\u00f4le plus traditionnel de milieu de terrain avec Gabriel Jesus en pointe. Il se pourrait qu&#39;il prenne directement la place d&#39;Odegaard en huit droit. Je pense certainement qu&#39;il serait int\u00e9ressant qu&#39;il re\u00e7oive le ballon dans des positions o\u00f9 sa forme corporelle naturelle sera plus int\u00e9rieure et vers des positions plus centrales.<\/p>\n<p>Cependant, je pense qu&#39;il est tout aussi probable qu&#39;Arteta le r\u00e9int\u00e8gre dans le r\u00f4le de \u00ab huit gauche \u00bb pour lequel il a \u00e9t\u00e9 initialement (principalement) achet\u00e9 avec Rice se d\u00e9pla\u00e7ant vers la droite. Cela signifierait que Rice pourrait se concentrer sur la fourniture de services \u00e0 Bukayo Saka sur le flanc. Mais cela signifie \u00e9galement qu&#39;Arsenal pourrait commencer \u00e0 cr\u00e9er un joli quadrant sur le c\u00f4t\u00e9 gauche.<\/p>\n<p>En pr\u00e9-saison, Arsenal a jou\u00e9 de mani\u00e8re parfaite contre un Leverkusen (qui n&#39;\u00e9tait pas tr\u00e8s bon du tout, il faut l&#39;avouer). Havertz a d\u00e9but\u00e9 ce match au milieu de terrain avec Jesus devant et Trossard sur le c\u00f4t\u00e9 gauche. Zinchenko a jou\u00e9 arri\u00e8re gauche et il y avait une tr\u00e8s bonne fluidit\u00e9 entre ces quatre joueurs que Leverkusen avait du mal \u00e0 g\u00e9rer, puisque Trossard, Jesus et Havertz \u00e9changeaient constamment leurs positions, soutenus par la qualit\u00e9 technique de Zinchenko.<\/p>\n<p>L&#39;arriv\u00e9e de Riccardo Calafiori ajoute un \u00e9l\u00e9ment suppl\u00e9mentaire au m\u00e9lange avec sa capacit\u00e9 \u00e0 dribbler dans ce demi-espace gauche. L&#39;Italien est \u00e9galement dans une p\u00e9riode de lune de miel o\u00f9 ses qualit\u00e9s seront l\u00e9g\u00e8rement inconnues des autres \u00e9quipes de Premier League, tout comme celles de Zinchenko l&#39;\u00e9taient lors de cet automne dor\u00e9 de 2022. Calafiori, Havertz, Jesus et Trossard me semblent \u00eatre un quatuor avec un certain potentiel pour rendre Arsenal un peu plus fluide sur un c\u00f4t\u00e9 gauche qui a jusqu&#39;\u00e0 pr\u00e9sent \u00e9t\u00e9 un junior cr\u00e9atif \u00e0 droite d&#39;Arsenal.<\/p>\n<p>Le trident White, Odegaard et Saka sur le c\u00f4t\u00e9 droit va \u00eatre d\u00e9mantel\u00e9 pour la premi\u00e8re fois depuis plus de deux ans. Il est donc logique que le c\u00f4t\u00e9 gauche prenne le relais et forme des r\u00e9seaux qui sont actuellement moins connus des adversaires. Il y a un potentiel de fluidit\u00e9 \u00e0 ce niveau. M\u00eame avec Martinelli \u00e0 gauche \u00e0 la place de Trossard, les deux Br\u00e9siliens partagent une entente fluide bas\u00e9e sur l&#39;\u00e9change de positions.<\/p>\n<p>Ce pourrait \u00eatre le bon moment pour Martinelli et Jesus de r\u00e9tablir leur forme et leur primaut\u00e9 dans cette \u00e9quipe d&#39;Arsenal et ce serait \u00e9galement un moment tr\u00e8s pratique pour Raheem Sterling de se faire un nom au sein du club, quel que soit le r\u00f4le qu&#39;il occupe. En temps de crise, il y a des opportunit\u00e9s. Car Arsenal va devoir montrer un visage plus l\u00e9ger et plus volage que celui, hargneux et d\u00e9termin\u00e9, qu&#39;il a montr\u00e9 au cours des 7 \u00e0 10 derniers jours lors de ce prochain bloc.<\/p>\n<\/div>\n","protected":false},"excerpt":{"rendered":"<p>La blessure de Martin Odegaard, la suspension d&#39;un match de Declan Rice et un calendrier qui a vu Arsenal se d\u00e9placer \u00e0 Tottenham, \u00e0 l&#39;Atalanta<\/p>\n","protected":false},"author":1,"featured_media":11753,"comment_status":"closed","ping_status":"","sticky":false,"template":"","format":"standard","meta":{"footnotes":""},"categories":[3],"tags":[58,4221,5900,5901],"yoast_head":"<!-- This site is optimized with the Yoast SEO plugin v21.0 - https:\/\/yoast.com\/wordpress\/plugins\/seo\/ -->\n<title>Diff\u00e9rents visages |  ... un blog d&#039;Arsenal<\/title>\n<meta name=\"robots\" content=\"index, follow, max-snippet:-1, max-image-preview:large, max-video-preview:-1\" \/>\n<link rel=\"canonical\" href=\"https:\/\/footdavant.fr\/actualites\/differents-visages-un-blog-darsenal-2\/\" \/>\n<meta property=\"og:locale\" content=\"fr_FR\" \/>\n<meta property=\"og:type\" content=\"article\" \/>\n<meta property=\"og:title\" content=\"Diff\u00e9rents visages |  ... un blog d&#039;Arsenal\" \/>\n<meta property=\"og:description\" content=\"La blessure de Martin Odegaard, la suspension d&#039;un match de Declan Rice et un calendrier qui a vu Arsenal se d\u00e9placer \u00e0 Tottenham, \u00e0 l&#039;Atalanta\" \/>\n<meta property=\"og:url\" content=\"https:\/\/footdavant.fr\/actualites\/differents-visages-un-blog-darsenal-2\/\" \/>\n<meta property=\"og:site_name\" content=\"Foot d&#039;avant\" \/>\n<meta property=\"article:publisher\" content=\"https:\/\/www.facebook.com\/Footdavant\/\" \/>\n<meta property=\"article:published_time\" content=\"2024-09-26T18:48:06+00:00\" \/>\n<meta property=\"article:modified_time\" content=\"2024-09-26T18:48:07+00:00\" \/>\n<meta property=\"og:image\" content=\"https:\/\/footdavant.fr\/actualites\/wp-content\/uploads\/2024\/08\/De-retour-a-la-maison-un-blog-d39Arsenal.png\" \/>\n\t<meta property=\"og:image:width\" content=\"1500\" \/>\n\t<meta property=\"og:image:height\" content=\"750\" \/>\n\t<meta property=\"og:image:type\" content=\"image\/png\" \/>\n<meta name=\"author\" content=\"Cl\u00e9ment\" \/>\n<meta name=\"twitter:card\" content=\"summary_large_image\" \/>\n<meta name=\"twitter:creator\" content=\"@FootdavantFr\" \/>\n<meta name=\"twitter:site\" content=\"@FootdavantFr\" \/>\n<meta name=\"twitter:label1\" content=\"\u00c9crit par\" \/>\n\t<meta name=\"twitter:data1\" content=\"Cl\u00e9ment\" \/>\n\t<meta name=\"twitter:label2\" content=\"Dur\u00e9e de lecture estim\u00e9e\" \/>\n\t<meta name=\"twitter:data2\" content=\"6 minutes\" \/>\n<script type=\"application\/ld+json\" class=\"yoast-schema-graph\">{\"@context\":\"https:\/\/schema.org\",\"@graph\":[{\"@type\":\"Article\",\"@id\":\"https:\/\/footdavant.fr\/actualites\/differents-visages-un-blog-darsenal-2\/#article\",\"isPartOf\":{\"@id\":\"https:\/\/footdavant.fr\/actualites\/differents-visages-un-blog-darsenal-2\/\"},\"author\":{\"name\":\"Cl\u00e9ment\",\"@id\":\"https:\/\/footdavant.fr\/actualites\/#\/schema\/person\/bc222566d95871b37e597b3ed3ba5e1d\"},\"headline\":\"Diff\u00e9rents visages | &#8230; un blog d&#39;Arsenal\",\"datePublished\":\"2024-09-26T18:48:06+00:00\",\"dateModified\":\"2024-09-26T18:48:07+00:00\",\"mainEntityOfPage\":{\"@id\":\"https:\/\/footdavant.fr\/actualites\/differents-visages-un-blog-darsenal-2\/\"},\"wordCount\":1296,\"publisher\":{\"@id\":\"https:\/\/footdavant.fr\/actualites\/#organization\"},\"keywords\":[\"blog\",\"d39Arsenal\",\"Diff\u00e9rents\",\"visages\"],\"articleSection\":[\"Football\"],\"inLanguage\":\"fr-FR\"},{\"@type\":\"WebPage\",\"@id\":\"https:\/\/footdavant.fr\/actualites\/differents-visages-un-blog-darsenal-2\/\",\"url\":\"https:\/\/footdavant.fr\/actualites\/differents-visages-un-blog-darsenal-2\/\",\"name\":\"Diff\u00e9rents visages | ... un blog d&#39;Arsenal\",\"isPartOf\":{\"@id\":\"https:\/\/footdavant.fr\/actualites\/#website\"},\"datePublished\":\"2024-09-26T18:48:06+00:00\",\"dateModified\":\"2024-09-26T18:48:07+00:00\",\"breadcrumb\":{\"@id\":\"https:\/\/footdavant.fr\/actualites\/differents-visages-un-blog-darsenal-2\/#breadcrumb\"},\"inLanguage\":\"fr-FR\",\"potentialAction\":[{\"@type\":\"ReadAction\",\"target\":[\"https:\/\/footdavant.fr\/actualites\/differents-visages-un-blog-darsenal-2\/\"]}]},{\"@type\":\"BreadcrumbList\",\"@id\":\"https:\/\/footdavant.fr\/actualites\/differents-visages-un-blog-darsenal-2\/#breadcrumb\",\"itemListElement\":[{\"@type\":\"ListItem\",\"position\":1,\"name\":\"Accueil\",\"item\":\"https:\/\/footdavant.fr\/actualites\/\"},{\"@type\":\"ListItem\",\"position\":2,\"name\":\"Diff\u00e9rents visages | &#8230; un blog d&#39;Arsenal\"}]},{\"@type\":\"WebSite\",\"@id\":\"https:\/\/footdavant.fr\/actualites\/#website\",\"url\":\"https:\/\/footdavant.fr\/actualites\/\",\"name\":\"Foot d'avant\",\"description\":\"\",\"publisher\":{\"@id\":\"https:\/\/footdavant.fr\/actualites\/#organization\"},\"potentialAction\":[{\"@type\":\"SearchAction\",\"target\":{\"@type\":\"EntryPoint\",\"urlTemplate\":\"https:\/\/footdavant.fr\/actualites\/?s={search_term_string}\"},\"query-input\":\"required name=search_term_string\"}],\"inLanguage\":\"fr-FR\"},{\"@type\":\"Organization\",\"@id\":\"https:\/\/footdavant.fr\/actualites\/#organization\",\"name\":\"Foot d'avant\",\"url\":\"https:\/\/footdavant.fr\/actualites\/\",\"logo\":{\"@type\":\"ImageObject\",\"inLanguage\":\"fr-FR\",\"@id\":\"https:\/\/footdavant.fr\/actualites\/#\/schema\/logo\/image\/\",\"url\":\"https:\/\/footdavant.fr\/actualites\/wp-content\/uploads\/2023\/09\/Copy-of-FootDavant-Logo.png\",\"contentUrl\":\"https:\/\/footdavant.fr\/actualites\/wp-content\/uploads\/2023\/09\/Copy-of-FootDavant-Logo.png\",\"width\":936,\"height\":549,\"caption\":\"Foot d'avant\"},\"image\":{\"@id\":\"https:\/\/footdavant.fr\/actualites\/#\/schema\/logo\/image\/\"},\"sameAs\":[\"https:\/\/www.facebook.com\/Footdavant\/\",\"https:\/\/twitter.com\/FootdavantFr\",\"https:\/\/www.instagram.com\/footdavant.fr\/\"]},{\"@type\":\"Person\",\"@id\":\"https:\/\/footdavant.fr\/actualites\/#\/schema\/person\/bc222566d95871b37e597b3ed3ba5e1d\",\"name\":\"Cl\u00e9ment\",\"image\":{\"@type\":\"ImageObject\",\"inLanguage\":\"fr-FR\",\"@id\":\"https:\/\/footdavant.fr\/actualites\/#\/schema\/person\/image\/\",\"url\":\"https:\/\/secure.gravatar.com\/avatar\/7728b29aac2719421e1a9159b2254c44?s=96&d=mm&r=g\",\"contentUrl\":\"https:\/\/secure.gravatar.com\/avatar\/7728b29aac2719421e1a9159b2254c44?s=96&d=mm&r=g\",\"caption\":\"Cl\u00e9ment\"},\"sameAs\":[\"https:\/\/footdavant.fr\/\"]}]}<\/script>\n<!-- \/ Yoast SEO plugin. -->","yoast_head_json":{"title":"Diff\u00e9rents visages |  ... un blog d&#39;Arsenal","robots":{"index":"index","follow":"follow","max-snippet":"max-snippet:-1","max-image-preview":"max-image-preview:large","max-video-preview":"max-video-preview:-1"},"canonical":"https:\/\/footdavant.fr\/actualites\/differents-visages-un-blog-darsenal-2\/","og_locale":"fr_FR","og_type":"article","og_title":"Diff\u00e9rents visages |  ... un blog d&#39;Arsenal","og_description":"La blessure de Martin Odegaard, la suspension d&#39;un match de Declan Rice et un calendrier qui a vu Arsenal se d\u00e9placer \u00e0 Tottenham, \u00e0 l&#39;Atalanta","og_url":"https:\/\/footdavant.fr\/actualites\/differents-visages-un-blog-darsenal-2\/","og_site_name":"Foot d&#039;avant","article_publisher":"https:\/\/www.facebook.com\/Footdavant\/","article_published_time":"2024-09-26T18:48:06+00:00","article_modified_time":"2024-09-26T18:48:07+00:00","og_image":[{"width":1500,"height":750,"url":"https:\/\/footdavant.fr\/actualites\/wp-content\/uploads\/2024\/08\/De-retour-a-la-maison-un-blog-d39Arsenal.png","type":"image\/png"}],"author":"Cl\u00e9ment","twitter_card":"summary_large_image","twitter_creator":"@FootdavantFr","twitter_site":"@FootdavantFr","twitter_misc":{"\u00c9crit par":"Cl\u00e9ment","Dur\u00e9e de lecture estim\u00e9e":"6 minutes"},"schema":{"@context":"https:\/\/schema.org","@graph":[{"@type":"Article","@id":"https:\/\/footdavant.fr\/actualites\/differents-visages-un-blog-darsenal-2\/#article","isPartOf":{"@id":"https:\/\/footdavant.fr\/actualites\/differents-visages-un-blog-darsenal-2\/"},"author":{"name":"Cl\u00e9ment","@id":"https:\/\/footdavant.fr\/actualites\/#\/schema\/person\/bc222566d95871b37e597b3ed3ba5e1d"},"headline":"Diff\u00e9rents visages | &#8230; un blog d&#39;Arsenal","datePublished":"2024-09-26T18:48:06+00:00","dateModified":"2024-09-26T18:48:07+00:00","mainEntityOfPage":{"@id":"https:\/\/footdavant.fr\/actualites\/differents-visages-un-blog-darsenal-2\/"},"wordCount":1296,"publisher":{"@id":"https:\/\/footdavant.fr\/actualites\/#organization"},"keywords":["blog","d39Arsenal","Diff\u00e9rents","visages"],"articleSection":["Football"],"inLanguage":"fr-FR"},{"@type":"WebPage","@id":"https:\/\/footdavant.fr\/actualites\/differents-visages-un-blog-darsenal-2\/","url":"https:\/\/footdavant.fr\/actualites\/differents-visages-un-blog-darsenal-2\/","name":"Diff\u00e9rents visages | ... un blog d&#39;Arsenal","isPartOf":{"@id":"https:\/\/footdavant.fr\/actualites\/#website"},"datePublished":"2024-09-26T18:48:06+00:00","dateModified":"2024-09-26T18:48:07+00:00","breadcrumb":{"@id":"https:\/\/footdavant.fr\/actualites\/differents-visages-un-blog-darsenal-2\/#breadcrumb"},"inLanguage":"fr-FR","potentialAction":[{"@type":"ReadAction","target":["https:\/\/footdavant.fr\/actualites\/differents-visages-un-blog-darsenal-2\/"]}]},{"@type":"BreadcrumbList","@id":"https:\/\/footdavant.fr\/actualites\/differents-visages-un-blog-darsenal-2\/#breadcrumb","itemListElement":[{"@type":"ListItem","position":1,"name":"Accueil","item":"https:\/\/footdavant.fr\/actualites\/"},{"@type":"ListItem","position":2,"name":"Diff\u00e9rents visages | &#8230; un blog d&#39;Arsenal"}]},{"@type":"WebSite","@id":"https:\/\/footdavant.fr\/actualites\/#website","url":"https:\/\/footdavant.fr\/actualites\/","name":"Foot d'avant","description":"","publisher":{"@id":"https:\/\/footdavant.fr\/actualites\/#organization"},"potentialAction":[{"@type":"SearchAction","target":{"@type":"EntryPoint","urlTemplate":"https:\/\/footdavant.fr\/actualites\/?s={search_term_string}"},"query-input":"required name=search_term_string"}],"inLanguage":"fr-FR"},{"@type":"Organization","@id":"https:\/\/footdavant.fr\/actualites\/#organization","name":"Foot d'avant","url":"https:\/\/footdavant.fr\/actualites\/","logo":{"@type":"ImageObject","inLanguage":"fr-FR","@id":"https:\/\/footdavant.fr\/actualites\/#\/schema\/logo\/image\/","url":"https:\/\/footdavant.fr\/actualites\/wp-content\/uploads\/2023\/09\/Copy-of-FootDavant-Logo.png","contentUrl":"https:\/\/footdavant.fr\/actualites\/wp-content\/uploads\/2023\/09\/Copy-of-FootDavant-Logo.png","width":936,"height":549,"caption":"Foot d'avant"},"image":{"@id":"https:\/\/footdavant.fr\/actualites\/#\/schema\/logo\/image\/"},"sameAs":["https:\/\/www.facebook.com\/Footdavant\/","https:\/\/twitter.com\/FootdavantFr","https:\/\/www.instagram.com\/footdavant.fr\/"]},{"@type":"Person","@id":"https:\/\/footdavant.fr\/actualites\/#\/schema\/person\/bc222566d95871b37e597b3ed3ba5e1d","name":"Cl\u00e9ment","image":{"@type":"ImageObject","inLanguage":"fr-FR","@id":"https:\/\/footdavant.fr\/actualites\/#\/schema\/person\/image\/","url":"https:\/\/secure.gravatar.com\/avatar\/7728b29aac2719421e1a9159b2254c44?s=96&d=mm&r=g","contentUrl":"https:\/\/secure.gravatar.com\/avatar\/7728b29aac2719421e1a9159b2254c44?s=96&d=mm&r=g","caption":"Cl\u00e9ment"},"sameAs":["https:\/\/footdavant.fr\/"]}]}},"_links":{"self":[{"href":"https:\/\/footdavant.fr\/actualites\/wp-json\/wp\/v2\/posts\/13998"}],"collection":[{"href":"https:\/\/footdavant.fr\/actualites\/wp-json\/wp\/v2\/posts"}],"about":[{"href":"https:\/\/footdavant.fr\/actualites\/wp-json\/wp\/v2\/types\/post"}],"author":[{"embeddable":true,"href":"https:\/\/footdavant.fr\/actualites\/wp-json\/wp\/v2\/users\/1"}],"replies":[{"embeddable":true,"href":"https:\/\/footdavant.fr\/actualites\/wp-json\/wp\/v2\/comments?post=13998"}],"version-history":[{"count":1,"href":"https:\/\/footdavant.fr\/actualites\/wp-json\/wp\/v2\/posts\/13998\/revisions"}],"predecessor-version":[{"id":13999,"href":"https:\/\/footdavant.fr\/actualites\/wp-json\/wp\/v2\/posts\/13998\/revisions\/13999"}],"wp:featuredmedia":[{"embeddable":true,"href":"https:\/\/footdavant.fr\/actualites\/wp-json\/wp\/v2\/media\/11753"}],"wp:attachment":[{"href":"https:\/\/footdavant.fr\/actualites\/wp-json\/wp\/v2\/media?parent=13998"}],"wp:term":[{"taxonomy":"category","embeddable":true,"href":"https:\/\/footdavant.fr\/actualites\/wp-json\/wp\/v2\/categories?post=13998"},{"taxonomy":"post_tag","embeddable":true,"href":"https:\/\/footdavant.fr\/actualites\/wp-json\/wp\/v2\/tags?post=13998"}],"curies":[{"name":"wp","href":"https:\/\/api.w.org\/{rel}","templated":true}]}}