{"id":14012,"date":"2024-09-27T06:48:28","date_gmt":"2024-09-27T04:48:28","guid":{"rendered":"https:\/\/footdavant.fr\/actualites\/forest-va-t-il-rejoindre-de-plus-grands-clubs-de-premier-league-dans-la-course-a-lespoir-turc\/"},"modified":"2024-09-27T06:48:29","modified_gmt":"2024-09-27T04:48:29","slug":"forest-va-t-il-rejoindre-de-plus-grands-clubs-de-premier-league-dans-la-course-a-lespoir-turc","status":"publish","type":"post","link":"https:\/\/footdavant.fr\/actualites\/forest-va-t-il-rejoindre-de-plus-grands-clubs-de-premier-league-dans-la-course-a-lespoir-turc\/","title":{"rendered":"Forest va-t-il rejoindre de plus grands clubs de Premier League dans la course \u00e0 l&#39;espoir turc ?"},"content":{"rendered":"<p>Nottingham Forest serait pr\u00eat \u00e0 rejoindre des clubs de Premier League plus en vue dans la course pour recruter un espoir turc qui a particip\u00e9 \u00e0 l&#39;Euro 2024.<\/p>\n<div id=\"article_body\" itemprop=\"articleBody\">\n<h3 class=\"firstPara\">\n<strong class=\"autotag\">For\u00eat de Nottingham<\/strong> seraient pr\u00eats \u00e0 faire un effort ambitieux pour recruter l&#39;un des plus brillants espoirs du football turc.<\/h3>\n<p>Apr\u00e8s avoir repouss\u00e9 avec succ\u00e8s la rel\u00e9gation de la Premier League au cours des derni\u00e8res semaines de 2023-24, <strong class=\"autotag\">Nuno Esprit Saint<\/strong>L&#39;\u00e9quipe de a \u00e9t\u00e9 excellente lors des cinq premiers matches de cette campagne.<\/p>\n<p>En plus de rester invaincu, Forest a enregistr\u00e9 une victoire contre Liverpool \u00e0 Anfield pour les aider \u00e0 accumuler neuf points sur 15 possibles.<\/p>\n<p>De plus, Forest n&#39;a encaiss\u00e9 que quatre buts pour occuper la neuvi\u00e8me position du classement, d\u00e9j\u00e0 huit points d&#39;avance sur les trois derniers.<\/p>\n<p>Lors du mercato estival, la hi\u00e9rarchie de l&#39;\u00e9quipe des East Midlands a fait quelques ajouts, comme l&#39;arriv\u00e9e du d\u00e9fenseur de la Fiorentina. <strong class=\"autotag\">Nikola Milenkovic<\/strong> et milieu de terrain de Southampton <strong class=\"autotag\">James Ward-Prowse<\/strong>.<\/p>\n<p class=\"imgI\">\n<h2 class=\"k3\">La for\u00eat s&#39;int\u00e9resse \u00e0 Kilicsoy<\/h2>\n<p>Selon <em>PrisHors-Jeu<\/em>on r\u00e9fl\u00e9chit d\u00e9j\u00e0 \u00e0 la mani\u00e8re dont ils pourraient encore renforcer leurs rangs sup\u00e9rieurs au cours de la fen\u00eatre de janvier.<\/p>\n<p>On dit que Forest surveille les progr\u00e8s de <strong class=\"autotag\">Besiktas<\/strong> attaquant <strong class=\"autotag\">Semih Kilicsoy<\/strong> qui a d\u00e9j\u00e0 indiqu\u00e9 qu&#39;il pourrait devenir la prochaine star du football turc.<\/p>\n<p>Bien qu&#39;il n&#39;ait eu que 19 ans en ao\u00fbt, un total de 12 buts et six passes d\u00e9cisives ont \u00e9t\u00e9 enregistr\u00e9s en 46 sorties pour les g\u00e9ants de la Super Lig.<\/p>\n<p>Trois de ces passes d\u00e9cisives proviennent de ses cinq premiers matches de championnat cette saison, apr\u00e8s avoir jou\u00e9 pour la Turquie \u00e0 l&#39;Euro 2024.<\/p>\n<p>Besiktas est en bonne position pour conserver ses services gr\u00e2ce \u00e0 un contrat en vigueur jusqu&#39;en 2028, mais l&#39;int\u00e9r\u00eat semble in\u00e9vitable compte tenu de sa progression.<\/p>\n<p><strong class=\"autotag\">Villa Aston<\/strong> pourrait concurrencer Forest ayant \u00e9t\u00e9 li\u00e9 \u00e0 un d\u00e9m\u00e9nagement pour Kilicsoy pendant le mercato estival.<\/p>\n<p class=\"imgI\"><img decoding=\"async\" loading=\"lazy\" class=\"l\" src=\"https:\/\/footdavant.fr\/actualites\/wp-content\/uploads\/2024\/09\/1727412508_784_Forest-va-t-il-rejoindre-de-plus-grands-clubs-de-Premier-League.jpg\" title=\"Le patron d&#39;Aston Villa, Unai Emery, le 17 septembre 2024.\" alt=\"Le patron d&#39;Aston Villa, Unai Emery, le 17 septembre 2024.\" width=\"640\" height=\"480\"><\/p>\n<h2 class=\"k3\">Quels frais pourraient \u00eatre exig\u00e9s ?<\/h2>\n<p>Le rapport affirme que Villa a pr\u00e9sent\u00e9 une proposition d&#39;une valeur de 18 millions d&#39;euros (15,05 millions de livres sterling), alors qu&#39;il est sugg\u00e9r\u00e9 que <strong class=\"autotag\">Fulham<\/strong> offre un montant inf\u00e9rieur de 15 millions d\u2019euros (12,54 millions de livres sterling) \u00e0 un moment donn\u00e9 au cours de cette p\u00e9riode particuli\u00e8re.<\/p>\n<p>Dans l\u2019\u00e9tat actuel des choses, cependant, il est all\u00e9gu\u00e9 que Besiktas n\u2019acceptera que des offres de l\u2019ordre de 25 millions d\u2019euros (20,9 millions de livres sterling) si elles arrivent en janvier ou l\u2019\u00e9t\u00e9 prochain.<\/p>\n<\/div>\n","protected":false},"excerpt":{"rendered":"<p>Nottingham Forest serait pr\u00eat \u00e0 rejoindre des clubs de Premier League plus en vue dans la course pour recruter un espoir turc qui a particip\u00e9<\/p>\n","protected":false},"author":1,"featured_media":14013,"comment_status":"closed","ping_status":"","sticky":false,"template":"","format":"standard","meta":{"footnotes":""},"categories":[5],"tags":[533,19,358,2204,4748,202,201,309,6559,952],"yoast_head":"<!-- This site is optimized with the Yoast SEO plugin v21.0 - https:\/\/yoast.com\/wordpress\/plugins\/seo\/ -->\n<title>Forest va-t-il rejoindre de plus grands clubs de Premier League dans la course \u00e0 l&#039;espoir turc ?<\/title>\n<meta name=\"robots\" content=\"index, follow, max-snippet:-1, max-image-preview:large, max-video-preview:-1\" \/>\n<link rel=\"canonical\" href=\"https:\/\/footdavant.fr\/actualites\/forest-va-t-il-rejoindre-de-plus-grands-clubs-de-premier-league-dans-la-course-a-lespoir-turc\/\" \/>\n<meta property=\"og:locale\" content=\"fr_FR\" \/>\n<meta property=\"og:type\" content=\"article\" \/>\n<meta property=\"og:title\" content=\"Forest va-t-il rejoindre de plus grands clubs de Premier League dans la course \u00e0 l&#039;espoir turc ?\" \/>\n<meta property=\"og:description\" content=\"Nottingham Forest serait pr\u00eat \u00e0 rejoindre des clubs de Premier League plus en vue dans la course pour recruter un espoir turc qui a particip\u00e9\" \/>\n<meta property=\"og:url\" content=\"https:\/\/footdavant.fr\/actualites\/forest-va-t-il-rejoindre-de-plus-grands-clubs-de-premier-league-dans-la-course-a-lespoir-turc\/\" \/>\n<meta property=\"og:site_name\" content=\"Foot d&#039;avant\" \/>\n<meta property=\"article:publisher\" content=\"https:\/\/www.facebook.com\/Footdavant\/\" \/>\n<meta property=\"article:published_time\" content=\"2024-09-27T04:48:28+00:00\" \/>\n<meta property=\"article:modified_time\" content=\"2024-09-27T04:48:29+00:00\" \/>\n<meta property=\"og:image\" content=\"https:\/\/footdavant.fr\/actualites\/wp-content\/uploads\/2024\/09\/Forest-va-t-il-rejoindre-de-plus-grands-clubs-de-Premier-League.jpg\" \/>\n\t<meta property=\"og:image:width\" content=\"640\" \/>\n\t<meta property=\"og:image:height\" content=\"480\" \/>\n\t<meta property=\"og:image:type\" content=\"image\/jpeg\" \/>\n<meta name=\"author\" content=\"Cl\u00e9ment\" \/>\n<meta name=\"twitter:card\" content=\"summary_large_image\" \/>\n<meta name=\"twitter:creator\" content=\"@FootdavantFr\" \/>\n<meta name=\"twitter:site\" content=\"@FootdavantFr\" \/>\n<meta name=\"twitter:label1\" content=\"\u00c9crit par\" \/>\n\t<meta name=\"twitter:data1\" content=\"Cl\u00e9ment\" \/>\n\t<meta name=\"twitter:label2\" content=\"Dur\u00e9e de lecture estim\u00e9e\" \/>\n\t<meta name=\"twitter:data2\" content=\"2 minutes\" \/>\n<script type=\"application\/ld+json\" class=\"yoast-schema-graph\">{\"@context\":\"https:\/\/schema.org\",\"@graph\":[{\"@type\":\"Article\",\"@id\":\"https:\/\/footdavant.fr\/actualites\/forest-va-t-il-rejoindre-de-plus-grands-clubs-de-premier-league-dans-la-course-a-lespoir-turc\/#article\",\"isPartOf\":{\"@id\":\"https:\/\/footdavant.fr\/actualites\/forest-va-t-il-rejoindre-de-plus-grands-clubs-de-premier-league-dans-la-course-a-lespoir-turc\/\"},\"author\":{\"name\":\"Cl\u00e9ment\",\"@id\":\"https:\/\/footdavant.fr\/actualites\/#\/schema\/person\/bc222566d95871b37e597b3ed3ba5e1d\"},\"headline\":\"Forest va-t-il rejoindre de plus grands clubs de Premier League dans la course \u00e0 l&#39;espoir turc ?\",\"datePublished\":\"2024-09-27T04:48:28+00:00\",\"dateModified\":\"2024-09-27T04:48:29+00:00\",\"mainEntityOfPage\":{\"@id\":\"https:\/\/footdavant.fr\/actualites\/forest-va-t-il-rejoindre-de-plus-grands-clubs-de-premier-league-dans-la-course-a-lespoir-turc\/\"},\"wordCount\":454,\"publisher\":{\"@id\":\"https:\/\/footdavant.fr\/actualites\/#organization\"},\"keywords\":[\"clubs\",\"dans\",\"Forest\",\"grands\",\"l39espoir\",\"League\",\"Premier\",\"rejoindre\",\"turc\",\"vatil\"],\"articleSection\":[\"Premier League\"],\"inLanguage\":\"fr-FR\"},{\"@type\":\"WebPage\",\"@id\":\"https:\/\/footdavant.fr\/actualites\/forest-va-t-il-rejoindre-de-plus-grands-clubs-de-premier-league-dans-la-course-a-lespoir-turc\/\",\"url\":\"https:\/\/footdavant.fr\/actualites\/forest-va-t-il-rejoindre-de-plus-grands-clubs-de-premier-league-dans-la-course-a-lespoir-turc\/\",\"name\":\"Forest va-t-il rejoindre de plus grands clubs de Premier League dans la course \u00e0 l&#39;espoir turc ?\",\"isPartOf\":{\"@id\":\"https:\/\/footdavant.fr\/actualites\/#website\"},\"datePublished\":\"2024-09-27T04:48:28+00:00\",\"dateModified\":\"2024-09-27T04:48:29+00:00\",\"breadcrumb\":{\"@id\":\"https:\/\/footdavant.fr\/actualites\/forest-va-t-il-rejoindre-de-plus-grands-clubs-de-premier-league-dans-la-course-a-lespoir-turc\/#breadcrumb\"},\"inLanguage\":\"fr-FR\",\"potentialAction\":[{\"@type\":\"ReadAction\",\"target\":[\"https:\/\/footdavant.fr\/actualites\/forest-va-t-il-rejoindre-de-plus-grands-clubs-de-premier-league-dans-la-course-a-lespoir-turc\/\"]}]},{\"@type\":\"BreadcrumbList\",\"@id\":\"https:\/\/footdavant.fr\/actualites\/forest-va-t-il-rejoindre-de-plus-grands-clubs-de-premier-league-dans-la-course-a-lespoir-turc\/#breadcrumb\",\"itemListElement\":[{\"@type\":\"ListItem\",\"position\":1,\"name\":\"Accueil\",\"item\":\"https:\/\/footdavant.fr\/actualites\/\"},{\"@type\":\"ListItem\",\"position\":2,\"name\":\"Forest va-t-il rejoindre de plus grands clubs de Premier League dans la course \u00e0 l&#39;espoir turc ?\"}]},{\"@type\":\"WebSite\",\"@id\":\"https:\/\/footdavant.fr\/actualites\/#website\",\"url\":\"https:\/\/footdavant.fr\/actualites\/\",\"name\":\"Foot d'avant\",\"description\":\"\",\"publisher\":{\"@id\":\"https:\/\/footdavant.fr\/actualites\/#organization\"},\"potentialAction\":[{\"@type\":\"SearchAction\",\"target\":{\"@type\":\"EntryPoint\",\"urlTemplate\":\"https:\/\/footdavant.fr\/actualites\/?s={search_term_string}\"},\"query-input\":\"required name=search_term_string\"}],\"inLanguage\":\"fr-FR\"},{\"@type\":\"Organization\",\"@id\":\"https:\/\/footdavant.fr\/actualites\/#organization\",\"name\":\"Foot d'avant\",\"url\":\"https:\/\/footdavant.fr\/actualites\/\",\"logo\":{\"@type\":\"ImageObject\",\"inLanguage\":\"fr-FR\",\"@id\":\"https:\/\/footdavant.fr\/actualites\/#\/schema\/logo\/image\/\",\"url\":\"https:\/\/footdavant.fr\/actualites\/wp-content\/uploads\/2023\/09\/Copy-of-FootDavant-Logo.png\",\"contentUrl\":\"https:\/\/footdavant.fr\/actualites\/wp-content\/uploads\/2023\/09\/Copy-of-FootDavant-Logo.png\",\"width\":936,\"height\":549,\"caption\":\"Foot d'avant\"},\"image\":{\"@id\":\"https:\/\/footdavant.fr\/actualites\/#\/schema\/logo\/image\/\"},\"sameAs\":[\"https:\/\/www.facebook.com\/Footdavant\/\",\"https:\/\/twitter.com\/FootdavantFr\",\"https:\/\/www.instagram.com\/footdavant.fr\/\"]},{\"@type\":\"Person\",\"@id\":\"https:\/\/footdavant.fr\/actualites\/#\/schema\/person\/bc222566d95871b37e597b3ed3ba5e1d\",\"name\":\"Cl\u00e9ment\",\"image\":{\"@type\":\"ImageObject\",\"inLanguage\":\"fr-FR\",\"@id\":\"https:\/\/footdavant.fr\/actualites\/#\/schema\/person\/image\/\",\"url\":\"https:\/\/secure.gravatar.com\/avatar\/7728b29aac2719421e1a9159b2254c44?s=96&d=mm&r=g\",\"contentUrl\":\"https:\/\/secure.gravatar.com\/avatar\/7728b29aac2719421e1a9159b2254c44?s=96&d=mm&r=g\",\"caption\":\"Cl\u00e9ment\"},\"sameAs\":[\"https:\/\/footdavant.fr\/\"]}]}<\/script>\n<!-- \/ Yoast SEO plugin. -->","yoast_head_json":{"title":"Forest va-t-il rejoindre de plus grands clubs de Premier League dans la course \u00e0 l&#39;espoir turc ?","robots":{"index":"index","follow":"follow","max-snippet":"max-snippet:-1","max-image-preview":"max-image-preview:large","max-video-preview":"max-video-preview:-1"},"canonical":"https:\/\/footdavant.fr\/actualites\/forest-va-t-il-rejoindre-de-plus-grands-clubs-de-premier-league-dans-la-course-a-lespoir-turc\/","og_locale":"fr_FR","og_type":"article","og_title":"Forest va-t-il rejoindre de plus grands clubs de Premier League dans la course \u00e0 l&#39;espoir turc ?","og_description":"Nottingham Forest serait pr\u00eat \u00e0 rejoindre des clubs de Premier League plus en vue dans la course pour recruter un espoir turc qui a particip\u00e9","og_url":"https:\/\/footdavant.fr\/actualites\/forest-va-t-il-rejoindre-de-plus-grands-clubs-de-premier-league-dans-la-course-a-lespoir-turc\/","og_site_name":"Foot d&#039;avant","article_publisher":"https:\/\/www.facebook.com\/Footdavant\/","article_published_time":"2024-09-27T04:48:28+00:00","article_modified_time":"2024-09-27T04:48:29+00:00","og_image":[{"width":640,"height":480,"url":"https:\/\/footdavant.fr\/actualites\/wp-content\/uploads\/2024\/09\/Forest-va-t-il-rejoindre-de-plus-grands-clubs-de-Premier-League.jpg","type":"image\/jpeg"}],"author":"Cl\u00e9ment","twitter_card":"summary_large_image","twitter_creator":"@FootdavantFr","twitter_site":"@FootdavantFr","twitter_misc":{"\u00c9crit par":"Cl\u00e9ment","Dur\u00e9e de lecture estim\u00e9e":"2 minutes"},"schema":{"@context":"https:\/\/schema.org","@graph":[{"@type":"Article","@id":"https:\/\/footdavant.fr\/actualites\/forest-va-t-il-rejoindre-de-plus-grands-clubs-de-premier-league-dans-la-course-a-lespoir-turc\/#article","isPartOf":{"@id":"https:\/\/footdavant.fr\/actualites\/forest-va-t-il-rejoindre-de-plus-grands-clubs-de-premier-league-dans-la-course-a-lespoir-turc\/"},"author":{"name":"Cl\u00e9ment","@id":"https:\/\/footdavant.fr\/actualites\/#\/schema\/person\/bc222566d95871b37e597b3ed3ba5e1d"},"headline":"Forest va-t-il rejoindre de plus grands clubs de Premier League dans la course \u00e0 l&#39;espoir turc ?","datePublished":"2024-09-27T04:48:28+00:00","dateModified":"2024-09-27T04:48:29+00:00","mainEntityOfPage":{"@id":"https:\/\/footdavant.fr\/actualites\/forest-va-t-il-rejoindre-de-plus-grands-clubs-de-premier-league-dans-la-course-a-lespoir-turc\/"},"wordCount":454,"publisher":{"@id":"https:\/\/footdavant.fr\/actualites\/#organization"},"keywords":["clubs","dans","Forest","grands","l39espoir","League","Premier","rejoindre","turc","vatil"],"articleSection":["Premier League"],"inLanguage":"fr-FR"},{"@type":"WebPage","@id":"https:\/\/footdavant.fr\/actualites\/forest-va-t-il-rejoindre-de-plus-grands-clubs-de-premier-league-dans-la-course-a-lespoir-turc\/","url":"https:\/\/footdavant.fr\/actualites\/forest-va-t-il-rejoindre-de-plus-grands-clubs-de-premier-league-dans-la-course-a-lespoir-turc\/","name":"Forest va-t-il rejoindre de plus grands clubs de Premier League dans la course \u00e0 l&#39;espoir turc ?","isPartOf":{"@id":"https:\/\/footdavant.fr\/actualites\/#website"},"datePublished":"2024-09-27T04:48:28+00:00","dateModified":"2024-09-27T04:48:29+00:00","breadcrumb":{"@id":"https:\/\/footdavant.fr\/actualites\/forest-va-t-il-rejoindre-de-plus-grands-clubs-de-premier-league-dans-la-course-a-lespoir-turc\/#breadcrumb"},"inLanguage":"fr-FR","potentialAction":[{"@type":"ReadAction","target":["https:\/\/footdavant.fr\/actualites\/forest-va-t-il-rejoindre-de-plus-grands-clubs-de-premier-league-dans-la-course-a-lespoir-turc\/"]}]},{"@type":"BreadcrumbList","@id":"https:\/\/footdavant.fr\/actualites\/forest-va-t-il-rejoindre-de-plus-grands-clubs-de-premier-league-dans-la-course-a-lespoir-turc\/#breadcrumb","itemListElement":[{"@type":"ListItem","position":1,"name":"Accueil","item":"https:\/\/footdavant.fr\/actualites\/"},{"@type":"ListItem","position":2,"name":"Forest va-t-il rejoindre de plus grands clubs de Premier League dans la course \u00e0 l&#39;espoir turc ?"}]},{"@type":"WebSite","@id":"https:\/\/footdavant.fr\/actualites\/#website","url":"https:\/\/footdavant.fr\/actualites\/","name":"Foot d'avant","description":"","publisher":{"@id":"https:\/\/footdavant.fr\/actualites\/#organization"},"potentialAction":[{"@type":"SearchAction","target":{"@type":"EntryPoint","urlTemplate":"https:\/\/footdavant.fr\/actualites\/?s={search_term_string}"},"query-input":"required name=search_term_string"}],"inLanguage":"fr-FR"},{"@type":"Organization","@id":"https:\/\/footdavant.fr\/actualites\/#organization","name":"Foot d'avant","url":"https:\/\/footdavant.fr\/actualites\/","logo":{"@type":"ImageObject","inLanguage":"fr-FR","@id":"https:\/\/footdavant.fr\/actualites\/#\/schema\/logo\/image\/","url":"https:\/\/footdavant.fr\/actualites\/wp-content\/uploads\/2023\/09\/Copy-of-FootDavant-Logo.png","contentUrl":"https:\/\/footdavant.fr\/actualites\/wp-content\/uploads\/2023\/09\/Copy-of-FootDavant-Logo.png","width":936,"height":549,"caption":"Foot d'avant"},"image":{"@id":"https:\/\/footdavant.fr\/actualites\/#\/schema\/logo\/image\/"},"sameAs":["https:\/\/www.facebook.com\/Footdavant\/","https:\/\/twitter.com\/FootdavantFr","https:\/\/www.instagram.com\/footdavant.fr\/"]},{"@type":"Person","@id":"https:\/\/footdavant.fr\/actualites\/#\/schema\/person\/bc222566d95871b37e597b3ed3ba5e1d","name":"Cl\u00e9ment","image":{"@type":"ImageObject","inLanguage":"fr-FR","@id":"https:\/\/footdavant.fr\/actualites\/#\/schema\/person\/image\/","url":"https:\/\/secure.gravatar.com\/avatar\/7728b29aac2719421e1a9159b2254c44?s=96&d=mm&r=g","contentUrl":"https:\/\/secure.gravatar.com\/avatar\/7728b29aac2719421e1a9159b2254c44?s=96&d=mm&r=g","caption":"Cl\u00e9ment"},"sameAs":["https:\/\/footdavant.fr\/"]}]}},"_links":{"self":[{"href":"https:\/\/footdavant.fr\/actualites\/wp-json\/wp\/v2\/posts\/14012"}],"collection":[{"href":"https:\/\/footdavant.fr\/actualites\/wp-json\/wp\/v2\/posts"}],"about":[{"href":"https:\/\/footdavant.fr\/actualites\/wp-json\/wp\/v2\/types\/post"}],"author":[{"embeddable":true,"href":"https:\/\/footdavant.fr\/actualites\/wp-json\/wp\/v2\/users\/1"}],"replies":[{"embeddable":true,"href":"https:\/\/footdavant.fr\/actualites\/wp-json\/wp\/v2\/comments?post=14012"}],"version-history":[{"count":1,"href":"https:\/\/footdavant.fr\/actualites\/wp-json\/wp\/v2\/posts\/14012\/revisions"}],"predecessor-version":[{"id":14014,"href":"https:\/\/footdavant.fr\/actualites\/wp-json\/wp\/v2\/posts\/14012\/revisions\/14014"}],"wp:featuredmedia":[{"embeddable":true,"href":"https:\/\/footdavant.fr\/actualites\/wp-json\/wp\/v2\/media\/14013"}],"wp:attachment":[{"href":"https:\/\/footdavant.fr\/actualites\/wp-json\/wp\/v2\/media?parent=14012"}],"wp:term":[{"taxonomy":"category","embeddable":true,"href":"https:\/\/footdavant.fr\/actualites\/wp-json\/wp\/v2\/categories?post=14012"},{"taxonomy":"post_tag","embeddable":true,"href":"https:\/\/footdavant.fr\/actualites\/wp-json\/wp\/v2\/tags?post=14012"}],"curies":[{"name":"wp","href":"https:\/\/api.w.org\/{rel}","templated":true}]}}