{"id":14015,"date":"2024-09-27T08:48:04","date_gmt":"2024-09-27T06:48:04","guid":{"rendered":"https:\/\/footdavant.fr\/actualites\/postecoglou-dit-que-tottenham-a-montre-qui-nous-voulons-etre-lors-de-la-victoire-en-ligue-europa\/"},"modified":"2024-09-27T08:48:07","modified_gmt":"2024-09-27T06:48:07","slug":"postecoglou-dit-que-tottenham-a-montre-qui-nous-voulons-etre-lors-de-la-victoire-en-ligue-europa","status":"publish","type":"post","link":"https:\/\/footdavant.fr\/actualites\/postecoglou-dit-que-tottenham-a-montre-qui-nous-voulons-etre-lors-de-la-victoire-en-ligue-europa\/","title":{"rendered":"Postecoglou dit que Tottenham a montr\u00e9 \u00ab\u00a0qui nous voulons \u00eatre\u00a0\u00bb lors de la victoire en Ligue Europa"},"content":{"rendered":"<div>\n<p>Le manager Ange Postecoglou a d\u00e9clar\u00e9 que Tottenham \u00e9tait \u00ab\u00a0le genre d&#39;\u00e9quipe que nous voulons \u00eatre\u00a0\u00bb alors qu&#39;ils se d\u00e9barrassaient d&#39;un coup d&#39;envoi retard\u00e9 et d&#39;un carton rouge tr\u00e8s pr\u00e9coce pour commencer leur campagne en Ligue Europa avec une impressionnante victoire 3-0 \u00e0 domicile contre Qarabag.<\/p>\n<p>Apr\u00e8s que le coup d&#39;envoi ait \u00e9t\u00e9 retard\u00e9 de 35 minutes en raison de perturbations du voyage ayant retard\u00e9 l&#39;arriv\u00e9e du bus de l&#39;\u00e9quipe de Qarabag, le d\u00e9fenseur Radu Dragusin a re\u00e7u un carton rouge direct \u00e0 la septi\u00e8me minute pour une attaque cynique contre Juninho.<\/p>\n<div data-elementor-type=\"container\" data-elementor-id=\"71604\" class=\"elementor elementor-71604\" data-elementor-post-type=\"elementor_library\">\n<div class=\"elementor-element elementor-element-1e0d353d e-con-full e-flex e-con e-child\" data-id=\"1e0d353d\" data-element_type=\"container\" data-settings='{\"background_background\":\"classic\"}'>\n<div class=\"elementor-element elementor-element-3af12e5 e-flex e-con-boxed e-con e-child\" data-id=\"3af12e5\" data-element_type=\"container\">\n<div class=\"e-con-inner\">\n<div class=\"elementor-element elementor-element-99c0f2a elementor-widget elementor-widget-text-editor\" data-id=\"99c0f2a\" data-element_type=\"widget\" data-widget_type=\"text-editor.default\">\n<p>\t\t\t\t\t\t\tNouveaux clients uniquement. Pariez 10\u00a0\u00a3* et obtenez 30\u00a0\u00a3* de paris gratuits. Inscrivez-vous, d\u00e9posez entre 5 \u00a3* et 10 \u00a3* sur votre compte et bet365 vous donnera trois fois cette valeur en paris gratuits lorsque vous placez des paris \u00e9ligibles de la m\u00eame valeur et qu&#39;ils sont r\u00e9gl\u00e9s. Les paris gratuits sont pay\u00e9s sous forme de cr\u00e9dits de pari. Des exclusions concernant les cotes\/paris minimum et les modes de paiement s&#39;appliquent. Les retours excluent la mise des cr\u00e9dits de pari. Des conditions g\u00e9n\u00e9rales, des d\u00e9lais et des exclusions s&#39;appliquent. Inscription obligatoire.<\/p>\n<\/p><\/div>\n<\/p><\/div>\n<\/p><\/div>\n<\/p><\/div>\n<\/p><\/div>\n<p>Cela n&#39;a cependant pas r\u00e9ussi \u00e0 faire perdre \u00e0 Tottenham son rythme, Brennan Johnson \u00e9tant parvenu \u00e0 marquer pour un troisi\u00e8me match cons\u00e9cutif cinq minutes plus tard avant que Pape Sarr ne double l&#39;avantage des h\u00f4tes \u00e0 la 52e minute.<\/p>\n<p>Qarabag a r\u00e9guli\u00e8rement menac\u00e9 et Tural Bayramov a tir\u00e9 un penalty avant que la signature du record Dominic Solanke ne marque le troisi\u00e8me.<\/p>\n<p>Postecoglou a d\u00e9clar\u00e9 : \u00ab Nous voulons \u00eatre une \u00e9quipe qui rel\u00e8ve tous les d\u00e9fis que nous rencontrons d&#39;une certaine mani\u00e8re.<\/p>\n<p>\u00ab\u00a0Quand vous descendez invariablement \u00e0 10 hommes, vous ne pouvez parfois pas \u00eatre aussi agressif, garder le ballon autant ou jouer aussi couramment, mais pour la plupart, l&#39;intention \u00e9tait l\u00e0.<\/p>\n<p>\u00abJe pense que pour la plupart, les gar\u00e7ons ont montr\u00e9 cette intention. C&#39;est le genre d&#39;\u00e9quipe que nous voulons former et quel que soit le d\u00e9fi qui nous attend, nous devons le relever de cette fa\u00e7on.<\/p>\n<blockquote class=\"twitter-tweet\" data-width=\"550\" data-dnt=\"true\">\n<p lang=\"en\" dir=\"ltr\">\ud83d\udd25 Johnson marque encore !<br \/>\ud83e\udee1 Sarr rentre \u00e0 la maison !<br \/>\ud83c\udff9 Deux sur deux pour Solanke !<\/p>\n<p>Faits saillants\u00a0: Spurs 3-0 Qarabag \ud83d\udcfa <a rel=\"nofollow\" href=\"https:\/\/t.co\/WpOtKvhbfU\" rel=\"nofollow\">pic.twitter.com\/WpOtKvhbfU<\/a><\/p>\n<p>\u2013 Tottenham Hotspur (@SpursOfficial) <a rel=\"nofollow\" href=\"https:\/\/twitter.com\/SpursOfficial\/status\/1839439811738009787?ref_src=twsrc%5Etfw\" rel=\"nofollow noopener\">26 septembre 2024<\/a><\/p>\n<\/blockquote>\n<p>Solanke a marqu\u00e9 deux buts cons\u00e9cutifs avec une finition soign\u00e9e \u00e0 la 68e minute apr\u00e8s que le tir de Son ait \u00e9t\u00e9 renvers\u00e9 et a m\u00e9rit\u00e9 les \u00e9loges de son manager apr\u00e8s une d\u00e9monstration altruiste en attaque.<\/p>\n<p>\u00ab\u00a0Il y arrive et a probablement jou\u00e9 plus longtemps que je ne le souhaitais, juste avec les circonstances du match, mais la seule chose chez lui, c&#39;est qu&#39;il continue\u00a0\u00bb, a r\u00e9fl\u00e9chi Postecoglou.<\/p>\n<p>\u00ab\u00a0C&#39;\u00e9tait formidable pour lui de marquer un autre but, mais sa performance globale \u00e9tait vraiment solide.<\/p>\n<p>\u00ab\u00a0Quand vous \u00eates \u00e0 10 hommes, vous avez besoin que votre attaquant soit capable de maintenir le jeu et de courir fort, ce que je pensais qu&#39;il avait fait.\u00a0\u00bb<\/p>\n<p>Qarabag n&#39;est arriv\u00e9 que peu de temps avant l&#39;heure de d\u00e9part pr\u00e9vue et leur manager Gurban Gurbanov a r\u00e9v\u00e9l\u00e9 qu&#39;ils \u00e9taient rest\u00e9s coinc\u00e9s dans le bus de l&#39;\u00e9quipe pendant deux heures et demie.<\/p>\n<p>Gurbanov a d\u00e9clar\u00e9 : \u00ab Imaginez-vous \u00eatre pris dans les embouteillages pendant deux heures et demie ? Je ne veux pas trouver d&#39;excuses, mais cela n&#39;aurait pas d\u00fb arriver car nous devions venir seuls.<\/p>\n<p>\u00ab Nous n&#39;avions pas de police pour nous escorter et cela a \u00e9videmment eu un gros impact sur nos footballeurs, mais cela n&#39;enl\u00e8ve rien \u00e0 notre adversaire. C\u2019\u00e9tait une bonne \u00e9quipe.<\/p>\n<\/p><\/div>\n<p><script async src=\"https:\/\/platform.twitter.com\/widgets.js\" charset=\"utf-8\"><\/script><\/p>\n","protected":false},"excerpt":{"rendered":"<p>Le manager Ange Postecoglou a d\u00e9clar\u00e9 que Tottenham \u00e9tait \u00ab\u00a0le genre d&#39;\u00e9quipe que nous voulons \u00eatre\u00a0\u00bb alors qu&#39;ils se d\u00e9barrassaient d&#39;un coup d&#39;envoi retard\u00e9 et<\/p>\n","protected":false},"author":1,"featured_media":14016,"comment_status":"closed","ping_status":"","sticky":false,"template":"","format":"standard","meta":{"footnotes":""},"categories":[3],"tags":[125,270,761,30,64,85,762,553,243,68,26,5883],"yoast_head":"<!-- This site is optimized with the Yoast SEO plugin v21.0 - https:\/\/yoast.com\/wordpress\/plugins\/seo\/ -->\n<title>Postecoglou dit que Tottenham a montr\u00e9 &quot;qui nous voulons \u00eatre&quot; lors de la victoire en Ligue Europa<\/title>\n<meta name=\"robots\" content=\"index, follow, max-snippet:-1, max-image-preview:large, max-video-preview:-1\" \/>\n<link rel=\"canonical\" href=\"https:\/\/footdavant.fr\/actualites\/postecoglou-dit-que-tottenham-a-montre-qui-nous-voulons-etre-lors-de-la-victoire-en-ligue-europa\/\" \/>\n<meta property=\"og:locale\" content=\"fr_FR\" \/>\n<meta property=\"og:type\" content=\"article\" \/>\n<meta property=\"og:title\" content=\"Postecoglou dit que Tottenham a montr\u00e9 &quot;qui nous voulons \u00eatre&quot; lors de la victoire en Ligue Europa\" \/>\n<meta property=\"og:description\" content=\"Le manager Ange Postecoglou a d\u00e9clar\u00e9 que Tottenham \u00e9tait \u00ab\u00a0le genre d&#039;\u00e9quipe que nous voulons \u00eatre\u00a0\u00bb alors qu&#039;ils se d\u00e9barrassaient d&#039;un coup d&#039;envoi retard\u00e9 et\" \/>\n<meta property=\"og:url\" content=\"https:\/\/footdavant.fr\/actualites\/postecoglou-dit-que-tottenham-a-montre-qui-nous-voulons-etre-lors-de-la-victoire-en-ligue-europa\/\" \/>\n<meta property=\"og:site_name\" content=\"Foot d&#039;avant\" \/>\n<meta property=\"article:publisher\" content=\"https:\/\/www.facebook.com\/Footdavant\/\" \/>\n<meta property=\"article:published_time\" content=\"2024-09-27T06:48:04+00:00\" \/>\n<meta property=\"article:modified_time\" content=\"2024-09-27T06:48:07+00:00\" \/>\n<meta property=\"og:image\" content=\"https:\/\/footdavant.fr\/actualites\/wp-content\/uploads\/2024\/09\/Postecoglou-dit-que-Tottenham-a-montre-qui-nous-voulons-etre.jpg\" \/>\n\t<meta property=\"og:image:width\" content=\"1200\" \/>\n\t<meta property=\"og:image:height\" content=\"800\" \/>\n\t<meta property=\"og:image:type\" content=\"image\/jpeg\" \/>\n<meta name=\"author\" content=\"Cl\u00e9ment\" \/>\n<meta name=\"twitter:card\" content=\"summary_large_image\" \/>\n<meta name=\"twitter:creator\" content=\"@FootdavantFr\" \/>\n<meta name=\"twitter:site\" content=\"@FootdavantFr\" \/>\n<meta name=\"twitter:label1\" content=\"\u00c9crit par\" \/>\n\t<meta name=\"twitter:data1\" content=\"Cl\u00e9ment\" \/>\n\t<meta name=\"twitter:label2\" content=\"Dur\u00e9e de lecture estim\u00e9e\" \/>\n\t<meta name=\"twitter:data2\" content=\"3 minutes\" \/>\n<script type=\"application\/ld+json\" class=\"yoast-schema-graph\">{\"@context\":\"https:\/\/schema.org\",\"@graph\":[{\"@type\":\"Article\",\"@id\":\"https:\/\/footdavant.fr\/actualites\/postecoglou-dit-que-tottenham-a-montre-qui-nous-voulons-etre-lors-de-la-victoire-en-ligue-europa\/#article\",\"isPartOf\":{\"@id\":\"https:\/\/footdavant.fr\/actualites\/postecoglou-dit-que-tottenham-a-montre-qui-nous-voulons-etre-lors-de-la-victoire-en-ligue-europa\/\"},\"author\":{\"name\":\"Cl\u00e9ment\",\"@id\":\"https:\/\/footdavant.fr\/actualites\/#\/schema\/person\/bc222566d95871b37e597b3ed3ba5e1d\"},\"headline\":\"Postecoglou dit que Tottenham a montr\u00e9 \u00ab\u00a0qui nous voulons \u00eatre\u00a0\u00bb lors de la victoire en Ligue Europa\",\"datePublished\":\"2024-09-27T06:48:04+00:00\",\"dateModified\":\"2024-09-27T06:48:07+00:00\",\"mainEntityOfPage\":{\"@id\":\"https:\/\/footdavant.fr\/actualites\/postecoglou-dit-que-tottenham-a-montre-qui-nous-voulons-etre-lors-de-la-victoire-en-ligue-europa\/\"},\"wordCount\":641,\"publisher\":{\"@id\":\"https:\/\/footdavant.fr\/actualites\/#organization\"},\"keywords\":[\"dit\",\"\u00eatre\",\"Europa\",\"Ligue\",\"lors\",\"montre\",\"nous\",\"Postecoglou\",\"qui\",\"Tottenham\",\"victoire\",\"voulons\"],\"articleSection\":[\"Football\"],\"inLanguage\":\"fr-FR\"},{\"@type\":\"WebPage\",\"@id\":\"https:\/\/footdavant.fr\/actualites\/postecoglou-dit-que-tottenham-a-montre-qui-nous-voulons-etre-lors-de-la-victoire-en-ligue-europa\/\",\"url\":\"https:\/\/footdavant.fr\/actualites\/postecoglou-dit-que-tottenham-a-montre-qui-nous-voulons-etre-lors-de-la-victoire-en-ligue-europa\/\",\"name\":\"Postecoglou dit que Tottenham a montr\u00e9 \\\"qui nous voulons \u00eatre\\\" lors de la victoire en Ligue Europa\",\"isPartOf\":{\"@id\":\"https:\/\/footdavant.fr\/actualites\/#website\"},\"datePublished\":\"2024-09-27T06:48:04+00:00\",\"dateModified\":\"2024-09-27T06:48:07+00:00\",\"breadcrumb\":{\"@id\":\"https:\/\/footdavant.fr\/actualites\/postecoglou-dit-que-tottenham-a-montre-qui-nous-voulons-etre-lors-de-la-victoire-en-ligue-europa\/#breadcrumb\"},\"inLanguage\":\"fr-FR\",\"potentialAction\":[{\"@type\":\"ReadAction\",\"target\":[\"https:\/\/footdavant.fr\/actualites\/postecoglou-dit-que-tottenham-a-montre-qui-nous-voulons-etre-lors-de-la-victoire-en-ligue-europa\/\"]}]},{\"@type\":\"BreadcrumbList\",\"@id\":\"https:\/\/footdavant.fr\/actualites\/postecoglou-dit-que-tottenham-a-montre-qui-nous-voulons-etre-lors-de-la-victoire-en-ligue-europa\/#breadcrumb\",\"itemListElement\":[{\"@type\":\"ListItem\",\"position\":1,\"name\":\"Accueil\",\"item\":\"https:\/\/footdavant.fr\/actualites\/\"},{\"@type\":\"ListItem\",\"position\":2,\"name\":\"Postecoglou dit que Tottenham a montr\u00e9 \u00ab\u00a0qui nous voulons \u00eatre\u00a0\u00bb lors de la victoire en Ligue Europa\"}]},{\"@type\":\"WebSite\",\"@id\":\"https:\/\/footdavant.fr\/actualites\/#website\",\"url\":\"https:\/\/footdavant.fr\/actualites\/\",\"name\":\"Foot d'avant\",\"description\":\"\",\"publisher\":{\"@id\":\"https:\/\/footdavant.fr\/actualites\/#organization\"},\"potentialAction\":[{\"@type\":\"SearchAction\",\"target\":{\"@type\":\"EntryPoint\",\"urlTemplate\":\"https:\/\/footdavant.fr\/actualites\/?s={search_term_string}\"},\"query-input\":\"required name=search_term_string\"}],\"inLanguage\":\"fr-FR\"},{\"@type\":\"Organization\",\"@id\":\"https:\/\/footdavant.fr\/actualites\/#organization\",\"name\":\"Foot d'avant\",\"url\":\"https:\/\/footdavant.fr\/actualites\/\",\"logo\":{\"@type\":\"ImageObject\",\"inLanguage\":\"fr-FR\",\"@id\":\"https:\/\/footdavant.fr\/actualites\/#\/schema\/logo\/image\/\",\"url\":\"https:\/\/footdavant.fr\/actualites\/wp-content\/uploads\/2023\/09\/Copy-of-FootDavant-Logo.png\",\"contentUrl\":\"https:\/\/footdavant.fr\/actualites\/wp-content\/uploads\/2023\/09\/Copy-of-FootDavant-Logo.png\",\"width\":936,\"height\":549,\"caption\":\"Foot d'avant\"},\"image\":{\"@id\":\"https:\/\/footdavant.fr\/actualites\/#\/schema\/logo\/image\/\"},\"sameAs\":[\"https:\/\/www.facebook.com\/Footdavant\/\",\"https:\/\/twitter.com\/FootdavantFr\",\"https:\/\/www.instagram.com\/footdavant.fr\/\"]},{\"@type\":\"Person\",\"@id\":\"https:\/\/footdavant.fr\/actualites\/#\/schema\/person\/bc222566d95871b37e597b3ed3ba5e1d\",\"name\":\"Cl\u00e9ment\",\"image\":{\"@type\":\"ImageObject\",\"inLanguage\":\"fr-FR\",\"@id\":\"https:\/\/footdavant.fr\/actualites\/#\/schema\/person\/image\/\",\"url\":\"https:\/\/secure.gravatar.com\/avatar\/7728b29aac2719421e1a9159b2254c44?s=96&d=mm&r=g\",\"contentUrl\":\"https:\/\/secure.gravatar.com\/avatar\/7728b29aac2719421e1a9159b2254c44?s=96&d=mm&r=g\",\"caption\":\"Cl\u00e9ment\"},\"sameAs\":[\"https:\/\/footdavant.fr\/\"]}]}<\/script>\n<!-- \/ Yoast SEO plugin. -->","yoast_head_json":{"title":"Postecoglou dit que Tottenham a montr\u00e9 \"qui nous voulons \u00eatre\" lors de la victoire en Ligue Europa","robots":{"index":"index","follow":"follow","max-snippet":"max-snippet:-1","max-image-preview":"max-image-preview:large","max-video-preview":"max-video-preview:-1"},"canonical":"https:\/\/footdavant.fr\/actualites\/postecoglou-dit-que-tottenham-a-montre-qui-nous-voulons-etre-lors-de-la-victoire-en-ligue-europa\/","og_locale":"fr_FR","og_type":"article","og_title":"Postecoglou dit que Tottenham a montr\u00e9 \"qui nous voulons \u00eatre\" lors de la victoire en Ligue Europa","og_description":"Le manager Ange Postecoglou a d\u00e9clar\u00e9 que Tottenham \u00e9tait \u00ab\u00a0le genre d&#39;\u00e9quipe que nous voulons \u00eatre\u00a0\u00bb alors qu&#39;ils se d\u00e9barrassaient d&#39;un coup d&#39;envoi retard\u00e9 et","og_url":"https:\/\/footdavant.fr\/actualites\/postecoglou-dit-que-tottenham-a-montre-qui-nous-voulons-etre-lors-de-la-victoire-en-ligue-europa\/","og_site_name":"Foot d&#039;avant","article_publisher":"https:\/\/www.facebook.com\/Footdavant\/","article_published_time":"2024-09-27T06:48:04+00:00","article_modified_time":"2024-09-27T06:48:07+00:00","og_image":[{"width":1200,"height":800,"url":"https:\/\/footdavant.fr\/actualites\/wp-content\/uploads\/2024\/09\/Postecoglou-dit-que-Tottenham-a-montre-qui-nous-voulons-etre.jpg","type":"image\/jpeg"}],"author":"Cl\u00e9ment","twitter_card":"summary_large_image","twitter_creator":"@FootdavantFr","twitter_site":"@FootdavantFr","twitter_misc":{"\u00c9crit par":"Cl\u00e9ment","Dur\u00e9e de lecture estim\u00e9e":"3 minutes"},"schema":{"@context":"https:\/\/schema.org","@graph":[{"@type":"Article","@id":"https:\/\/footdavant.fr\/actualites\/postecoglou-dit-que-tottenham-a-montre-qui-nous-voulons-etre-lors-de-la-victoire-en-ligue-europa\/#article","isPartOf":{"@id":"https:\/\/footdavant.fr\/actualites\/postecoglou-dit-que-tottenham-a-montre-qui-nous-voulons-etre-lors-de-la-victoire-en-ligue-europa\/"},"author":{"name":"Cl\u00e9ment","@id":"https:\/\/footdavant.fr\/actualites\/#\/schema\/person\/bc222566d95871b37e597b3ed3ba5e1d"},"headline":"Postecoglou dit que Tottenham a montr\u00e9 \u00ab\u00a0qui nous voulons \u00eatre\u00a0\u00bb lors de la victoire en Ligue Europa","datePublished":"2024-09-27T06:48:04+00:00","dateModified":"2024-09-27T06:48:07+00:00","mainEntityOfPage":{"@id":"https:\/\/footdavant.fr\/actualites\/postecoglou-dit-que-tottenham-a-montre-qui-nous-voulons-etre-lors-de-la-victoire-en-ligue-europa\/"},"wordCount":641,"publisher":{"@id":"https:\/\/footdavant.fr\/actualites\/#organization"},"keywords":["dit","\u00eatre","Europa","Ligue","lors","montre","nous","Postecoglou","qui","Tottenham","victoire","voulons"],"articleSection":["Football"],"inLanguage":"fr-FR"},{"@type":"WebPage","@id":"https:\/\/footdavant.fr\/actualites\/postecoglou-dit-que-tottenham-a-montre-qui-nous-voulons-etre-lors-de-la-victoire-en-ligue-europa\/","url":"https:\/\/footdavant.fr\/actualites\/postecoglou-dit-que-tottenham-a-montre-qui-nous-voulons-etre-lors-de-la-victoire-en-ligue-europa\/","name":"Postecoglou dit que Tottenham a montr\u00e9 \"qui nous voulons \u00eatre\" lors de la victoire en Ligue Europa","isPartOf":{"@id":"https:\/\/footdavant.fr\/actualites\/#website"},"datePublished":"2024-09-27T06:48:04+00:00","dateModified":"2024-09-27T06:48:07+00:00","breadcrumb":{"@id":"https:\/\/footdavant.fr\/actualites\/postecoglou-dit-que-tottenham-a-montre-qui-nous-voulons-etre-lors-de-la-victoire-en-ligue-europa\/#breadcrumb"},"inLanguage":"fr-FR","potentialAction":[{"@type":"ReadAction","target":["https:\/\/footdavant.fr\/actualites\/postecoglou-dit-que-tottenham-a-montre-qui-nous-voulons-etre-lors-de-la-victoire-en-ligue-europa\/"]}]},{"@type":"BreadcrumbList","@id":"https:\/\/footdavant.fr\/actualites\/postecoglou-dit-que-tottenham-a-montre-qui-nous-voulons-etre-lors-de-la-victoire-en-ligue-europa\/#breadcrumb","itemListElement":[{"@type":"ListItem","position":1,"name":"Accueil","item":"https:\/\/footdavant.fr\/actualites\/"},{"@type":"ListItem","position":2,"name":"Postecoglou dit que Tottenham a montr\u00e9 \u00ab\u00a0qui nous voulons \u00eatre\u00a0\u00bb lors de la victoire en Ligue Europa"}]},{"@type":"WebSite","@id":"https:\/\/footdavant.fr\/actualites\/#website","url":"https:\/\/footdavant.fr\/actualites\/","name":"Foot d'avant","description":"","publisher":{"@id":"https:\/\/footdavant.fr\/actualites\/#organization"},"potentialAction":[{"@type":"SearchAction","target":{"@type":"EntryPoint","urlTemplate":"https:\/\/footdavant.fr\/actualites\/?s={search_term_string}"},"query-input":"required name=search_term_string"}],"inLanguage":"fr-FR"},{"@type":"Organization","@id":"https:\/\/footdavant.fr\/actualites\/#organization","name":"Foot d'avant","url":"https:\/\/footdavant.fr\/actualites\/","logo":{"@type":"ImageObject","inLanguage":"fr-FR","@id":"https:\/\/footdavant.fr\/actualites\/#\/schema\/logo\/image\/","url":"https:\/\/footdavant.fr\/actualites\/wp-content\/uploads\/2023\/09\/Copy-of-FootDavant-Logo.png","contentUrl":"https:\/\/footdavant.fr\/actualites\/wp-content\/uploads\/2023\/09\/Copy-of-FootDavant-Logo.png","width":936,"height":549,"caption":"Foot d'avant"},"image":{"@id":"https:\/\/footdavant.fr\/actualites\/#\/schema\/logo\/image\/"},"sameAs":["https:\/\/www.facebook.com\/Footdavant\/","https:\/\/twitter.com\/FootdavantFr","https:\/\/www.instagram.com\/footdavant.fr\/"]},{"@type":"Person","@id":"https:\/\/footdavant.fr\/actualites\/#\/schema\/person\/bc222566d95871b37e597b3ed3ba5e1d","name":"Cl\u00e9ment","image":{"@type":"ImageObject","inLanguage":"fr-FR","@id":"https:\/\/footdavant.fr\/actualites\/#\/schema\/person\/image\/","url":"https:\/\/secure.gravatar.com\/avatar\/7728b29aac2719421e1a9159b2254c44?s=96&d=mm&r=g","contentUrl":"https:\/\/secure.gravatar.com\/avatar\/7728b29aac2719421e1a9159b2254c44?s=96&d=mm&r=g","caption":"Cl\u00e9ment"},"sameAs":["https:\/\/footdavant.fr\/"]}]}},"_links":{"self":[{"href":"https:\/\/footdavant.fr\/actualites\/wp-json\/wp\/v2\/posts\/14015"}],"collection":[{"href":"https:\/\/footdavant.fr\/actualites\/wp-json\/wp\/v2\/posts"}],"about":[{"href":"https:\/\/footdavant.fr\/actualites\/wp-json\/wp\/v2\/types\/post"}],"author":[{"embeddable":true,"href":"https:\/\/footdavant.fr\/actualites\/wp-json\/wp\/v2\/users\/1"}],"replies":[{"embeddable":true,"href":"https:\/\/footdavant.fr\/actualites\/wp-json\/wp\/v2\/comments?post=14015"}],"version-history":[{"count":1,"href":"https:\/\/footdavant.fr\/actualites\/wp-json\/wp\/v2\/posts\/14015\/revisions"}],"predecessor-version":[{"id":14017,"href":"https:\/\/footdavant.fr\/actualites\/wp-json\/wp\/v2\/posts\/14015\/revisions\/14017"}],"wp:featuredmedia":[{"embeddable":true,"href":"https:\/\/footdavant.fr\/actualites\/wp-json\/wp\/v2\/media\/14016"}],"wp:attachment":[{"href":"https:\/\/footdavant.fr\/actualites\/wp-json\/wp\/v2\/media?parent=14015"}],"wp:term":[{"taxonomy":"category","embeddable":true,"href":"https:\/\/footdavant.fr\/actualites\/wp-json\/wp\/v2\/categories?post=14015"},{"taxonomy":"post_tag","embeddable":true,"href":"https:\/\/footdavant.fr\/actualites\/wp-json\/wp\/v2\/tags?post=14015"}],"curies":[{"name":"wp","href":"https:\/\/api.w.org\/{rel}","templated":true}]}}